{"id":4658,"date":"2020-11-18T14:02:39","date_gmt":"2020-11-18T13:02:39","guid":{"rendered":"http:\/\/www.italiaeconomiaonline.it\/web\/?p=4658"},"modified":"2020-11-18T18:20:38","modified_gmt":"2020-11-18T17:20:38","slug":"unindustria-calabria-scrive-a-mattarella-la-nostra-regione-diventi-questione-nazionale","status":"publish","type":"post","link":"https:\/\/www.italiaeconomiaonline.it\/web\/unindustria-calabria-scrive-a-mattarella-la-nostra-regione-diventi-questione-nazionale\/","title":{"rendered":"Unindustria Calabria scrive a Mattarella: \u201cLa nostra Regione diventi questione nazionale\u201d"},"content":{"rendered":"<p><span class=\"dropcap dropcap3\">L<\/span>a drammatica questione calabrese, che nasce dalle inaccettabili vicende della sanit\u00e0 ma che rischia di avere gravissime ripercussioni socio-economiche in tutti i settori, \u00e8 al centro della lettera che i vertici degli industriali della regione hanno gi\u00e0 indirizzato al Presidente della Repubblica, <strong>Sergio Mattarella<\/strong>.<\/p>\n<p>Nella missiva al Capo dello Stato, i pi\u00f9 alti rappresentanti confindustriali hanno rivolto un appello alla sensibilit\u00e0 di Mattarella affinch\u00e9 \u201cla Calabria assurga a questione nazionale, di cui l\u2019Italia intera deve farsi carico nel rispetto dei doveri inderogabili di solidariet\u00e0 politica, economica e sociale sanciti dalla Costituzione\u201d.<\/p>\n<p>La lettera, firmata dal vicepresidente nazionale di Confindustria, <strong>Natale Mazzuca<\/strong>, dal presidente di Unindustria Calabria<strong> Aldo Ferrara<\/strong> e dal presidente di Ance Calabria <strong>Giovambattista Perciaccante<\/strong>, \u00e8 stata il frutto di una linea condivisa dal consiglio di presidenza regionale, di cui fanno parte i presidenti delle associazioni territoriali <strong>Fortunato Amarelli<\/strong> (Cosenza), <strong>Mario Span\u00f2<\/strong> (Crotone), <strong>Domenico Vecchio<\/strong> (Reggio Calabria) e <strong>Rocco Colacchio<\/strong> (Vibo Valentia) nonch\u00e9 i presidenti della Piccola Industria, <strong>Daniele Diano<\/strong>, e dei Giovani imprenditori, <strong>Marella Burza<\/strong>.<\/p>\n<p>I rappresentanti del mondo imprenditoriale sottolineano come in Calabria \u201csi faccia fatica a garantire la dignit\u00e0 della condizione di cittadini\u201d con riferimento alle vicende, che hanno destato \u201cprofondo sconcerto\u201d, riguardanti \u201cil settore sanitario\u201d.<\/p>\n<p>Unindustria Calabria ha esposto, altres\u00ec, al presidente Mattarella \u201ci rischi di una deriva sociale dagli sviluppi imprevedibili, generati dall\u2019incontrollato e atavico tasso di disoccupazione, dal mancato rispetto dei livelli essenziali delle prestazioni nella quasi totalit\u00e0 dei campi sociali e civili e dalla diffusa povert\u00e0. \u00c8 di tutta evidenza che, in questa condizione di estrema fragilit\u00e0, si comprometta l&#8217;esercizio dell&#8217;attivit\u00e0 di impresa, diritto costituzionalmente garantito\u201d.<\/p>\n<p>Nella lettera si legge ancora: \u201cBisogna restituire la nostra Regione all\u2019Italia, per porre fine al triste fenomeno dell\u2019emigrazione che ha depauperato la nostra comunit\u00e0 delle pi\u00f9 brillanti intelligenze e per azzerare il ritardo di sviluppo. \u00c8 necessario che lo Stato cambi radicalmente strategia ed \u00e8 per questo che ci rivolgiamo a Lei &#8211; scrivono gli industriali &#8211; come garante dell\u2019unit\u00e0 nazionale oggi esposta a un rischio esiziale, affinch\u00e9 eserciti una funzione di forte stimolo verso le autorit\u00e0 di governo e la Calabria assurga cos\u00ec a questione nazionale\u201d.<\/p>\n<p>Unindustria chiede, infine, &#8220;di contribuire responsabilmente alla costruzione del futuro, affinch\u00e8 possano essere avviate a soluzione le numerose criticit\u00e0\u201d: dai nuovi ospedali rimasti sulla carta, alla realizzazione dell&#8217; Alta Velocit\u00e0 Ferroviaria, agli investimenti previsti dai Cis, dalla Green economy all\u2019effettiva attuazione della Zes.<\/p>\n<p>E ancora, l\u2019inserimento di Gioia Tauro nella Rust &amp; Belt Road, l\u2019attrazione di investimenti e la riqualificazione delle aree industriali, il turismo, la sfida del digitale. \u201cAbbiamo bisogno di una reale dignit\u00e0 di cittadinanza: lo Stato non si sostituisca a noi, ma ci accompagni in una visione di crescita e di sviluppo di cui non possiamo non essere diretti protagonisti. Vogliamo dare il nostro contribuito al futuro della Calabria, senza piangerci addosso &#8211; concludono gli industriali calabresi &#8211; con la consapevolezza di dover realizzare il cambiamento necessario e con l\u2019ambizione di avviare la stagione di un nuovo meridionalismo culturale e produttivo\u201d.<\/p>\n","protected":false},"excerpt":{"rendered":"<p>La drammatica questione calabrese, che nasce dalle inaccettabili vicende della sanit\u00e0 ma che rischia di avere gravissime ripercussioni socio-economiche in tutti i settori, \u00e8 al centro della lettera che i vertici degli industriali della regione hanno gi\u00e0 indirizzato al Presidente della Repubblica, Sergio Mattarella. Nella missiva al Capo dello Stato, i pi\u00f9 alti rappresentanti confindustriali [&hellip;]<\/p>\n","protected":false},"author":1,"featured_media":4659,"comment_status":"closed","ping_status":"open","sticky":false,"template":"","format":"standard","meta":{"footnotes":""},"categories":[311],"tags":[1399,1404,1403,899,1401,1405,1402,898,1400],"yoast_head":"<!-- This site is optimized with the Yoast SEO plugin v22.2 - https:\/\/yoast.com\/wordpress\/plugins\/seo\/ -->\n<title>Unindustria Calabria scrive a Mattarella: \u201cLa nostra Regione diventi questione nazionale\u201d -<\/title>\n<meta name=\"robots\" content=\"index, follow, max-snippet:-1, max-image-preview:large, max-video-preview:-1\" \/>\n<link rel=\"canonical\" href=\"https:\/\/www.italiaeconomiaonline.it\/web\/unindustria-calabria-scrive-a-mattarella-la-nostra-regione-diventi-questione-nazionale\/\" \/>\n<meta property=\"og:locale\" content=\"it_IT\" \/>\n<meta property=\"og:type\" content=\"article\" \/>\n<meta property=\"og:title\" content=\"Unindustria Calabria scrive a Mattarella: \u201cLa nostra Regione diventi questione nazionale\u201d -\" \/>\n<meta property=\"og:description\" content=\"La drammatica questione calabrese, che nasce dalle inaccettabili vicende della sanit\u00e0 ma che rischia di avere gravissime ripercussioni socio-economiche in tutti i settori, \u00e8 al centro della lettera che i vertici degli industriali della regione hanno gi\u00e0 indirizzato al Presidente della Repubblica, Sergio Mattarella. Nella missiva al Capo dello Stato, i pi\u00f9 alti rappresentanti confindustriali [&hellip;]\" \/>\n<meta property=\"og:url\" content=\"https:\/\/www.italiaeconomiaonline.it\/web\/unindustria-calabria-scrive-a-mattarella-la-nostra-regione-diventi-questione-nazionale\/\" \/>\n<meta property=\"og:site_name\" content=\"ItaliaEconomiaOnline\" \/>\n<meta property=\"article:published_time\" content=\"2020-11-18T13:02:39+00:00\" \/>\n<meta property=\"article:modified_time\" content=\"2020-11-18T17:20:38+00:00\" \/>\n<meta property=\"og:image\" content=\"https:\/\/www.italiaeconomiaonline.it\/web\/wp-content\/uploads\/2020\/11\/Schermata-2020-11-18-alle-14.01.39.png\" \/>\n\t<meta property=\"og:image:width\" content=\"1322\" \/>\n\t<meta property=\"og:image:height\" content=\"740\" \/>\n\t<meta property=\"og:image:type\" content=\"image\/png\" \/>\n<meta name=\"author\" content=\"ladyitaliaeconomia\" \/>\n<meta name=\"twitter:card\" content=\"summary_large_image\" \/>\n<meta name=\"twitter:label1\" content=\"Scritto da\" \/>\n\t<meta name=\"twitter:data1\" content=\"ladyitaliaeconomia\" \/>\n\t<meta name=\"twitter:label2\" content=\"Tempo di lettura stimato\" \/>\n\t<meta name=\"twitter:data2\" content=\"2 minuti\" \/>\n<script type=\"application\/ld+json\" class=\"yoast-schema-graph\">{\"@context\":\"https:\/\/schema.org\",\"@graph\":[{\"@type\":\"WebPage\",\"@id\":\"https:\/\/www.italiaeconomiaonline.it\/web\/unindustria-calabria-scrive-a-mattarella-la-nostra-regione-diventi-questione-nazionale\/\",\"url\":\"https:\/\/www.italiaeconomiaonline.it\/web\/unindustria-calabria-scrive-a-mattarella-la-nostra-regione-diventi-questione-nazionale\/\",\"name\":\"Unindustria Calabria scrive a Mattarella: \u201cLa nostra Regione diventi questione nazionale\u201d -\",\"isPartOf\":{\"@id\":\"https:\/\/www.italiaeconomiaonline.it\/web\/#website\"},\"primaryImageOfPage\":{\"@id\":\"https:\/\/www.italiaeconomiaonline.it\/web\/unindustria-calabria-scrive-a-mattarella-la-nostra-regione-diventi-questione-nazionale\/#primaryimage\"},\"image\":{\"@id\":\"https:\/\/www.italiaeconomiaonline.it\/web\/unindustria-calabria-scrive-a-mattarella-la-nostra-regione-diventi-questione-nazionale\/#primaryimage\"},\"thumbnailUrl\":\"https:\/\/www.italiaeconomiaonline.it\/web\/wp-content\/uploads\/2020\/11\/Schermata-2020-11-18-alle-14.01.39.png\",\"datePublished\":\"2020-11-18T13:02:39+00:00\",\"dateModified\":\"2020-11-18T17:20:38+00:00\",\"author\":{\"@id\":\"https:\/\/www.italiaeconomiaonline.it\/web\/#\/schema\/person\/909a49cce752523b020fbc37d5ab1c31\"},\"breadcrumb\":{\"@id\":\"https:\/\/www.italiaeconomiaonline.it\/web\/unindustria-calabria-scrive-a-mattarella-la-nostra-regione-diventi-questione-nazionale\/#breadcrumb\"},\"inLanguage\":\"it-IT\",\"potentialAction\":[{\"@type\":\"ReadAction\",\"target\":[\"https:\/\/www.italiaeconomiaonline.it\/web\/unindustria-calabria-scrive-a-mattarella-la-nostra-regione-diventi-questione-nazionale\/\"]}]},{\"@type\":\"ImageObject\",\"inLanguage\":\"it-IT\",\"@id\":\"https:\/\/www.italiaeconomiaonline.it\/web\/unindustria-calabria-scrive-a-mattarella-la-nostra-regione-diventi-questione-nazionale\/#primaryimage\",\"url\":\"https:\/\/www.italiaeconomiaonline.it\/web\/wp-content\/uploads\/2020\/11\/Schermata-2020-11-18-alle-14.01.39.png\",\"contentUrl\":\"https:\/\/www.italiaeconomiaonline.it\/web\/wp-content\/uploads\/2020\/11\/Schermata-2020-11-18-alle-14.01.39.png\",\"width\":1322,\"height\":740,\"caption\":\"Aldo Ferrara - Presidente Unindustria Calabria\"},{\"@type\":\"BreadcrumbList\",\"@id\":\"https:\/\/www.italiaeconomiaonline.it\/web\/unindustria-calabria-scrive-a-mattarella-la-nostra-regione-diventi-questione-nazionale\/#breadcrumb\",\"itemListElement\":[{\"@type\":\"ListItem\",\"position\":1,\"name\":\"Home\",\"item\":\"https:\/\/www.italiaeconomiaonline.it\/web\/\"},{\"@type\":\"ListItem\",\"position\":2,\"name\":\"Unindustria Calabria scrive a Mattarella: \u201cLa nostra Regione diventi questione nazionale\u201d\"}]},{\"@type\":\"WebSite\",\"@id\":\"https:\/\/www.italiaeconomiaonline.it\/web\/#website\",\"url\":\"https:\/\/www.italiaeconomiaonline.it\/web\/\",\"name\":\"ItaliaEconomiaOnline\",\"description\":\"Quotidiano Economico Online\",\"potentialAction\":[{\"@type\":\"SearchAction\",\"target\":{\"@type\":\"EntryPoint\",\"urlTemplate\":\"https:\/\/www.italiaeconomiaonline.it\/web\/?s={search_term_string}\"},\"query-input\":\"required name=search_term_string\"}],\"inLanguage\":\"it-IT\"},{\"@type\":\"Person\",\"@id\":\"https:\/\/www.italiaeconomiaonline.it\/web\/#\/schema\/person\/909a49cce752523b020fbc37d5ab1c31\",\"name\":\"ladyitaliaeconomia\",\"image\":{\"@type\":\"ImageObject\",\"inLanguage\":\"it-IT\",\"@id\":\"https:\/\/www.italiaeconomiaonline.it\/web\/#\/schema\/person\/image\/\",\"url\":\"https:\/\/secure.gravatar.com\/avatar\/cedca10ce7416a579b9fa6bce9c0a8f2?s=96&d=mm&r=g\",\"contentUrl\":\"https:\/\/secure.gravatar.com\/avatar\/cedca10ce7416a579b9fa6bce9c0a8f2?s=96&d=mm&r=g\",\"caption\":\"ladyitaliaeconomia\"},\"url\":\"https:\/\/www.italiaeconomiaonline.it\/web\/author\/ladyitaliaeconomia\/\"}]}<\/script>\n<!-- \/ Yoast SEO plugin. -->","yoast_head_json":{"title":"Unindustria Calabria scrive a Mattarella: \u201cLa nostra Regione diventi questione nazionale\u201d -","robots":{"index":"index","follow":"follow","max-snippet":"max-snippet:-1","max-image-preview":"max-image-preview:large","max-video-preview":"max-video-preview:-1"},"canonical":"https:\/\/www.italiaeconomiaonline.it\/web\/unindustria-calabria-scrive-a-mattarella-la-nostra-regione-diventi-questione-nazionale\/","og_locale":"it_IT","og_type":"article","og_title":"Unindustria Calabria scrive a Mattarella: \u201cLa nostra Regione diventi questione nazionale\u201d -","og_description":"La drammatica questione calabrese, che nasce dalle inaccettabili vicende della sanit\u00e0 ma che rischia di avere gravissime ripercussioni socio-economiche in tutti i settori, \u00e8 al centro della lettera che i vertici degli industriali della regione hanno gi\u00e0 indirizzato al Presidente della Repubblica, Sergio Mattarella. Nella missiva al Capo dello Stato, i pi\u00f9 alti rappresentanti confindustriali [&hellip;]","og_url":"https:\/\/www.italiaeconomiaonline.it\/web\/unindustria-calabria-scrive-a-mattarella-la-nostra-regione-diventi-questione-nazionale\/","og_site_name":"ItaliaEconomiaOnline","article_published_time":"2020-11-18T13:02:39+00:00","article_modified_time":"2020-11-18T17:20:38+00:00","og_image":[{"width":1322,"height":740,"url":"https:\/\/www.italiaeconomiaonline.it\/web\/wp-content\/uploads\/2020\/11\/Schermata-2020-11-18-alle-14.01.39.png","type":"image\/png"}],"author":"ladyitaliaeconomia","twitter_card":"summary_large_image","twitter_misc":{"Scritto da":"ladyitaliaeconomia","Tempo di lettura stimato":"2 minuti"},"schema":{"@context":"https:\/\/schema.org","@graph":[{"@type":"WebPage","@id":"https:\/\/www.italiaeconomiaonline.it\/web\/unindustria-calabria-scrive-a-mattarella-la-nostra-regione-diventi-questione-nazionale\/","url":"https:\/\/www.italiaeconomiaonline.it\/web\/unindustria-calabria-scrive-a-mattarella-la-nostra-regione-diventi-questione-nazionale\/","name":"Unindustria Calabria scrive a Mattarella: \u201cLa nostra Regione diventi questione nazionale\u201d -","isPartOf":{"@id":"https:\/\/www.italiaeconomiaonline.it\/web\/#website"},"primaryImageOfPage":{"@id":"https:\/\/www.italiaeconomiaonline.it\/web\/unindustria-calabria-scrive-a-mattarella-la-nostra-regione-diventi-questione-nazionale\/#primaryimage"},"image":{"@id":"https:\/\/www.italiaeconomiaonline.it\/web\/unindustria-calabria-scrive-a-mattarella-la-nostra-regione-diventi-questione-nazionale\/#primaryimage"},"thumbnailUrl":"https:\/\/www.italiaeconomiaonline.it\/web\/wp-content\/uploads\/2020\/11\/Schermata-2020-11-18-alle-14.01.39.png","datePublished":"2020-11-18T13:02:39+00:00","dateModified":"2020-11-18T17:20:38+00:00","author":{"@id":"https:\/\/www.italiaeconomiaonline.it\/web\/#\/schema\/person\/909a49cce752523b020fbc37d5ab1c31"},"breadcrumb":{"@id":"https:\/\/www.italiaeconomiaonline.it\/web\/unindustria-calabria-scrive-a-mattarella-la-nostra-regione-diventi-questione-nazionale\/#breadcrumb"},"inLanguage":"it-IT","potentialAction":[{"@type":"ReadAction","target":["https:\/\/www.italiaeconomiaonline.it\/web\/unindustria-calabria-scrive-a-mattarella-la-nostra-regione-diventi-questione-nazionale\/"]}]},{"@type":"ImageObject","inLanguage":"it-IT","@id":"https:\/\/www.italiaeconomiaonline.it\/web\/unindustria-calabria-scrive-a-mattarella-la-nostra-regione-diventi-questione-nazionale\/#primaryimage","url":"https:\/\/www.italiaeconomiaonline.it\/web\/wp-content\/uploads\/2020\/11\/Schermata-2020-11-18-alle-14.01.39.png","contentUrl":"https:\/\/www.italiaeconomiaonline.it\/web\/wp-content\/uploads\/2020\/11\/Schermata-2020-11-18-alle-14.01.39.png","width":1322,"height":740,"caption":"Aldo Ferrara - Presidente Unindustria Calabria"},{"@type":"BreadcrumbList","@id":"https:\/\/www.italiaeconomiaonline.it\/web\/unindustria-calabria-scrive-a-mattarella-la-nostra-regione-diventi-questione-nazionale\/#breadcrumb","itemListElement":[{"@type":"ListItem","position":1,"name":"Home","item":"https:\/\/www.italiaeconomiaonline.it\/web\/"},{"@type":"ListItem","position":2,"name":"Unindustria Calabria scrive a Mattarella: \u201cLa nostra Regione diventi questione nazionale\u201d"}]},{"@type":"WebSite","@id":"https:\/\/www.italiaeconomiaonline.it\/web\/#website","url":"https:\/\/www.italiaeconomiaonline.it\/web\/","name":"ItaliaEconomiaOnline","description":"Quotidiano Economico Online","potentialAction":[{"@type":"SearchAction","target":{"@type":"EntryPoint","urlTemplate":"https:\/\/www.italiaeconomiaonline.it\/web\/?s={search_term_string}"},"query-input":"required name=search_term_string"}],"inLanguage":"it-IT"},{"@type":"Person","@id":"https:\/\/www.italiaeconomiaonline.it\/web\/#\/schema\/person\/909a49cce752523b020fbc37d5ab1c31","name":"ladyitaliaeconomia","image":{"@type":"ImageObject","inLanguage":"it-IT","@id":"https:\/\/www.italiaeconomiaonline.it\/web\/#\/schema\/person\/image\/","url":"https:\/\/secure.gravatar.com\/avatar\/cedca10ce7416a579b9fa6bce9c0a8f2?s=96&d=mm&r=g","contentUrl":"https:\/\/secure.gravatar.com\/avatar\/cedca10ce7416a579b9fa6bce9c0a8f2?s=96&d=mm&r=g","caption":"ladyitaliaeconomia"},"url":"https:\/\/www.italiaeconomiaonline.it\/web\/author\/ladyitaliaeconomia\/"}]}},"_links":{"self":[{"href":"https:\/\/www.italiaeconomiaonline.it\/web\/wp-json\/wp\/v2\/posts\/4658"}],"collection":[{"href":"https:\/\/www.italiaeconomiaonline.it\/web\/wp-json\/wp\/v2\/posts"}],"about":[{"href":"https:\/\/www.italiaeconomiaonline.it\/web\/wp-json\/wp\/v2\/types\/post"}],"author":[{"embeddable":true,"href":"https:\/\/www.italiaeconomiaonline.it\/web\/wp-json\/wp\/v2\/users\/1"}],"replies":[{"embeddable":true,"href":"https:\/\/www.italiaeconomiaonline.it\/web\/wp-json\/wp\/v2\/comments?post=4658"}],"version-history":[{"count":3,"href":"https:\/\/www.italiaeconomiaonline.it\/web\/wp-json\/wp\/v2\/posts\/4658\/revisions"}],"predecessor-version":[{"id":4663,"href":"https:\/\/www.italiaeconomiaonline.it\/web\/wp-json\/wp\/v2\/posts\/4658\/revisions\/4663"}],"wp:featuredmedia":[{"embeddable":true,"href":"https:\/\/www.italiaeconomiaonline.it\/web\/wp-json\/wp\/v2\/media\/4659"}],"wp:attachment":[{"href":"https:\/\/www.italiaeconomiaonline.it\/web\/wp-json\/wp\/v2\/media?parent=4658"}],"wp:term":[{"taxonomy":"category","embeddable":true,"href":"https:\/\/www.italiaeconomiaonline.it\/web\/wp-json\/wp\/v2\/categories?post=4658"},{"taxonomy":"post_tag","embeddable":true,"href":"https:\/\/www.italiaeconomiaonline.it\/web\/wp-json\/wp\/v2\/tags?post=4658"}],"curies":[{"name":"wp","href":"https:\/\/api.w.org\/{rel}","templated":true}]}}