{"id":4666,"date":"2020-11-18T18:26:24","date_gmt":"2020-11-18T17:26:24","guid":{"rendered":"http:\/\/www.italiaeconomiaonline.it\/web\/?p=4666"},"modified":"2020-11-18T18:26:24","modified_gmt":"2020-11-18T17:26:24","slug":"peste-suina-coldiretti-stop-import-animali-da-paesi-focolaio","status":"publish","type":"post","link":"https:\/\/www.italiaeconomiaonline.it\/web\/peste-suina-coldiretti-stop-import-animali-da-paesi-focolaio\/","title":{"rendered":"Peste suina, Coldiretti: STOP import animali da paesi focolaio"},"content":{"rendered":"<p><span class=\"dropcap dropcap3\">C<\/span>on il diffondersi di casi di peste suina in Europa \u00e8 necessario fermare immediatamente le importazioni di animali vivi provenienti o in transito dalle zone interessate dai focolai per tutelare gli allevamenti nazionali. E\u2019 quanto chiede il presidente della Coldiretti Ettore Prandini in riferimento all\u2019estendersi dei contagi in Europa.<\/p>\n<p>&nbsp;<\/p>\n<p>C\u2019\u00e8 molta preoccupazione tra gli allevatori italiani per la peste suina africana (PSA) che si sta diffondendo in diverse parti del continente e che \u2013 ricorda la Coldiretti \u2013 pu\u00f2 colpire cinghiali e maiali ed \u00e8 altamente contagiosa e spesso letale per gli animali, ma non \u00e8, invece, trasmissibile agli esseri umani. Questo virus pu\u00f2 passare facilmente da un animale all\u2019altro attraverso stretti contatti tra individui, o con attrezzature contaminate (camion e mezzi con cui vengono trasportati gli animali, stivali, ecc.) o attraverso resti di cibo che trasportano il virus e abbandonati dall\u2019uomo.<\/p>\n<p>&nbsp;<\/p>\n<p>Un possibile veicolo di contagio possono essere peraltro i cinghiali che non si curano di zone gialle, rosse o arancioni e il cui numero \u2013 evidenzia la Coldiretti &#8211; si \u00e8 moltiplicato in Italia dove si stima la presenza di circa 2 milioni di esemplari. Un pericolo denunciato recentemente dalla stessa virologa Ilaria Capua che ha parlato del rischio effetto domino se oltre al coronavirus la peste suina passasse in Italia dagli animali selvatici a quelli allevati. Un rischio che \u2013 conclude la Coldiretti &#8211; va evitato con il contenimento degli animali selvatici per salvare gli allevamenti italiani e le produzioni Made in Italy.<\/p>\n<p><strong>\u00a0<\/strong><\/p>\n","protected":false},"excerpt":{"rendered":"<p>Con il diffondersi di casi di peste suina in Europa \u00e8 necessario fermare immediatamente le importazioni di animali vivi provenienti o in transito dalle zone interessate dai focolai per tutelare gli allevamenti nazionali. E\u2019 quanto chiede il presidente della Coldiretti Ettore Prandini in riferimento all\u2019estendersi dei contagi in Europa. &nbsp; C\u2019\u00e8 molta preoccupazione tra gli [&hellip;]<\/p>\n","protected":false},"author":1,"featured_media":4667,"comment_status":"closed","ping_status":"open","sticky":false,"template":"","format":"standard","meta":{"footnotes":""},"categories":[1],"tags":[],"yoast_head":"<!-- This site is optimized with the Yoast SEO plugin v22.2 - https:\/\/yoast.com\/wordpress\/plugins\/seo\/ -->\n<title>Peste suina, Coldiretti: STOP import animali da paesi focolaio -<\/title>\n<meta name=\"robots\" content=\"index, follow, max-snippet:-1, max-image-preview:large, max-video-preview:-1\" \/>\n<link rel=\"canonical\" href=\"https:\/\/www.italiaeconomiaonline.it\/web\/peste-suina-coldiretti-stop-import-animali-da-paesi-focolaio\/\" \/>\n<meta property=\"og:locale\" content=\"it_IT\" \/>\n<meta property=\"og:type\" content=\"article\" \/>\n<meta property=\"og:title\" content=\"Peste suina, Coldiretti: STOP import animali da paesi focolaio -\" \/>\n<meta property=\"og:description\" content=\"Con il diffondersi di casi di peste suina in Europa \u00e8 necessario fermare immediatamente le importazioni di animali vivi provenienti o in transito dalle zone interessate dai focolai per tutelare gli allevamenti nazionali. E\u2019 quanto chiede il presidente della Coldiretti Ettore Prandini in riferimento all\u2019estendersi dei contagi in Europa. &nbsp; C\u2019\u00e8 molta preoccupazione tra gli [&hellip;]\" \/>\n<meta property=\"og:url\" content=\"https:\/\/www.italiaeconomiaonline.it\/web\/peste-suina-coldiretti-stop-import-animali-da-paesi-focolaio\/\" \/>\n<meta property=\"og:site_name\" content=\"ItaliaEconomiaOnline\" \/>\n<meta property=\"article:published_time\" content=\"2020-11-18T17:26:24+00:00\" \/>\n<meta property=\"og:image\" content=\"https:\/\/www.italiaeconomiaonline.it\/web\/wp-content\/uploads\/2020\/11\/Schermata-2020-11-18-alle-18.25.33.png\" \/>\n\t<meta property=\"og:image:width\" content=\"1318\" \/>\n\t<meta property=\"og:image:height\" content=\"764\" \/>\n\t<meta property=\"og:image:type\" content=\"image\/png\" \/>\n<meta name=\"author\" content=\"ladyitaliaeconomia\" \/>\n<meta name=\"twitter:card\" content=\"summary_large_image\" \/>\n<meta name=\"twitter:label1\" content=\"Scritto da\" \/>\n\t<meta name=\"twitter:data1\" content=\"ladyitaliaeconomia\" \/>\n\t<meta name=\"twitter:label2\" content=\"Tempo di lettura stimato\" \/>\n\t<meta name=\"twitter:data2\" content=\"1 minuto\" \/>\n<script type=\"application\/ld+json\" class=\"yoast-schema-graph\">{\"@context\":\"https:\/\/schema.org\",\"@graph\":[{\"@type\":\"WebPage\",\"@id\":\"https:\/\/www.italiaeconomiaonline.it\/web\/peste-suina-coldiretti-stop-import-animali-da-paesi-focolaio\/\",\"url\":\"https:\/\/www.italiaeconomiaonline.it\/web\/peste-suina-coldiretti-stop-import-animali-da-paesi-focolaio\/\",\"name\":\"Peste suina, Coldiretti: STOP import animali da paesi focolaio -\",\"isPartOf\":{\"@id\":\"https:\/\/www.italiaeconomiaonline.it\/web\/#website\"},\"primaryImageOfPage\":{\"@id\":\"https:\/\/www.italiaeconomiaonline.it\/web\/peste-suina-coldiretti-stop-import-animali-da-paesi-focolaio\/#primaryimage\"},\"image\":{\"@id\":\"https:\/\/www.italiaeconomiaonline.it\/web\/peste-suina-coldiretti-stop-import-animali-da-paesi-focolaio\/#primaryimage\"},\"thumbnailUrl\":\"https:\/\/www.italiaeconomiaonline.it\/web\/wp-content\/uploads\/2020\/11\/Schermata-2020-11-18-alle-18.25.33.png\",\"datePublished\":\"2020-11-18T17:26:24+00:00\",\"dateModified\":\"2020-11-18T17:26:24+00:00\",\"author\":{\"@id\":\"https:\/\/www.italiaeconomiaonline.it\/web\/#\/schema\/person\/909a49cce752523b020fbc37d5ab1c31\"},\"breadcrumb\":{\"@id\":\"https:\/\/www.italiaeconomiaonline.it\/web\/peste-suina-coldiretti-stop-import-animali-da-paesi-focolaio\/#breadcrumb\"},\"inLanguage\":\"it-IT\",\"potentialAction\":[{\"@type\":\"ReadAction\",\"target\":[\"https:\/\/www.italiaeconomiaonline.it\/web\/peste-suina-coldiretti-stop-import-animali-da-paesi-focolaio\/\"]}]},{\"@type\":\"ImageObject\",\"inLanguage\":\"it-IT\",\"@id\":\"https:\/\/www.italiaeconomiaonline.it\/web\/peste-suina-coldiretti-stop-import-animali-da-paesi-focolaio\/#primaryimage\",\"url\":\"https:\/\/www.italiaeconomiaonline.it\/web\/wp-content\/uploads\/2020\/11\/Schermata-2020-11-18-alle-18.25.33.png\",\"contentUrl\":\"https:\/\/www.italiaeconomiaonline.it\/web\/wp-content\/uploads\/2020\/11\/Schermata-2020-11-18-alle-18.25.33.png\",\"width\":1318,\"height\":764},{\"@type\":\"BreadcrumbList\",\"@id\":\"https:\/\/www.italiaeconomiaonline.it\/web\/peste-suina-coldiretti-stop-import-animali-da-paesi-focolaio\/#breadcrumb\",\"itemListElement\":[{\"@type\":\"ListItem\",\"position\":1,\"name\":\"Home\",\"item\":\"https:\/\/www.italiaeconomiaonline.it\/web\/\"},{\"@type\":\"ListItem\",\"position\":2,\"name\":\"Peste suina, Coldiretti: STOP import animali da paesi focolaio\"}]},{\"@type\":\"WebSite\",\"@id\":\"https:\/\/www.italiaeconomiaonline.it\/web\/#website\",\"url\":\"https:\/\/www.italiaeconomiaonline.it\/web\/\",\"name\":\"ItaliaEconomiaOnline\",\"description\":\"Quotidiano Economico Online\",\"potentialAction\":[{\"@type\":\"SearchAction\",\"target\":{\"@type\":\"EntryPoint\",\"urlTemplate\":\"https:\/\/www.italiaeconomiaonline.it\/web\/?s={search_term_string}\"},\"query-input\":\"required name=search_term_string\"}],\"inLanguage\":\"it-IT\"},{\"@type\":\"Person\",\"@id\":\"https:\/\/www.italiaeconomiaonline.it\/web\/#\/schema\/person\/909a49cce752523b020fbc37d5ab1c31\",\"name\":\"ladyitaliaeconomia\",\"image\":{\"@type\":\"ImageObject\",\"inLanguage\":\"it-IT\",\"@id\":\"https:\/\/www.italiaeconomiaonline.it\/web\/#\/schema\/person\/image\/\",\"url\":\"https:\/\/secure.gravatar.com\/avatar\/cedca10ce7416a579b9fa6bce9c0a8f2?s=96&d=mm&r=g\",\"contentUrl\":\"https:\/\/secure.gravatar.com\/avatar\/cedca10ce7416a579b9fa6bce9c0a8f2?s=96&d=mm&r=g\",\"caption\":\"ladyitaliaeconomia\"},\"url\":\"https:\/\/www.italiaeconomiaonline.it\/web\/author\/ladyitaliaeconomia\/\"}]}<\/script>\n<!-- \/ Yoast SEO plugin. -->","yoast_head_json":{"title":"Peste suina, Coldiretti: STOP import animali da paesi focolaio -","robots":{"index":"index","follow":"follow","max-snippet":"max-snippet:-1","max-image-preview":"max-image-preview:large","max-video-preview":"max-video-preview:-1"},"canonical":"https:\/\/www.italiaeconomiaonline.it\/web\/peste-suina-coldiretti-stop-import-animali-da-paesi-focolaio\/","og_locale":"it_IT","og_type":"article","og_title":"Peste suina, Coldiretti: STOP import animali da paesi focolaio -","og_description":"Con il diffondersi di casi di peste suina in Europa \u00e8 necessario fermare immediatamente le importazioni di animali vivi provenienti o in transito dalle zone interessate dai focolai per tutelare gli allevamenti nazionali. E\u2019 quanto chiede il presidente della Coldiretti Ettore Prandini in riferimento all\u2019estendersi dei contagi in Europa. &nbsp; C\u2019\u00e8 molta preoccupazione tra gli [&hellip;]","og_url":"https:\/\/www.italiaeconomiaonline.it\/web\/peste-suina-coldiretti-stop-import-animali-da-paesi-focolaio\/","og_site_name":"ItaliaEconomiaOnline","article_published_time":"2020-11-18T17:26:24+00:00","og_image":[{"width":1318,"height":764,"url":"https:\/\/www.italiaeconomiaonline.it\/web\/wp-content\/uploads\/2020\/11\/Schermata-2020-11-18-alle-18.25.33.png","type":"image\/png"}],"author":"ladyitaliaeconomia","twitter_card":"summary_large_image","twitter_misc":{"Scritto da":"ladyitaliaeconomia","Tempo di lettura stimato":"1 minuto"},"schema":{"@context":"https:\/\/schema.org","@graph":[{"@type":"WebPage","@id":"https:\/\/www.italiaeconomiaonline.it\/web\/peste-suina-coldiretti-stop-import-animali-da-paesi-focolaio\/","url":"https:\/\/www.italiaeconomiaonline.it\/web\/peste-suina-coldiretti-stop-import-animali-da-paesi-focolaio\/","name":"Peste suina, Coldiretti: STOP import animali da paesi focolaio -","isPartOf":{"@id":"https:\/\/www.italiaeconomiaonline.it\/web\/#website"},"primaryImageOfPage":{"@id":"https:\/\/www.italiaeconomiaonline.it\/web\/peste-suina-coldiretti-stop-import-animali-da-paesi-focolaio\/#primaryimage"},"image":{"@id":"https:\/\/www.italiaeconomiaonline.it\/web\/peste-suina-coldiretti-stop-import-animali-da-paesi-focolaio\/#primaryimage"},"thumbnailUrl":"https:\/\/www.italiaeconomiaonline.it\/web\/wp-content\/uploads\/2020\/11\/Schermata-2020-11-18-alle-18.25.33.png","datePublished":"2020-11-18T17:26:24+00:00","dateModified":"2020-11-18T17:26:24+00:00","author":{"@id":"https:\/\/www.italiaeconomiaonline.it\/web\/#\/schema\/person\/909a49cce752523b020fbc37d5ab1c31"},"breadcrumb":{"@id":"https:\/\/www.italiaeconomiaonline.it\/web\/peste-suina-coldiretti-stop-import-animali-da-paesi-focolaio\/#breadcrumb"},"inLanguage":"it-IT","potentialAction":[{"@type":"ReadAction","target":["https:\/\/www.italiaeconomiaonline.it\/web\/peste-suina-coldiretti-stop-import-animali-da-paesi-focolaio\/"]}]},{"@type":"ImageObject","inLanguage":"it-IT","@id":"https:\/\/www.italiaeconomiaonline.it\/web\/peste-suina-coldiretti-stop-import-animali-da-paesi-focolaio\/#primaryimage","url":"https:\/\/www.italiaeconomiaonline.it\/web\/wp-content\/uploads\/2020\/11\/Schermata-2020-11-18-alle-18.25.33.png","contentUrl":"https:\/\/www.italiaeconomiaonline.it\/web\/wp-content\/uploads\/2020\/11\/Schermata-2020-11-18-alle-18.25.33.png","width":1318,"height":764},{"@type":"BreadcrumbList","@id":"https:\/\/www.italiaeconomiaonline.it\/web\/peste-suina-coldiretti-stop-import-animali-da-paesi-focolaio\/#breadcrumb","itemListElement":[{"@type":"ListItem","position":1,"name":"Home","item":"https:\/\/www.italiaeconomiaonline.it\/web\/"},{"@type":"ListItem","position":2,"name":"Peste suina, Coldiretti: STOP import animali da paesi focolaio"}]},{"@type":"WebSite","@id":"https:\/\/www.italiaeconomiaonline.it\/web\/#website","url":"https:\/\/www.italiaeconomiaonline.it\/web\/","name":"ItaliaEconomiaOnline","description":"Quotidiano Economico Online","potentialAction":[{"@type":"SearchAction","target":{"@type":"EntryPoint","urlTemplate":"https:\/\/www.italiaeconomiaonline.it\/web\/?s={search_term_string}"},"query-input":"required name=search_term_string"}],"inLanguage":"it-IT"},{"@type":"Person","@id":"https:\/\/www.italiaeconomiaonline.it\/web\/#\/schema\/person\/909a49cce752523b020fbc37d5ab1c31","name":"ladyitaliaeconomia","image":{"@type":"ImageObject","inLanguage":"it-IT","@id":"https:\/\/www.italiaeconomiaonline.it\/web\/#\/schema\/person\/image\/","url":"https:\/\/secure.gravatar.com\/avatar\/cedca10ce7416a579b9fa6bce9c0a8f2?s=96&d=mm&r=g","contentUrl":"https:\/\/secure.gravatar.com\/avatar\/cedca10ce7416a579b9fa6bce9c0a8f2?s=96&d=mm&r=g","caption":"ladyitaliaeconomia"},"url":"https:\/\/www.italiaeconomiaonline.it\/web\/author\/ladyitaliaeconomia\/"}]}},"_links":{"self":[{"href":"https:\/\/www.italiaeconomiaonline.it\/web\/wp-json\/wp\/v2\/posts\/4666"}],"collection":[{"href":"https:\/\/www.italiaeconomiaonline.it\/web\/wp-json\/wp\/v2\/posts"}],"about":[{"href":"https:\/\/www.italiaeconomiaonline.it\/web\/wp-json\/wp\/v2\/types\/post"}],"author":[{"embeddable":true,"href":"https:\/\/www.italiaeconomiaonline.it\/web\/wp-json\/wp\/v2\/users\/1"}],"replies":[{"embeddable":true,"href":"https:\/\/www.italiaeconomiaonline.it\/web\/wp-json\/wp\/v2\/comments?post=4666"}],"version-history":[{"count":1,"href":"https:\/\/www.italiaeconomiaonline.it\/web\/wp-json\/wp\/v2\/posts\/4666\/revisions"}],"predecessor-version":[{"id":4668,"href":"https:\/\/www.italiaeconomiaonline.it\/web\/wp-json\/wp\/v2\/posts\/4666\/revisions\/4668"}],"wp:featuredmedia":[{"embeddable":true,"href":"https:\/\/www.italiaeconomiaonline.it\/web\/wp-json\/wp\/v2\/media\/4667"}],"wp:attachment":[{"href":"https:\/\/www.italiaeconomiaonline.it\/web\/wp-json\/wp\/v2\/media?parent=4666"}],"wp:term":[{"taxonomy":"category","embeddable":true,"href":"https:\/\/www.italiaeconomiaonline.it\/web\/wp-json\/wp\/v2\/categories?post=4666"},{"taxonomy":"post_tag","embeddable":true,"href":"https:\/\/www.italiaeconomiaonline.it\/web\/wp-json\/wp\/v2\/tags?post=4666"}],"curies":[{"name":"wp","href":"https:\/\/api.w.org\/{rel}","templated":true}]}}