{"id":4691,"date":"2020-11-20T11:17:11","date_gmt":"2020-11-20T10:17:11","guid":{"rendered":"http:\/\/www.italiaeconomiaonline.it\/web\/?p=4691"},"modified":"2020-11-20T11:17:11","modified_gmt":"2020-11-20T10:17:11","slug":"cybersicurezza-litalia-finalmente-si-adegua","status":"publish","type":"post","link":"https:\/\/www.italiaeconomiaonline.it\/web\/cybersicurezza-litalia-finalmente-si-adegua\/","title":{"rendered":"Cybersicurezza, l\u2019Italia (finalmente) si adegua"},"content":{"rendered":"<p align=\"JUSTIFY\"><span style=\"font-size: medium;\"><span class=\"dropcap dropcap3\">F<\/span>inalmente l\u2019Italia si adegua<\/span> <span style=\"font-size: medium;\">per rispondere alle prerogative della cybersecurity. \u00c8 una priorit\u00e0, del Paese in primis e di tutti i cittadini. La cybersicurezza ha smesso da tempo ormai di essere materia confinata esclusivamente alle questioni di sicurezza militare e di difesa, andando a coinvolgere la vita quotidiana di ogni singolo cittadino.<\/span><\/p>\n<p align=\"JUSTIFY\"><span style=\"font-size: medium;\"> Sanit\u00e0 in primis, con la tutela dei dati sensibili, poi il lavoro, oggi tema di grandissima attualit\u00e0 alla luce delle modifiche introdotte dallo smart working, pagamenti elettronici, solo per citarne alcuni. Una mole infinita di dati viaggia in rete ogni secondo, dentro quei dati ci sono informazioni personali e riservate.<\/span><\/p>\n<p align=\"JUSTIFY\"><span style=\"font-size: medium;\"> Proteggere quelle informazioni, significa garantire protezione ad ogni singolo cittadino. \u201cBene ha fatto allora il premier Giuseppe Conte a spingere sull\u2019acceleratore, perch\u00e9 il tempo non gioca a nostro favore e la posta in gioco \u00e8 troppo alta, inserendo nella legge di Bilancio la norma che fa nascere l\u2019Istituto Italiano di Cybersicurezza \u2013 <\/span><span style=\"font-size: medium;\"><i>ha dichiarato <\/i><\/span><span style=\"font-size: medium;\"><i><b>Mauro Nicastri<\/b><\/i><\/span><span style=\"font-size: medium;\"><i>, presidente Aidr<\/i><\/span><span style=\"font-size: medium;\">\u201d.<\/span><\/p>\n<p align=\"JUSTIFY\"><span style=\"font-size: medium;\"> La forma giuridica sar\u00e0 quella della Fondazione, con un ingente stanziamento: ben 10 milioni di Euro. Spetter\u00e0 al Dipartimento di Informazione e Sicurezza (Dis), secondo quanto stabilito dalla Presidenza del Consiglio il compito di vigilanza sulla corrispondenza dell\u2019attivit\u00e0 tecnico-operativa della Fondazione. <\/span><\/p>\n<p align=\"JUSTIFY\"><span style=\"font-size: medium;\">Ad oggi il Dipartimento di Informazione e Sicurezza, diretto dal prefetto Gennaro Vecchione, ha gi\u00e0 dimostrato sul campo il suo enorme contributo alla realizzazione di un nuovo e pi\u00f9 moderno sistema di cybersicurezza. \u00c8 appena il caso di sottolineare ad esempio la messa a punto del Perimetro di sicurezza cibernetica, che consentir\u00e0, tra le altre cose, di recuperare il divario con gli altri Paesi dell\u2019Unione Europea. <\/span><\/p>\n<p align=\"JUSTIFY\"><span style=\"font-size: medium;\">Da Bruxelles non hanno mai fatto mistero sulla necessit\u00e0 per l\u2019Italia di adeguarsi, stabilendo nuove misure. Il tempo delle attese non pu\u00f2 essere infinito, lo dimostra il fatto che il Recovery Fund, a cui si guarda con grandissima attenzione, per rilanciare il nostro Paese, considera prioritaria la difesa dell\u2019ambiente e dello spazio informatico. <\/span><\/p>\n","protected":false},"excerpt":{"rendered":"<p>Finalmente l\u2019Italia si adegua per rispondere alle prerogative della cybersecurity. \u00c8 una priorit\u00e0, del Paese in primis e di tutti i cittadini. La cybersicurezza ha smesso da tempo ormai di essere materia confinata esclusivamente alle questioni di sicurezza militare e di difesa, andando a coinvolgere la vita quotidiana di ogni singolo cittadino. Sanit\u00e0 in primis, [&hellip;]<\/p>\n","protected":false},"author":1,"featured_media":4692,"comment_status":"closed","ping_status":"open","sticky":false,"template":"","format":"standard","meta":{"footnotes":""},"categories":[632],"tags":[1409,1410,1408],"yoast_head":"<!-- This site is optimized with the Yoast SEO plugin v22.2 - https:\/\/yoast.com\/wordpress\/plugins\/seo\/ -->\n<title>Cybersicurezza, l\u2019Italia (finalmente) si adegua -<\/title>\n<meta name=\"robots\" content=\"index, follow, max-snippet:-1, max-image-preview:large, max-video-preview:-1\" \/>\n<link rel=\"canonical\" href=\"https:\/\/www.italiaeconomiaonline.it\/web\/cybersicurezza-litalia-finalmente-si-adegua\/\" \/>\n<meta property=\"og:locale\" content=\"it_IT\" \/>\n<meta property=\"og:type\" content=\"article\" \/>\n<meta property=\"og:title\" content=\"Cybersicurezza, l\u2019Italia (finalmente) si adegua -\" \/>\n<meta property=\"og:description\" content=\"Finalmente l\u2019Italia si adegua per rispondere alle prerogative della cybersecurity. \u00c8 una priorit\u00e0, del Paese in primis e di tutti i cittadini. La cybersicurezza ha smesso da tempo ormai di essere materia confinata esclusivamente alle questioni di sicurezza militare e di difesa, andando a coinvolgere la vita quotidiana di ogni singolo cittadino. Sanit\u00e0 in primis, [&hellip;]\" \/>\n<meta property=\"og:url\" content=\"https:\/\/www.italiaeconomiaonline.it\/web\/cybersicurezza-litalia-finalmente-si-adegua\/\" \/>\n<meta property=\"og:site_name\" content=\"ItaliaEconomiaOnline\" \/>\n<meta property=\"article:published_time\" content=\"2020-11-20T10:17:11+00:00\" \/>\n<meta property=\"og:image\" content=\"https:\/\/www.italiaeconomiaonline.it\/web\/wp-content\/uploads\/2020\/11\/Mauro-Nicastri.jpeg\" \/>\n\t<meta property=\"og:image:width\" content=\"1023\" \/>\n\t<meta property=\"og:image:height\" content=\"598\" \/>\n\t<meta property=\"og:image:type\" content=\"image\/jpeg\" \/>\n<meta name=\"author\" content=\"ladyitaliaeconomia\" \/>\n<meta name=\"twitter:card\" content=\"summary_large_image\" \/>\n<meta name=\"twitter:label1\" content=\"Scritto da\" \/>\n\t<meta name=\"twitter:data1\" content=\"ladyitaliaeconomia\" \/>\n\t<meta name=\"twitter:label2\" content=\"Tempo di lettura stimato\" \/>\n\t<meta name=\"twitter:data2\" content=\"2 minuti\" \/>\n<script type=\"application\/ld+json\" class=\"yoast-schema-graph\">{\"@context\":\"https:\/\/schema.org\",\"@graph\":[{\"@type\":\"WebPage\",\"@id\":\"https:\/\/www.italiaeconomiaonline.it\/web\/cybersicurezza-litalia-finalmente-si-adegua\/\",\"url\":\"https:\/\/www.italiaeconomiaonline.it\/web\/cybersicurezza-litalia-finalmente-si-adegua\/\",\"name\":\"Cybersicurezza, l\u2019Italia (finalmente) si adegua -\",\"isPartOf\":{\"@id\":\"https:\/\/www.italiaeconomiaonline.it\/web\/#website\"},\"primaryImageOfPage\":{\"@id\":\"https:\/\/www.italiaeconomiaonline.it\/web\/cybersicurezza-litalia-finalmente-si-adegua\/#primaryimage\"},\"image\":{\"@id\":\"https:\/\/www.italiaeconomiaonline.it\/web\/cybersicurezza-litalia-finalmente-si-adegua\/#primaryimage\"},\"thumbnailUrl\":\"https:\/\/www.italiaeconomiaonline.it\/web\/wp-content\/uploads\/2020\/11\/Mauro-Nicastri.jpeg\",\"datePublished\":\"2020-11-20T10:17:11+00:00\",\"dateModified\":\"2020-11-20T10:17:11+00:00\",\"author\":{\"@id\":\"https:\/\/www.italiaeconomiaonline.it\/web\/#\/schema\/person\/909a49cce752523b020fbc37d5ab1c31\"},\"breadcrumb\":{\"@id\":\"https:\/\/www.italiaeconomiaonline.it\/web\/cybersicurezza-litalia-finalmente-si-adegua\/#breadcrumb\"},\"inLanguage\":\"it-IT\",\"potentialAction\":[{\"@type\":\"ReadAction\",\"target\":[\"https:\/\/www.italiaeconomiaonline.it\/web\/cybersicurezza-litalia-finalmente-si-adegua\/\"]}]},{\"@type\":\"ImageObject\",\"inLanguage\":\"it-IT\",\"@id\":\"https:\/\/www.italiaeconomiaonline.it\/web\/cybersicurezza-litalia-finalmente-si-adegua\/#primaryimage\",\"url\":\"https:\/\/www.italiaeconomiaonline.it\/web\/wp-content\/uploads\/2020\/11\/Mauro-Nicastri.jpeg\",\"contentUrl\":\"https:\/\/www.italiaeconomiaonline.it\/web\/wp-content\/uploads\/2020\/11\/Mauro-Nicastri.jpeg\",\"width\":1023,\"height\":598,\"caption\":\"Mauro Nicastri\"},{\"@type\":\"BreadcrumbList\",\"@id\":\"https:\/\/www.italiaeconomiaonline.it\/web\/cybersicurezza-litalia-finalmente-si-adegua\/#breadcrumb\",\"itemListElement\":[{\"@type\":\"ListItem\",\"position\":1,\"name\":\"Home\",\"item\":\"https:\/\/www.italiaeconomiaonline.it\/web\/\"},{\"@type\":\"ListItem\",\"position\":2,\"name\":\"Cybersicurezza, l\u2019Italia (finalmente) si adegua\"}]},{\"@type\":\"WebSite\",\"@id\":\"https:\/\/www.italiaeconomiaonline.it\/web\/#website\",\"url\":\"https:\/\/www.italiaeconomiaonline.it\/web\/\",\"name\":\"ItaliaEconomiaOnline\",\"description\":\"Quotidiano Economico Online\",\"potentialAction\":[{\"@type\":\"SearchAction\",\"target\":{\"@type\":\"EntryPoint\",\"urlTemplate\":\"https:\/\/www.italiaeconomiaonline.it\/web\/?s={search_term_string}\"},\"query-input\":\"required name=search_term_string\"}],\"inLanguage\":\"it-IT\"},{\"@type\":\"Person\",\"@id\":\"https:\/\/www.italiaeconomiaonline.it\/web\/#\/schema\/person\/909a49cce752523b020fbc37d5ab1c31\",\"name\":\"ladyitaliaeconomia\",\"image\":{\"@type\":\"ImageObject\",\"inLanguage\":\"it-IT\",\"@id\":\"https:\/\/www.italiaeconomiaonline.it\/web\/#\/schema\/person\/image\/\",\"url\":\"https:\/\/secure.gravatar.com\/avatar\/cedca10ce7416a579b9fa6bce9c0a8f2?s=96&d=mm&r=g\",\"contentUrl\":\"https:\/\/secure.gravatar.com\/avatar\/cedca10ce7416a579b9fa6bce9c0a8f2?s=96&d=mm&r=g\",\"caption\":\"ladyitaliaeconomia\"},\"url\":\"https:\/\/www.italiaeconomiaonline.it\/web\/author\/ladyitaliaeconomia\/\"}]}<\/script>\n<!-- \/ Yoast SEO plugin. -->","yoast_head_json":{"title":"Cybersicurezza, l\u2019Italia (finalmente) si adegua -","robots":{"index":"index","follow":"follow","max-snippet":"max-snippet:-1","max-image-preview":"max-image-preview:large","max-video-preview":"max-video-preview:-1"},"canonical":"https:\/\/www.italiaeconomiaonline.it\/web\/cybersicurezza-litalia-finalmente-si-adegua\/","og_locale":"it_IT","og_type":"article","og_title":"Cybersicurezza, l\u2019Italia (finalmente) si adegua -","og_description":"Finalmente l\u2019Italia si adegua per rispondere alle prerogative della cybersecurity. \u00c8 una priorit\u00e0, del Paese in primis e di tutti i cittadini. La cybersicurezza ha smesso da tempo ormai di essere materia confinata esclusivamente alle questioni di sicurezza militare e di difesa, andando a coinvolgere la vita quotidiana di ogni singolo cittadino. Sanit\u00e0 in primis, [&hellip;]","og_url":"https:\/\/www.italiaeconomiaonline.it\/web\/cybersicurezza-litalia-finalmente-si-adegua\/","og_site_name":"ItaliaEconomiaOnline","article_published_time":"2020-11-20T10:17:11+00:00","og_image":[{"width":1023,"height":598,"url":"https:\/\/www.italiaeconomiaonline.it\/web\/wp-content\/uploads\/2020\/11\/Mauro-Nicastri.jpeg","type":"image\/jpeg"}],"author":"ladyitaliaeconomia","twitter_card":"summary_large_image","twitter_misc":{"Scritto da":"ladyitaliaeconomia","Tempo di lettura stimato":"2 minuti"},"schema":{"@context":"https:\/\/schema.org","@graph":[{"@type":"WebPage","@id":"https:\/\/www.italiaeconomiaonline.it\/web\/cybersicurezza-litalia-finalmente-si-adegua\/","url":"https:\/\/www.italiaeconomiaonline.it\/web\/cybersicurezza-litalia-finalmente-si-adegua\/","name":"Cybersicurezza, l\u2019Italia (finalmente) si adegua -","isPartOf":{"@id":"https:\/\/www.italiaeconomiaonline.it\/web\/#website"},"primaryImageOfPage":{"@id":"https:\/\/www.italiaeconomiaonline.it\/web\/cybersicurezza-litalia-finalmente-si-adegua\/#primaryimage"},"image":{"@id":"https:\/\/www.italiaeconomiaonline.it\/web\/cybersicurezza-litalia-finalmente-si-adegua\/#primaryimage"},"thumbnailUrl":"https:\/\/www.italiaeconomiaonline.it\/web\/wp-content\/uploads\/2020\/11\/Mauro-Nicastri.jpeg","datePublished":"2020-11-20T10:17:11+00:00","dateModified":"2020-11-20T10:17:11+00:00","author":{"@id":"https:\/\/www.italiaeconomiaonline.it\/web\/#\/schema\/person\/909a49cce752523b020fbc37d5ab1c31"},"breadcrumb":{"@id":"https:\/\/www.italiaeconomiaonline.it\/web\/cybersicurezza-litalia-finalmente-si-adegua\/#breadcrumb"},"inLanguage":"it-IT","potentialAction":[{"@type":"ReadAction","target":["https:\/\/www.italiaeconomiaonline.it\/web\/cybersicurezza-litalia-finalmente-si-adegua\/"]}]},{"@type":"ImageObject","inLanguage":"it-IT","@id":"https:\/\/www.italiaeconomiaonline.it\/web\/cybersicurezza-litalia-finalmente-si-adegua\/#primaryimage","url":"https:\/\/www.italiaeconomiaonline.it\/web\/wp-content\/uploads\/2020\/11\/Mauro-Nicastri.jpeg","contentUrl":"https:\/\/www.italiaeconomiaonline.it\/web\/wp-content\/uploads\/2020\/11\/Mauro-Nicastri.jpeg","width":1023,"height":598,"caption":"Mauro Nicastri"},{"@type":"BreadcrumbList","@id":"https:\/\/www.italiaeconomiaonline.it\/web\/cybersicurezza-litalia-finalmente-si-adegua\/#breadcrumb","itemListElement":[{"@type":"ListItem","position":1,"name":"Home","item":"https:\/\/www.italiaeconomiaonline.it\/web\/"},{"@type":"ListItem","position":2,"name":"Cybersicurezza, l\u2019Italia (finalmente) si adegua"}]},{"@type":"WebSite","@id":"https:\/\/www.italiaeconomiaonline.it\/web\/#website","url":"https:\/\/www.italiaeconomiaonline.it\/web\/","name":"ItaliaEconomiaOnline","description":"Quotidiano Economico Online","potentialAction":[{"@type":"SearchAction","target":{"@type":"EntryPoint","urlTemplate":"https:\/\/www.italiaeconomiaonline.it\/web\/?s={search_term_string}"},"query-input":"required name=search_term_string"}],"inLanguage":"it-IT"},{"@type":"Person","@id":"https:\/\/www.italiaeconomiaonline.it\/web\/#\/schema\/person\/909a49cce752523b020fbc37d5ab1c31","name":"ladyitaliaeconomia","image":{"@type":"ImageObject","inLanguage":"it-IT","@id":"https:\/\/www.italiaeconomiaonline.it\/web\/#\/schema\/person\/image\/","url":"https:\/\/secure.gravatar.com\/avatar\/cedca10ce7416a579b9fa6bce9c0a8f2?s=96&d=mm&r=g","contentUrl":"https:\/\/secure.gravatar.com\/avatar\/cedca10ce7416a579b9fa6bce9c0a8f2?s=96&d=mm&r=g","caption":"ladyitaliaeconomia"},"url":"https:\/\/www.italiaeconomiaonline.it\/web\/author\/ladyitaliaeconomia\/"}]}},"_links":{"self":[{"href":"https:\/\/www.italiaeconomiaonline.it\/web\/wp-json\/wp\/v2\/posts\/4691"}],"collection":[{"href":"https:\/\/www.italiaeconomiaonline.it\/web\/wp-json\/wp\/v2\/posts"}],"about":[{"href":"https:\/\/www.italiaeconomiaonline.it\/web\/wp-json\/wp\/v2\/types\/post"}],"author":[{"embeddable":true,"href":"https:\/\/www.italiaeconomiaonline.it\/web\/wp-json\/wp\/v2\/users\/1"}],"replies":[{"embeddable":true,"href":"https:\/\/www.italiaeconomiaonline.it\/web\/wp-json\/wp\/v2\/comments?post=4691"}],"version-history":[{"count":1,"href":"https:\/\/www.italiaeconomiaonline.it\/web\/wp-json\/wp\/v2\/posts\/4691\/revisions"}],"predecessor-version":[{"id":4693,"href":"https:\/\/www.italiaeconomiaonline.it\/web\/wp-json\/wp\/v2\/posts\/4691\/revisions\/4693"}],"wp:featuredmedia":[{"embeddable":true,"href":"https:\/\/www.italiaeconomiaonline.it\/web\/wp-json\/wp\/v2\/media\/4692"}],"wp:attachment":[{"href":"https:\/\/www.italiaeconomiaonline.it\/web\/wp-json\/wp\/v2\/media?parent=4691"}],"wp:term":[{"taxonomy":"category","embeddable":true,"href":"https:\/\/www.italiaeconomiaonline.it\/web\/wp-json\/wp\/v2\/categories?post=4691"},{"taxonomy":"post_tag","embeddable":true,"href":"https:\/\/www.italiaeconomiaonline.it\/web\/wp-json\/wp\/v2\/tags?post=4691"}],"curies":[{"name":"wp","href":"https:\/\/api.w.org\/{rel}","templated":true}]}}