{"id":4698,"date":"2020-11-20T11:38:32","date_gmt":"2020-11-20T10:38:32","guid":{"rendered":"http:\/\/www.italiaeconomiaonline.it\/web\/?p=4698"},"modified":"2020-11-20T11:38:32","modified_gmt":"2020-11-20T10:38:32","slug":"life-terra-500-milioni-di-alberi-in-5-anni-contro-i-cambiamenti-climatici","status":"publish","type":"post","link":"https:\/\/www.italiaeconomiaonline.it\/web\/life-terra-500-milioni-di-alberi-in-5-anni-contro-i-cambiamenti-climatici\/","title":{"rendered":"Life Terra: 500 milioni di alberi in 5 anni contro i cambiamenti climatici"},"content":{"rendered":"<p><span class=\"dropcap dropcap3\">T<\/span>anti vasi comunicanti, a distanza ma tutti uniti per celebrare e difendere la natura. Come? Con un gesto semplice ma efficace: piantare un seme in vaso a casa, un piccolo albero in giardino oppure in uno spazio pubblico accessibile.<\/p>\n<p>E visto il momento di difficolt\u00e0, per essere dei vasi comunicanti e contribuire a realizzare insieme un nuovo polmone verde, baster\u00e0 scattare un selfie con il proprio smartphone e condividere l\u2019istantanea sui social network.<\/p>\n<p>\u00c8 l\u2019invito lanciato da <strong>Legambiente<\/strong> in occasione della <strong>Festa dell\u2019Albero<\/strong> del prossimo <strong>21 novembre<\/strong>, Giornata Nazionale degli alberi istituita dal ministero dell\u2019Ambiente e finalizzata alla promozione della tutela ambientale, alla riduzione dell\u2019inquinamento e alla valorizzazione del verde urbano.<\/p>\n<p>Anche quest\u2019anno Legambiente, nonostante il difficile momento legato all\u2019emergenza sanitaria, vuole celebrare la giornata lanciando l\u2019iniziativa digitale. Partecipare sar\u00e0 facile: una volta scattata la foto che ritrae la piantumazione dell\u2019albero o del semino, sar\u00e0 necessario condividerla sui social network taggando Legambiente e usando gli hashtag ufficiali della <strong>Festa dell\u2019Albero 2020<\/strong>: <strong>#VasiComunicanti<\/strong> e <strong>#FestadellAlbero<\/strong>. Per quanti daranno l\u2019adesione a <a href=\"https:\/\/attivati.legambiente.it\/vasicomunicanti\">#Vasicomunicanti<\/a> sar\u00e0 possibile scaricare in regalo l\u2019ebook di Legambiente <em>\u201cAlla scoperta della Biodiversit\u00e0\u201d<\/em>.<\/p>\n<p>Ma la celebrazione non finisce qui, con un bel gesto simbolico. Proprio in occasione di questa ricorrenza Legambiente d\u00e0 il via alle azioni legate al <strong>progetto europeo Life Terra<\/strong>, cofinanziato dall\u2019Unione Europea nell\u2019ambito del Programma Life, a cui partecipano ben 15 organizzazioni di 8 diversi paesi in Europa. Life Terra ha l\u2019ambizioso obiettivo di <strong>piantare 500 milioni di alberi nei prossimi 5 anni <\/strong>con il coinvolgimento della societ\u00e0 civile e del mondo della scuola. Il progetto Life Terra, al motto di <em>\u201c<strong>Let\u2019s plant together<\/strong>\u201d<\/em> intende creare un vero e proprio <strong>movimento di cittadini attivisti<\/strong> che in tutta Europa si mobilitano per mitigare il clima piantando alberi. L\u2019azione di Life Terra \u00e8 lungimirante, insegnare alle nuove generazioni come piantare gli alberi avr\u00e0 delle ripercussioni positive nel contrasto ai cambiamenti climatici e alle catastrofi connesse: ondate di calore, siccit\u00e0, perdita di foreste, desertificazione, erosione del suolo, inondazioni. Ci sar\u00e0 un risvolto positivo anche sulle citt\u00e0 e le loro comunit\u00e0 perch\u00e9 gli alberi favoriscono l\u2019approvvigionamento dell\u2019acqua, incrementano la permeabilizzazione del suolo, costituiscono un rifugio fondamentale per la fauna, trattengono gli inquinanti atmosferici (le polveri sottili). Inoltre, se piantati nelle vicinanze degli edifici possono ridurre la necessit\u00e0 di utilizzo dei condizionatori d\u2019aria permettendo di risparmiare dal 20 al 50% di energia e abbassando i rumori fino al 70%.<\/p>\n<p>Life Terra non \u00e8 solo piantumazione di alberi ma \u00e8 anche cura, infatti, il progetto europeo prevede l\u2019introduzione di <strong>una piattaforma web per il monitoraggio degli alberi e il lancio di una App<\/strong>. Con questi due strumenti innovativi tutti potranno avere un resoconto \u201ctrasparente\u201d dei dati relativi agli alberi e della loro capacit\u00e0 di trattenere CO2 e i cittadini potranno scaricare informazioni su quali alberi scegliere e come piantarli nella maniera adeguata.<\/p>\n<p>Proprio l\u2019aspetto del <strong>monitoraggio <\/strong><strong>in Italia <\/strong>risulta carente. Manca un censimento puntuale della dotazione arborea e se il 75% dei Comuni ha un censimento del verde, solo poco pi\u00f9 del 53% dei capoluoghi ha il catasto degli alberi e solamente il 44,8% hanno il regolamento del verde urbano.<\/p>\n<p>\u201cIl progetto Life Terra vede coinvolta Legambiente insieme a partner internazionali \u2013 dichiara <strong>Antonio Nicoletti<\/strong>, responsabile Aree Protette e Biodiversit\u00e0 di Legambiente -. In Italia \u00e8 prevista la piantumazione di oltre 9 milioni di alberi per i prossimi 5 anni e ci concentreremo per questo sulla crescita delle foreste nelle nostre citt\u00e0 e nelle aree pi\u00f9 inquinate del Paese, come la pianura padana, o nei fondovalle dove c\u2019\u00e8 meno copertura forestale e dunque pi\u00f9 problemi ambientali a cominciare dal dissesto idrogeologico. Non si tratta di una scelta semplicemente estetica ma di benefici per la comunit\u00e0: la lotta al cambiamento climatico, infatti, deve partire dall\u2019ambiente urbano e la strategia pi\u00f9 utile e immediata \u00e8 piantare nuovi alberi dove servono. Noi ci impegneremo a elaborare programmi e strumenti che permettano a tutti di poter scegliere la specie pi\u00f9 adatta a clima e terreno, individuare dove piantarla e curarla nel migliore dei modi affinch\u00e9 diventi un bene per tutta la comunit\u00e0\u201d.<\/p>\n","protected":false},"excerpt":{"rendered":"<p>Tanti vasi comunicanti, a distanza ma tutti uniti per celebrare e difendere la natura. Come? Con un gesto semplice ma efficace: piantare un seme in vaso a casa, un piccolo albero in giardino oppure in uno spazio pubblico accessibile. E visto il momento di difficolt\u00e0, per essere dei vasi comunicanti e contribuire a realizzare insieme [&hellip;]<\/p>\n","protected":false},"author":1,"featured_media":4699,"comment_status":"closed","ping_status":"open","sticky":false,"template":"","format":"standard","meta":{"footnotes":""},"categories":[127],"tags":[],"yoast_head":"<!-- This site is optimized with the Yoast SEO plugin v22.2 - https:\/\/yoast.com\/wordpress\/plugins\/seo\/ -->\n<title>Life Terra: 500 milioni di alberi in 5 anni contro i cambiamenti climatici -<\/title>\n<meta name=\"robots\" content=\"index, follow, max-snippet:-1, max-image-preview:large, max-video-preview:-1\" \/>\n<link rel=\"canonical\" href=\"https:\/\/www.italiaeconomiaonline.it\/web\/life-terra-500-milioni-di-alberi-in-5-anni-contro-i-cambiamenti-climatici\/\" \/>\n<meta property=\"og:locale\" content=\"it_IT\" \/>\n<meta property=\"og:type\" content=\"article\" \/>\n<meta property=\"og:title\" content=\"Life Terra: 500 milioni di alberi in 5 anni contro i cambiamenti climatici -\" \/>\n<meta property=\"og:description\" content=\"Tanti vasi comunicanti, a distanza ma tutti uniti per celebrare e difendere la natura. Come? Con un gesto semplice ma efficace: piantare un seme in vaso a casa, un piccolo albero in giardino oppure in uno spazio pubblico accessibile. E visto il momento di difficolt\u00e0, per essere dei vasi comunicanti e contribuire a realizzare insieme [&hellip;]\" \/>\n<meta property=\"og:url\" content=\"https:\/\/www.italiaeconomiaonline.it\/web\/life-terra-500-milioni-di-alberi-in-5-anni-contro-i-cambiamenti-climatici\/\" \/>\n<meta property=\"og:site_name\" content=\"ItaliaEconomiaOnline\" \/>\n<meta property=\"article:published_time\" content=\"2020-11-20T10:38:32+00:00\" \/>\n<meta property=\"og:image\" content=\"https:\/\/www.italiaeconomiaonline.it\/web\/wp-content\/uploads\/2020\/11\/DJI_0483_still.jpg\" \/>\n\t<meta property=\"og:image:width\" content=\"1920\" \/>\n\t<meta property=\"og:image:height\" content=\"1080\" \/>\n\t<meta property=\"og:image:type\" content=\"image\/jpeg\" \/>\n<meta name=\"author\" content=\"ladyitaliaeconomia\" \/>\n<meta name=\"twitter:card\" content=\"summary_large_image\" \/>\n<meta name=\"twitter:label1\" content=\"Scritto da\" \/>\n\t<meta name=\"twitter:data1\" content=\"ladyitaliaeconomia\" \/>\n\t<meta name=\"twitter:label2\" content=\"Tempo di lettura stimato\" \/>\n\t<meta name=\"twitter:data2\" content=\"3 minuti\" \/>\n<script type=\"application\/ld+json\" class=\"yoast-schema-graph\">{\"@context\":\"https:\/\/schema.org\",\"@graph\":[{\"@type\":\"WebPage\",\"@id\":\"https:\/\/www.italiaeconomiaonline.it\/web\/life-terra-500-milioni-di-alberi-in-5-anni-contro-i-cambiamenti-climatici\/\",\"url\":\"https:\/\/www.italiaeconomiaonline.it\/web\/life-terra-500-milioni-di-alberi-in-5-anni-contro-i-cambiamenti-climatici\/\",\"name\":\"Life Terra: 500 milioni di alberi in 5 anni contro i cambiamenti climatici -\",\"isPartOf\":{\"@id\":\"https:\/\/www.italiaeconomiaonline.it\/web\/#website\"},\"primaryImageOfPage\":{\"@id\":\"https:\/\/www.italiaeconomiaonline.it\/web\/life-terra-500-milioni-di-alberi-in-5-anni-contro-i-cambiamenti-climatici\/#primaryimage\"},\"image\":{\"@id\":\"https:\/\/www.italiaeconomiaonline.it\/web\/life-terra-500-milioni-di-alberi-in-5-anni-contro-i-cambiamenti-climatici\/#primaryimage\"},\"thumbnailUrl\":\"https:\/\/www.italiaeconomiaonline.it\/web\/wp-content\/uploads\/2020\/11\/DJI_0483_still.jpg\",\"datePublished\":\"2020-11-20T10:38:32+00:00\",\"dateModified\":\"2020-11-20T10:38:32+00:00\",\"author\":{\"@id\":\"https:\/\/www.italiaeconomiaonline.it\/web\/#\/schema\/person\/909a49cce752523b020fbc37d5ab1c31\"},\"breadcrumb\":{\"@id\":\"https:\/\/www.italiaeconomiaonline.it\/web\/life-terra-500-milioni-di-alberi-in-5-anni-contro-i-cambiamenti-climatici\/#breadcrumb\"},\"inLanguage\":\"it-IT\",\"potentialAction\":[{\"@type\":\"ReadAction\",\"target\":[\"https:\/\/www.italiaeconomiaonline.it\/web\/life-terra-500-milioni-di-alberi-in-5-anni-contro-i-cambiamenti-climatici\/\"]}]},{\"@type\":\"ImageObject\",\"inLanguage\":\"it-IT\",\"@id\":\"https:\/\/www.italiaeconomiaonline.it\/web\/life-terra-500-milioni-di-alberi-in-5-anni-contro-i-cambiamenti-climatici\/#primaryimage\",\"url\":\"https:\/\/www.italiaeconomiaonline.it\/web\/wp-content\/uploads\/2020\/11\/DJI_0483_still.jpg\",\"contentUrl\":\"https:\/\/www.italiaeconomiaonline.it\/web\/wp-content\/uploads\/2020\/11\/DJI_0483_still.jpg\",\"width\":1920,\"height\":1080},{\"@type\":\"BreadcrumbList\",\"@id\":\"https:\/\/www.italiaeconomiaonline.it\/web\/life-terra-500-milioni-di-alberi-in-5-anni-contro-i-cambiamenti-climatici\/#breadcrumb\",\"itemListElement\":[{\"@type\":\"ListItem\",\"position\":1,\"name\":\"Home\",\"item\":\"https:\/\/www.italiaeconomiaonline.it\/web\/\"},{\"@type\":\"ListItem\",\"position\":2,\"name\":\"Life Terra: 500 milioni di alberi in 5 anni contro i cambiamenti climatici\"}]},{\"@type\":\"WebSite\",\"@id\":\"https:\/\/www.italiaeconomiaonline.it\/web\/#website\",\"url\":\"https:\/\/www.italiaeconomiaonline.it\/web\/\",\"name\":\"ItaliaEconomiaOnline\",\"description\":\"Quotidiano Economico Online\",\"potentialAction\":[{\"@type\":\"SearchAction\",\"target\":{\"@type\":\"EntryPoint\",\"urlTemplate\":\"https:\/\/www.italiaeconomiaonline.it\/web\/?s={search_term_string}\"},\"query-input\":\"required name=search_term_string\"}],\"inLanguage\":\"it-IT\"},{\"@type\":\"Person\",\"@id\":\"https:\/\/www.italiaeconomiaonline.it\/web\/#\/schema\/person\/909a49cce752523b020fbc37d5ab1c31\",\"name\":\"ladyitaliaeconomia\",\"image\":{\"@type\":\"ImageObject\",\"inLanguage\":\"it-IT\",\"@id\":\"https:\/\/www.italiaeconomiaonline.it\/web\/#\/schema\/person\/image\/\",\"url\":\"https:\/\/secure.gravatar.com\/avatar\/cedca10ce7416a579b9fa6bce9c0a8f2?s=96&d=mm&r=g\",\"contentUrl\":\"https:\/\/secure.gravatar.com\/avatar\/cedca10ce7416a579b9fa6bce9c0a8f2?s=96&d=mm&r=g\",\"caption\":\"ladyitaliaeconomia\"},\"url\":\"https:\/\/www.italiaeconomiaonline.it\/web\/author\/ladyitaliaeconomia\/\"}]}<\/script>\n<!-- \/ Yoast SEO plugin. -->","yoast_head_json":{"title":"Life Terra: 500 milioni di alberi in 5 anni contro i cambiamenti climatici -","robots":{"index":"index","follow":"follow","max-snippet":"max-snippet:-1","max-image-preview":"max-image-preview:large","max-video-preview":"max-video-preview:-1"},"canonical":"https:\/\/www.italiaeconomiaonline.it\/web\/life-terra-500-milioni-di-alberi-in-5-anni-contro-i-cambiamenti-climatici\/","og_locale":"it_IT","og_type":"article","og_title":"Life Terra: 500 milioni di alberi in 5 anni contro i cambiamenti climatici -","og_description":"Tanti vasi comunicanti, a distanza ma tutti uniti per celebrare e difendere la natura. Come? Con un gesto semplice ma efficace: piantare un seme in vaso a casa, un piccolo albero in giardino oppure in uno spazio pubblico accessibile. E visto il momento di difficolt\u00e0, per essere dei vasi comunicanti e contribuire a realizzare insieme [&hellip;]","og_url":"https:\/\/www.italiaeconomiaonline.it\/web\/life-terra-500-milioni-di-alberi-in-5-anni-contro-i-cambiamenti-climatici\/","og_site_name":"ItaliaEconomiaOnline","article_published_time":"2020-11-20T10:38:32+00:00","og_image":[{"width":1920,"height":1080,"url":"https:\/\/www.italiaeconomiaonline.it\/web\/wp-content\/uploads\/2020\/11\/DJI_0483_still.jpg","type":"image\/jpeg"}],"author":"ladyitaliaeconomia","twitter_card":"summary_large_image","twitter_misc":{"Scritto da":"ladyitaliaeconomia","Tempo di lettura stimato":"3 minuti"},"schema":{"@context":"https:\/\/schema.org","@graph":[{"@type":"WebPage","@id":"https:\/\/www.italiaeconomiaonline.it\/web\/life-terra-500-milioni-di-alberi-in-5-anni-contro-i-cambiamenti-climatici\/","url":"https:\/\/www.italiaeconomiaonline.it\/web\/life-terra-500-milioni-di-alberi-in-5-anni-contro-i-cambiamenti-climatici\/","name":"Life Terra: 500 milioni di alberi in 5 anni contro i cambiamenti climatici -","isPartOf":{"@id":"https:\/\/www.italiaeconomiaonline.it\/web\/#website"},"primaryImageOfPage":{"@id":"https:\/\/www.italiaeconomiaonline.it\/web\/life-terra-500-milioni-di-alberi-in-5-anni-contro-i-cambiamenti-climatici\/#primaryimage"},"image":{"@id":"https:\/\/www.italiaeconomiaonline.it\/web\/life-terra-500-milioni-di-alberi-in-5-anni-contro-i-cambiamenti-climatici\/#primaryimage"},"thumbnailUrl":"https:\/\/www.italiaeconomiaonline.it\/web\/wp-content\/uploads\/2020\/11\/DJI_0483_still.jpg","datePublished":"2020-11-20T10:38:32+00:00","dateModified":"2020-11-20T10:38:32+00:00","author":{"@id":"https:\/\/www.italiaeconomiaonline.it\/web\/#\/schema\/person\/909a49cce752523b020fbc37d5ab1c31"},"breadcrumb":{"@id":"https:\/\/www.italiaeconomiaonline.it\/web\/life-terra-500-milioni-di-alberi-in-5-anni-contro-i-cambiamenti-climatici\/#breadcrumb"},"inLanguage":"it-IT","potentialAction":[{"@type":"ReadAction","target":["https:\/\/www.italiaeconomiaonline.it\/web\/life-terra-500-milioni-di-alberi-in-5-anni-contro-i-cambiamenti-climatici\/"]}]},{"@type":"ImageObject","inLanguage":"it-IT","@id":"https:\/\/www.italiaeconomiaonline.it\/web\/life-terra-500-milioni-di-alberi-in-5-anni-contro-i-cambiamenti-climatici\/#primaryimage","url":"https:\/\/www.italiaeconomiaonline.it\/web\/wp-content\/uploads\/2020\/11\/DJI_0483_still.jpg","contentUrl":"https:\/\/www.italiaeconomiaonline.it\/web\/wp-content\/uploads\/2020\/11\/DJI_0483_still.jpg","width":1920,"height":1080},{"@type":"BreadcrumbList","@id":"https:\/\/www.italiaeconomiaonline.it\/web\/life-terra-500-milioni-di-alberi-in-5-anni-contro-i-cambiamenti-climatici\/#breadcrumb","itemListElement":[{"@type":"ListItem","position":1,"name":"Home","item":"https:\/\/www.italiaeconomiaonline.it\/web\/"},{"@type":"ListItem","position":2,"name":"Life Terra: 500 milioni di alberi in 5 anni contro i cambiamenti climatici"}]},{"@type":"WebSite","@id":"https:\/\/www.italiaeconomiaonline.it\/web\/#website","url":"https:\/\/www.italiaeconomiaonline.it\/web\/","name":"ItaliaEconomiaOnline","description":"Quotidiano Economico Online","potentialAction":[{"@type":"SearchAction","target":{"@type":"EntryPoint","urlTemplate":"https:\/\/www.italiaeconomiaonline.it\/web\/?s={search_term_string}"},"query-input":"required name=search_term_string"}],"inLanguage":"it-IT"},{"@type":"Person","@id":"https:\/\/www.italiaeconomiaonline.it\/web\/#\/schema\/person\/909a49cce752523b020fbc37d5ab1c31","name":"ladyitaliaeconomia","image":{"@type":"ImageObject","inLanguage":"it-IT","@id":"https:\/\/www.italiaeconomiaonline.it\/web\/#\/schema\/person\/image\/","url":"https:\/\/secure.gravatar.com\/avatar\/cedca10ce7416a579b9fa6bce9c0a8f2?s=96&d=mm&r=g","contentUrl":"https:\/\/secure.gravatar.com\/avatar\/cedca10ce7416a579b9fa6bce9c0a8f2?s=96&d=mm&r=g","caption":"ladyitaliaeconomia"},"url":"https:\/\/www.italiaeconomiaonline.it\/web\/author\/ladyitaliaeconomia\/"}]}},"_links":{"self":[{"href":"https:\/\/www.italiaeconomiaonline.it\/web\/wp-json\/wp\/v2\/posts\/4698"}],"collection":[{"href":"https:\/\/www.italiaeconomiaonline.it\/web\/wp-json\/wp\/v2\/posts"}],"about":[{"href":"https:\/\/www.italiaeconomiaonline.it\/web\/wp-json\/wp\/v2\/types\/post"}],"author":[{"embeddable":true,"href":"https:\/\/www.italiaeconomiaonline.it\/web\/wp-json\/wp\/v2\/users\/1"}],"replies":[{"embeddable":true,"href":"https:\/\/www.italiaeconomiaonline.it\/web\/wp-json\/wp\/v2\/comments?post=4698"}],"version-history":[{"count":1,"href":"https:\/\/www.italiaeconomiaonline.it\/web\/wp-json\/wp\/v2\/posts\/4698\/revisions"}],"predecessor-version":[{"id":4700,"href":"https:\/\/www.italiaeconomiaonline.it\/web\/wp-json\/wp\/v2\/posts\/4698\/revisions\/4700"}],"wp:featuredmedia":[{"embeddable":true,"href":"https:\/\/www.italiaeconomiaonline.it\/web\/wp-json\/wp\/v2\/media\/4699"}],"wp:attachment":[{"href":"https:\/\/www.italiaeconomiaonline.it\/web\/wp-json\/wp\/v2\/media?parent=4698"}],"wp:term":[{"taxonomy":"category","embeddable":true,"href":"https:\/\/www.italiaeconomiaonline.it\/web\/wp-json\/wp\/v2\/categories?post=4698"},{"taxonomy":"post_tag","embeddable":true,"href":"https:\/\/www.italiaeconomiaonline.it\/web\/wp-json\/wp\/v2\/tags?post=4698"}],"curies":[{"name":"wp","href":"https:\/\/api.w.org\/{rel}","templated":true}]}}