{"id":4706,"date":"2020-11-22T16:47:16","date_gmt":"2020-11-22T15:47:16","guid":{"rendered":"http:\/\/www.italiaeconomiaonline.it\/web\/?p=4706"},"modified":"2020-11-22T16:48:08","modified_gmt":"2020-11-22T15:48:08","slug":"coronavirus-nellaria-solo-in-presenza-di-assembramenti","status":"publish","type":"post","link":"https:\/\/www.italiaeconomiaonline.it\/web\/coronavirus-nellaria-solo-in-presenza-di-assembramenti\/","title":{"rendered":"Coronavirus nell\u2019aria? Solo in presenza di assembramenti"},"content":{"rendered":"<p><span class=\"dropcap dropcap3\">U<\/span>no studio multidisciplinare, condotto a maggio 2020, analizza le concentrazioni in atmosfera di <strong>SARS-CoV-2<\/strong> a Venezia e Lecce, evidenziandone le implicazioni per la trasmissione airborne.<\/p>\n<p>La ricerca, pubblicata su <strong>Environment International<\/strong>, \u00e8 stata condotta da Cnr-Isac, Universit\u00e0 Ca&#8217; FoscariVenezia, Cnr-Isp e Istituto zooprofilattico sperimentale dellaPuglia e della BasilicataLa rapida diffusionedel Covid-19,e il suo generare focolai didifferente intensit\u00e0 in diverse regioni dello stesso Paese,hanno sollevato importanti interrogativi sui meccanismi di trasmissione del virus e sul ruolo della trasmissione in aria (detta airborne) attraverso le goccioline respiratorie. Mentre la trasmissione del SARS-CoV-2 per contatto (diretta o indiretta tramite superfici di contatto) \u00e8 ampiamente accettata, la trasmissione airborne\u00e8 invece ancora oggettodi dibattitonella comunit\u00e0 scientifica.<\/p>\n<p>Grazie ad uno studio multidisciplinare,condotto dall\u2019Istituto di scienze dell&#8217;atmosfera e del clima del Consiglio nazionale delle ricerche (Cnr-Isac) di Lecce, dall\u2019Universit\u00e0 Ca\u2019Foscari Venezia, dall\u2019Istituto di scienze polari del Cnr (Cnr-Isp) di Venezia e dall\u2019Istituto Zooprofilattico Sperimentale della Puglia e della Basilicata(Izspb), sono state analizzate le concentrazioni e le distribuzioni dimensionali delle particelle virali nell\u2019aria esterna raccolte simultaneamente,durante la pandemia, in Veneto e Puglia nel mese di maggio 2020, tra la fine del lockdown e la ripresa delle attivit\u00e0.<\/p>\n<p>La ricerca, avviata grazie al progetto\u201cAIR-CoV (Evaluation of the concentration and size distributionof SARS-CoV-2 in air in outdoor environments)e pubblicata sulla rivista scientifica Environment International,ha evidenziato una bassa probabilit\u00e0 di trasmissione airbone del contagio all\u2019esterno se non nelle zone di assembramento.\u201cIl nostro studio hapreso in esame due citt\u00e0 a diverso impatto di diffusione: Venezia-Mestre e Lecce, collocate in due parti del Paese (nord e sud Italia) caratterizzate da tassi di diffusione del COVID-19 molto diversi nella prima fase della pandemia\u201d, spiega Daniele Contini,ricercatoreCnr-Isac.<\/p>\n<p>Durante la prima fase della pandemia, la diffusione del SARS-CoV-2 \u00e8 stata eccezionalmente grave nella regione Veneto, con un massimo di casi attivi (cio\u00e8 individui infetti) di 10.800 al 16 aprile 2020 (circa il 10% del totale deicasi italiani) su una popolazione di 4,9 milioni. Invece, la regione Puglia ha raggiunto il massimo dei casi attivi il 3 maggio 2020 con 2.955 casi (3% del totale dei casi italiani) su una popolazione di 4,0 milioni di persone. All&#8217;inizio del periodo di misura (13 maggio 2020), le regioni Veneto e Puglia erano interessate, rispettivamente, da 5.020 e 2.322 casi attivi.<\/p>\n<p>\u201cIl ruolo della trasmissione airborne dipende da diverse variabili quali la concentrazione e la distribuzione dimensionale delle particelle virali in atmosfera e le condizioni meteorologiche. Queste variabili poi, si diversificano a seconda che ci considerino ambienti outdoor e ambienti indoor\u201d, sottolinea Marianna Conte, ricercatrice Cnr-Isac.La potenziale esistenza del virus SARS-CoV-2 nei campioni di aerosol analizzati \u00e8 stata determinata raccogliendo il particolato atmosferico di diverse dimensioni dalla nanoparticelle al PM10 e determinando la presenza del materiale genetico (RNA) del SARS-CoV-2 con tecniche di diagnostica di laboratorio avanzate.<\/p>\n<div class=\"page\" data-page-number=\"1\" data-loaded=\"true\"><\/div>\n<p>\u201cTutti i campioni raccolti nelle aree residenziali e urbane in entrambe le citt\u00e0 sono risultati negativi, la concentrazione di particelle virali \u00e8risultatamolto bassanel PM10 (inferiore a0.8 copie per m3di aria) e in ogni intervallo di dimensioni analizzato(inferiore a 0,4 copie\/m3di aria)\u201d,prosegue Contini.<\/p>\n<p>\u201cPertanto, la probabilit\u00e0 di trasmissione airborne del contagio in outdoor, con esclusione di quelle zone molto affollate, appare molto bassa, quasi trascurabile. Negli assembramenti le concentrazioni possono aumentare localmente cos\u00ec come i rischi dovuti ai contatti ravvicinati, pertanto \u00e8 assolutamente necessario rispettare le norme anti-assembramento anche in aree outdoor\u201d.<\/p>\n<p>\u201cUn rischio maggiore potrebbe esserci in ambienti indoor di comunit\u00e0 scarsamente ventilati, dove le goccioline respiratorie pi\u00f9 piccole possono rimanere in sospensione per tempi pi\u00f9 lunghi ed anche depositarsi sulle superfici\u201d, sottolineaAndrea Gambaro,professorea Ca\u2019 Foscari. \u201cE\u2019 quindi auspicabile mitigare il rischio attraverso la ventilazione periodica degli ambienti, l\u2019igienizzazione delle mani e delle superfici e l\u2019uso delle mascherine\u201d.<\/p>\n<p>\u201cLo studio e l\u2019applicazione di metodi analitici sensibili con l\u2019utilizzo di piattaforme tecnologicamente avanzate permettono,oggi,di rilevare la presenza del Sars-CoV-2 anche a concentrazioni molto basse, come potrebbe essere negli ambienti outdoor e indoor, rendendo la diagnostica di laboratorio sempre pi\u00f9 affidabile\u201d conclude Giovanna La Salandra, dirigente della Struttura ricerca e sviluppo scientifico dell\u2019Izspb.<\/p>\n<p>Lo studio delle concentrazioni in alcuni ambienti indoor di comunit\u00e0 sar\u00e0 oggetto di una seconda fase del progetto AIR-CoV.<\/p>\n","protected":false},"excerpt":{"rendered":"<p>Uno studio multidisciplinare, condotto a maggio 2020, analizza le concentrazioni in atmosfera di SARS-CoV-2 a Venezia e Lecce, evidenziandone le implicazioni per la trasmissione airborne. La ricerca, pubblicata su Environment International, \u00e8 stata condotta da Cnr-Isac, Universit\u00e0 Ca&#8217; FoscariVenezia, Cnr-Isp e Istituto zooprofilattico sperimentale dellaPuglia e della BasilicataLa rapida diffusionedel Covid-19,e il suo generare focolai [&hellip;]<\/p>\n","protected":false},"author":1,"featured_media":4309,"comment_status":"closed","ping_status":"open","sticky":false,"template":"","format":"standard","meta":{"footnotes":""},"categories":[35],"tags":[786,877,1411],"yoast_head":"<!-- This site is optimized with the Yoast SEO plugin v22.2 - https:\/\/yoast.com\/wordpress\/plugins\/seo\/ -->\n<title>Coronavirus nell\u2019aria? Solo in presenza di assembramenti -<\/title>\n<meta name=\"robots\" content=\"index, follow, max-snippet:-1, max-image-preview:large, max-video-preview:-1\" \/>\n<link rel=\"canonical\" href=\"http:\/\/www.italiaeconomiaonline.it\/web\/coronavirus-nellaria-solo-in-presenza-di-assembramenti\/\" \/>\n<meta property=\"og:locale\" content=\"it_IT\" \/>\n<meta property=\"og:type\" content=\"article\" \/>\n<meta property=\"og:title\" content=\"Coronavirus nell\u2019aria? Solo in presenza di assembramenti -\" \/>\n<meta property=\"og:description\" content=\"Uno studio multidisciplinare, condotto a maggio 2020, analizza le concentrazioni in atmosfera di SARS-CoV-2 a Venezia e Lecce, evidenziandone le implicazioni per la trasmissione airborne. La ricerca, pubblicata su Environment International, \u00e8 stata condotta da Cnr-Isac, Universit\u00e0 Ca&#8217; FoscariVenezia, Cnr-Isp e Istituto zooprofilattico sperimentale dellaPuglia e della BasilicataLa rapida diffusionedel Covid-19,e il suo generare focolai [&hellip;]\" \/>\n<meta property=\"og:url\" content=\"http:\/\/www.italiaeconomiaonline.it\/web\/coronavirus-nellaria-solo-in-presenza-di-assembramenti\/\" \/>\n<meta property=\"og:site_name\" content=\"ItaliaEconomiaOnline\" \/>\n<meta property=\"article:published_time\" content=\"2020-11-22T15:47:16+00:00\" \/>\n<meta property=\"article:modified_time\" content=\"2020-11-22T15:48:08+00:00\" \/>\n<meta property=\"og:image\" content=\"http:\/\/www.italiaeconomiaonline.it\/web\/wp-content\/uploads\/2020\/10\/Schermata-2020-10-05-alle-10.54.32.png\" \/>\n\t<meta property=\"og:image:width\" content=\"1612\" \/>\n\t<meta property=\"og:image:height\" content=\"1008\" \/>\n\t<meta property=\"og:image:type\" content=\"image\/png\" \/>\n<meta name=\"author\" content=\"ladyitaliaeconomia\" \/>\n<meta name=\"twitter:card\" content=\"summary_large_image\" \/>\n<meta name=\"twitter:label1\" content=\"Scritto da\" \/>\n\t<meta name=\"twitter:data1\" content=\"ladyitaliaeconomia\" \/>\n\t<meta name=\"twitter:label2\" content=\"Tempo di lettura stimato\" \/>\n\t<meta name=\"twitter:data2\" content=\"3 minuti\" \/>\n<script type=\"application\/ld+json\" class=\"yoast-schema-graph\">{\"@context\":\"https:\/\/schema.org\",\"@graph\":[{\"@type\":\"WebPage\",\"@id\":\"http:\/\/www.italiaeconomiaonline.it\/web\/coronavirus-nellaria-solo-in-presenza-di-assembramenti\/\",\"url\":\"http:\/\/www.italiaeconomiaonline.it\/web\/coronavirus-nellaria-solo-in-presenza-di-assembramenti\/\",\"name\":\"Coronavirus nell\u2019aria? Solo in presenza di assembramenti -\",\"isPartOf\":{\"@id\":\"https:\/\/www.italiaeconomiaonline.it\/web\/#website\"},\"primaryImageOfPage\":{\"@id\":\"http:\/\/www.italiaeconomiaonline.it\/web\/coronavirus-nellaria-solo-in-presenza-di-assembramenti\/#primaryimage\"},\"image\":{\"@id\":\"http:\/\/www.italiaeconomiaonline.it\/web\/coronavirus-nellaria-solo-in-presenza-di-assembramenti\/#primaryimage\"},\"thumbnailUrl\":\"https:\/\/www.italiaeconomiaonline.it\/web\/wp-content\/uploads\/2020\/10\/Schermata-2020-10-05-alle-10.54.32.png\",\"datePublished\":\"2020-11-22T15:47:16+00:00\",\"dateModified\":\"2020-11-22T15:48:08+00:00\",\"author\":{\"@id\":\"https:\/\/www.italiaeconomiaonline.it\/web\/#\/schema\/person\/909a49cce752523b020fbc37d5ab1c31\"},\"breadcrumb\":{\"@id\":\"http:\/\/www.italiaeconomiaonline.it\/web\/coronavirus-nellaria-solo-in-presenza-di-assembramenti\/#breadcrumb\"},\"inLanguage\":\"it-IT\",\"potentialAction\":[{\"@type\":\"ReadAction\",\"target\":[\"http:\/\/www.italiaeconomiaonline.it\/web\/coronavirus-nellaria-solo-in-presenza-di-assembramenti\/\"]}]},{\"@type\":\"ImageObject\",\"inLanguage\":\"it-IT\",\"@id\":\"http:\/\/www.italiaeconomiaonline.it\/web\/coronavirus-nellaria-solo-in-presenza-di-assembramenti\/#primaryimage\",\"url\":\"https:\/\/www.italiaeconomiaonline.it\/web\/wp-content\/uploads\/2020\/10\/Schermata-2020-10-05-alle-10.54.32.png\",\"contentUrl\":\"https:\/\/www.italiaeconomiaonline.it\/web\/wp-content\/uploads\/2020\/10\/Schermata-2020-10-05-alle-10.54.32.png\",\"width\":1612,\"height\":1008},{\"@type\":\"BreadcrumbList\",\"@id\":\"http:\/\/www.italiaeconomiaonline.it\/web\/coronavirus-nellaria-solo-in-presenza-di-assembramenti\/#breadcrumb\",\"itemListElement\":[{\"@type\":\"ListItem\",\"position\":1,\"name\":\"Home\",\"item\":\"https:\/\/www.italiaeconomiaonline.it\/web\/\"},{\"@type\":\"ListItem\",\"position\":2,\"name\":\"Coronavirus nell\u2019aria? Solo in presenza di assembramenti\"}]},{\"@type\":\"WebSite\",\"@id\":\"https:\/\/www.italiaeconomiaonline.it\/web\/#website\",\"url\":\"https:\/\/www.italiaeconomiaonline.it\/web\/\",\"name\":\"ItaliaEconomiaOnline\",\"description\":\"Quotidiano Economico Online\",\"potentialAction\":[{\"@type\":\"SearchAction\",\"target\":{\"@type\":\"EntryPoint\",\"urlTemplate\":\"https:\/\/www.italiaeconomiaonline.it\/web\/?s={search_term_string}\"},\"query-input\":\"required name=search_term_string\"}],\"inLanguage\":\"it-IT\"},{\"@type\":\"Person\",\"@id\":\"https:\/\/www.italiaeconomiaonline.it\/web\/#\/schema\/person\/909a49cce752523b020fbc37d5ab1c31\",\"name\":\"ladyitaliaeconomia\",\"image\":{\"@type\":\"ImageObject\",\"inLanguage\":\"it-IT\",\"@id\":\"https:\/\/www.italiaeconomiaonline.it\/web\/#\/schema\/person\/image\/\",\"url\":\"https:\/\/secure.gravatar.com\/avatar\/cedca10ce7416a579b9fa6bce9c0a8f2?s=96&d=mm&r=g\",\"contentUrl\":\"https:\/\/secure.gravatar.com\/avatar\/cedca10ce7416a579b9fa6bce9c0a8f2?s=96&d=mm&r=g\",\"caption\":\"ladyitaliaeconomia\"},\"url\":\"https:\/\/www.italiaeconomiaonline.it\/web\/author\/ladyitaliaeconomia\/\"}]}<\/script>\n<!-- \/ Yoast SEO plugin. -->","yoast_head_json":{"title":"Coronavirus nell\u2019aria? Solo in presenza di assembramenti -","robots":{"index":"index","follow":"follow","max-snippet":"max-snippet:-1","max-image-preview":"max-image-preview:large","max-video-preview":"max-video-preview:-1"},"canonical":"http:\/\/www.italiaeconomiaonline.it\/web\/coronavirus-nellaria-solo-in-presenza-di-assembramenti\/","og_locale":"it_IT","og_type":"article","og_title":"Coronavirus nell\u2019aria? Solo in presenza di assembramenti -","og_description":"Uno studio multidisciplinare, condotto a maggio 2020, analizza le concentrazioni in atmosfera di SARS-CoV-2 a Venezia e Lecce, evidenziandone le implicazioni per la trasmissione airborne. La ricerca, pubblicata su Environment International, \u00e8 stata condotta da Cnr-Isac, Universit\u00e0 Ca&#8217; FoscariVenezia, Cnr-Isp e Istituto zooprofilattico sperimentale dellaPuglia e della BasilicataLa rapida diffusionedel Covid-19,e il suo generare focolai [&hellip;]","og_url":"http:\/\/www.italiaeconomiaonline.it\/web\/coronavirus-nellaria-solo-in-presenza-di-assembramenti\/","og_site_name":"ItaliaEconomiaOnline","article_published_time":"2020-11-22T15:47:16+00:00","article_modified_time":"2020-11-22T15:48:08+00:00","og_image":[{"width":1612,"height":1008,"url":"http:\/\/www.italiaeconomiaonline.it\/web\/wp-content\/uploads\/2020\/10\/Schermata-2020-10-05-alle-10.54.32.png","type":"image\/png"}],"author":"ladyitaliaeconomia","twitter_card":"summary_large_image","twitter_misc":{"Scritto da":"ladyitaliaeconomia","Tempo di lettura stimato":"3 minuti"},"schema":{"@context":"https:\/\/schema.org","@graph":[{"@type":"WebPage","@id":"http:\/\/www.italiaeconomiaonline.it\/web\/coronavirus-nellaria-solo-in-presenza-di-assembramenti\/","url":"http:\/\/www.italiaeconomiaonline.it\/web\/coronavirus-nellaria-solo-in-presenza-di-assembramenti\/","name":"Coronavirus nell\u2019aria? Solo in presenza di assembramenti -","isPartOf":{"@id":"https:\/\/www.italiaeconomiaonline.it\/web\/#website"},"primaryImageOfPage":{"@id":"http:\/\/www.italiaeconomiaonline.it\/web\/coronavirus-nellaria-solo-in-presenza-di-assembramenti\/#primaryimage"},"image":{"@id":"http:\/\/www.italiaeconomiaonline.it\/web\/coronavirus-nellaria-solo-in-presenza-di-assembramenti\/#primaryimage"},"thumbnailUrl":"https:\/\/www.italiaeconomiaonline.it\/web\/wp-content\/uploads\/2020\/10\/Schermata-2020-10-05-alle-10.54.32.png","datePublished":"2020-11-22T15:47:16+00:00","dateModified":"2020-11-22T15:48:08+00:00","author":{"@id":"https:\/\/www.italiaeconomiaonline.it\/web\/#\/schema\/person\/909a49cce752523b020fbc37d5ab1c31"},"breadcrumb":{"@id":"http:\/\/www.italiaeconomiaonline.it\/web\/coronavirus-nellaria-solo-in-presenza-di-assembramenti\/#breadcrumb"},"inLanguage":"it-IT","potentialAction":[{"@type":"ReadAction","target":["http:\/\/www.italiaeconomiaonline.it\/web\/coronavirus-nellaria-solo-in-presenza-di-assembramenti\/"]}]},{"@type":"ImageObject","inLanguage":"it-IT","@id":"http:\/\/www.italiaeconomiaonline.it\/web\/coronavirus-nellaria-solo-in-presenza-di-assembramenti\/#primaryimage","url":"https:\/\/www.italiaeconomiaonline.it\/web\/wp-content\/uploads\/2020\/10\/Schermata-2020-10-05-alle-10.54.32.png","contentUrl":"https:\/\/www.italiaeconomiaonline.it\/web\/wp-content\/uploads\/2020\/10\/Schermata-2020-10-05-alle-10.54.32.png","width":1612,"height":1008},{"@type":"BreadcrumbList","@id":"http:\/\/www.italiaeconomiaonline.it\/web\/coronavirus-nellaria-solo-in-presenza-di-assembramenti\/#breadcrumb","itemListElement":[{"@type":"ListItem","position":1,"name":"Home","item":"https:\/\/www.italiaeconomiaonline.it\/web\/"},{"@type":"ListItem","position":2,"name":"Coronavirus nell\u2019aria? Solo in presenza di assembramenti"}]},{"@type":"WebSite","@id":"https:\/\/www.italiaeconomiaonline.it\/web\/#website","url":"https:\/\/www.italiaeconomiaonline.it\/web\/","name":"ItaliaEconomiaOnline","description":"Quotidiano Economico Online","potentialAction":[{"@type":"SearchAction","target":{"@type":"EntryPoint","urlTemplate":"https:\/\/www.italiaeconomiaonline.it\/web\/?s={search_term_string}"},"query-input":"required name=search_term_string"}],"inLanguage":"it-IT"},{"@type":"Person","@id":"https:\/\/www.italiaeconomiaonline.it\/web\/#\/schema\/person\/909a49cce752523b020fbc37d5ab1c31","name":"ladyitaliaeconomia","image":{"@type":"ImageObject","inLanguage":"it-IT","@id":"https:\/\/www.italiaeconomiaonline.it\/web\/#\/schema\/person\/image\/","url":"https:\/\/secure.gravatar.com\/avatar\/cedca10ce7416a579b9fa6bce9c0a8f2?s=96&d=mm&r=g","contentUrl":"https:\/\/secure.gravatar.com\/avatar\/cedca10ce7416a579b9fa6bce9c0a8f2?s=96&d=mm&r=g","caption":"ladyitaliaeconomia"},"url":"https:\/\/www.italiaeconomiaonline.it\/web\/author\/ladyitaliaeconomia\/"}]}},"_links":{"self":[{"href":"https:\/\/www.italiaeconomiaonline.it\/web\/wp-json\/wp\/v2\/posts\/4706"}],"collection":[{"href":"https:\/\/www.italiaeconomiaonline.it\/web\/wp-json\/wp\/v2\/posts"}],"about":[{"href":"https:\/\/www.italiaeconomiaonline.it\/web\/wp-json\/wp\/v2\/types\/post"}],"author":[{"embeddable":true,"href":"https:\/\/www.italiaeconomiaonline.it\/web\/wp-json\/wp\/v2\/users\/1"}],"replies":[{"embeddable":true,"href":"https:\/\/www.italiaeconomiaonline.it\/web\/wp-json\/wp\/v2\/comments?post=4706"}],"version-history":[{"count":1,"href":"https:\/\/www.italiaeconomiaonline.it\/web\/wp-json\/wp\/v2\/posts\/4706\/revisions"}],"predecessor-version":[{"id":4707,"href":"https:\/\/www.italiaeconomiaonline.it\/web\/wp-json\/wp\/v2\/posts\/4706\/revisions\/4707"}],"wp:featuredmedia":[{"embeddable":true,"href":"https:\/\/www.italiaeconomiaonline.it\/web\/wp-json\/wp\/v2\/media\/4309"}],"wp:attachment":[{"href":"https:\/\/www.italiaeconomiaonline.it\/web\/wp-json\/wp\/v2\/media?parent=4706"}],"wp:term":[{"taxonomy":"category","embeddable":true,"href":"https:\/\/www.italiaeconomiaonline.it\/web\/wp-json\/wp\/v2\/categories?post=4706"},{"taxonomy":"post_tag","embeddable":true,"href":"https:\/\/www.italiaeconomiaonline.it\/web\/wp-json\/wp\/v2\/tags?post=4706"}],"curies":[{"name":"wp","href":"https:\/\/api.w.org\/{rel}","templated":true}]}}