{"id":4708,"date":"2020-11-22T16:52:08","date_gmt":"2020-11-22T15:52:08","guid":{"rendered":"http:\/\/www.italiaeconomiaonline.it\/web\/?p=4708"},"modified":"2020-11-22T16:52:08","modified_gmt":"2020-11-22T15:52:08","slug":"legambiente-un-netto-no-alle-due-nuove-centrali-a-gas-previste-a-vado-ligure-e-civitavecchia","status":"publish","type":"post","link":"https:\/\/www.italiaeconomiaonline.it\/web\/legambiente-un-netto-no-alle-due-nuove-centrali-a-gas-previste-a-vado-ligure-e-civitavecchia\/","title":{"rendered":"Legambiente: \u201cUn netto NO alle due nuove centrali a gas previste a Vado Ligure e Civitavecchia&#8221;"},"content":{"rendered":"<p><span class=\"dropcap dropcap3\">\u00c8<\/span> notizia di pochi giorni fa, quella che Tirreno Power ha presentato due istanze per l\u2019avvio degli autorizzativi per la valutazione dei progetti di realizzazione di due nuovi impianti a gas fossile nei siti di Civitavecchia e Vado Ligure.<\/p>\n<p>\u00c8 bene ribadirlo, per Legambiente, non esiste nessuna ragione tecnica, ambientale, di sicurezza, climatica, economica, di transizione che giustifichi in Italia la realizzazione di nuove centrali a gas, che ricordiamo essere una fonte fossile quindi anch\u2019essa responsabile dell\u2019emissione di gas climalteranti. Per affrontare la transizione energetica, infatti, nel nostro Paese non serve nuova potenza a gas, le centrali gi\u00e0 presenti lavorano per un numero di ore l\u2019anno totalmente inefficiente, circa 3.200 ore anno.<\/p>\n<p>Un numero che basterebbe portare a 4.000 per sopperire alla chiusura delle centrali a carbone e rispondere a tutte le esigenze di sicurezza e flessibilit\u00e0 della rete. Inaccettabile quindi la scusa che tutte queste nuove centrali \u2013 ricordiamo le 4 previste nei luoghi della transizione, pi\u00f9 quella di Presenzano in Campania da parte di Edison &#8211; servano per affrontare la transizione.<\/p>\n<p>Impianti che non trovano ragioni tecniche e ambientali, ma neanche economiche visto che terranno in piedi solo grazie al nuovo sussidio del Capacity Market. Risorse che andrebbero investite in questi territori adottando soluzioni credibili e radicali per ridurre le emissioni di CO2, semplificando le procedure autorizzative e garantendo un ruolo sempre maggiore alle fonti rinnovabili e ai sistemi di accumulo che in altre parti del mondo sono la soluzione per rispondere a tutte le necessit\u00e0 di produzione e sicurezza della rete.<\/p>\n<p>\u00c8 questo il messaggio che Legambiente ribadisce oggi al Governo, ma anche alle Regioni e ai Comuni che dovranno farsi carico di portare in questi territori soluzioni innovative e in grado di guardare al futuro, portando qualit\u00e0 e posti di lavoro. Un messaggio che l\u2019associazione ambientalista ha lanciato oggi con un flash mob simbolico appendendo lo striscione \u201cStop alle fonti fossili\u201d sulla rete situata in prossimit\u00e0 della centrale di Civitavecchia.<\/p>\n<p>\u201c\u00c8 insensato \u2013 spiega Stefano Ciafani, presidente di Legambiente &#8211; investire in una centrale a gas in una delle province ligure pi\u00f9 avanti in tema di eolico, con quasi 41 MW realizzati e 19 parchi eolici e l\u2019avvio di un nuovo progetto in localit\u00e0 Rocche Bianche a Quiliano. Un percorso da valorizzare e replicare anche a Civitavecchia, dove come pi\u00f9 volte ribadito, \u00e8 necessario investire su eolico, fotovoltaico e accumulo invece che sulla riconversione a gas, e dove nuove centrali a fonti fossili appaiono quanto mai la peggiore delle risposte.<\/p>\n<p>Bisogna guardare al territorio pensando al futuro e stimolando le aziende ad investire in questi territori, come nel caso della Tuscania e il nuovo progetto eolico da 90 MW. Il nostro Paese ha tutto l\u2019interesse ad evitare questa inutile e insensata corsa al gas, dal 2003 ad oggi, grazie al decreto sblocca centrali dell\u2019allora governo Berlusconi, \u00e8 stata realizzata una sovrabbondanza di centrali, 115 GW di potenza installata, quasi il doppio rispetto alla domanda massima sulla rete (58.219 MW nel luglio 2019, fonte Terna)\u201d.<\/p>\n<p>Per questo Legambiente oggi torna nuovamente a ribadire che pi\u00f9 che nuovi impianti, basterebbe aumentare le ore medie annue di esercizio delle centrali a gas esistenti passando da 3.261 a 4.000 ore medie annue. Uno scenario, comunque poco auspicabile, ma che dimostra l\u2019inutilit\u00e0 di nuove centrali, e che andrebbe sostituito con forti e coraggiose politiche di diffusione delle fonti rinnovabili, su grande e piccola scala, con sistemi di accumuli in gradi di rispondere alle esigenze di flessibilit\u00e0 e sicurezza, di efficienza energetica per ridurre i fabbisogni e aiutare concretamente i cittadini a risparmiare in bolletta e di elettrificazione dei consumi termici, in modo da ridurre sempre di pi\u00f9 i fabbisogni di gas. L\u2019obiettivo \u00e8 quello delle emissioni zero nette al 2040. E ogni nuova centrale non far\u00e0 altro che allontanare questo Paese e i territori quanto obiettivo.<\/p>\n","protected":false},"excerpt":{"rendered":"<p>\u00c8 notizia di pochi giorni fa, quella che Tirreno Power ha presentato due istanze per l\u2019avvio degli autorizzativi per la valutazione dei progetti di realizzazione di due nuovi impianti a gas fossile nei siti di Civitavecchia e Vado Ligure. \u00c8 bene ribadirlo, per Legambiente, non esiste nessuna ragione tecnica, ambientale, di sicurezza, climatica, economica, di [&hellip;]<\/p>\n","protected":false},"author":1,"featured_media":4710,"comment_status":"closed","ping_status":"open","sticky":false,"template":"","format":"standard","meta":{"footnotes":""},"categories":[127],"tags":[1127],"yoast_head":"<!-- This site is optimized with the Yoast SEO plugin v22.2 - https:\/\/yoast.com\/wordpress\/plugins\/seo\/ -->\n<title>Legambiente: \u201cUn netto NO alle due nuove centrali a gas previste a Vado Ligure e Civitavecchia&quot; -<\/title>\n<meta name=\"robots\" content=\"index, follow, max-snippet:-1, max-image-preview:large, max-video-preview:-1\" \/>\n<link rel=\"canonical\" href=\"https:\/\/www.italiaeconomiaonline.it\/web\/legambiente-un-netto-no-alle-due-nuove-centrali-a-gas-previste-a-vado-ligure-e-civitavecchia\/\" \/>\n<meta property=\"og:locale\" content=\"it_IT\" \/>\n<meta property=\"og:type\" content=\"article\" \/>\n<meta property=\"og:title\" content=\"Legambiente: \u201cUn netto NO alle due nuove centrali a gas previste a Vado Ligure e Civitavecchia&quot; -\" \/>\n<meta property=\"og:description\" content=\"\u00c8 notizia di pochi giorni fa, quella che Tirreno Power ha presentato due istanze per l\u2019avvio degli autorizzativi per la valutazione dei progetti di realizzazione di due nuovi impianti a gas fossile nei siti di Civitavecchia e Vado Ligure. \u00c8 bene ribadirlo, per Legambiente, non esiste nessuna ragione tecnica, ambientale, di sicurezza, climatica, economica, di [&hellip;]\" \/>\n<meta property=\"og:url\" content=\"https:\/\/www.italiaeconomiaonline.it\/web\/legambiente-un-netto-no-alle-due-nuove-centrali-a-gas-previste-a-vado-ligure-e-civitavecchia\/\" \/>\n<meta property=\"og:site_name\" content=\"ItaliaEconomiaOnline\" \/>\n<meta property=\"article:published_time\" content=\"2020-11-22T15:52:08+00:00\" \/>\n<meta property=\"og:image\" content=\"https:\/\/www.italiaeconomiaonline.it\/web\/wp-content\/uploads\/2020\/11\/IMG_4060-scaled-e1606060302897.jpg\" \/>\n\t<meta property=\"og:image:width\" content=\"2560\" \/>\n\t<meta property=\"og:image:height\" content=\"1497\" \/>\n\t<meta property=\"og:image:type\" content=\"image\/jpeg\" \/>\n<meta name=\"author\" content=\"ladyitaliaeconomia\" \/>\n<meta name=\"twitter:card\" content=\"summary_large_image\" \/>\n<meta name=\"twitter:label1\" content=\"Scritto da\" \/>\n\t<meta name=\"twitter:data1\" content=\"ladyitaliaeconomia\" \/>\n\t<meta name=\"twitter:label2\" content=\"Tempo di lettura stimato\" \/>\n\t<meta name=\"twitter:data2\" content=\"3 minuti\" \/>\n<script type=\"application\/ld+json\" class=\"yoast-schema-graph\">{\"@context\":\"https:\/\/schema.org\",\"@graph\":[{\"@type\":\"WebPage\",\"@id\":\"https:\/\/www.italiaeconomiaonline.it\/web\/legambiente-un-netto-no-alle-due-nuove-centrali-a-gas-previste-a-vado-ligure-e-civitavecchia\/\",\"url\":\"https:\/\/www.italiaeconomiaonline.it\/web\/legambiente-un-netto-no-alle-due-nuove-centrali-a-gas-previste-a-vado-ligure-e-civitavecchia\/\",\"name\":\"Legambiente: \u201cUn netto NO alle due nuove centrali a gas previste a Vado Ligure e Civitavecchia\\\" -\",\"isPartOf\":{\"@id\":\"https:\/\/www.italiaeconomiaonline.it\/web\/#website\"},\"primaryImageOfPage\":{\"@id\":\"https:\/\/www.italiaeconomiaonline.it\/web\/legambiente-un-netto-no-alle-due-nuove-centrali-a-gas-previste-a-vado-ligure-e-civitavecchia\/#primaryimage\"},\"image\":{\"@id\":\"https:\/\/www.italiaeconomiaonline.it\/web\/legambiente-un-netto-no-alle-due-nuove-centrali-a-gas-previste-a-vado-ligure-e-civitavecchia\/#primaryimage\"},\"thumbnailUrl\":\"https:\/\/www.italiaeconomiaonline.it\/web\/wp-content\/uploads\/2020\/11\/IMG_4060-scaled-e1606060302897.jpg\",\"datePublished\":\"2020-11-22T15:52:08+00:00\",\"dateModified\":\"2020-11-22T15:52:08+00:00\",\"author\":{\"@id\":\"https:\/\/www.italiaeconomiaonline.it\/web\/#\/schema\/person\/909a49cce752523b020fbc37d5ab1c31\"},\"breadcrumb\":{\"@id\":\"https:\/\/www.italiaeconomiaonline.it\/web\/legambiente-un-netto-no-alle-due-nuove-centrali-a-gas-previste-a-vado-ligure-e-civitavecchia\/#breadcrumb\"},\"inLanguage\":\"it-IT\",\"potentialAction\":[{\"@type\":\"ReadAction\",\"target\":[\"https:\/\/www.italiaeconomiaonline.it\/web\/legambiente-un-netto-no-alle-due-nuove-centrali-a-gas-previste-a-vado-ligure-e-civitavecchia\/\"]}]},{\"@type\":\"ImageObject\",\"inLanguage\":\"it-IT\",\"@id\":\"https:\/\/www.italiaeconomiaonline.it\/web\/legambiente-un-netto-no-alle-due-nuove-centrali-a-gas-previste-a-vado-ligure-e-civitavecchia\/#primaryimage\",\"url\":\"https:\/\/www.italiaeconomiaonline.it\/web\/wp-content\/uploads\/2020\/11\/IMG_4060-scaled-e1606060302897.jpg\",\"contentUrl\":\"https:\/\/www.italiaeconomiaonline.it\/web\/wp-content\/uploads\/2020\/11\/IMG_4060-scaled-e1606060302897.jpg\",\"width\":2560,\"height\":1497},{\"@type\":\"BreadcrumbList\",\"@id\":\"https:\/\/www.italiaeconomiaonline.it\/web\/legambiente-un-netto-no-alle-due-nuove-centrali-a-gas-previste-a-vado-ligure-e-civitavecchia\/#breadcrumb\",\"itemListElement\":[{\"@type\":\"ListItem\",\"position\":1,\"name\":\"Home\",\"item\":\"https:\/\/www.italiaeconomiaonline.it\/web\/\"},{\"@type\":\"ListItem\",\"position\":2,\"name\":\"Legambiente: \u201cUn netto NO alle due nuove centrali a gas previste a Vado Ligure e Civitavecchia&#8221;\"}]},{\"@type\":\"WebSite\",\"@id\":\"https:\/\/www.italiaeconomiaonline.it\/web\/#website\",\"url\":\"https:\/\/www.italiaeconomiaonline.it\/web\/\",\"name\":\"ItaliaEconomiaOnline\",\"description\":\"Quotidiano Economico Online\",\"potentialAction\":[{\"@type\":\"SearchAction\",\"target\":{\"@type\":\"EntryPoint\",\"urlTemplate\":\"https:\/\/www.italiaeconomiaonline.it\/web\/?s={search_term_string}\"},\"query-input\":\"required name=search_term_string\"}],\"inLanguage\":\"it-IT\"},{\"@type\":\"Person\",\"@id\":\"https:\/\/www.italiaeconomiaonline.it\/web\/#\/schema\/person\/909a49cce752523b020fbc37d5ab1c31\",\"name\":\"ladyitaliaeconomia\",\"image\":{\"@type\":\"ImageObject\",\"inLanguage\":\"it-IT\",\"@id\":\"https:\/\/www.italiaeconomiaonline.it\/web\/#\/schema\/person\/image\/\",\"url\":\"https:\/\/secure.gravatar.com\/avatar\/cedca10ce7416a579b9fa6bce9c0a8f2?s=96&d=mm&r=g\",\"contentUrl\":\"https:\/\/secure.gravatar.com\/avatar\/cedca10ce7416a579b9fa6bce9c0a8f2?s=96&d=mm&r=g\",\"caption\":\"ladyitaliaeconomia\"},\"url\":\"https:\/\/www.italiaeconomiaonline.it\/web\/author\/ladyitaliaeconomia\/\"}]}<\/script>\n<!-- \/ Yoast SEO plugin. -->","yoast_head_json":{"title":"Legambiente: \u201cUn netto NO alle due nuove centrali a gas previste a Vado Ligure e Civitavecchia\" -","robots":{"index":"index","follow":"follow","max-snippet":"max-snippet:-1","max-image-preview":"max-image-preview:large","max-video-preview":"max-video-preview:-1"},"canonical":"https:\/\/www.italiaeconomiaonline.it\/web\/legambiente-un-netto-no-alle-due-nuove-centrali-a-gas-previste-a-vado-ligure-e-civitavecchia\/","og_locale":"it_IT","og_type":"article","og_title":"Legambiente: \u201cUn netto NO alle due nuove centrali a gas previste a Vado Ligure e Civitavecchia\" -","og_description":"\u00c8 notizia di pochi giorni fa, quella che Tirreno Power ha presentato due istanze per l\u2019avvio degli autorizzativi per la valutazione dei progetti di realizzazione di due nuovi impianti a gas fossile nei siti di Civitavecchia e Vado Ligure. \u00c8 bene ribadirlo, per Legambiente, non esiste nessuna ragione tecnica, ambientale, di sicurezza, climatica, economica, di [&hellip;]","og_url":"https:\/\/www.italiaeconomiaonline.it\/web\/legambiente-un-netto-no-alle-due-nuove-centrali-a-gas-previste-a-vado-ligure-e-civitavecchia\/","og_site_name":"ItaliaEconomiaOnline","article_published_time":"2020-11-22T15:52:08+00:00","og_image":[{"width":2560,"height":1497,"url":"https:\/\/www.italiaeconomiaonline.it\/web\/wp-content\/uploads\/2020\/11\/IMG_4060-scaled-e1606060302897.jpg","type":"image\/jpeg"}],"author":"ladyitaliaeconomia","twitter_card":"summary_large_image","twitter_misc":{"Scritto da":"ladyitaliaeconomia","Tempo di lettura stimato":"3 minuti"},"schema":{"@context":"https:\/\/schema.org","@graph":[{"@type":"WebPage","@id":"https:\/\/www.italiaeconomiaonline.it\/web\/legambiente-un-netto-no-alle-due-nuove-centrali-a-gas-previste-a-vado-ligure-e-civitavecchia\/","url":"https:\/\/www.italiaeconomiaonline.it\/web\/legambiente-un-netto-no-alle-due-nuove-centrali-a-gas-previste-a-vado-ligure-e-civitavecchia\/","name":"Legambiente: \u201cUn netto NO alle due nuove centrali a gas previste a Vado Ligure e Civitavecchia\" -","isPartOf":{"@id":"https:\/\/www.italiaeconomiaonline.it\/web\/#website"},"primaryImageOfPage":{"@id":"https:\/\/www.italiaeconomiaonline.it\/web\/legambiente-un-netto-no-alle-due-nuove-centrali-a-gas-previste-a-vado-ligure-e-civitavecchia\/#primaryimage"},"image":{"@id":"https:\/\/www.italiaeconomiaonline.it\/web\/legambiente-un-netto-no-alle-due-nuove-centrali-a-gas-previste-a-vado-ligure-e-civitavecchia\/#primaryimage"},"thumbnailUrl":"https:\/\/www.italiaeconomiaonline.it\/web\/wp-content\/uploads\/2020\/11\/IMG_4060-scaled-e1606060302897.jpg","datePublished":"2020-11-22T15:52:08+00:00","dateModified":"2020-11-22T15:52:08+00:00","author":{"@id":"https:\/\/www.italiaeconomiaonline.it\/web\/#\/schema\/person\/909a49cce752523b020fbc37d5ab1c31"},"breadcrumb":{"@id":"https:\/\/www.italiaeconomiaonline.it\/web\/legambiente-un-netto-no-alle-due-nuove-centrali-a-gas-previste-a-vado-ligure-e-civitavecchia\/#breadcrumb"},"inLanguage":"it-IT","potentialAction":[{"@type":"ReadAction","target":["https:\/\/www.italiaeconomiaonline.it\/web\/legambiente-un-netto-no-alle-due-nuove-centrali-a-gas-previste-a-vado-ligure-e-civitavecchia\/"]}]},{"@type":"ImageObject","inLanguage":"it-IT","@id":"https:\/\/www.italiaeconomiaonline.it\/web\/legambiente-un-netto-no-alle-due-nuove-centrali-a-gas-previste-a-vado-ligure-e-civitavecchia\/#primaryimage","url":"https:\/\/www.italiaeconomiaonline.it\/web\/wp-content\/uploads\/2020\/11\/IMG_4060-scaled-e1606060302897.jpg","contentUrl":"https:\/\/www.italiaeconomiaonline.it\/web\/wp-content\/uploads\/2020\/11\/IMG_4060-scaled-e1606060302897.jpg","width":2560,"height":1497},{"@type":"BreadcrumbList","@id":"https:\/\/www.italiaeconomiaonline.it\/web\/legambiente-un-netto-no-alle-due-nuove-centrali-a-gas-previste-a-vado-ligure-e-civitavecchia\/#breadcrumb","itemListElement":[{"@type":"ListItem","position":1,"name":"Home","item":"https:\/\/www.italiaeconomiaonline.it\/web\/"},{"@type":"ListItem","position":2,"name":"Legambiente: \u201cUn netto NO alle due nuove centrali a gas previste a Vado Ligure e Civitavecchia&#8221;"}]},{"@type":"WebSite","@id":"https:\/\/www.italiaeconomiaonline.it\/web\/#website","url":"https:\/\/www.italiaeconomiaonline.it\/web\/","name":"ItaliaEconomiaOnline","description":"Quotidiano Economico Online","potentialAction":[{"@type":"SearchAction","target":{"@type":"EntryPoint","urlTemplate":"https:\/\/www.italiaeconomiaonline.it\/web\/?s={search_term_string}"},"query-input":"required name=search_term_string"}],"inLanguage":"it-IT"},{"@type":"Person","@id":"https:\/\/www.italiaeconomiaonline.it\/web\/#\/schema\/person\/909a49cce752523b020fbc37d5ab1c31","name":"ladyitaliaeconomia","image":{"@type":"ImageObject","inLanguage":"it-IT","@id":"https:\/\/www.italiaeconomiaonline.it\/web\/#\/schema\/person\/image\/","url":"https:\/\/secure.gravatar.com\/avatar\/cedca10ce7416a579b9fa6bce9c0a8f2?s=96&d=mm&r=g","contentUrl":"https:\/\/secure.gravatar.com\/avatar\/cedca10ce7416a579b9fa6bce9c0a8f2?s=96&d=mm&r=g","caption":"ladyitaliaeconomia"},"url":"https:\/\/www.italiaeconomiaonline.it\/web\/author\/ladyitaliaeconomia\/"}]}},"_links":{"self":[{"href":"https:\/\/www.italiaeconomiaonline.it\/web\/wp-json\/wp\/v2\/posts\/4708"}],"collection":[{"href":"https:\/\/www.italiaeconomiaonline.it\/web\/wp-json\/wp\/v2\/posts"}],"about":[{"href":"https:\/\/www.italiaeconomiaonline.it\/web\/wp-json\/wp\/v2\/types\/post"}],"author":[{"embeddable":true,"href":"https:\/\/www.italiaeconomiaonline.it\/web\/wp-json\/wp\/v2\/users\/1"}],"replies":[{"embeddable":true,"href":"https:\/\/www.italiaeconomiaonline.it\/web\/wp-json\/wp\/v2\/comments?post=4708"}],"version-history":[{"count":1,"href":"https:\/\/www.italiaeconomiaonline.it\/web\/wp-json\/wp\/v2\/posts\/4708\/revisions"}],"predecessor-version":[{"id":4711,"href":"https:\/\/www.italiaeconomiaonline.it\/web\/wp-json\/wp\/v2\/posts\/4708\/revisions\/4711"}],"wp:featuredmedia":[{"embeddable":true,"href":"https:\/\/www.italiaeconomiaonline.it\/web\/wp-json\/wp\/v2\/media\/4710"}],"wp:attachment":[{"href":"https:\/\/www.italiaeconomiaonline.it\/web\/wp-json\/wp\/v2\/media?parent=4708"}],"wp:term":[{"taxonomy":"category","embeddable":true,"href":"https:\/\/www.italiaeconomiaonline.it\/web\/wp-json\/wp\/v2\/categories?post=4708"},{"taxonomy":"post_tag","embeddable":true,"href":"https:\/\/www.italiaeconomiaonline.it\/web\/wp-json\/wp\/v2\/tags?post=4708"}],"curies":[{"name":"wp","href":"https:\/\/api.w.org\/{rel}","templated":true}]}}