{"id":4712,"date":"2020-11-23T12:18:14","date_gmt":"2020-11-23T11:18:14","guid":{"rendered":"http:\/\/www.italiaeconomiaonline.it\/web\/?p=4712"},"modified":"2020-11-23T12:18:14","modified_gmt":"2020-11-23T11:18:14","slug":"accordo-quadro-tra-sda-bocconi-e-giovani-di-confagricoltura","status":"publish","type":"post","link":"https:\/\/www.italiaeconomiaonline.it\/web\/accordo-quadro-tra-sda-bocconi-e-giovani-di-confagricoltura\/","title":{"rendered":"Accordo quadro tra SDA Bocconi e giovani di Confagricoltura"},"content":{"rendered":"<p><span class=\"dropcap dropcap3\">R<\/span>icerca e innovazione, transizione energetica, redditivit\u00e0 e accesso al credito. Da qui occorre partire per costruire il futuro dell\u2019agricoltura e dell\u2019agroalimentare italiani.<\/p>\n<p>La pandemia ha confermato la centralit\u00e0 e l\u2019importanza di un settore che, durante l\u2019emergenza sanitaria, ha saputo reggere l\u2019urto della crisi rivelandosi un asset socioeconomico strategico.<\/p>\n<p>Eppure \u00e8 ancora rilevante la distanza che separa il nostro Paese dall\u2019autosufficienza alimentare, da standard sufficienti sul piano tecnologico e digitale, dalla solidit\u00e0 finanziaria delle aziende e del sistema e dalla transizione energetica verso le fonti rinnovabili.<\/p>\n<p>Con questo scopo \u00e8 nata la collaborazione tra i Giovani di Confagricoltura (ANGA) e l\u2019AGRI Lab di SDA Bocconi. La partnership sar\u00e0 presentata in occasione del webinar \u201c2030 \u2013 Next Generation Farming\u201d, che si svolger\u00e0 venerd\u00ec 27 novembre 2020 alle ore 9.<\/p>\n<p>SDA Bocconi School of Management e i Giovani di Confagricoltura sigleranno l\u2019accordo quadro sulla formazione e la ricerca, a partire dalle indicazioni che emergeranno proprio dal Next Generation Farming, per la progettazione di un&#8217;offerta didattica rivolta ai giovani di ANGA e per la diffusione di strumenti e conoscenze frutto della ricerca.<\/p>\n<p>\u201cL\u2019iniziativa organizzata insieme a SDA Bocconi \u00e8 il punto di partenza per promuovere un tavolo permanente tra mondo accademico, imprenditoria e istituzioni, con lo scopo di fissare concretamente le linee guida per un percorso pratico verso la sostenibilit\u00e0 ambientale, sociale ed economica\u201d, afferma Francesco Mastrandrea, presidente di ANGA. \u201cIn tutte le discussioni \u2013 aggiunge &#8211; il 2030 ha rappresentato una deadline per gli obiettivi da raggiungere. Ma, nell\u2019orizzonte temporale previsto, \u00e8 arrivata la crisi causata dal Covid-19 a rompere gli equilibri e la visione dei traguardi. Le finalit\u00e0 di lungo periodo sono state ritarate con un effetto quasi immediato. Siamo qui oggi proprio per riprendere le fila e proseguire con il percorso intrapreso\u201d.<\/p>\n<p>Per Vitaliano Fiorillo, direttore AGRI Lab di SDA Bocconi, &#8220;l&#8217;agricoltura \u00e8 esposta oggi a fenomeni globali, a volte imprevedibili, in continua evoluzione, e risente della mancanza di un&#8217;impronta manageriale concreta. La tecnica agronomica e la tecnologia non sono sufficienti per affrontare i prossimi 10 anni e gli eventi attuali lo dimostrano. \u00c8 necessario che queste si integrino con cambiamenti nel modo di gestire l&#8217;azienda agricola. L\u2019intesa rappresenta per noi una grande opportunit\u00e0 per avere un impatto sul futuro dei giovani imprenditori prima di tutto, ma anche per dare maggiore forza ed efficacia alla ricerca che, per SDA Bocconi, non \u00e8 mai avulsa dal contesto attuale. Confagricoltura e ANGA hanno supportato le nostre attivit\u00e0 gi\u00e0 in diverse occasioni, dimostrando grande apertura verso i nuovi spunti di riflessione che derivano da una visione terza e indipendente&#8221;.<\/p>\n","protected":false},"excerpt":{"rendered":"<p>Ricerca e innovazione, transizione energetica, redditivit\u00e0 e accesso al credito. Da qui occorre partire per costruire il futuro dell\u2019agricoltura e dell\u2019agroalimentare italiani. La pandemia ha confermato la centralit\u00e0 e l\u2019importanza di un settore che, durante l\u2019emergenza sanitaria, ha saputo reggere l\u2019urto della crisi rivelandosi un asset socioeconomico strategico. Eppure \u00e8 ancora rilevante la distanza che [&hellip;]<\/p>\n","protected":false},"author":1,"featured_media":1123,"comment_status":"closed","ping_status":"open","sticky":false,"template":"","format":"standard","meta":{"footnotes":""},"categories":[133],"tags":[20,1412],"yoast_head":"<!-- This site is optimized with the Yoast SEO plugin v22.2 - https:\/\/yoast.com\/wordpress\/plugins\/seo\/ -->\n<title>Accordo quadro tra SDA Bocconi e giovani di Confagricoltura -<\/title>\n<meta name=\"robots\" content=\"index, follow, max-snippet:-1, max-image-preview:large, max-video-preview:-1\" \/>\n<link rel=\"canonical\" href=\"https:\/\/www.italiaeconomiaonline.it\/web\/accordo-quadro-tra-sda-bocconi-e-giovani-di-confagricoltura\/\" \/>\n<meta property=\"og:locale\" content=\"it_IT\" \/>\n<meta property=\"og:type\" content=\"article\" \/>\n<meta property=\"og:title\" content=\"Accordo quadro tra SDA Bocconi e giovani di Confagricoltura -\" \/>\n<meta property=\"og:description\" content=\"Ricerca e innovazione, transizione energetica, redditivit\u00e0 e accesso al credito. Da qui occorre partire per costruire il futuro dell\u2019agricoltura e dell\u2019agroalimentare italiani. La pandemia ha confermato la centralit\u00e0 e l\u2019importanza di un settore che, durante l\u2019emergenza sanitaria, ha saputo reggere l\u2019urto della crisi rivelandosi un asset socioeconomico strategico. Eppure \u00e8 ancora rilevante la distanza che [&hellip;]\" \/>\n<meta property=\"og:url\" content=\"https:\/\/www.italiaeconomiaonline.it\/web\/accordo-quadro-tra-sda-bocconi-e-giovani-di-confagricoltura\/\" \/>\n<meta property=\"og:site_name\" content=\"ItaliaEconomiaOnline\" \/>\n<meta property=\"article:published_time\" content=\"2020-11-23T11:18:14+00:00\" \/>\n<meta property=\"og:image\" content=\"https:\/\/www.italiaeconomiaonline.it\/web\/wp-content\/uploads\/2019\/06\/lavoro-3.jpg\" \/>\n\t<meta property=\"og:image:width\" content=\"960\" \/>\n\t<meta property=\"og:image:height\" content=\"640\" \/>\n\t<meta property=\"og:image:type\" content=\"image\/jpeg\" \/>\n<meta name=\"author\" content=\"ladyitaliaeconomia\" \/>\n<meta name=\"twitter:card\" content=\"summary_large_image\" \/>\n<meta name=\"twitter:label1\" content=\"Scritto da\" \/>\n\t<meta name=\"twitter:data1\" content=\"ladyitaliaeconomia\" \/>\n\t<meta name=\"twitter:label2\" content=\"Tempo di lettura stimato\" \/>\n\t<meta name=\"twitter:data2\" content=\"2 minuti\" \/>\n<script type=\"application\/ld+json\" class=\"yoast-schema-graph\">{\"@context\":\"https:\/\/schema.org\",\"@graph\":[{\"@type\":\"WebPage\",\"@id\":\"https:\/\/www.italiaeconomiaonline.it\/web\/accordo-quadro-tra-sda-bocconi-e-giovani-di-confagricoltura\/\",\"url\":\"https:\/\/www.italiaeconomiaonline.it\/web\/accordo-quadro-tra-sda-bocconi-e-giovani-di-confagricoltura\/\",\"name\":\"Accordo quadro tra SDA Bocconi e giovani di Confagricoltura -\",\"isPartOf\":{\"@id\":\"https:\/\/www.italiaeconomiaonline.it\/web\/#website\"},\"primaryImageOfPage\":{\"@id\":\"https:\/\/www.italiaeconomiaonline.it\/web\/accordo-quadro-tra-sda-bocconi-e-giovani-di-confagricoltura\/#primaryimage\"},\"image\":{\"@id\":\"https:\/\/www.italiaeconomiaonline.it\/web\/accordo-quadro-tra-sda-bocconi-e-giovani-di-confagricoltura\/#primaryimage\"},\"thumbnailUrl\":\"https:\/\/www.italiaeconomiaonline.it\/web\/wp-content\/uploads\/2019\/06\/lavoro-3.jpg\",\"datePublished\":\"2020-11-23T11:18:14+00:00\",\"dateModified\":\"2020-11-23T11:18:14+00:00\",\"author\":{\"@id\":\"https:\/\/www.italiaeconomiaonline.it\/web\/#\/schema\/person\/909a49cce752523b020fbc37d5ab1c31\"},\"breadcrumb\":{\"@id\":\"https:\/\/www.italiaeconomiaonline.it\/web\/accordo-quadro-tra-sda-bocconi-e-giovani-di-confagricoltura\/#breadcrumb\"},\"inLanguage\":\"it-IT\",\"potentialAction\":[{\"@type\":\"ReadAction\",\"target\":[\"https:\/\/www.italiaeconomiaonline.it\/web\/accordo-quadro-tra-sda-bocconi-e-giovani-di-confagricoltura\/\"]}]},{\"@type\":\"ImageObject\",\"inLanguage\":\"it-IT\",\"@id\":\"https:\/\/www.italiaeconomiaonline.it\/web\/accordo-quadro-tra-sda-bocconi-e-giovani-di-confagricoltura\/#primaryimage\",\"url\":\"https:\/\/www.italiaeconomiaonline.it\/web\/wp-content\/uploads\/2019\/06\/lavoro-3.jpg\",\"contentUrl\":\"https:\/\/www.italiaeconomiaonline.it\/web\/wp-content\/uploads\/2019\/06\/lavoro-3.jpg\",\"width\":960,\"height\":640},{\"@type\":\"BreadcrumbList\",\"@id\":\"https:\/\/www.italiaeconomiaonline.it\/web\/accordo-quadro-tra-sda-bocconi-e-giovani-di-confagricoltura\/#breadcrumb\",\"itemListElement\":[{\"@type\":\"ListItem\",\"position\":1,\"name\":\"Home\",\"item\":\"https:\/\/www.italiaeconomiaonline.it\/web\/\"},{\"@type\":\"ListItem\",\"position\":2,\"name\":\"Accordo quadro tra SDA Bocconi e giovani di Confagricoltura\"}]},{\"@type\":\"WebSite\",\"@id\":\"https:\/\/www.italiaeconomiaonline.it\/web\/#website\",\"url\":\"https:\/\/www.italiaeconomiaonline.it\/web\/\",\"name\":\"ItaliaEconomiaOnline\",\"description\":\"Quotidiano Economico Online\",\"potentialAction\":[{\"@type\":\"SearchAction\",\"target\":{\"@type\":\"EntryPoint\",\"urlTemplate\":\"https:\/\/www.italiaeconomiaonline.it\/web\/?s={search_term_string}\"},\"query-input\":\"required name=search_term_string\"}],\"inLanguage\":\"it-IT\"},{\"@type\":\"Person\",\"@id\":\"https:\/\/www.italiaeconomiaonline.it\/web\/#\/schema\/person\/909a49cce752523b020fbc37d5ab1c31\",\"name\":\"ladyitaliaeconomia\",\"image\":{\"@type\":\"ImageObject\",\"inLanguage\":\"it-IT\",\"@id\":\"https:\/\/www.italiaeconomiaonline.it\/web\/#\/schema\/person\/image\/\",\"url\":\"https:\/\/secure.gravatar.com\/avatar\/cedca10ce7416a579b9fa6bce9c0a8f2?s=96&d=mm&r=g\",\"contentUrl\":\"https:\/\/secure.gravatar.com\/avatar\/cedca10ce7416a579b9fa6bce9c0a8f2?s=96&d=mm&r=g\",\"caption\":\"ladyitaliaeconomia\"},\"url\":\"https:\/\/www.italiaeconomiaonline.it\/web\/author\/ladyitaliaeconomia\/\"}]}<\/script>\n<!-- \/ Yoast SEO plugin. -->","yoast_head_json":{"title":"Accordo quadro tra SDA Bocconi e giovani di Confagricoltura -","robots":{"index":"index","follow":"follow","max-snippet":"max-snippet:-1","max-image-preview":"max-image-preview:large","max-video-preview":"max-video-preview:-1"},"canonical":"https:\/\/www.italiaeconomiaonline.it\/web\/accordo-quadro-tra-sda-bocconi-e-giovani-di-confagricoltura\/","og_locale":"it_IT","og_type":"article","og_title":"Accordo quadro tra SDA Bocconi e giovani di Confagricoltura -","og_description":"Ricerca e innovazione, transizione energetica, redditivit\u00e0 e accesso al credito. Da qui occorre partire per costruire il futuro dell\u2019agricoltura e dell\u2019agroalimentare italiani. La pandemia ha confermato la centralit\u00e0 e l\u2019importanza di un settore che, durante l\u2019emergenza sanitaria, ha saputo reggere l\u2019urto della crisi rivelandosi un asset socioeconomico strategico. Eppure \u00e8 ancora rilevante la distanza che [&hellip;]","og_url":"https:\/\/www.italiaeconomiaonline.it\/web\/accordo-quadro-tra-sda-bocconi-e-giovani-di-confagricoltura\/","og_site_name":"ItaliaEconomiaOnline","article_published_time":"2020-11-23T11:18:14+00:00","og_image":[{"width":960,"height":640,"url":"https:\/\/www.italiaeconomiaonline.it\/web\/wp-content\/uploads\/2019\/06\/lavoro-3.jpg","type":"image\/jpeg"}],"author":"ladyitaliaeconomia","twitter_card":"summary_large_image","twitter_misc":{"Scritto da":"ladyitaliaeconomia","Tempo di lettura stimato":"2 minuti"},"schema":{"@context":"https:\/\/schema.org","@graph":[{"@type":"WebPage","@id":"https:\/\/www.italiaeconomiaonline.it\/web\/accordo-quadro-tra-sda-bocconi-e-giovani-di-confagricoltura\/","url":"https:\/\/www.italiaeconomiaonline.it\/web\/accordo-quadro-tra-sda-bocconi-e-giovani-di-confagricoltura\/","name":"Accordo quadro tra SDA Bocconi e giovani di Confagricoltura -","isPartOf":{"@id":"https:\/\/www.italiaeconomiaonline.it\/web\/#website"},"primaryImageOfPage":{"@id":"https:\/\/www.italiaeconomiaonline.it\/web\/accordo-quadro-tra-sda-bocconi-e-giovani-di-confagricoltura\/#primaryimage"},"image":{"@id":"https:\/\/www.italiaeconomiaonline.it\/web\/accordo-quadro-tra-sda-bocconi-e-giovani-di-confagricoltura\/#primaryimage"},"thumbnailUrl":"https:\/\/www.italiaeconomiaonline.it\/web\/wp-content\/uploads\/2019\/06\/lavoro-3.jpg","datePublished":"2020-11-23T11:18:14+00:00","dateModified":"2020-11-23T11:18:14+00:00","author":{"@id":"https:\/\/www.italiaeconomiaonline.it\/web\/#\/schema\/person\/909a49cce752523b020fbc37d5ab1c31"},"breadcrumb":{"@id":"https:\/\/www.italiaeconomiaonline.it\/web\/accordo-quadro-tra-sda-bocconi-e-giovani-di-confagricoltura\/#breadcrumb"},"inLanguage":"it-IT","potentialAction":[{"@type":"ReadAction","target":["https:\/\/www.italiaeconomiaonline.it\/web\/accordo-quadro-tra-sda-bocconi-e-giovani-di-confagricoltura\/"]}]},{"@type":"ImageObject","inLanguage":"it-IT","@id":"https:\/\/www.italiaeconomiaonline.it\/web\/accordo-quadro-tra-sda-bocconi-e-giovani-di-confagricoltura\/#primaryimage","url":"https:\/\/www.italiaeconomiaonline.it\/web\/wp-content\/uploads\/2019\/06\/lavoro-3.jpg","contentUrl":"https:\/\/www.italiaeconomiaonline.it\/web\/wp-content\/uploads\/2019\/06\/lavoro-3.jpg","width":960,"height":640},{"@type":"BreadcrumbList","@id":"https:\/\/www.italiaeconomiaonline.it\/web\/accordo-quadro-tra-sda-bocconi-e-giovani-di-confagricoltura\/#breadcrumb","itemListElement":[{"@type":"ListItem","position":1,"name":"Home","item":"https:\/\/www.italiaeconomiaonline.it\/web\/"},{"@type":"ListItem","position":2,"name":"Accordo quadro tra SDA Bocconi e giovani di Confagricoltura"}]},{"@type":"WebSite","@id":"https:\/\/www.italiaeconomiaonline.it\/web\/#website","url":"https:\/\/www.italiaeconomiaonline.it\/web\/","name":"ItaliaEconomiaOnline","description":"Quotidiano Economico Online","potentialAction":[{"@type":"SearchAction","target":{"@type":"EntryPoint","urlTemplate":"https:\/\/www.italiaeconomiaonline.it\/web\/?s={search_term_string}"},"query-input":"required name=search_term_string"}],"inLanguage":"it-IT"},{"@type":"Person","@id":"https:\/\/www.italiaeconomiaonline.it\/web\/#\/schema\/person\/909a49cce752523b020fbc37d5ab1c31","name":"ladyitaliaeconomia","image":{"@type":"ImageObject","inLanguage":"it-IT","@id":"https:\/\/www.italiaeconomiaonline.it\/web\/#\/schema\/person\/image\/","url":"https:\/\/secure.gravatar.com\/avatar\/cedca10ce7416a579b9fa6bce9c0a8f2?s=96&d=mm&r=g","contentUrl":"https:\/\/secure.gravatar.com\/avatar\/cedca10ce7416a579b9fa6bce9c0a8f2?s=96&d=mm&r=g","caption":"ladyitaliaeconomia"},"url":"https:\/\/www.italiaeconomiaonline.it\/web\/author\/ladyitaliaeconomia\/"}]}},"_links":{"self":[{"href":"https:\/\/www.italiaeconomiaonline.it\/web\/wp-json\/wp\/v2\/posts\/4712"}],"collection":[{"href":"https:\/\/www.italiaeconomiaonline.it\/web\/wp-json\/wp\/v2\/posts"}],"about":[{"href":"https:\/\/www.italiaeconomiaonline.it\/web\/wp-json\/wp\/v2\/types\/post"}],"author":[{"embeddable":true,"href":"https:\/\/www.italiaeconomiaonline.it\/web\/wp-json\/wp\/v2\/users\/1"}],"replies":[{"embeddable":true,"href":"https:\/\/www.italiaeconomiaonline.it\/web\/wp-json\/wp\/v2\/comments?post=4712"}],"version-history":[{"count":1,"href":"https:\/\/www.italiaeconomiaonline.it\/web\/wp-json\/wp\/v2\/posts\/4712\/revisions"}],"predecessor-version":[{"id":4713,"href":"https:\/\/www.italiaeconomiaonline.it\/web\/wp-json\/wp\/v2\/posts\/4712\/revisions\/4713"}],"wp:featuredmedia":[{"embeddable":true,"href":"https:\/\/www.italiaeconomiaonline.it\/web\/wp-json\/wp\/v2\/media\/1123"}],"wp:attachment":[{"href":"https:\/\/www.italiaeconomiaonline.it\/web\/wp-json\/wp\/v2\/media?parent=4712"}],"wp:term":[{"taxonomy":"category","embeddable":true,"href":"https:\/\/www.italiaeconomiaonline.it\/web\/wp-json\/wp\/v2\/categories?post=4712"},{"taxonomy":"post_tag","embeddable":true,"href":"https:\/\/www.italiaeconomiaonline.it\/web\/wp-json\/wp\/v2\/tags?post=4712"}],"curies":[{"name":"wp","href":"https:\/\/api.w.org\/{rel}","templated":true}]}}