{"id":4733,"date":"2020-11-24T15:33:31","date_gmt":"2020-11-24T14:33:31","guid":{"rendered":"http:\/\/www.italiaeconomiaonline.it\/web\/?p=4733"},"modified":"2020-11-24T15:33:31","modified_gmt":"2020-11-24T14:33:31","slug":"smog-coldiretti-morti-in-italia-con-appena-328mq-verde-a-testa","status":"publish","type":"post","link":"https:\/\/www.italiaeconomiaonline.it\/web\/smog-coldiretti-morti-in-italia-con-appena-328mq-verde-a-testa\/","title":{"rendered":"Smog, Coldiretti: morti in Italia con appena 32,8mq verde a testa"},"content":{"rendered":"<p><span class=\"dropcap dropcap3\">C<\/span>on l\u2019Italia che dispone di appena 32,8 metri quadrati di verde urbano per abitante \u00e8 strategico puntare su un grande piano di riqualificazione urbana di parchi e giardini che migliori la qualit\u00e0 dell\u2019aria e della vita della popolazione dando una spinta all\u2019economia e all\u2019occupazione.<\/p>\n<p>E\u2019 quanto emerge da una analisi della <strong>Coldiretti<\/strong> su dati Istat in riferimento all&#8217;ultimo Rapporto annuale sulla qualit\u00e0 dell&#8217;aria in Europa, pubblicato dall&#8217;Aea, l&#8217;Agenzia europea dell&#8217;ambiente, dove risulta che l&#8217;Italia \u00e8 al primo posto fra gli Stati UE per numero di morti premature annuali (10.400) dovute all&#8217;inquinamento atmosferico da biossido di azoto (NO2), e al secondo, dopo la Germania, sia per le morti premature (52.300) causate dal particolato fine (PM2,5), che per quelle (3.000) dovute all&#8217;ozono troposferico (O3) misurato al suolo.<\/p>\n<p>&nbsp;<\/p>\n<p>L\u2019inquinamento dell\u2019aria che \u00e8 considerato dal 47% degli italiani la prima emergenza ambientale secondo l\u2019indagine Coldiretti\/Ixe\u2019 e bisogna quindi intervenire in modo strutturale ripensando lo sviluppo delle citt\u00e0 e favorendo la diffusione del verde pubblico e privato con le essenze pi\u00f9 adatte alle condizioni climatiche e ambientali dei singoli territori. L\u2019obiettivo \u2013 precisa la Coldiretti &#8211; \u00e8 quello di creare vere e proprie oasi mangia smog nelle citt\u00e0 dove respirare area pulita grazie alla scelta degli alberi pi\u00f9 efficaci nel catturare i gas ad effetto serra e bloccare le pericolose polveri sottili.<\/p>\n<p>&nbsp;<\/p>\n<p>A provocare lo smog nelle citt\u00e0 \u2013 continua la Coldiretti \u2013 \u00e8 l\u2019effetto combinato dei cambiamenti climatici, del traffico e della ridotta disponibilit\u00e0 di spazi verdi con la situazione che peggiora nelle metropoli dove i valori vanno dai 6,3 di Genova ai 16,5 a Roma, dai 18,1 di Milano ai 22,6 di Torino fino ai 22 metri quadrati a Bologna. Ancora troppo poco considerato che una pianta adulta \u2013 precisa Coldiretti \u2013 \u00e8 capace di catturare dall\u2019aria dai 100 ai 250 grammi di polveri sottili e un ettaro di piante elimina circa 20 chili di polveri e smog in un anno.<\/p>\n<p>&nbsp;<\/p>\n<p>Il ripopolamento arboreo di parchi e giardini \u00e8 &#8211; sottolinea la Coldiretti &#8211; la chiave di volta ambientale di una cintura verde che colleghi il centro delle citt\u00e0 con le periferie e raggiunga sistemi agricoli di pianura con il vasto e straordinario patrimonio boschivo presente nelle aree naturali con il progetto \u201cBosco vivo e foreste urbane\u201d piantando con le risorse del Recovery Fund 50 milioni di alberi nell\u2019arco dei prossimi cinque anni sostenendo due settori chiave per l\u2019Italia come il florovivaismo che conta 27 mila aziende e 200 mila occupati e quello forestale con 5.685 imprese con 7.349 addetti.<\/p>\n<p>&nbsp;<\/p>\n<p>Il progetto di Coldiretti e Federforeste si pone l\u2019obiettivo di gestire il patrimonio forestale in maniera sostenibile per contribuire al raggiungimento della neutralit\u00e0 climatica entro il 2050 favorendo lo stoccaggio del carbonio da parte delle superfici forestali e delle foreste urbane. Un impegno importante anche per assicurare un presidio attivo contro il dissesto idrogeologico, incendi ed altre forme di impoverimento dei territori, contrastare l\u2019abbandono di tale aree e valorizzare la filiera del legno 100% Made in Italy.<\/p>\n<p>&nbsp;<\/p>\n<p>\u201cDobbiamo essere capaci di affrontare le sfide che l\u2019Europa ci pone in termini di salute ambiente e occupazione e di opportunit\u00e0 e in questo senso il tema del verde \u00e8 centrale per il nostro Paese\u201d afferma il presidente di Coldiretti Ettore Prandini agli Stati generali del Verde Pubblico nel sottolineare che \u201cpiantare nuovi alberi e potenziare la disponibilit\u00e0 di verde significa anche risparmio energetico, maggiore qualit\u00e0 di vita e contrasto ai cambiamenti climatici, per un mondo migliore alle nuove generazioni\u201d.<\/p>\n<p><em>\u00a0<\/em><\/p>\n","protected":false},"excerpt":{"rendered":"<p>Con l\u2019Italia che dispone di appena 32,8 metri quadrati di verde urbano per abitante \u00e8 strategico puntare su un grande piano di riqualificazione urbana di parchi e giardini che migliori la qualit\u00e0 dell\u2019aria e della vita della popolazione dando una spinta all\u2019economia e all\u2019occupazione. E\u2019 quanto emerge da una analisi della Coldiretti su dati Istat [&hellip;]<\/p>\n","protected":false},"author":1,"featured_media":2432,"comment_status":"closed","ping_status":"open","sticky":false,"template":"","format":"standard","meta":{"footnotes":""},"categories":[127],"tags":[],"yoast_head":"<!-- This site is optimized with the Yoast SEO plugin v22.2 - https:\/\/yoast.com\/wordpress\/plugins\/seo\/ -->\n<title>Smog, Coldiretti: morti in Italia con appena 32,8mq verde a testa -<\/title>\n<meta name=\"robots\" content=\"index, follow, max-snippet:-1, max-image-preview:large, max-video-preview:-1\" \/>\n<link rel=\"canonical\" href=\"https:\/\/www.italiaeconomiaonline.it\/web\/smog-coldiretti-morti-in-italia-con-appena-328mq-verde-a-testa\/\" \/>\n<meta property=\"og:locale\" content=\"it_IT\" \/>\n<meta property=\"og:type\" content=\"article\" \/>\n<meta property=\"og:title\" content=\"Smog, Coldiretti: morti in Italia con appena 32,8mq verde a testa -\" \/>\n<meta property=\"og:description\" content=\"Con l\u2019Italia che dispone di appena 32,8 metri quadrati di verde urbano per abitante \u00e8 strategico puntare su un grande piano di riqualificazione urbana di parchi e giardini che migliori la qualit\u00e0 dell\u2019aria e della vita della popolazione dando una spinta all\u2019economia e all\u2019occupazione. E\u2019 quanto emerge da una analisi della Coldiretti su dati Istat [&hellip;]\" \/>\n<meta property=\"og:url\" content=\"https:\/\/www.italiaeconomiaonline.it\/web\/smog-coldiretti-morti-in-italia-con-appena-328mq-verde-a-testa\/\" \/>\n<meta property=\"og:site_name\" content=\"ItaliaEconomiaOnline\" \/>\n<meta property=\"article:published_time\" content=\"2020-11-24T14:33:31+00:00\" \/>\n<meta property=\"og:image\" content=\"https:\/\/www.italiaeconomiaonline.it\/web\/wp-content\/uploads\/2020\/01\/Schermata-2020-01-31-alle-15.13.33.png\" \/>\n\t<meta property=\"og:image:width\" content=\"818\" \/>\n\t<meta property=\"og:image:height\" content=\"475\" \/>\n\t<meta property=\"og:image:type\" content=\"image\/png\" \/>\n<meta name=\"author\" content=\"ladyitaliaeconomia\" \/>\n<meta name=\"twitter:card\" content=\"summary_large_image\" \/>\n<meta name=\"twitter:label1\" content=\"Scritto da\" \/>\n\t<meta name=\"twitter:data1\" content=\"ladyitaliaeconomia\" \/>\n\t<meta name=\"twitter:label2\" content=\"Tempo di lettura stimato\" \/>\n\t<meta name=\"twitter:data2\" content=\"3 minuti\" \/>\n<script type=\"application\/ld+json\" class=\"yoast-schema-graph\">{\"@context\":\"https:\/\/schema.org\",\"@graph\":[{\"@type\":\"WebPage\",\"@id\":\"https:\/\/www.italiaeconomiaonline.it\/web\/smog-coldiretti-morti-in-italia-con-appena-328mq-verde-a-testa\/\",\"url\":\"https:\/\/www.italiaeconomiaonline.it\/web\/smog-coldiretti-morti-in-italia-con-appena-328mq-verde-a-testa\/\",\"name\":\"Smog, Coldiretti: morti in Italia con appena 32,8mq verde a testa -\",\"isPartOf\":{\"@id\":\"https:\/\/www.italiaeconomiaonline.it\/web\/#website\"},\"primaryImageOfPage\":{\"@id\":\"https:\/\/www.italiaeconomiaonline.it\/web\/smog-coldiretti-morti-in-italia-con-appena-328mq-verde-a-testa\/#primaryimage\"},\"image\":{\"@id\":\"https:\/\/www.italiaeconomiaonline.it\/web\/smog-coldiretti-morti-in-italia-con-appena-328mq-verde-a-testa\/#primaryimage\"},\"thumbnailUrl\":\"https:\/\/www.italiaeconomiaonline.it\/web\/wp-content\/uploads\/2020\/01\/Schermata-2020-01-31-alle-15.13.33.png\",\"datePublished\":\"2020-11-24T14:33:31+00:00\",\"dateModified\":\"2020-11-24T14:33:31+00:00\",\"author\":{\"@id\":\"https:\/\/www.italiaeconomiaonline.it\/web\/#\/schema\/person\/909a49cce752523b020fbc37d5ab1c31\"},\"breadcrumb\":{\"@id\":\"https:\/\/www.italiaeconomiaonline.it\/web\/smog-coldiretti-morti-in-italia-con-appena-328mq-verde-a-testa\/#breadcrumb\"},\"inLanguage\":\"it-IT\",\"potentialAction\":[{\"@type\":\"ReadAction\",\"target\":[\"https:\/\/www.italiaeconomiaonline.it\/web\/smog-coldiretti-morti-in-italia-con-appena-328mq-verde-a-testa\/\"]}]},{\"@type\":\"ImageObject\",\"inLanguage\":\"it-IT\",\"@id\":\"https:\/\/www.italiaeconomiaonline.it\/web\/smog-coldiretti-morti-in-italia-con-appena-328mq-verde-a-testa\/#primaryimage\",\"url\":\"https:\/\/www.italiaeconomiaonline.it\/web\/wp-content\/uploads\/2020\/01\/Schermata-2020-01-31-alle-15.13.33.png\",\"contentUrl\":\"https:\/\/www.italiaeconomiaonline.it\/web\/wp-content\/uploads\/2020\/01\/Schermata-2020-01-31-alle-15.13.33.png\",\"width\":818,\"height\":475},{\"@type\":\"BreadcrumbList\",\"@id\":\"https:\/\/www.italiaeconomiaonline.it\/web\/smog-coldiretti-morti-in-italia-con-appena-328mq-verde-a-testa\/#breadcrumb\",\"itemListElement\":[{\"@type\":\"ListItem\",\"position\":1,\"name\":\"Home\",\"item\":\"https:\/\/www.italiaeconomiaonline.it\/web\/\"},{\"@type\":\"ListItem\",\"position\":2,\"name\":\"Smog, Coldiretti: morti in Italia con appena 32,8mq verde a testa\"}]},{\"@type\":\"WebSite\",\"@id\":\"https:\/\/www.italiaeconomiaonline.it\/web\/#website\",\"url\":\"https:\/\/www.italiaeconomiaonline.it\/web\/\",\"name\":\"ItaliaEconomiaOnline\",\"description\":\"Quotidiano Economico Online\",\"potentialAction\":[{\"@type\":\"SearchAction\",\"target\":{\"@type\":\"EntryPoint\",\"urlTemplate\":\"https:\/\/www.italiaeconomiaonline.it\/web\/?s={search_term_string}\"},\"query-input\":\"required name=search_term_string\"}],\"inLanguage\":\"it-IT\"},{\"@type\":\"Person\",\"@id\":\"https:\/\/www.italiaeconomiaonline.it\/web\/#\/schema\/person\/909a49cce752523b020fbc37d5ab1c31\",\"name\":\"ladyitaliaeconomia\",\"image\":{\"@type\":\"ImageObject\",\"inLanguage\":\"it-IT\",\"@id\":\"https:\/\/www.italiaeconomiaonline.it\/web\/#\/schema\/person\/image\/\",\"url\":\"https:\/\/secure.gravatar.com\/avatar\/cedca10ce7416a579b9fa6bce9c0a8f2?s=96&d=mm&r=g\",\"contentUrl\":\"https:\/\/secure.gravatar.com\/avatar\/cedca10ce7416a579b9fa6bce9c0a8f2?s=96&d=mm&r=g\",\"caption\":\"ladyitaliaeconomia\"},\"url\":\"https:\/\/www.italiaeconomiaonline.it\/web\/author\/ladyitaliaeconomia\/\"}]}<\/script>\n<!-- \/ Yoast SEO plugin. -->","yoast_head_json":{"title":"Smog, Coldiretti: morti in Italia con appena 32,8mq verde a testa -","robots":{"index":"index","follow":"follow","max-snippet":"max-snippet:-1","max-image-preview":"max-image-preview:large","max-video-preview":"max-video-preview:-1"},"canonical":"https:\/\/www.italiaeconomiaonline.it\/web\/smog-coldiretti-morti-in-italia-con-appena-328mq-verde-a-testa\/","og_locale":"it_IT","og_type":"article","og_title":"Smog, Coldiretti: morti in Italia con appena 32,8mq verde a testa -","og_description":"Con l\u2019Italia che dispone di appena 32,8 metri quadrati di verde urbano per abitante \u00e8 strategico puntare su un grande piano di riqualificazione urbana di parchi e giardini che migliori la qualit\u00e0 dell\u2019aria e della vita della popolazione dando una spinta all\u2019economia e all\u2019occupazione. E\u2019 quanto emerge da una analisi della Coldiretti su dati Istat [&hellip;]","og_url":"https:\/\/www.italiaeconomiaonline.it\/web\/smog-coldiretti-morti-in-italia-con-appena-328mq-verde-a-testa\/","og_site_name":"ItaliaEconomiaOnline","article_published_time":"2020-11-24T14:33:31+00:00","og_image":[{"width":818,"height":475,"url":"https:\/\/www.italiaeconomiaonline.it\/web\/wp-content\/uploads\/2020\/01\/Schermata-2020-01-31-alle-15.13.33.png","type":"image\/png"}],"author":"ladyitaliaeconomia","twitter_card":"summary_large_image","twitter_misc":{"Scritto da":"ladyitaliaeconomia","Tempo di lettura stimato":"3 minuti"},"schema":{"@context":"https:\/\/schema.org","@graph":[{"@type":"WebPage","@id":"https:\/\/www.italiaeconomiaonline.it\/web\/smog-coldiretti-morti-in-italia-con-appena-328mq-verde-a-testa\/","url":"https:\/\/www.italiaeconomiaonline.it\/web\/smog-coldiretti-morti-in-italia-con-appena-328mq-verde-a-testa\/","name":"Smog, Coldiretti: morti in Italia con appena 32,8mq verde a testa -","isPartOf":{"@id":"https:\/\/www.italiaeconomiaonline.it\/web\/#website"},"primaryImageOfPage":{"@id":"https:\/\/www.italiaeconomiaonline.it\/web\/smog-coldiretti-morti-in-italia-con-appena-328mq-verde-a-testa\/#primaryimage"},"image":{"@id":"https:\/\/www.italiaeconomiaonline.it\/web\/smog-coldiretti-morti-in-italia-con-appena-328mq-verde-a-testa\/#primaryimage"},"thumbnailUrl":"https:\/\/www.italiaeconomiaonline.it\/web\/wp-content\/uploads\/2020\/01\/Schermata-2020-01-31-alle-15.13.33.png","datePublished":"2020-11-24T14:33:31+00:00","dateModified":"2020-11-24T14:33:31+00:00","author":{"@id":"https:\/\/www.italiaeconomiaonline.it\/web\/#\/schema\/person\/909a49cce752523b020fbc37d5ab1c31"},"breadcrumb":{"@id":"https:\/\/www.italiaeconomiaonline.it\/web\/smog-coldiretti-morti-in-italia-con-appena-328mq-verde-a-testa\/#breadcrumb"},"inLanguage":"it-IT","potentialAction":[{"@type":"ReadAction","target":["https:\/\/www.italiaeconomiaonline.it\/web\/smog-coldiretti-morti-in-italia-con-appena-328mq-verde-a-testa\/"]}]},{"@type":"ImageObject","inLanguage":"it-IT","@id":"https:\/\/www.italiaeconomiaonline.it\/web\/smog-coldiretti-morti-in-italia-con-appena-328mq-verde-a-testa\/#primaryimage","url":"https:\/\/www.italiaeconomiaonline.it\/web\/wp-content\/uploads\/2020\/01\/Schermata-2020-01-31-alle-15.13.33.png","contentUrl":"https:\/\/www.italiaeconomiaonline.it\/web\/wp-content\/uploads\/2020\/01\/Schermata-2020-01-31-alle-15.13.33.png","width":818,"height":475},{"@type":"BreadcrumbList","@id":"https:\/\/www.italiaeconomiaonline.it\/web\/smog-coldiretti-morti-in-italia-con-appena-328mq-verde-a-testa\/#breadcrumb","itemListElement":[{"@type":"ListItem","position":1,"name":"Home","item":"https:\/\/www.italiaeconomiaonline.it\/web\/"},{"@type":"ListItem","position":2,"name":"Smog, Coldiretti: morti in Italia con appena 32,8mq verde a testa"}]},{"@type":"WebSite","@id":"https:\/\/www.italiaeconomiaonline.it\/web\/#website","url":"https:\/\/www.italiaeconomiaonline.it\/web\/","name":"ItaliaEconomiaOnline","description":"Quotidiano Economico Online","potentialAction":[{"@type":"SearchAction","target":{"@type":"EntryPoint","urlTemplate":"https:\/\/www.italiaeconomiaonline.it\/web\/?s={search_term_string}"},"query-input":"required name=search_term_string"}],"inLanguage":"it-IT"},{"@type":"Person","@id":"https:\/\/www.italiaeconomiaonline.it\/web\/#\/schema\/person\/909a49cce752523b020fbc37d5ab1c31","name":"ladyitaliaeconomia","image":{"@type":"ImageObject","inLanguage":"it-IT","@id":"https:\/\/www.italiaeconomiaonline.it\/web\/#\/schema\/person\/image\/","url":"https:\/\/secure.gravatar.com\/avatar\/cedca10ce7416a579b9fa6bce9c0a8f2?s=96&d=mm&r=g","contentUrl":"https:\/\/secure.gravatar.com\/avatar\/cedca10ce7416a579b9fa6bce9c0a8f2?s=96&d=mm&r=g","caption":"ladyitaliaeconomia"},"url":"https:\/\/www.italiaeconomiaonline.it\/web\/author\/ladyitaliaeconomia\/"}]}},"_links":{"self":[{"href":"https:\/\/www.italiaeconomiaonline.it\/web\/wp-json\/wp\/v2\/posts\/4733"}],"collection":[{"href":"https:\/\/www.italiaeconomiaonline.it\/web\/wp-json\/wp\/v2\/posts"}],"about":[{"href":"https:\/\/www.italiaeconomiaonline.it\/web\/wp-json\/wp\/v2\/types\/post"}],"author":[{"embeddable":true,"href":"https:\/\/www.italiaeconomiaonline.it\/web\/wp-json\/wp\/v2\/users\/1"}],"replies":[{"embeddable":true,"href":"https:\/\/www.italiaeconomiaonline.it\/web\/wp-json\/wp\/v2\/comments?post=4733"}],"version-history":[{"count":1,"href":"https:\/\/www.italiaeconomiaonline.it\/web\/wp-json\/wp\/v2\/posts\/4733\/revisions"}],"predecessor-version":[{"id":4734,"href":"https:\/\/www.italiaeconomiaonline.it\/web\/wp-json\/wp\/v2\/posts\/4733\/revisions\/4734"}],"wp:featuredmedia":[{"embeddable":true,"href":"https:\/\/www.italiaeconomiaonline.it\/web\/wp-json\/wp\/v2\/media\/2432"}],"wp:attachment":[{"href":"https:\/\/www.italiaeconomiaonline.it\/web\/wp-json\/wp\/v2\/media?parent=4733"}],"wp:term":[{"taxonomy":"category","embeddable":true,"href":"https:\/\/www.italiaeconomiaonline.it\/web\/wp-json\/wp\/v2\/categories?post=4733"},{"taxonomy":"post_tag","embeddable":true,"href":"https:\/\/www.italiaeconomiaonline.it\/web\/wp-json\/wp\/v2\/tags?post=4733"}],"curies":[{"name":"wp","href":"https:\/\/api.w.org\/{rel}","templated":true}]}}