{"id":4752,"date":"2020-11-26T18:15:47","date_gmt":"2020-11-26T17:15:47","guid":{"rendered":"http:\/\/www.italiaeconomiaonline.it\/web\/?p=4752"},"modified":"2020-11-26T18:15:47","modified_gmt":"2020-11-26T17:15:47","slug":"adiconsum-sigla-protocollo-con-digital-transformation-institute","status":"publish","type":"post","link":"https:\/\/www.italiaeconomiaonline.it\/web\/adiconsum-sigla-protocollo-con-digital-transformation-institute\/","title":{"rendered":"Adiconsum sigla protocollo con \u201cDigital Transformation Institute\u201d"},"content":{"rendered":"<p><strong><span class=\"dropcap dropcap3\">A<\/span>diconsum<\/strong> e l\u2019Associazione \u201c<a href=\"http:\/\/customer33573.musvc2.net\/e\/t?q=5%3dKWKYK%26F%3dG%26F%3dMYOZ%267%3dYGTIY%26A%3d0BN6K_0uir_K5_8skt_H8_0uir_J0COE.8y91NqDBLqFA05J550A7HyFANyLCNu.AB_Lguh_Vv%266%3d5O9NuV.47B%263s5qC9%3dYLWL\">Digital Transformation Institute<\/a>\u201d, presieduta dal Prof. Stefano Epifani, hanno sottoscritto un <strong>Protocollo di collaborazione<\/strong>.<\/p>\n<p>&nbsp;<\/p>\n<p><a href=\"http:\/\/customer33573.musvc2.net\/e\/t?q=5%3dESPYE%26B%3dL%26F%3dGUTZ%261%3dULTCU%26F%3d3m1v06JAK_4qnr_E1_Csep_M8_4qnr_D6HO9.1yAoE9K7C.4L_4qnr_D6%26y%3dE7IG5D.DzL%26uI%3dRVEV\">Adiconsum<\/a> fu la prima Associazione Consumatori, nel lontano 1998, a dotarsi di un \u00a0settore dedicato alle Nuove Tecnologie, dimostrando la propria attenzione, mai sopita, alla connessione fra innovazione e consumerismo che\u00a0 oggi \u00e8 pi\u00f9 che mai d\u2019attualit\u00e0 grazie alla trasformazione digitale in atto.<\/p>\n<p>&nbsp;<\/p>\n<p>L\u2019epidemia da coronavirus sta dando, sicuramente, una spinta alla trasformazione digitale nel nostro Paese, impegnando tutti all\u2019uso degli strumenti digitali, per fare smartworking, DAD, acquisti online e rapportarsi con le pubbliche amministrazioni.<\/p>\n<p>&nbsp;<\/p>\n<p>Il Digital Transformation Index di \u201cDell Technologies\u201d ha evidenziato come le aziende italiane nel corso del 2020 abbiano accelerato gli investimenti nella digitalizzazione dell\u201985% rispetto al 75% della media europea.<\/p>\n<p>&nbsp;<\/p>\n<p>Ad avviso di <strong>Adiconsum<\/strong> non si pu\u00f2 non tener conto della trasformazione digitale in atto e di come questa sia importante per il tessuto economico e sociale del nostro Paese.<\/p>\n<p>&nbsp;<\/p>\n<p><strong>Adiconsum<\/strong> \u2013 dichiara il Presidente, <strong>Carlo De Masi<\/strong> \u2013 <em>ha fra i suoi principali scopi quello di tutelare i diritti di tutti i consumatori compresi quelli che usano internet e ritiene che lo sviluppo della digitalizzazione nel nostro Paese sia necessario e indispensabile per aumentarli e garantire l\u2019inclusione di tutti i cittadini. La collaborazione con<\/em> <strong><em>Digital Transformation Institute<\/em><\/strong> <em>\u00e8 strategica per incrementare le conoscenze e la formazione che la digitalizzazione impone. Ricordiamo che come Adiconsum abbiamo realizzato e continuiamo a realizzare numerosi progetti dedicati alla digitalizzazione a favore dei cittadini, sostenuti dalle istituzioni europee e nazionali.<\/em><\/p>\n<p>&nbsp;<\/p>\n<p><em>Per \u201c<strong>Digital Transformation Institute<\/strong>\u201d<\/em> &#8211; dichiara il Presidente, <strong>Stefano Epifani<\/strong> &#8211; <em>la collaborazione con A<strong>diconsum<\/strong> \u00e8 un passaggio particolarmente importante per lo sviluppo delle nostre attivit\u00e0 di ricerca ed advocacy. Guardare alle traiettorie del consumerismo ed a come esso muti e si evolva a valle del percorso di trasformazione digitale che tocca tutti gli aspetti della societ\u00e0 vuol dire guardare a come evolveranno le relazioni tra le persone ed i modelli di consumo della platform society. Vuol dire poter contare sul sistema di competenze e di valori rappresentato da <strong>Adiconsum<\/strong>, grazie al quale comprendere meglio le evoluzioni di un fenomeno dalla cui interpretazione dipende la nostra capacit\u00e0 di sviluppare consapevolezza su temi che sono e saranno sempre pi\u00f9 centrali, soprattutto se vogliamo guardare agli obiettivi di sostenibilit\u00e0 sociale ed economica previsti da <strong>Agenda 2030<\/strong>. Obiettivi per raggiungere i quali le tecnologie digitali hanno una funzione determinante nel ridisegnare il ruolo e la consapevolezza dei consumatori in un sistema di diritti sempre pi\u00f9 complesso da gestire.<\/em><\/p>\n<p>&nbsp;<\/p>\n<p><strong>Adiconsum<\/strong> e <strong>Digital Transformation Institute<\/strong> concordano nel ritenere la trasformazione digitale in atto un fenomeno multidimensionale, la cui corretta comprensione richiede un approccio di tipo interdisciplinare specialistico cos\u00ec come la comprensione delle dinamiche connesse \u00e8 fondamentale per definire una nuova consapevolezza del consumatore e soprattutto per raggiungere gli obiettivi di \u201csostenibilit\u00e0\u201d previsti dall\u2019Agenda 2030.<\/p>\n<p>&nbsp;<\/p>\n<p>Considerati gli obiettivi convergenti delle parti, il Protocollo prevede di:<\/p>\n<ul>\n<li>ottimizzare le relazioni fra il Centro Studi, Ricerche e Innovazioni di <strong>Adiconsum<\/strong> e il <strong>Digital Transformation Institute<\/strong> per supportare attivit\u00e0 di ricerca nell\u2019ambito della trasformazione digitale e il suo impatto sul consumerismo<\/li>\n<li>facilitare la diffusione e l\u2019interscambio, utilizzando i reciproci mezzi di comunicazione, delle esperienze e delle buone prassi condotte a livello territoriale<\/li>\n<li>promuovere forme di collaborazione tra enti locali a livello europeo e con i paesi extra-UE al fine di rendere disponibile le esperienze condotte a livello italiano quale strumento a supporto dei programmi di rafforzamento delle conoscenze e delle competenze maturate nel nostro paese in quest\u2019ambito;<\/li>\n<li>predisporre e realizzare congiuntamente studi, ricerche, seminari, workshop, conferenze e progetti \u2013 locali, nazionali e internazionali<\/li>\n<li>partecipare a gare e a \u201c<em>call for proposals<\/em>\u201d di carattere nazionale e\/o internazionale, anche in associazione con altri partner.<\/li>\n<\/ul>\n<p><strong>\u00a0<\/strong><\/p>\n","protected":false},"excerpt":{"rendered":"<p>Adiconsum e l\u2019Associazione \u201cDigital Transformation Institute\u201d, presieduta dal Prof. Stefano Epifani, hanno sottoscritto un Protocollo di collaborazione. &nbsp; Adiconsum fu la prima Associazione Consumatori, nel lontano 1998, a dotarsi di un \u00a0settore dedicato alle Nuove Tecnologie, dimostrando la propria attenzione, mai sopita, alla connessione fra innovazione e consumerismo che\u00a0 oggi \u00e8 pi\u00f9 che mai d\u2019attualit\u00e0 [&hellip;]<\/p>\n","protected":false},"author":1,"featured_media":3602,"comment_status":"closed","ping_status":"open","sticky":false,"template":"","format":"standard","meta":{"footnotes":""},"categories":[309],"tags":[],"yoast_head":"<!-- This site is optimized with the Yoast SEO plugin v22.2 - https:\/\/yoast.com\/wordpress\/plugins\/seo\/ -->\n<title>Adiconsum sigla protocollo con \u201cDigital Transformation Institute\u201d -<\/title>\n<meta name=\"robots\" content=\"index, follow, max-snippet:-1, max-image-preview:large, max-video-preview:-1\" \/>\n<link rel=\"canonical\" href=\"https:\/\/www.italiaeconomiaonline.it\/web\/adiconsum-sigla-protocollo-con-digital-transformation-institute\/\" \/>\n<meta property=\"og:locale\" content=\"it_IT\" \/>\n<meta property=\"og:type\" content=\"article\" \/>\n<meta property=\"og:title\" content=\"Adiconsum sigla protocollo con \u201cDigital Transformation Institute\u201d -\" \/>\n<meta property=\"og:description\" content=\"Adiconsum e l\u2019Associazione \u201cDigital Transformation Institute\u201d, presieduta dal Prof. Stefano Epifani, hanno sottoscritto un Protocollo di collaborazione. &nbsp; Adiconsum fu la prima Associazione Consumatori, nel lontano 1998, a dotarsi di un \u00a0settore dedicato alle Nuove Tecnologie, dimostrando la propria attenzione, mai sopita, alla connessione fra innovazione e consumerismo che\u00a0 oggi \u00e8 pi\u00f9 che mai d\u2019attualit\u00e0 [&hellip;]\" \/>\n<meta property=\"og:url\" content=\"https:\/\/www.italiaeconomiaonline.it\/web\/adiconsum-sigla-protocollo-con-digital-transformation-institute\/\" \/>\n<meta property=\"og:site_name\" content=\"ItaliaEconomiaOnline\" \/>\n<meta property=\"article:published_time\" content=\"2020-11-26T17:15:47+00:00\" \/>\n<meta property=\"og:image\" content=\"https:\/\/www.italiaeconomiaonline.it\/web\/wp-content\/uploads\/2020\/07\/Schermata-2020-07-07-alle-11.58.37-1024x605.png\" \/>\n\t<meta property=\"og:image:width\" content=\"1024\" \/>\n\t<meta property=\"og:image:height\" content=\"605\" \/>\n\t<meta property=\"og:image:type\" content=\"image\/png\" \/>\n<meta name=\"author\" content=\"ladyitaliaeconomia\" \/>\n<meta name=\"twitter:card\" content=\"summary_large_image\" \/>\n<meta name=\"twitter:label1\" content=\"Scritto da\" \/>\n\t<meta name=\"twitter:data1\" content=\"ladyitaliaeconomia\" \/>\n\t<meta name=\"twitter:label2\" content=\"Tempo di lettura stimato\" \/>\n\t<meta name=\"twitter:data2\" content=\"3 minuti\" \/>\n<script type=\"application\/ld+json\" class=\"yoast-schema-graph\">{\"@context\":\"https:\/\/schema.org\",\"@graph\":[{\"@type\":\"WebPage\",\"@id\":\"https:\/\/www.italiaeconomiaonline.it\/web\/adiconsum-sigla-protocollo-con-digital-transformation-institute\/\",\"url\":\"https:\/\/www.italiaeconomiaonline.it\/web\/adiconsum-sigla-protocollo-con-digital-transformation-institute\/\",\"name\":\"Adiconsum sigla protocollo con \u201cDigital Transformation Institute\u201d -\",\"isPartOf\":{\"@id\":\"https:\/\/www.italiaeconomiaonline.it\/web\/#website\"},\"primaryImageOfPage\":{\"@id\":\"https:\/\/www.italiaeconomiaonline.it\/web\/adiconsum-sigla-protocollo-con-digital-transformation-institute\/#primaryimage\"},\"image\":{\"@id\":\"https:\/\/www.italiaeconomiaonline.it\/web\/adiconsum-sigla-protocollo-con-digital-transformation-institute\/#primaryimage\"},\"thumbnailUrl\":\"https:\/\/www.italiaeconomiaonline.it\/web\/wp-content\/uploads\/2020\/07\/Schermata-2020-07-07-alle-11.58.37.png\",\"datePublished\":\"2020-11-26T17:15:47+00:00\",\"dateModified\":\"2020-11-26T17:15:47+00:00\",\"author\":{\"@id\":\"https:\/\/www.italiaeconomiaonline.it\/web\/#\/schema\/person\/909a49cce752523b020fbc37d5ab1c31\"},\"breadcrumb\":{\"@id\":\"https:\/\/www.italiaeconomiaonline.it\/web\/adiconsum-sigla-protocollo-con-digital-transformation-institute\/#breadcrumb\"},\"inLanguage\":\"it-IT\",\"potentialAction\":[{\"@type\":\"ReadAction\",\"target\":[\"https:\/\/www.italiaeconomiaonline.it\/web\/adiconsum-sigla-protocollo-con-digital-transformation-institute\/\"]}]},{\"@type\":\"ImageObject\",\"inLanguage\":\"it-IT\",\"@id\":\"https:\/\/www.italiaeconomiaonline.it\/web\/adiconsum-sigla-protocollo-con-digital-transformation-institute\/#primaryimage\",\"url\":\"https:\/\/www.italiaeconomiaonline.it\/web\/wp-content\/uploads\/2020\/07\/Schermata-2020-07-07-alle-11.58.37.png\",\"contentUrl\":\"https:\/\/www.italiaeconomiaonline.it\/web\/wp-content\/uploads\/2020\/07\/Schermata-2020-07-07-alle-11.58.37.png\",\"width\":1548,\"height\":914},{\"@type\":\"BreadcrumbList\",\"@id\":\"https:\/\/www.italiaeconomiaonline.it\/web\/adiconsum-sigla-protocollo-con-digital-transformation-institute\/#breadcrumb\",\"itemListElement\":[{\"@type\":\"ListItem\",\"position\":1,\"name\":\"Home\",\"item\":\"https:\/\/www.italiaeconomiaonline.it\/web\/\"},{\"@type\":\"ListItem\",\"position\":2,\"name\":\"Adiconsum sigla protocollo con \u201cDigital Transformation Institute\u201d\"}]},{\"@type\":\"WebSite\",\"@id\":\"https:\/\/www.italiaeconomiaonline.it\/web\/#website\",\"url\":\"https:\/\/www.italiaeconomiaonline.it\/web\/\",\"name\":\"ItaliaEconomiaOnline\",\"description\":\"Quotidiano Economico Online\",\"potentialAction\":[{\"@type\":\"SearchAction\",\"target\":{\"@type\":\"EntryPoint\",\"urlTemplate\":\"https:\/\/www.italiaeconomiaonline.it\/web\/?s={search_term_string}\"},\"query-input\":\"required name=search_term_string\"}],\"inLanguage\":\"it-IT\"},{\"@type\":\"Person\",\"@id\":\"https:\/\/www.italiaeconomiaonline.it\/web\/#\/schema\/person\/909a49cce752523b020fbc37d5ab1c31\",\"name\":\"ladyitaliaeconomia\",\"image\":{\"@type\":\"ImageObject\",\"inLanguage\":\"it-IT\",\"@id\":\"https:\/\/www.italiaeconomiaonline.it\/web\/#\/schema\/person\/image\/\",\"url\":\"https:\/\/secure.gravatar.com\/avatar\/cedca10ce7416a579b9fa6bce9c0a8f2?s=96&d=mm&r=g\",\"contentUrl\":\"https:\/\/secure.gravatar.com\/avatar\/cedca10ce7416a579b9fa6bce9c0a8f2?s=96&d=mm&r=g\",\"caption\":\"ladyitaliaeconomia\"},\"url\":\"https:\/\/www.italiaeconomiaonline.it\/web\/author\/ladyitaliaeconomia\/\"}]}<\/script>\n<!-- \/ Yoast SEO plugin. -->","yoast_head_json":{"title":"Adiconsum sigla protocollo con \u201cDigital Transformation Institute\u201d -","robots":{"index":"index","follow":"follow","max-snippet":"max-snippet:-1","max-image-preview":"max-image-preview:large","max-video-preview":"max-video-preview:-1"},"canonical":"https:\/\/www.italiaeconomiaonline.it\/web\/adiconsum-sigla-protocollo-con-digital-transformation-institute\/","og_locale":"it_IT","og_type":"article","og_title":"Adiconsum sigla protocollo con \u201cDigital Transformation Institute\u201d -","og_description":"Adiconsum e l\u2019Associazione \u201cDigital Transformation Institute\u201d, presieduta dal Prof. Stefano Epifani, hanno sottoscritto un Protocollo di collaborazione. &nbsp; Adiconsum fu la prima Associazione Consumatori, nel lontano 1998, a dotarsi di un \u00a0settore dedicato alle Nuove Tecnologie, dimostrando la propria attenzione, mai sopita, alla connessione fra innovazione e consumerismo che\u00a0 oggi \u00e8 pi\u00f9 che mai d\u2019attualit\u00e0 [&hellip;]","og_url":"https:\/\/www.italiaeconomiaonline.it\/web\/adiconsum-sigla-protocollo-con-digital-transformation-institute\/","og_site_name":"ItaliaEconomiaOnline","article_published_time":"2020-11-26T17:15:47+00:00","og_image":[{"width":1024,"height":605,"url":"https:\/\/www.italiaeconomiaonline.it\/web\/wp-content\/uploads\/2020\/07\/Schermata-2020-07-07-alle-11.58.37-1024x605.png","type":"image\/png"}],"author":"ladyitaliaeconomia","twitter_card":"summary_large_image","twitter_misc":{"Scritto da":"ladyitaliaeconomia","Tempo di lettura stimato":"3 minuti"},"schema":{"@context":"https:\/\/schema.org","@graph":[{"@type":"WebPage","@id":"https:\/\/www.italiaeconomiaonline.it\/web\/adiconsum-sigla-protocollo-con-digital-transformation-institute\/","url":"https:\/\/www.italiaeconomiaonline.it\/web\/adiconsum-sigla-protocollo-con-digital-transformation-institute\/","name":"Adiconsum sigla protocollo con \u201cDigital Transformation Institute\u201d -","isPartOf":{"@id":"https:\/\/www.italiaeconomiaonline.it\/web\/#website"},"primaryImageOfPage":{"@id":"https:\/\/www.italiaeconomiaonline.it\/web\/adiconsum-sigla-protocollo-con-digital-transformation-institute\/#primaryimage"},"image":{"@id":"https:\/\/www.italiaeconomiaonline.it\/web\/adiconsum-sigla-protocollo-con-digital-transformation-institute\/#primaryimage"},"thumbnailUrl":"https:\/\/www.italiaeconomiaonline.it\/web\/wp-content\/uploads\/2020\/07\/Schermata-2020-07-07-alle-11.58.37.png","datePublished":"2020-11-26T17:15:47+00:00","dateModified":"2020-11-26T17:15:47+00:00","author":{"@id":"https:\/\/www.italiaeconomiaonline.it\/web\/#\/schema\/person\/909a49cce752523b020fbc37d5ab1c31"},"breadcrumb":{"@id":"https:\/\/www.italiaeconomiaonline.it\/web\/adiconsum-sigla-protocollo-con-digital-transformation-institute\/#breadcrumb"},"inLanguage":"it-IT","potentialAction":[{"@type":"ReadAction","target":["https:\/\/www.italiaeconomiaonline.it\/web\/adiconsum-sigla-protocollo-con-digital-transformation-institute\/"]}]},{"@type":"ImageObject","inLanguage":"it-IT","@id":"https:\/\/www.italiaeconomiaonline.it\/web\/adiconsum-sigla-protocollo-con-digital-transformation-institute\/#primaryimage","url":"https:\/\/www.italiaeconomiaonline.it\/web\/wp-content\/uploads\/2020\/07\/Schermata-2020-07-07-alle-11.58.37.png","contentUrl":"https:\/\/www.italiaeconomiaonline.it\/web\/wp-content\/uploads\/2020\/07\/Schermata-2020-07-07-alle-11.58.37.png","width":1548,"height":914},{"@type":"BreadcrumbList","@id":"https:\/\/www.italiaeconomiaonline.it\/web\/adiconsum-sigla-protocollo-con-digital-transformation-institute\/#breadcrumb","itemListElement":[{"@type":"ListItem","position":1,"name":"Home","item":"https:\/\/www.italiaeconomiaonline.it\/web\/"},{"@type":"ListItem","position":2,"name":"Adiconsum sigla protocollo con \u201cDigital Transformation Institute\u201d"}]},{"@type":"WebSite","@id":"https:\/\/www.italiaeconomiaonline.it\/web\/#website","url":"https:\/\/www.italiaeconomiaonline.it\/web\/","name":"ItaliaEconomiaOnline","description":"Quotidiano Economico Online","potentialAction":[{"@type":"SearchAction","target":{"@type":"EntryPoint","urlTemplate":"https:\/\/www.italiaeconomiaonline.it\/web\/?s={search_term_string}"},"query-input":"required name=search_term_string"}],"inLanguage":"it-IT"},{"@type":"Person","@id":"https:\/\/www.italiaeconomiaonline.it\/web\/#\/schema\/person\/909a49cce752523b020fbc37d5ab1c31","name":"ladyitaliaeconomia","image":{"@type":"ImageObject","inLanguage":"it-IT","@id":"https:\/\/www.italiaeconomiaonline.it\/web\/#\/schema\/person\/image\/","url":"https:\/\/secure.gravatar.com\/avatar\/cedca10ce7416a579b9fa6bce9c0a8f2?s=96&d=mm&r=g","contentUrl":"https:\/\/secure.gravatar.com\/avatar\/cedca10ce7416a579b9fa6bce9c0a8f2?s=96&d=mm&r=g","caption":"ladyitaliaeconomia"},"url":"https:\/\/www.italiaeconomiaonline.it\/web\/author\/ladyitaliaeconomia\/"}]}},"_links":{"self":[{"href":"https:\/\/www.italiaeconomiaonline.it\/web\/wp-json\/wp\/v2\/posts\/4752"}],"collection":[{"href":"https:\/\/www.italiaeconomiaonline.it\/web\/wp-json\/wp\/v2\/posts"}],"about":[{"href":"https:\/\/www.italiaeconomiaonline.it\/web\/wp-json\/wp\/v2\/types\/post"}],"author":[{"embeddable":true,"href":"https:\/\/www.italiaeconomiaonline.it\/web\/wp-json\/wp\/v2\/users\/1"}],"replies":[{"embeddable":true,"href":"https:\/\/www.italiaeconomiaonline.it\/web\/wp-json\/wp\/v2\/comments?post=4752"}],"version-history":[{"count":1,"href":"https:\/\/www.italiaeconomiaonline.it\/web\/wp-json\/wp\/v2\/posts\/4752\/revisions"}],"predecessor-version":[{"id":4753,"href":"https:\/\/www.italiaeconomiaonline.it\/web\/wp-json\/wp\/v2\/posts\/4752\/revisions\/4753"}],"wp:featuredmedia":[{"embeddable":true,"href":"https:\/\/www.italiaeconomiaonline.it\/web\/wp-json\/wp\/v2\/media\/3602"}],"wp:attachment":[{"href":"https:\/\/www.italiaeconomiaonline.it\/web\/wp-json\/wp\/v2\/media?parent=4752"}],"wp:term":[{"taxonomy":"category","embeddable":true,"href":"https:\/\/www.italiaeconomiaonline.it\/web\/wp-json\/wp\/v2\/categories?post=4752"},{"taxonomy":"post_tag","embeddable":true,"href":"https:\/\/www.italiaeconomiaonline.it\/web\/wp-json\/wp\/v2\/tags?post=4752"}],"curies":[{"name":"wp","href":"https:\/\/api.w.org\/{rel}","templated":true}]}}