{"id":4763,"date":"2020-11-27T09:15:48","date_gmt":"2020-11-27T08:15:48","guid":{"rendered":"http:\/\/www.italiaeconomiaonline.it\/web\/?p=4763"},"modified":"2020-11-27T09:15:48","modified_gmt":"2020-11-27T08:15:48","slug":"coldiretti-1-italiano-su-4-senza-soldi-per-il-black-friday","status":"publish","type":"post","link":"https:\/\/www.italiaeconomiaonline.it\/web\/coldiretti-1-italiano-su-4-senza-soldi-per-il-black-friday\/","title":{"rendered":"Coldiretti: 1 italiano su 4 senza soldi per il black friday"},"content":{"rendered":"<p><span class=\"dropcap dropcap3\">P<\/span>i\u00f9 di un italiano su quattro (28%) rinuncer\u00e0 quest\u2019anno a fare acquisti nel Black Friday a causa del peggioramento della propria situazione finanziaria dovuto al Covid. E\u2019 quanto emerge da un sondaggio sul sito <a href=\"http:\/\/www.coldiretti.it\/\">www.coldiretti.it<\/a> che analizza gli effetti della pandemia sul tradizionale appuntamento dedicato allo shopping in vista del Natale, con promozioni e iniziative vantaggiose previste nei negozi, nei mercati e su internet.<\/p>\n<p>&nbsp;<\/p>\n<p>Se l\u2019emergenza sanitaria ha avuto effetti dirompenti sulle possibilit\u00e0 di spesa di molte famiglie che negli anni scorsi avevano approfittato del week end di sconti \u2013 sottolinea Coldiretti &#8211; un altro 7% non far\u00e0 regali a Natale, mentre un 32% non \u00e8 semplicemente interessato alle offerte del \u201cVenerd\u00ec nero\u201d.<\/p>\n<p>&nbsp;<\/p>\n<p>Resiste comunque un 33% di italiani che approfitter\u00e0, invece, delle offerte \u2013 continua Coldiretti \u2013 divisi quasi a met\u00e0 con un 18% che far\u00e0 acquisti prevalentemente nei negozi tradizionali e un 15% che, invece, si affider\u00e0 alla spesa on line, anche a causa delle limitazioni agli spostamenti e alle aperture degli esercizi commerciali imposte dalle misure anti pandemia, soprattutto nelle regioni rosse e arancioni.<\/p>\n<p>&nbsp;<\/p>\n<p>Complessivamente il giro di affari quest\u2019anno in Italia si attester\u00e0 sui 2 miliardi, tra l\u2019aumento delle vendite on line e il calo di quelle nei negozi tradizionali. Un importo rilevante ma ancora lontano di quello dei consumatori statunitensi che \u2013 rileva la Coldiretti \u2013 per la stagione delle feste che prende tradizionalmente il via con il Black Friday, spenderanno tra i 755 e i 766 miliardi di dollari, con un aumento tra il 3,6% e il 5,2% rispetto all\u2019anno scorso, nonostante le difficolt\u00e0 legate all\u2019emergenza sanitaria, secondo le stime della National Retail Federation.<\/p>\n<p>&nbsp;<\/p>\n<p>Anche se si tratta di una iniziativa nordamericana nata gi\u00e0 negli anni \u201960, si sono moltiplicate anche a livello nazionale le promozioni commerciali per l\u2019occasione che si allargano \u2013 precisa la Coldiretti \u2013 dal web ai grandi gruppi commerciali fino ai mercati contadini di Campagna Amica. Tra gli acquisti pi\u00f9 gettonati \u2013 sostiene la Coldiretti \u2013 tecnologia, abbigliamento, prodotti di bellezza ed anche l\u2019enogastronomia con il boom della cucina favorito dalle limitazioni agli spostamenti ma anche dall\u2019affermarsi di uno stile di vita attento alla riscoperta della tradizione a tavola che si esprime con la preparazione fai da te di ricette personali per serate speciali o con omaggi per gli amici che ricordano i sapori e i profumi della tradizione del territorio.<\/p>\n<p>&nbsp;<\/p>\n<p>Ma il ventaglio delle offerte &#8211; conclude la Coldiretti &#8211; si \u00e8 fortemente allargato dai prodotti ai servizi pi\u00f9 vari e per questo il consiglio della Coldiretti \u00e8 non farsi guidare dagli acquisti di impulso, di confrontare sempre le varie offerte, accertarsi dell\u2019originalit\u00e0 del prodotto e di rivolgersi nel caso della rete a siti sicuri.<\/p>\n<p><strong>\u00a0<\/strong><\/p>\n<p><strong>GLI ITALIANI E IL BLACK FRIDAY<\/strong><\/p>\n<p>Far\u00f2 acquisti prevalentemente in negozio \u00a0\u00a0\u00a0\u00a0\u00a0\u00a0\u00a0\u00a0\u00a0\u00a0\u00a0\u00a0\u00a0\u00a0\u00a0\u00a0\u00a0\u00a0\u00a0\u00a0\u00a0\u00a0\u00a0\u00a0\u00a0\u00a0\u00a0\u00a0\u00a0\u00a0\u00a0\u00a0\u00a0\u00a0\u00a0\u00a0\u00a0\u00a0\u00a0\u00a0\u00a0\u00a0\u00a0\u00a0\u00a0\u00a0\u00a0\u00a0\u00a0\u00a0\u00a0\u00a0\u00a0\u00a0\u00a0\u00a0\u00a0\u00a0\u00a0\u00a0\u00a0\u00a0\u00a0\u00a0\u00a0\u00a0\u00a0\u00a0\u00a0\u00a0 18%<\/p>\n<p>Far\u00f2 acquisti prevalentemente on line\u00a0\u00a0\u00a0\u00a0\u00a0\u00a0\u00a0\u00a0\u00a0\u00a0\u00a0\u00a0\u00a0\u00a0\u00a0\u00a0\u00a0\u00a0\u00a0\u00a0\u00a0\u00a0\u00a0\u00a0\u00a0\u00a0\u00a0\u00a0\u00a0\u00a0\u00a0\u00a0\u00a0\u00a0\u00a0\u00a0\u00a0\u00a0\u00a0\u00a0\u00a0\u00a0\u00a0\u00a0\u00a0\u00a0\u00a0\u00a0\u00a0\u00a0\u00a0\u00a0\u00a0\u00a0\u00a0\u00a0\u00a0\u00a0\u00a0\u00a0\u00a0\u00a0\u00a0\u00a0\u00a0\u00a0\u00a0\u00a0\u00a0\u00a0\u00a0\u00a0\u00a0 15%<\/p>\n<p>Non far\u00f2 acquisti, perch\u00e9 la mia situazione finanziaria \u00e8 peggiorata con il Covid\u00a0\u00a0\u00a0\u00a0\u00a0\u00a0\u00a0\u00a0\u00a0\u00a0\u00a0\u00a0\u00a0\u00a0\u00a0\u00a0 28%<\/p>\n<p>Non far\u00f2 acquisti, perch\u00e9 non sono interessato al Black Friday\u00a0\u00a0\u00a0\u00a0\u00a0\u00a0\u00a0\u00a0\u00a0\u00a0\u00a0\u00a0\u00a0\u00a0\u00a0\u00a0\u00a0\u00a0\u00a0\u00a0\u00a0\u00a0\u00a0\u00a0\u00a0\u00a0\u00a0\u00a0\u00a0\u00a0\u00a0\u00a0\u00a0\u00a0\u00a0\u00a0\u00a0\u00a0\u00a0\u00a0 32%<\/p>\n<p>Quest&#8217;anno non far\u00f2 regali a Natale\u00a0\u00a0\u00a0\u00a0\u00a0\u00a0\u00a0\u00a0\u00a0\u00a0\u00a0\u00a0\u00a0\u00a0\u00a0\u00a0\u00a0\u00a0\u00a0\u00a0\u00a0\u00a0\u00a0\u00a0\u00a0\u00a0\u00a0\u00a0\u00a0\u00a0\u00a0\u00a0\u00a0\u00a0\u00a0\u00a0\u00a0\u00a0\u00a0\u00a0\u00a0\u00a0\u00a0\u00a0\u00a0\u00a0\u00a0\u00a0\u00a0\u00a0\u00a0\u00a0\u00a0\u00a0\u00a0\u00a0\u00a0\u00a0\u00a0\u00a0\u00a0\u00a0\u00a0\u00a0\u00a0\u00a0\u00a0\u00a0\u00a0\u00a0\u00a0\u00a0\u00a0\u00a0\u00a0\u00a0\u00a0\u00a0\u00a0\u00a0 7%<\/p>\n<p>&nbsp;<\/p>\n","protected":false},"excerpt":{"rendered":"<p>Pi\u00f9 di un italiano su quattro (28%) rinuncer\u00e0 quest\u2019anno a fare acquisti nel Black Friday a causa del peggioramento della propria situazione finanziaria dovuto al Covid. E\u2019 quanto emerge da un sondaggio sul sito www.coldiretti.it che analizza gli effetti della pandemia sul tradizionale appuntamento dedicato allo shopping in vista del Natale, con promozioni e iniziative [&hellip;]<\/p>\n","protected":false},"author":1,"featured_media":4651,"comment_status":"closed","ping_status":"open","sticky":false,"template":"","format":"standard","meta":{"footnotes":""},"categories":[1],"tags":[],"yoast_head":"<!-- This site is optimized with the Yoast SEO plugin v22.2 - https:\/\/yoast.com\/wordpress\/plugins\/seo\/ -->\n<title>Coldiretti: 1 italiano su 4 senza soldi per il black friday -<\/title>\n<meta name=\"robots\" content=\"index, follow, max-snippet:-1, max-image-preview:large, max-video-preview:-1\" \/>\n<link rel=\"canonical\" href=\"https:\/\/www.italiaeconomiaonline.it\/web\/coldiretti-1-italiano-su-4-senza-soldi-per-il-black-friday\/\" \/>\n<meta property=\"og:locale\" content=\"it_IT\" \/>\n<meta property=\"og:type\" content=\"article\" \/>\n<meta property=\"og:title\" content=\"Coldiretti: 1 italiano su 4 senza soldi per il black friday -\" \/>\n<meta property=\"og:description\" content=\"Pi\u00f9 di un italiano su quattro (28%) rinuncer\u00e0 quest\u2019anno a fare acquisti nel Black Friday a causa del peggioramento della propria situazione finanziaria dovuto al Covid. E\u2019 quanto emerge da un sondaggio sul sito www.coldiretti.it che analizza gli effetti della pandemia sul tradizionale appuntamento dedicato allo shopping in vista del Natale, con promozioni e iniziative [&hellip;]\" \/>\n<meta property=\"og:url\" content=\"https:\/\/www.italiaeconomiaonline.it\/web\/coldiretti-1-italiano-su-4-senza-soldi-per-il-black-friday\/\" \/>\n<meta property=\"og:site_name\" content=\"ItaliaEconomiaOnline\" \/>\n<meta property=\"article:published_time\" content=\"2020-11-27T08:15:48+00:00\" \/>\n<meta property=\"og:image\" content=\"https:\/\/www.italiaeconomiaonline.it\/web\/wp-content\/uploads\/2020\/11\/Schermata-2020-11-16-alle-12.03.28.png\" \/>\n\t<meta property=\"og:image:width\" content=\"1424\" \/>\n\t<meta property=\"og:image:height\" content=\"960\" \/>\n\t<meta property=\"og:image:type\" content=\"image\/png\" \/>\n<meta name=\"author\" content=\"ladyitaliaeconomia\" \/>\n<meta name=\"twitter:card\" content=\"summary_large_image\" \/>\n<meta name=\"twitter:label1\" content=\"Scritto da\" \/>\n\t<meta name=\"twitter:data1\" content=\"ladyitaliaeconomia\" \/>\n\t<meta name=\"twitter:label2\" content=\"Tempo di lettura stimato\" \/>\n\t<meta name=\"twitter:data2\" content=\"2 minuti\" \/>\n<script type=\"application\/ld+json\" class=\"yoast-schema-graph\">{\"@context\":\"https:\/\/schema.org\",\"@graph\":[{\"@type\":\"WebPage\",\"@id\":\"https:\/\/www.italiaeconomiaonline.it\/web\/coldiretti-1-italiano-su-4-senza-soldi-per-il-black-friday\/\",\"url\":\"https:\/\/www.italiaeconomiaonline.it\/web\/coldiretti-1-italiano-su-4-senza-soldi-per-il-black-friday\/\",\"name\":\"Coldiretti: 1 italiano su 4 senza soldi per il black friday -\",\"isPartOf\":{\"@id\":\"https:\/\/www.italiaeconomiaonline.it\/web\/#website\"},\"primaryImageOfPage\":{\"@id\":\"https:\/\/www.italiaeconomiaonline.it\/web\/coldiretti-1-italiano-su-4-senza-soldi-per-il-black-friday\/#primaryimage\"},\"image\":{\"@id\":\"https:\/\/www.italiaeconomiaonline.it\/web\/coldiretti-1-italiano-su-4-senza-soldi-per-il-black-friday\/#primaryimage\"},\"thumbnailUrl\":\"https:\/\/www.italiaeconomiaonline.it\/web\/wp-content\/uploads\/2020\/11\/Schermata-2020-11-16-alle-12.03.28.png\",\"datePublished\":\"2020-11-27T08:15:48+00:00\",\"dateModified\":\"2020-11-27T08:15:48+00:00\",\"author\":{\"@id\":\"https:\/\/www.italiaeconomiaonline.it\/web\/#\/schema\/person\/909a49cce752523b020fbc37d5ab1c31\"},\"breadcrumb\":{\"@id\":\"https:\/\/www.italiaeconomiaonline.it\/web\/coldiretti-1-italiano-su-4-senza-soldi-per-il-black-friday\/#breadcrumb\"},\"inLanguage\":\"it-IT\",\"potentialAction\":[{\"@type\":\"ReadAction\",\"target\":[\"https:\/\/www.italiaeconomiaonline.it\/web\/coldiretti-1-italiano-su-4-senza-soldi-per-il-black-friday\/\"]}]},{\"@type\":\"ImageObject\",\"inLanguage\":\"it-IT\",\"@id\":\"https:\/\/www.italiaeconomiaonline.it\/web\/coldiretti-1-italiano-su-4-senza-soldi-per-il-black-friday\/#primaryimage\",\"url\":\"https:\/\/www.italiaeconomiaonline.it\/web\/wp-content\/uploads\/2020\/11\/Schermata-2020-11-16-alle-12.03.28.png\",\"contentUrl\":\"https:\/\/www.italiaeconomiaonline.it\/web\/wp-content\/uploads\/2020\/11\/Schermata-2020-11-16-alle-12.03.28.png\",\"width\":1424,\"height\":960},{\"@type\":\"BreadcrumbList\",\"@id\":\"https:\/\/www.italiaeconomiaonline.it\/web\/coldiretti-1-italiano-su-4-senza-soldi-per-il-black-friday\/#breadcrumb\",\"itemListElement\":[{\"@type\":\"ListItem\",\"position\":1,\"name\":\"Home\",\"item\":\"https:\/\/www.italiaeconomiaonline.it\/web\/\"},{\"@type\":\"ListItem\",\"position\":2,\"name\":\"Coldiretti: 1 italiano su 4 senza soldi per il black friday\"}]},{\"@type\":\"WebSite\",\"@id\":\"https:\/\/www.italiaeconomiaonline.it\/web\/#website\",\"url\":\"https:\/\/www.italiaeconomiaonline.it\/web\/\",\"name\":\"ItaliaEconomiaOnline\",\"description\":\"Quotidiano Economico Online\",\"potentialAction\":[{\"@type\":\"SearchAction\",\"target\":{\"@type\":\"EntryPoint\",\"urlTemplate\":\"https:\/\/www.italiaeconomiaonline.it\/web\/?s={search_term_string}\"},\"query-input\":\"required name=search_term_string\"}],\"inLanguage\":\"it-IT\"},{\"@type\":\"Person\",\"@id\":\"https:\/\/www.italiaeconomiaonline.it\/web\/#\/schema\/person\/909a49cce752523b020fbc37d5ab1c31\",\"name\":\"ladyitaliaeconomia\",\"image\":{\"@type\":\"ImageObject\",\"inLanguage\":\"it-IT\",\"@id\":\"https:\/\/www.italiaeconomiaonline.it\/web\/#\/schema\/person\/image\/\",\"url\":\"https:\/\/secure.gravatar.com\/avatar\/cedca10ce7416a579b9fa6bce9c0a8f2?s=96&d=mm&r=g\",\"contentUrl\":\"https:\/\/secure.gravatar.com\/avatar\/cedca10ce7416a579b9fa6bce9c0a8f2?s=96&d=mm&r=g\",\"caption\":\"ladyitaliaeconomia\"},\"url\":\"https:\/\/www.italiaeconomiaonline.it\/web\/author\/ladyitaliaeconomia\/\"}]}<\/script>\n<!-- \/ Yoast SEO plugin. -->","yoast_head_json":{"title":"Coldiretti: 1 italiano su 4 senza soldi per il black friday -","robots":{"index":"index","follow":"follow","max-snippet":"max-snippet:-1","max-image-preview":"max-image-preview:large","max-video-preview":"max-video-preview:-1"},"canonical":"https:\/\/www.italiaeconomiaonline.it\/web\/coldiretti-1-italiano-su-4-senza-soldi-per-il-black-friday\/","og_locale":"it_IT","og_type":"article","og_title":"Coldiretti: 1 italiano su 4 senza soldi per il black friday -","og_description":"Pi\u00f9 di un italiano su quattro (28%) rinuncer\u00e0 quest\u2019anno a fare acquisti nel Black Friday a causa del peggioramento della propria situazione finanziaria dovuto al Covid. E\u2019 quanto emerge da un sondaggio sul sito www.coldiretti.it che analizza gli effetti della pandemia sul tradizionale appuntamento dedicato allo shopping in vista del Natale, con promozioni e iniziative [&hellip;]","og_url":"https:\/\/www.italiaeconomiaonline.it\/web\/coldiretti-1-italiano-su-4-senza-soldi-per-il-black-friday\/","og_site_name":"ItaliaEconomiaOnline","article_published_time":"2020-11-27T08:15:48+00:00","og_image":[{"width":1424,"height":960,"url":"https:\/\/www.italiaeconomiaonline.it\/web\/wp-content\/uploads\/2020\/11\/Schermata-2020-11-16-alle-12.03.28.png","type":"image\/png"}],"author":"ladyitaliaeconomia","twitter_card":"summary_large_image","twitter_misc":{"Scritto da":"ladyitaliaeconomia","Tempo di lettura stimato":"2 minuti"},"schema":{"@context":"https:\/\/schema.org","@graph":[{"@type":"WebPage","@id":"https:\/\/www.italiaeconomiaonline.it\/web\/coldiretti-1-italiano-su-4-senza-soldi-per-il-black-friday\/","url":"https:\/\/www.italiaeconomiaonline.it\/web\/coldiretti-1-italiano-su-4-senza-soldi-per-il-black-friday\/","name":"Coldiretti: 1 italiano su 4 senza soldi per il black friday -","isPartOf":{"@id":"https:\/\/www.italiaeconomiaonline.it\/web\/#website"},"primaryImageOfPage":{"@id":"https:\/\/www.italiaeconomiaonline.it\/web\/coldiretti-1-italiano-su-4-senza-soldi-per-il-black-friday\/#primaryimage"},"image":{"@id":"https:\/\/www.italiaeconomiaonline.it\/web\/coldiretti-1-italiano-su-4-senza-soldi-per-il-black-friday\/#primaryimage"},"thumbnailUrl":"https:\/\/www.italiaeconomiaonline.it\/web\/wp-content\/uploads\/2020\/11\/Schermata-2020-11-16-alle-12.03.28.png","datePublished":"2020-11-27T08:15:48+00:00","dateModified":"2020-11-27T08:15:48+00:00","author":{"@id":"https:\/\/www.italiaeconomiaonline.it\/web\/#\/schema\/person\/909a49cce752523b020fbc37d5ab1c31"},"breadcrumb":{"@id":"https:\/\/www.italiaeconomiaonline.it\/web\/coldiretti-1-italiano-su-4-senza-soldi-per-il-black-friday\/#breadcrumb"},"inLanguage":"it-IT","potentialAction":[{"@type":"ReadAction","target":["https:\/\/www.italiaeconomiaonline.it\/web\/coldiretti-1-italiano-su-4-senza-soldi-per-il-black-friday\/"]}]},{"@type":"ImageObject","inLanguage":"it-IT","@id":"https:\/\/www.italiaeconomiaonline.it\/web\/coldiretti-1-italiano-su-4-senza-soldi-per-il-black-friday\/#primaryimage","url":"https:\/\/www.italiaeconomiaonline.it\/web\/wp-content\/uploads\/2020\/11\/Schermata-2020-11-16-alle-12.03.28.png","contentUrl":"https:\/\/www.italiaeconomiaonline.it\/web\/wp-content\/uploads\/2020\/11\/Schermata-2020-11-16-alle-12.03.28.png","width":1424,"height":960},{"@type":"BreadcrumbList","@id":"https:\/\/www.italiaeconomiaonline.it\/web\/coldiretti-1-italiano-su-4-senza-soldi-per-il-black-friday\/#breadcrumb","itemListElement":[{"@type":"ListItem","position":1,"name":"Home","item":"https:\/\/www.italiaeconomiaonline.it\/web\/"},{"@type":"ListItem","position":2,"name":"Coldiretti: 1 italiano su 4 senza soldi per il black friday"}]},{"@type":"WebSite","@id":"https:\/\/www.italiaeconomiaonline.it\/web\/#website","url":"https:\/\/www.italiaeconomiaonline.it\/web\/","name":"ItaliaEconomiaOnline","description":"Quotidiano Economico Online","potentialAction":[{"@type":"SearchAction","target":{"@type":"EntryPoint","urlTemplate":"https:\/\/www.italiaeconomiaonline.it\/web\/?s={search_term_string}"},"query-input":"required name=search_term_string"}],"inLanguage":"it-IT"},{"@type":"Person","@id":"https:\/\/www.italiaeconomiaonline.it\/web\/#\/schema\/person\/909a49cce752523b020fbc37d5ab1c31","name":"ladyitaliaeconomia","image":{"@type":"ImageObject","inLanguage":"it-IT","@id":"https:\/\/www.italiaeconomiaonline.it\/web\/#\/schema\/person\/image\/","url":"https:\/\/secure.gravatar.com\/avatar\/cedca10ce7416a579b9fa6bce9c0a8f2?s=96&d=mm&r=g","contentUrl":"https:\/\/secure.gravatar.com\/avatar\/cedca10ce7416a579b9fa6bce9c0a8f2?s=96&d=mm&r=g","caption":"ladyitaliaeconomia"},"url":"https:\/\/www.italiaeconomiaonline.it\/web\/author\/ladyitaliaeconomia\/"}]}},"_links":{"self":[{"href":"https:\/\/www.italiaeconomiaonline.it\/web\/wp-json\/wp\/v2\/posts\/4763"}],"collection":[{"href":"https:\/\/www.italiaeconomiaonline.it\/web\/wp-json\/wp\/v2\/posts"}],"about":[{"href":"https:\/\/www.italiaeconomiaonline.it\/web\/wp-json\/wp\/v2\/types\/post"}],"author":[{"embeddable":true,"href":"https:\/\/www.italiaeconomiaonline.it\/web\/wp-json\/wp\/v2\/users\/1"}],"replies":[{"embeddable":true,"href":"https:\/\/www.italiaeconomiaonline.it\/web\/wp-json\/wp\/v2\/comments?post=4763"}],"version-history":[{"count":1,"href":"https:\/\/www.italiaeconomiaonline.it\/web\/wp-json\/wp\/v2\/posts\/4763\/revisions"}],"predecessor-version":[{"id":4764,"href":"https:\/\/www.italiaeconomiaonline.it\/web\/wp-json\/wp\/v2\/posts\/4763\/revisions\/4764"}],"wp:featuredmedia":[{"embeddable":true,"href":"https:\/\/www.italiaeconomiaonline.it\/web\/wp-json\/wp\/v2\/media\/4651"}],"wp:attachment":[{"href":"https:\/\/www.italiaeconomiaonline.it\/web\/wp-json\/wp\/v2\/media?parent=4763"}],"wp:term":[{"taxonomy":"category","embeddable":true,"href":"https:\/\/www.italiaeconomiaonline.it\/web\/wp-json\/wp\/v2\/categories?post=4763"},{"taxonomy":"post_tag","embeddable":true,"href":"https:\/\/www.italiaeconomiaonline.it\/web\/wp-json\/wp\/v2\/tags?post=4763"}],"curies":[{"name":"wp","href":"https:\/\/api.w.org\/{rel}","templated":true}]}}