{"id":4769,"date":"2020-11-27T15:00:31","date_gmt":"2020-11-27T14:00:31","guid":{"rendered":"http:\/\/www.italiaeconomiaonline.it\/web\/?p=4769"},"modified":"2020-11-27T15:00:31","modified_gmt":"2020-11-27T14:00:31","slug":"fisco-bonetti-serve-approccio-nuovo-che-riconosca-fiscalita-come-investimento","status":"publish","type":"post","link":"https:\/\/www.italiaeconomiaonline.it\/web\/fisco-bonetti-serve-approccio-nuovo-che-riconosca-fiscalita-come-investimento\/","title":{"rendered":"Fisco, Bonetti: \u201cServe approccio nuovo che riconosca fiscalit\u00e0 come investimento\u201d"},"content":{"rendered":"<p><span class=\"dropcap dropcap3\">I<\/span>l nostro Paese sta per affrontare un percorso importante di riforma delle politiche fiscali. Ha gi\u00e0 fatto un passo in avanti individuando come primo pilastro della riforma l\u2019approvazione del \u201cFamily act\u201d.<\/p>\n<p>Ecco, ad esempio, perch\u00e9 proponiamo la decontribuzione delle spese per la formazione e l\u2019istruzione\u201d. Lo ha detto <strong>Elena Bonetti<\/strong>, ministro per la Famiglia e le Pari Opportunit\u00e0, in apertura del XVII Convegno nazionale \u201cObiettivo futuro &#8211; Professioni politica e istituzioni a confronto per la tutela dei cittadini\u201d organizzato dall\u2019Associazione nazionale commercialisti, presieduta da <strong>Marco Cuchel<\/strong>.<\/p>\n<p>\u201cLavoriamo alla costruzione di una cittadinanza attiva di cui tutta la collettivit\u00e0 potr\u00e0 godere. L\u2019assegno unico universale, per citare un altro esempio, \u00e8 un altro strumento di semplificazione e chiarezza. Serve un approccio nuovo &#8211; ha aggiunto il ministro Bonetti &#8211; che riconosca la fiscalit\u00e0 come investimento. E\u2019 la chiave di volta per la costruzione di Patto di alleanza che consenta al nostro Paese di poter ripartire con il segno pi\u00f9\u201d.<\/p>\n<p>\u201cLavoriamo altres\u00ec a politiche del lavoro che riconoscano un approccio innovativo e produttivo di valore e non assistenziale &#8211; ha proseguito la titolare del dicastero alla Famiglia &#8211; attraverso la decontribuzione per le assunzioni degli under 35 e delle donne in tutto il Paese. Dobbiamo promuovere una nuova fiscalit\u00e0 per incentivare il lavoro femminile\u201d.<\/p>\n<p>Un dialogo franco e costruttivo quello ha caratterizzato il webinar dove non sono state risparmiate importanti rivendicazioni.<\/p>\n<p>\u201cOperare in questo momento di emergenza implica pesantissime responsabilit\u00e0. Basta leggi delega. Serve un riordino complessivo della materia &#8211; ha rimarcato Cuchel &#8211; promuovendo tavoli tecnici che siano in grado di riportare l\u2019equit\u00e0 fiscale e la pari dignit\u00e0 tra fisco e contribuenti. Tutti i decreti emergenziali e i nuovi decreti ristoro, adottati a distanza di 10 giorni l\u2019uno dall\u2019altro, e si parla di una quarta e quinta versione dei decreti stessi, sono fonte di grande difficolt\u00e0. Ci mettiamo sempre al servizio di imprese e famiglie per sostenerli ma dobbiamo dire che la nostra disponibilit\u00e0 e prontezza a recepire le modifiche innovative non \u00e8 ripagata nei fatti dalla considerazione che meritiamo da parte del governo. Non vediamo riconosciuto questo nostro ruolo in fase consultiva e colleghi che stanno lavorando in piena emergenza Covid non possono nemmeno curarsi come si deve&#8221;.<\/p>\n<p>&#8220;La risposta dell\u2019Agenzia delle Entrate su quest\u2019ultimo aspetto \u00e8 burocratica e ci lascia perplessi &#8211; ha stigmatizzato il presidente di Anc &#8211; perch\u00e9 il diritto alla salute deve essere riconosciuto anche a noi commercialisti. Abbiamo chiesto almeno 30 giorni di moratoria per chi \u00e8 colpito da pandemia per adempiere alle scadenze di lavoro. Contiamo centinaia di colleghi in quarantena, ricoverati o deceduti. Meritiamo di poter lavorare in serenit\u00e0, curarci e mantenere il nostro lavoro per evitare di perdere i clienti. Mi auguro che al pi\u00f9 presto diventi legge il Ddl Malattia e Infortunio che ci vede in prima linea da oltre 20 anni a portare avanti questa proposta che metta la parola fine all\u2019ingiustizia perpetrata nei confronti dei professionisti\u201d.<\/p>\n<p>Il tema del mancato ascolto \u00e8 stato ripreso anche da <strong>Luigi Pagliuca<\/strong>, presidente della Cassa di previdenza dei ragionieri commercialisti e degli esperti contabili: \u201cTroppo spesso si guarda ai professionisti come categoria privilegiata. Siamo indispensabili quando c\u2019\u00e8 da lavorare e ultimi in graduatoria quando si tratta di misure di sostegno. Ci troviamo di fronte a governi e legislatori che continuano a ignorarci. Eppure gestiamo il 75% delle aziende italiane. Qualcuno dovrebbe rendersene conto e iniziare a consultarci se davvero vuole prendere provvedimenti in favore di imprese e famiglie italiane\u201d.<\/p>\n<p>Gli fa eco <strong>Massimo Miani<\/strong>, presidente dei commercialisti ed esperti contabili italiani: \u201cAvevamo creduto nella riforma fiscale e abbiamo dato il nostro contributo alla sua stesura. Ma l\u2019emergenza sta prendendo il sopravvento. Noi abbiamo sempre dato il nostro contributo partecipando alle audizioni e agli incontri con il Mef e l\u2019Agenzia delle Entrate. Nello specifico abbiamo posto una serie di problemi, tra i quali quello dei colleghi affetti da Covid. I due terzi dei commercialisti hanno studi individuali e non possono contare sul contributo di soci o colleghi. E\u2019 opportuno emendare il Dl Ristori per risolvere il problema\u201d.<\/p>\n<p>La presidente del Consiglio nazionale dei consulenti del lavoro e del Cup, <strong>Marina Calderone<\/strong>, ha lanciato l\u2019allarme: \u201cSecondo i dati raccolti e analizzati dalla Fondazione Studi Consulenti del Lavoro, fra aprile e maggio scorsi, all\u2019apice del lockdown primaverile, il 35,8 per cento dei professionisti, ovvero pi\u00f9 di 1 professionista su 3, ha visto dimezzato il proprio fatturato, in un contesto in cui il 79 per cento degli studi ha subito una riduzione degli introiti. Nonostante le nostre ripetute richieste &#8211; ha aggiunto -, gli iscritti agli ordini sono sempre rimasti esclusi dai contributi a fondo perduto concessi a tutte le attivit\u00e0 economiche. L\u2019apertura del ministro dell\u2019economia Roberto Gualtieri \u00e8 sicuramente positiva e da tempo attesa, aspettiamo quindi di leggere il testo del decreto legge Ristori Quater\u201d<\/p>\n<p>L\u2019Agenzia Entrate ha affidato la risposta al suo direttore generale, <strong>Ernesto Maria Ruffini<\/strong>: \u201cDa tempo \u00e8 maturata la necessit\u00e0 di una riforma fiscale ma il governo sta dando la priorit\u00e0 agli interventi emergenziali dettati dalla crisi pandemica. Non bisogna avere fretta e occorre condividere la riforma con gli addetti ai lavori, i tecnici, i professionisti, in modo da non dover poi correre ai ripari con correttivi. L\u2019equit\u00e0 deve esserne il fondamento. L\u2019Agenzia spesso \u00e8 individuata come responsabile dell\u2019iniquit\u00e0 ma noi ci limitiamo ad applicare le norme. Se si riesce a semplificarle, sar\u00e0 anche meglio\u201d.<\/p>\n<p>\u201cIntanto si deve continuare a puntare sull\u2019innovazione tecnologica e sul potenziamento dell\u2019analisi dei dati. I fatti &#8211; ha osservato Ruffini &#8211; hanno dimostrato che una corretta lettura degli stessi serve non solo a controllare l\u2019evasione ma soprattutto a fornire allo Stato l\u2019andamento dell\u2019economia del Paese consentendogli di intervenire in modo pi\u00f9 capillare. Con i commercialisti abbiamo un rapporto produttivo e necessario. Non immagino la possibilit\u00e0 di guidare l\u2019Agenzia delle Entrate senza il rapporto con gli operatori del settore. Sono la prima interfaccia tra amministrazione finanziaria e contribuenti\u201d.<\/p>\n<p>Un importante aggiornamento \u00e8 stato illustrato da <strong>Chiara Gribaudo<\/strong> (Commissione Lavoro della Camera). \u201cOggi in Parlamento abbiamo votato l\u2019ennesimo scostamento di Bilancio con il contributo della minoranza. La collaborazione tra maggioranza e opposizione \u2013 ha aggiunto l\u2019esponente del Pd &#8211; ha permesso di prevedere il recupero del sostegno ai lavoratori autonomi e ai professionisti. Un fatto positivo. Sul decreto Ristori ter e quater ci sar\u00e0 un lavoro importante in questa direzione. Dobbiamo liberare risorse per trovare le coperture adeguate. La mia proposta di legge prevede maggior spazio per le Casse in modo da rispettare una visione europea delle professioni e lasciare pi\u00f9 spazio al welfare dei professionisti. Anche in termini di tutela in caso di malattia\u201d.<\/p>\n<p>Per <strong>Alberto Gusmeroli<\/strong>, vicepresidente della Commissione Finanze della Camera: \u201cI professionisti non sono assolutamente ascoltati n\u00e9 dall\u2019Agenzia delle Entrate n\u00e9 dal legislatore e dal governo. Se cos\u00ec non fosse non avremmo fatto ben 4 decreti Ristori e avremmo evitato tanti errori tecnici e legislativi. Abbiamo fatto passare una serie di emendamenti alla manovra di bilancio come quello sul credito d\u2019imposta per chi si quota e quello per la riapertura dei termini per l\u2019estromissione dei beni d\u2019impresa\u201d.<\/p>\n<p>\u201cAbbiamo recuperato 150 codici Ateco dimenticati tra i fruitori dei benefici dei decreti Ristoro. Un lavoro bi-partisan &#8211; ha specificato Gusmeroli &#8211; che spero dia buoni frutti.\u00a0 Mi chiedo piuttosto tutti i consulenti del ministero cosa stiano facendo per garantire ai professionisti, alle imprese e alle famiglie italiane pi\u00f9 equit\u00e0\u201d.<\/p>\n<p>Anche in Senato il lavoro per i diritti dei professionisti prosegue, come conferma <strong>Andrea De Bertoldi<\/strong>, segretario della Commissione Finanze: \u201cBasterebbero poche ore e il Senato potrebbe licenziare il disegno di legge per il riconoscimento della malattia ai professionisti. Il cosiddetto \u2018Ddl Malattie e Infortunio\u2019 da noi presentato. Dispiace vedere che ci si limiti ai lavori sui decreti attinenti la legge Finanziaria perch\u00e9 c\u2019\u00e8 tutto il tempo per affrontare anche questi temi. Non si pu\u00f2 attendere gennaio per un provvedimento cos\u00ec importante nella fase emergenziale che stiamo vivendo\u201d.<\/p>\n<p><strong>Tommaso Nannicini<\/strong> (Commissione Bilancio di Palazzo Madama) ha evidenziato la necessit\u00e0 di intervenire sulla \u201cingiusta\u201d doppia tassazione delle Casse di previdenza professionali, e sul recupero della delega del \u201cJobs act del lavoro autonomo\u201d (legge 8112017) in merito al \u201cwelfare allargato\u201d per tutelare meglio i professionisti.<\/p>\n","protected":false},"excerpt":{"rendered":"<p>Il nostro Paese sta per affrontare un percorso importante di riforma delle politiche fiscali. Ha gi\u00e0 fatto un passo in avanti individuando come primo pilastro della riforma l\u2019approvazione del \u201cFamily act\u201d. Ecco, ad esempio, perch\u00e9 proponiamo la decontribuzione delle spese per la formazione e l\u2019istruzione\u201d. Lo ha detto Elena Bonetti, ministro per la Famiglia e [&hellip;]<\/p>\n","protected":false},"author":1,"featured_media":4770,"comment_status":"closed","ping_status":"open","sticky":false,"template":"","format":"standard","meta":{"footnotes":""},"categories":[56],"tags":[],"yoast_head":"<!-- This site is optimized with the Yoast SEO plugin v22.2 - https:\/\/yoast.com\/wordpress\/plugins\/seo\/ -->\n<title>Fisco, Bonetti: \u201cServe approccio nuovo che riconosca fiscalit\u00e0 come investimento\u201d -<\/title>\n<meta name=\"robots\" content=\"index, follow, max-snippet:-1, max-image-preview:large, max-video-preview:-1\" \/>\n<link rel=\"canonical\" href=\"https:\/\/www.italiaeconomiaonline.it\/web\/fisco-bonetti-serve-approccio-nuovo-che-riconosca-fiscalita-come-investimento\/\" \/>\n<meta property=\"og:locale\" content=\"it_IT\" \/>\n<meta property=\"og:type\" content=\"article\" \/>\n<meta property=\"og:title\" content=\"Fisco, Bonetti: \u201cServe approccio nuovo che riconosca fiscalit\u00e0 come investimento\u201d -\" \/>\n<meta property=\"og:description\" content=\"Il nostro Paese sta per affrontare un percorso importante di riforma delle politiche fiscali. Ha gi\u00e0 fatto un passo in avanti individuando come primo pilastro della riforma l\u2019approvazione del \u201cFamily act\u201d. Ecco, ad esempio, perch\u00e9 proponiamo la decontribuzione delle spese per la formazione e l\u2019istruzione\u201d. Lo ha detto Elena Bonetti, ministro per la Famiglia e [&hellip;]\" \/>\n<meta property=\"og:url\" content=\"https:\/\/www.italiaeconomiaonline.it\/web\/fisco-bonetti-serve-approccio-nuovo-che-riconosca-fiscalita-come-investimento\/\" \/>\n<meta property=\"og:site_name\" content=\"ItaliaEconomiaOnline\" \/>\n<meta property=\"article:published_time\" content=\"2020-11-27T14:00:31+00:00\" \/>\n<meta property=\"og:image\" content=\"https:\/\/www.italiaeconomiaonline.it\/web\/wp-content\/uploads\/2020\/11\/Webinar-ANC-in-senso-orario-da-sinistra-Cuchel-Pagliuca-Miani-De-Bertoldi-Ruffini-e-Bonetti.jpg\" \/>\n\t<meta property=\"og:image:width\" content=\"1574\" \/>\n\t<meta property=\"og:image:height\" content=\"1064\" \/>\n\t<meta property=\"og:image:type\" content=\"image\/jpeg\" \/>\n<meta name=\"author\" content=\"ladyitaliaeconomia\" \/>\n<meta name=\"twitter:card\" content=\"summary_large_image\" \/>\n<meta name=\"twitter:label1\" content=\"Scritto da\" \/>\n\t<meta name=\"twitter:data1\" content=\"ladyitaliaeconomia\" \/>\n\t<meta name=\"twitter:label2\" content=\"Tempo di lettura stimato\" \/>\n\t<meta name=\"twitter:data2\" content=\"7 minuti\" \/>\n<script type=\"application\/ld+json\" class=\"yoast-schema-graph\">{\"@context\":\"https:\/\/schema.org\",\"@graph\":[{\"@type\":\"WebPage\",\"@id\":\"https:\/\/www.italiaeconomiaonline.it\/web\/fisco-bonetti-serve-approccio-nuovo-che-riconosca-fiscalita-come-investimento\/\",\"url\":\"https:\/\/www.italiaeconomiaonline.it\/web\/fisco-bonetti-serve-approccio-nuovo-che-riconosca-fiscalita-come-investimento\/\",\"name\":\"Fisco, Bonetti: \u201cServe approccio nuovo che riconosca fiscalit\u00e0 come investimento\u201d -\",\"isPartOf\":{\"@id\":\"https:\/\/www.italiaeconomiaonline.it\/web\/#website\"},\"primaryImageOfPage\":{\"@id\":\"https:\/\/www.italiaeconomiaonline.it\/web\/fisco-bonetti-serve-approccio-nuovo-che-riconosca-fiscalita-come-investimento\/#primaryimage\"},\"image\":{\"@id\":\"https:\/\/www.italiaeconomiaonline.it\/web\/fisco-bonetti-serve-approccio-nuovo-che-riconosca-fiscalita-come-investimento\/#primaryimage\"},\"thumbnailUrl\":\"https:\/\/www.italiaeconomiaonline.it\/web\/wp-content\/uploads\/2020\/11\/Webinar-ANC-in-senso-orario-da-sinistra-Cuchel-Pagliuca-Miani-De-Bertoldi-Ruffini-e-Bonetti.jpg\",\"datePublished\":\"2020-11-27T14:00:31+00:00\",\"dateModified\":\"2020-11-27T14:00:31+00:00\",\"author\":{\"@id\":\"https:\/\/www.italiaeconomiaonline.it\/web\/#\/schema\/person\/909a49cce752523b020fbc37d5ab1c31\"},\"breadcrumb\":{\"@id\":\"https:\/\/www.italiaeconomiaonline.it\/web\/fisco-bonetti-serve-approccio-nuovo-che-riconosca-fiscalita-come-investimento\/#breadcrumb\"},\"inLanguage\":\"it-IT\",\"potentialAction\":[{\"@type\":\"ReadAction\",\"target\":[\"https:\/\/www.italiaeconomiaonline.it\/web\/fisco-bonetti-serve-approccio-nuovo-che-riconosca-fiscalita-come-investimento\/\"]}]},{\"@type\":\"ImageObject\",\"inLanguage\":\"it-IT\",\"@id\":\"https:\/\/www.italiaeconomiaonline.it\/web\/fisco-bonetti-serve-approccio-nuovo-che-riconosca-fiscalita-come-investimento\/#primaryimage\",\"url\":\"https:\/\/www.italiaeconomiaonline.it\/web\/wp-content\/uploads\/2020\/11\/Webinar-ANC-in-senso-orario-da-sinistra-Cuchel-Pagliuca-Miani-De-Bertoldi-Ruffini-e-Bonetti.jpg\",\"contentUrl\":\"https:\/\/www.italiaeconomiaonline.it\/web\/wp-content\/uploads\/2020\/11\/Webinar-ANC-in-senso-orario-da-sinistra-Cuchel-Pagliuca-Miani-De-Bertoldi-Ruffini-e-Bonetti.jpg\",\"width\":1574,\"height\":1064},{\"@type\":\"BreadcrumbList\",\"@id\":\"https:\/\/www.italiaeconomiaonline.it\/web\/fisco-bonetti-serve-approccio-nuovo-che-riconosca-fiscalita-come-investimento\/#breadcrumb\",\"itemListElement\":[{\"@type\":\"ListItem\",\"position\":1,\"name\":\"Home\",\"item\":\"https:\/\/www.italiaeconomiaonline.it\/web\/\"},{\"@type\":\"ListItem\",\"position\":2,\"name\":\"Fisco, Bonetti: \u201cServe approccio nuovo che riconosca fiscalit\u00e0 come investimento\u201d\"}]},{\"@type\":\"WebSite\",\"@id\":\"https:\/\/www.italiaeconomiaonline.it\/web\/#website\",\"url\":\"https:\/\/www.italiaeconomiaonline.it\/web\/\",\"name\":\"ItaliaEconomiaOnline\",\"description\":\"Quotidiano Economico Online\",\"potentialAction\":[{\"@type\":\"SearchAction\",\"target\":{\"@type\":\"EntryPoint\",\"urlTemplate\":\"https:\/\/www.italiaeconomiaonline.it\/web\/?s={search_term_string}\"},\"query-input\":\"required name=search_term_string\"}],\"inLanguage\":\"it-IT\"},{\"@type\":\"Person\",\"@id\":\"https:\/\/www.italiaeconomiaonline.it\/web\/#\/schema\/person\/909a49cce752523b020fbc37d5ab1c31\",\"name\":\"ladyitaliaeconomia\",\"image\":{\"@type\":\"ImageObject\",\"inLanguage\":\"it-IT\",\"@id\":\"https:\/\/www.italiaeconomiaonline.it\/web\/#\/schema\/person\/image\/\",\"url\":\"https:\/\/secure.gravatar.com\/avatar\/cedca10ce7416a579b9fa6bce9c0a8f2?s=96&d=mm&r=g\",\"contentUrl\":\"https:\/\/secure.gravatar.com\/avatar\/cedca10ce7416a579b9fa6bce9c0a8f2?s=96&d=mm&r=g\",\"caption\":\"ladyitaliaeconomia\"},\"url\":\"https:\/\/www.italiaeconomiaonline.it\/web\/author\/ladyitaliaeconomia\/\"}]}<\/script>\n<!-- \/ Yoast SEO plugin. -->","yoast_head_json":{"title":"Fisco, Bonetti: \u201cServe approccio nuovo che riconosca fiscalit\u00e0 come investimento\u201d -","robots":{"index":"index","follow":"follow","max-snippet":"max-snippet:-1","max-image-preview":"max-image-preview:large","max-video-preview":"max-video-preview:-1"},"canonical":"https:\/\/www.italiaeconomiaonline.it\/web\/fisco-bonetti-serve-approccio-nuovo-che-riconosca-fiscalita-come-investimento\/","og_locale":"it_IT","og_type":"article","og_title":"Fisco, Bonetti: \u201cServe approccio nuovo che riconosca fiscalit\u00e0 come investimento\u201d -","og_description":"Il nostro Paese sta per affrontare un percorso importante di riforma delle politiche fiscali. Ha gi\u00e0 fatto un passo in avanti individuando come primo pilastro della riforma l\u2019approvazione del \u201cFamily act\u201d. Ecco, ad esempio, perch\u00e9 proponiamo la decontribuzione delle spese per la formazione e l\u2019istruzione\u201d. Lo ha detto Elena Bonetti, ministro per la Famiglia e [&hellip;]","og_url":"https:\/\/www.italiaeconomiaonline.it\/web\/fisco-bonetti-serve-approccio-nuovo-che-riconosca-fiscalita-come-investimento\/","og_site_name":"ItaliaEconomiaOnline","article_published_time":"2020-11-27T14:00:31+00:00","og_image":[{"width":1574,"height":1064,"url":"https:\/\/www.italiaeconomiaonline.it\/web\/wp-content\/uploads\/2020\/11\/Webinar-ANC-in-senso-orario-da-sinistra-Cuchel-Pagliuca-Miani-De-Bertoldi-Ruffini-e-Bonetti.jpg","type":"image\/jpeg"}],"author":"ladyitaliaeconomia","twitter_card":"summary_large_image","twitter_misc":{"Scritto da":"ladyitaliaeconomia","Tempo di lettura stimato":"7 minuti"},"schema":{"@context":"https:\/\/schema.org","@graph":[{"@type":"WebPage","@id":"https:\/\/www.italiaeconomiaonline.it\/web\/fisco-bonetti-serve-approccio-nuovo-che-riconosca-fiscalita-come-investimento\/","url":"https:\/\/www.italiaeconomiaonline.it\/web\/fisco-bonetti-serve-approccio-nuovo-che-riconosca-fiscalita-come-investimento\/","name":"Fisco, Bonetti: \u201cServe approccio nuovo che riconosca fiscalit\u00e0 come investimento\u201d -","isPartOf":{"@id":"https:\/\/www.italiaeconomiaonline.it\/web\/#website"},"primaryImageOfPage":{"@id":"https:\/\/www.italiaeconomiaonline.it\/web\/fisco-bonetti-serve-approccio-nuovo-che-riconosca-fiscalita-come-investimento\/#primaryimage"},"image":{"@id":"https:\/\/www.italiaeconomiaonline.it\/web\/fisco-bonetti-serve-approccio-nuovo-che-riconosca-fiscalita-come-investimento\/#primaryimage"},"thumbnailUrl":"https:\/\/www.italiaeconomiaonline.it\/web\/wp-content\/uploads\/2020\/11\/Webinar-ANC-in-senso-orario-da-sinistra-Cuchel-Pagliuca-Miani-De-Bertoldi-Ruffini-e-Bonetti.jpg","datePublished":"2020-11-27T14:00:31+00:00","dateModified":"2020-11-27T14:00:31+00:00","author":{"@id":"https:\/\/www.italiaeconomiaonline.it\/web\/#\/schema\/person\/909a49cce752523b020fbc37d5ab1c31"},"breadcrumb":{"@id":"https:\/\/www.italiaeconomiaonline.it\/web\/fisco-bonetti-serve-approccio-nuovo-che-riconosca-fiscalita-come-investimento\/#breadcrumb"},"inLanguage":"it-IT","potentialAction":[{"@type":"ReadAction","target":["https:\/\/www.italiaeconomiaonline.it\/web\/fisco-bonetti-serve-approccio-nuovo-che-riconosca-fiscalita-come-investimento\/"]}]},{"@type":"ImageObject","inLanguage":"it-IT","@id":"https:\/\/www.italiaeconomiaonline.it\/web\/fisco-bonetti-serve-approccio-nuovo-che-riconosca-fiscalita-come-investimento\/#primaryimage","url":"https:\/\/www.italiaeconomiaonline.it\/web\/wp-content\/uploads\/2020\/11\/Webinar-ANC-in-senso-orario-da-sinistra-Cuchel-Pagliuca-Miani-De-Bertoldi-Ruffini-e-Bonetti.jpg","contentUrl":"https:\/\/www.italiaeconomiaonline.it\/web\/wp-content\/uploads\/2020\/11\/Webinar-ANC-in-senso-orario-da-sinistra-Cuchel-Pagliuca-Miani-De-Bertoldi-Ruffini-e-Bonetti.jpg","width":1574,"height":1064},{"@type":"BreadcrumbList","@id":"https:\/\/www.italiaeconomiaonline.it\/web\/fisco-bonetti-serve-approccio-nuovo-che-riconosca-fiscalita-come-investimento\/#breadcrumb","itemListElement":[{"@type":"ListItem","position":1,"name":"Home","item":"https:\/\/www.italiaeconomiaonline.it\/web\/"},{"@type":"ListItem","position":2,"name":"Fisco, Bonetti: \u201cServe approccio nuovo che riconosca fiscalit\u00e0 come investimento\u201d"}]},{"@type":"WebSite","@id":"https:\/\/www.italiaeconomiaonline.it\/web\/#website","url":"https:\/\/www.italiaeconomiaonline.it\/web\/","name":"ItaliaEconomiaOnline","description":"Quotidiano Economico Online","potentialAction":[{"@type":"SearchAction","target":{"@type":"EntryPoint","urlTemplate":"https:\/\/www.italiaeconomiaonline.it\/web\/?s={search_term_string}"},"query-input":"required name=search_term_string"}],"inLanguage":"it-IT"},{"@type":"Person","@id":"https:\/\/www.italiaeconomiaonline.it\/web\/#\/schema\/person\/909a49cce752523b020fbc37d5ab1c31","name":"ladyitaliaeconomia","image":{"@type":"ImageObject","inLanguage":"it-IT","@id":"https:\/\/www.italiaeconomiaonline.it\/web\/#\/schema\/person\/image\/","url":"https:\/\/secure.gravatar.com\/avatar\/cedca10ce7416a579b9fa6bce9c0a8f2?s=96&d=mm&r=g","contentUrl":"https:\/\/secure.gravatar.com\/avatar\/cedca10ce7416a579b9fa6bce9c0a8f2?s=96&d=mm&r=g","caption":"ladyitaliaeconomia"},"url":"https:\/\/www.italiaeconomiaonline.it\/web\/author\/ladyitaliaeconomia\/"}]}},"_links":{"self":[{"href":"https:\/\/www.italiaeconomiaonline.it\/web\/wp-json\/wp\/v2\/posts\/4769"}],"collection":[{"href":"https:\/\/www.italiaeconomiaonline.it\/web\/wp-json\/wp\/v2\/posts"}],"about":[{"href":"https:\/\/www.italiaeconomiaonline.it\/web\/wp-json\/wp\/v2\/types\/post"}],"author":[{"embeddable":true,"href":"https:\/\/www.italiaeconomiaonline.it\/web\/wp-json\/wp\/v2\/users\/1"}],"replies":[{"embeddable":true,"href":"https:\/\/www.italiaeconomiaonline.it\/web\/wp-json\/wp\/v2\/comments?post=4769"}],"version-history":[{"count":1,"href":"https:\/\/www.italiaeconomiaonline.it\/web\/wp-json\/wp\/v2\/posts\/4769\/revisions"}],"predecessor-version":[{"id":4771,"href":"https:\/\/www.italiaeconomiaonline.it\/web\/wp-json\/wp\/v2\/posts\/4769\/revisions\/4771"}],"wp:featuredmedia":[{"embeddable":true,"href":"https:\/\/www.italiaeconomiaonline.it\/web\/wp-json\/wp\/v2\/media\/4770"}],"wp:attachment":[{"href":"https:\/\/www.italiaeconomiaonline.it\/web\/wp-json\/wp\/v2\/media?parent=4769"}],"wp:term":[{"taxonomy":"category","embeddable":true,"href":"https:\/\/www.italiaeconomiaonline.it\/web\/wp-json\/wp\/v2\/categories?post=4769"},{"taxonomy":"post_tag","embeddable":true,"href":"https:\/\/www.italiaeconomiaonline.it\/web\/wp-json\/wp\/v2\/tags?post=4769"}],"curies":[{"name":"wp","href":"https:\/\/api.w.org\/{rel}","templated":true}]}}