{"id":4775,"date":"2020-11-30T12:34:36","date_gmt":"2020-11-30T11:34:36","guid":{"rendered":"http:\/\/www.italiaeconomiaonline.it\/web\/?p=4775"},"modified":"2020-11-30T12:34:36","modified_gmt":"2020-11-30T11:34:36","slug":"next-generation-eu-giansanti-profonda-incertezza-per-il-veto-di-polonia-e-ungheria","status":"publish","type":"post","link":"https:\/\/www.italiaeconomiaonline.it\/web\/next-generation-eu-giansanti-profonda-incertezza-per-il-veto-di-polonia-e-ungheria\/","title":{"rendered":"Next generation EU, Giansanti: &#8220;Profonda incertezza per il veto di Polonia e Ungheria"},"content":{"rendered":"<p><span class=\"dropcap dropcap3\">I<\/span>l Parlamento europeo e il Consiglio hanno fatto un ottimo lavoro per assicurare la continuit\u00e0 delle misure della PAC in attesa della riforma e per rilanciare l\u2019agricoltura dopo l\u2019emergenza sanitaria. Tutto, per\u00f2, resta fermo per il veto di Polonia e Ungheria che blocca l\u2019approvazione del bilancio pluriennale dell\u2019Unione e il \u2018Next Generation EU\u201d.<\/p>\n<p>&nbsp;<\/p>\n<p>Il presidente di Confagricoltura, Massimiliano Giansanti, commenta cos\u00ec l\u2019accordo informale tra l\u2019Europarlamento e la presidenza del Consiglio sulla proroga fino al 31 dicembre 2022 dell\u2019attuale assetto normativo della PAC, in scadenza alla fine di quest\u2019anno.<\/p>\n<p>&nbsp;<\/p>\n<p>\u201cE\u2019 stato anche concordato di anticipare all\u2019inizio del 2021 l\u2019utilizzo dei fondi per lo sviluppo rurale, in tutto 8,07 miliardi di euro, previsti dal \u2018Next Generation EU\u2019 per incentivare la diffusione delle innovazioni tecnologiche e accrescere la sostenibilit\u00e0 ambientale\u201d &#8211; rileva Giansanti.<\/p>\n<p>&nbsp;<\/p>\n<p>\u201cIl veto di Polonia e Ungheria \u2013 aggiunge il presidente di Confagricoltura \u2013 ha aperto una fase di profonda incertezza. Il varo del \u2018Next Generation EU\u2019 \u00e8 legato al via libera all\u2019unanimit\u00e0 del bilancio UE per il periodo 2021-2027\u201d.<\/p>\n<p>&nbsp;<\/p>\n<p>\u201cIn questo preoccupante scenario, \u00e8 anche bloccata l\u2019approvazione del bilancio 2021 dell\u2019Unione, con il rischio di dover ricorrere all\u2019esercizio provvisorio. Per i diversi capitoli di spesa si potr\u00e0 spendere ogni mese solo un dodicesimo di quanto \u00e8 stato speso quest\u2019anno\u201d.<\/p>\n<p>&nbsp;<\/p>\n<p>\u201cSalterebbe, quindi, in larga misura il rimborso agli Stati membri delle somme gi\u00e0 erogate agli agricoltori, determinando cos\u00ec un problema di liquidit\u00e0 per far fronte agli interventi previsti dalla normativa europea\u201d &#8211; ammonisce Giansanti.<\/p>\n<p>&nbsp;<\/p>\n<p>\u201cCi auguriamo che la situazione venga sbloccata dal Consiglio europeo in occasione della riunione in programma il 10 e 11 dicembre\u201d.<\/p>\n<p>&nbsp;<\/p>\n<p>\u201cDiversamente \u2013 conclude \u2013 i capi di Stato e di governo dovranno indicare, a maggioranza, le alternative per dare comunque seguito ai programmi straordinari gi\u00e0 concordati di rilancio dell\u2019economia, dell\u2019occupazione e per il rafforzamento delle imprese\u201d.<\/p>\n<p>&nbsp;<\/p>\n<p>&nbsp;<\/p>\n<p>&nbsp;<\/p>\n<p>&nbsp;<\/p>\n<p>&nbsp;<\/p>\n","protected":false},"excerpt":{"rendered":"<p>Il Parlamento europeo e il Consiglio hanno fatto un ottimo lavoro per assicurare la continuit\u00e0 delle misure della PAC in attesa della riforma e per rilanciare l\u2019agricoltura dopo l\u2019emergenza sanitaria. Tutto, per\u00f2, resta fermo per il veto di Polonia e Ungheria che blocca l\u2019approvazione del bilancio pluriennale dell\u2019Unione e il \u2018Next Generation EU\u201d. &nbsp; Il [&hellip;]<\/p>\n","protected":false},"author":1,"featured_media":4311,"comment_status":"closed","ping_status":"open","sticky":false,"template":"","format":"standard","meta":{"footnotes":""},"categories":[56],"tags":[],"yoast_head":"<!-- This site is optimized with the Yoast SEO plugin v22.2 - https:\/\/yoast.com\/wordpress\/plugins\/seo\/ -->\n<title>Next generation EU, Giansanti: &quot;Profonda incertezza per il veto di Polonia e Ungheria -<\/title>\n<meta name=\"robots\" content=\"index, follow, max-snippet:-1, max-image-preview:large, max-video-preview:-1\" \/>\n<link rel=\"canonical\" href=\"https:\/\/www.italiaeconomiaonline.it\/web\/next-generation-eu-giansanti-profonda-incertezza-per-il-veto-di-polonia-e-ungheria\/\" \/>\n<meta property=\"og:locale\" content=\"it_IT\" \/>\n<meta property=\"og:type\" content=\"article\" \/>\n<meta property=\"og:title\" content=\"Next generation EU, Giansanti: &quot;Profonda incertezza per il veto di Polonia e Ungheria -\" \/>\n<meta property=\"og:description\" content=\"Il Parlamento europeo e il Consiglio hanno fatto un ottimo lavoro per assicurare la continuit\u00e0 delle misure della PAC in attesa della riforma e per rilanciare l\u2019agricoltura dopo l\u2019emergenza sanitaria. Tutto, per\u00f2, resta fermo per il veto di Polonia e Ungheria che blocca l\u2019approvazione del bilancio pluriennale dell\u2019Unione e il \u2018Next Generation EU\u201d. &nbsp; Il [&hellip;]\" \/>\n<meta property=\"og:url\" content=\"https:\/\/www.italiaeconomiaonline.it\/web\/next-generation-eu-giansanti-profonda-incertezza-per-il-veto-di-polonia-e-ungheria\/\" \/>\n<meta property=\"og:site_name\" content=\"ItaliaEconomiaOnline\" \/>\n<meta property=\"article:published_time\" content=\"2020-11-30T11:34:36+00:00\" \/>\n<meta property=\"og:image\" content=\"https:\/\/www.italiaeconomiaonline.it\/web\/wp-content\/uploads\/2020\/10\/Schermata-2020-10-05-alle-12.14.06.png\" \/>\n\t<meta property=\"og:image:width\" content=\"1668\" \/>\n\t<meta property=\"og:image:height\" content=\"764\" \/>\n\t<meta property=\"og:image:type\" content=\"image\/png\" \/>\n<meta name=\"author\" content=\"ladyitaliaeconomia\" \/>\n<meta name=\"twitter:card\" content=\"summary_large_image\" \/>\n<meta name=\"twitter:label1\" content=\"Scritto da\" \/>\n\t<meta name=\"twitter:data1\" content=\"ladyitaliaeconomia\" \/>\n\t<meta name=\"twitter:label2\" content=\"Tempo di lettura stimato\" \/>\n\t<meta name=\"twitter:data2\" content=\"2 minuti\" \/>\n<script type=\"application\/ld+json\" class=\"yoast-schema-graph\">{\"@context\":\"https:\/\/schema.org\",\"@graph\":[{\"@type\":\"WebPage\",\"@id\":\"https:\/\/www.italiaeconomiaonline.it\/web\/next-generation-eu-giansanti-profonda-incertezza-per-il-veto-di-polonia-e-ungheria\/\",\"url\":\"https:\/\/www.italiaeconomiaonline.it\/web\/next-generation-eu-giansanti-profonda-incertezza-per-il-veto-di-polonia-e-ungheria\/\",\"name\":\"Next generation EU, Giansanti: \\\"Profonda incertezza per il veto di Polonia e Ungheria -\",\"isPartOf\":{\"@id\":\"https:\/\/www.italiaeconomiaonline.it\/web\/#website\"},\"primaryImageOfPage\":{\"@id\":\"https:\/\/www.italiaeconomiaonline.it\/web\/next-generation-eu-giansanti-profonda-incertezza-per-il-veto-di-polonia-e-ungheria\/#primaryimage\"},\"image\":{\"@id\":\"https:\/\/www.italiaeconomiaonline.it\/web\/next-generation-eu-giansanti-profonda-incertezza-per-il-veto-di-polonia-e-ungheria\/#primaryimage\"},\"thumbnailUrl\":\"https:\/\/www.italiaeconomiaonline.it\/web\/wp-content\/uploads\/2020\/10\/Schermata-2020-10-05-alle-12.14.06.png\",\"datePublished\":\"2020-11-30T11:34:36+00:00\",\"dateModified\":\"2020-11-30T11:34:36+00:00\",\"author\":{\"@id\":\"https:\/\/www.italiaeconomiaonline.it\/web\/#\/schema\/person\/909a49cce752523b020fbc37d5ab1c31\"},\"breadcrumb\":{\"@id\":\"https:\/\/www.italiaeconomiaonline.it\/web\/next-generation-eu-giansanti-profonda-incertezza-per-il-veto-di-polonia-e-ungheria\/#breadcrumb\"},\"inLanguage\":\"it-IT\",\"potentialAction\":[{\"@type\":\"ReadAction\",\"target\":[\"https:\/\/www.italiaeconomiaonline.it\/web\/next-generation-eu-giansanti-profonda-incertezza-per-il-veto-di-polonia-e-ungheria\/\"]}]},{\"@type\":\"ImageObject\",\"inLanguage\":\"it-IT\",\"@id\":\"https:\/\/www.italiaeconomiaonline.it\/web\/next-generation-eu-giansanti-profonda-incertezza-per-il-veto-di-polonia-e-ungheria\/#primaryimage\",\"url\":\"https:\/\/www.italiaeconomiaonline.it\/web\/wp-content\/uploads\/2020\/10\/Schermata-2020-10-05-alle-12.14.06.png\",\"contentUrl\":\"https:\/\/www.italiaeconomiaonline.it\/web\/wp-content\/uploads\/2020\/10\/Schermata-2020-10-05-alle-12.14.06.png\",\"width\":1668,\"height\":764},{\"@type\":\"BreadcrumbList\",\"@id\":\"https:\/\/www.italiaeconomiaonline.it\/web\/next-generation-eu-giansanti-profonda-incertezza-per-il-veto-di-polonia-e-ungheria\/#breadcrumb\",\"itemListElement\":[{\"@type\":\"ListItem\",\"position\":1,\"name\":\"Home\",\"item\":\"https:\/\/www.italiaeconomiaonline.it\/web\/\"},{\"@type\":\"ListItem\",\"position\":2,\"name\":\"Next generation EU, Giansanti: &#8220;Profonda incertezza per il veto di Polonia e Ungheria\"}]},{\"@type\":\"WebSite\",\"@id\":\"https:\/\/www.italiaeconomiaonline.it\/web\/#website\",\"url\":\"https:\/\/www.italiaeconomiaonline.it\/web\/\",\"name\":\"ItaliaEconomiaOnline\",\"description\":\"Quotidiano Economico Online\",\"potentialAction\":[{\"@type\":\"SearchAction\",\"target\":{\"@type\":\"EntryPoint\",\"urlTemplate\":\"https:\/\/www.italiaeconomiaonline.it\/web\/?s={search_term_string}\"},\"query-input\":\"required name=search_term_string\"}],\"inLanguage\":\"it-IT\"},{\"@type\":\"Person\",\"@id\":\"https:\/\/www.italiaeconomiaonline.it\/web\/#\/schema\/person\/909a49cce752523b020fbc37d5ab1c31\",\"name\":\"ladyitaliaeconomia\",\"image\":{\"@type\":\"ImageObject\",\"inLanguage\":\"it-IT\",\"@id\":\"https:\/\/www.italiaeconomiaonline.it\/web\/#\/schema\/person\/image\/\",\"url\":\"https:\/\/secure.gravatar.com\/avatar\/cedca10ce7416a579b9fa6bce9c0a8f2?s=96&d=mm&r=g\",\"contentUrl\":\"https:\/\/secure.gravatar.com\/avatar\/cedca10ce7416a579b9fa6bce9c0a8f2?s=96&d=mm&r=g\",\"caption\":\"ladyitaliaeconomia\"},\"url\":\"https:\/\/www.italiaeconomiaonline.it\/web\/author\/ladyitaliaeconomia\/\"}]}<\/script>\n<!-- \/ Yoast SEO plugin. -->","yoast_head_json":{"title":"Next generation EU, Giansanti: \"Profonda incertezza per il veto di Polonia e Ungheria -","robots":{"index":"index","follow":"follow","max-snippet":"max-snippet:-1","max-image-preview":"max-image-preview:large","max-video-preview":"max-video-preview:-1"},"canonical":"https:\/\/www.italiaeconomiaonline.it\/web\/next-generation-eu-giansanti-profonda-incertezza-per-il-veto-di-polonia-e-ungheria\/","og_locale":"it_IT","og_type":"article","og_title":"Next generation EU, Giansanti: \"Profonda incertezza per il veto di Polonia e Ungheria -","og_description":"Il Parlamento europeo e il Consiglio hanno fatto un ottimo lavoro per assicurare la continuit\u00e0 delle misure della PAC in attesa della riforma e per rilanciare l\u2019agricoltura dopo l\u2019emergenza sanitaria. Tutto, per\u00f2, resta fermo per il veto di Polonia e Ungheria che blocca l\u2019approvazione del bilancio pluriennale dell\u2019Unione e il \u2018Next Generation EU\u201d. &nbsp; Il [&hellip;]","og_url":"https:\/\/www.italiaeconomiaonline.it\/web\/next-generation-eu-giansanti-profonda-incertezza-per-il-veto-di-polonia-e-ungheria\/","og_site_name":"ItaliaEconomiaOnline","article_published_time":"2020-11-30T11:34:36+00:00","og_image":[{"width":1668,"height":764,"url":"https:\/\/www.italiaeconomiaonline.it\/web\/wp-content\/uploads\/2020\/10\/Schermata-2020-10-05-alle-12.14.06.png","type":"image\/png"}],"author":"ladyitaliaeconomia","twitter_card":"summary_large_image","twitter_misc":{"Scritto da":"ladyitaliaeconomia","Tempo di lettura stimato":"2 minuti"},"schema":{"@context":"https:\/\/schema.org","@graph":[{"@type":"WebPage","@id":"https:\/\/www.italiaeconomiaonline.it\/web\/next-generation-eu-giansanti-profonda-incertezza-per-il-veto-di-polonia-e-ungheria\/","url":"https:\/\/www.italiaeconomiaonline.it\/web\/next-generation-eu-giansanti-profonda-incertezza-per-il-veto-di-polonia-e-ungheria\/","name":"Next generation EU, Giansanti: \"Profonda incertezza per il veto di Polonia e Ungheria -","isPartOf":{"@id":"https:\/\/www.italiaeconomiaonline.it\/web\/#website"},"primaryImageOfPage":{"@id":"https:\/\/www.italiaeconomiaonline.it\/web\/next-generation-eu-giansanti-profonda-incertezza-per-il-veto-di-polonia-e-ungheria\/#primaryimage"},"image":{"@id":"https:\/\/www.italiaeconomiaonline.it\/web\/next-generation-eu-giansanti-profonda-incertezza-per-il-veto-di-polonia-e-ungheria\/#primaryimage"},"thumbnailUrl":"https:\/\/www.italiaeconomiaonline.it\/web\/wp-content\/uploads\/2020\/10\/Schermata-2020-10-05-alle-12.14.06.png","datePublished":"2020-11-30T11:34:36+00:00","dateModified":"2020-11-30T11:34:36+00:00","author":{"@id":"https:\/\/www.italiaeconomiaonline.it\/web\/#\/schema\/person\/909a49cce752523b020fbc37d5ab1c31"},"breadcrumb":{"@id":"https:\/\/www.italiaeconomiaonline.it\/web\/next-generation-eu-giansanti-profonda-incertezza-per-il-veto-di-polonia-e-ungheria\/#breadcrumb"},"inLanguage":"it-IT","potentialAction":[{"@type":"ReadAction","target":["https:\/\/www.italiaeconomiaonline.it\/web\/next-generation-eu-giansanti-profonda-incertezza-per-il-veto-di-polonia-e-ungheria\/"]}]},{"@type":"ImageObject","inLanguage":"it-IT","@id":"https:\/\/www.italiaeconomiaonline.it\/web\/next-generation-eu-giansanti-profonda-incertezza-per-il-veto-di-polonia-e-ungheria\/#primaryimage","url":"https:\/\/www.italiaeconomiaonline.it\/web\/wp-content\/uploads\/2020\/10\/Schermata-2020-10-05-alle-12.14.06.png","contentUrl":"https:\/\/www.italiaeconomiaonline.it\/web\/wp-content\/uploads\/2020\/10\/Schermata-2020-10-05-alle-12.14.06.png","width":1668,"height":764},{"@type":"BreadcrumbList","@id":"https:\/\/www.italiaeconomiaonline.it\/web\/next-generation-eu-giansanti-profonda-incertezza-per-il-veto-di-polonia-e-ungheria\/#breadcrumb","itemListElement":[{"@type":"ListItem","position":1,"name":"Home","item":"https:\/\/www.italiaeconomiaonline.it\/web\/"},{"@type":"ListItem","position":2,"name":"Next generation EU, Giansanti: &#8220;Profonda incertezza per il veto di Polonia e Ungheria"}]},{"@type":"WebSite","@id":"https:\/\/www.italiaeconomiaonline.it\/web\/#website","url":"https:\/\/www.italiaeconomiaonline.it\/web\/","name":"ItaliaEconomiaOnline","description":"Quotidiano Economico Online","potentialAction":[{"@type":"SearchAction","target":{"@type":"EntryPoint","urlTemplate":"https:\/\/www.italiaeconomiaonline.it\/web\/?s={search_term_string}"},"query-input":"required name=search_term_string"}],"inLanguage":"it-IT"},{"@type":"Person","@id":"https:\/\/www.italiaeconomiaonline.it\/web\/#\/schema\/person\/909a49cce752523b020fbc37d5ab1c31","name":"ladyitaliaeconomia","image":{"@type":"ImageObject","inLanguage":"it-IT","@id":"https:\/\/www.italiaeconomiaonline.it\/web\/#\/schema\/person\/image\/","url":"https:\/\/secure.gravatar.com\/avatar\/cedca10ce7416a579b9fa6bce9c0a8f2?s=96&d=mm&r=g","contentUrl":"https:\/\/secure.gravatar.com\/avatar\/cedca10ce7416a579b9fa6bce9c0a8f2?s=96&d=mm&r=g","caption":"ladyitaliaeconomia"},"url":"https:\/\/www.italiaeconomiaonline.it\/web\/author\/ladyitaliaeconomia\/"}]}},"_links":{"self":[{"href":"https:\/\/www.italiaeconomiaonline.it\/web\/wp-json\/wp\/v2\/posts\/4775"}],"collection":[{"href":"https:\/\/www.italiaeconomiaonline.it\/web\/wp-json\/wp\/v2\/posts"}],"about":[{"href":"https:\/\/www.italiaeconomiaonline.it\/web\/wp-json\/wp\/v2\/types\/post"}],"author":[{"embeddable":true,"href":"https:\/\/www.italiaeconomiaonline.it\/web\/wp-json\/wp\/v2\/users\/1"}],"replies":[{"embeddable":true,"href":"https:\/\/www.italiaeconomiaonline.it\/web\/wp-json\/wp\/v2\/comments?post=4775"}],"version-history":[{"count":1,"href":"https:\/\/www.italiaeconomiaonline.it\/web\/wp-json\/wp\/v2\/posts\/4775\/revisions"}],"predecessor-version":[{"id":4776,"href":"https:\/\/www.italiaeconomiaonline.it\/web\/wp-json\/wp\/v2\/posts\/4775\/revisions\/4776"}],"wp:featuredmedia":[{"embeddable":true,"href":"https:\/\/www.italiaeconomiaonline.it\/web\/wp-json\/wp\/v2\/media\/4311"}],"wp:attachment":[{"href":"https:\/\/www.italiaeconomiaonline.it\/web\/wp-json\/wp\/v2\/media?parent=4775"}],"wp:term":[{"taxonomy":"category","embeddable":true,"href":"https:\/\/www.italiaeconomiaonline.it\/web\/wp-json\/wp\/v2\/categories?post=4775"},{"taxonomy":"post_tag","embeddable":true,"href":"https:\/\/www.italiaeconomiaonline.it\/web\/wp-json\/wp\/v2\/tags?post=4775"}],"curies":[{"name":"wp","href":"https:\/\/api.w.org\/{rel}","templated":true}]}}