{"id":4798,"date":"2020-12-02T16:48:42","date_gmt":"2020-12-02T15:48:42","guid":{"rendered":"http:\/\/www.italiaeconomiaonline.it\/web\/?p=4798"},"modified":"2020-12-02T16:48:42","modified_gmt":"2020-12-02T15:48:42","slug":"commercialisti-analisi-sullo-strumento-europeo-di-sostegno-per-attenuare-rischi-di-disoccupazione","status":"publish","type":"post","link":"https:\/\/www.italiaeconomiaonline.it\/web\/commercialisti-analisi-sullo-strumento-europeo-di-sostegno-per-attenuare-rischi-di-disoccupazione\/","title":{"rendered":"Commercialisti: analisi sullo strumento europeo di sostegno per attenuare rischi di disoccupazione"},"content":{"rendered":"<p class=\"x_x_p1\"><span class=\"dropcap dropcap3\">I<\/span>l Consiglio e la Fondazione Nazionale dei Commercialisti hanno pubblicato l\u2019informativa\u00a0periodica \u201cAttivit\u00e0\u00a0Internazionale\u201d, una analisi sulle misure economiche adottate in ambito europeo ed\u00a0internazionale\u00a0per contrastare la pandemia.<\/p>\n<p class=\"x_x_p5\">La Commissione europea ha presentato nelle scorse settimane il pacchetto d\u2019autunno di politica economica, attraverso il quale l\u2019esecutivo UE ha espresso il proprio parere rispetto ai documenti programmatici di bilancio dei Paesi membri per il 2021 e presentato le proprie raccomandazioni sulla politica per la zona euro.<span class=\"x_x_Apple-converted-space\">\u00a0<\/span><\/p>\n<p class=\"x_x_p5\">L\u2019informativa analizza nel dettaglio SURE, lo\u00a0strumento\u00a0europeo di sostegno temporaneo per attenuare i rischi di disoccupazione in un\u2019emergenza. Il 17 novembre, la Commissione europea ha erogato 14 miliardi di euro a 9 paesi dell\u2019UE nella seconda tranche di sostegno finanziario agli Stati membri a titolo dello strumento SURE. Tra i paesi beneficiari del sostegno finanziario l\u2019Italia che ha ricevuto ulteriori 6,5 miliardi di euro, seguono la Spagna 4 miliardi, la Grecia 2 miliardi, la Croazia 510 milioni, la Lituania 300 milioni, Cipro 250 milioni, la Slovenia 200 milioni, la Lettonia e Malta 120 milioni.<span class=\"x_x_Apple-converted-space\">\u00a0\u00a0<\/span>Questo sostegno, sotto forma di prestiti concessi a condizioni favorevoli, aiuter\u00e0 gli Stati membri beneficiari ad affrontare l\u2019improvviso aumento della spesa pubblica volta a preservare l\u2019occupazione. Nello specifico, concorrer\u00e0 a coprire i costi direttamente connessi al finanziamento dei regimi nazionali di riduzione dell\u2019orario lavorativo e di altre misure analoghe, anche rivolte ai lavoratori autonomi, introdotte in risposta alla pandemia di coronavirus. A fine ottobre l\u2019Italia, la Spagna e la Polonia avevano gi\u00e0 ricevuto un totale di 17 miliardi di euro a titolo dello strumento SURE dell\u2019UE. Una volta completate tutte le erogazioni nell\u2019ambito di SURE l\u2019Italia avr\u00e0 ricevuto 27,4 miliardi di euro.<span class=\"x_x_Apple-converted-space\">\u00a0<\/span><\/p>\n<p class=\"x_x_p5\">Intanto, il Consiglio europeo \u00e8 alle prese con il veto posto da Polonia e Ungheria, contrarie a subordinare l\u2019erogazione dei fondi europei al rispetto dello stato di diritto, uno dei principi fondanti dell\u2019Unione, la situazione di impasse che si \u00e8 creata rischia di bloccare circa 1.800 miliardi di risorse europee e di costringere la UE ad affrontare la crisi economica in esercizio provvisorio.<span class=\"x_x_Apple-converted-space\">\u00a0<\/span><\/p>\n<p class=\"x_x_p6\">L\u2019ultimo rapporto semestrale sulla stabilit\u00e0 finanziaria dell\u2019area dell\u2019euro, pubblicato nei giorni scorsi dalla BCE, evidenzia una crescente vulnerabilit\u00e0 nel settore delle banche e delle imprese, nell\u2019attuale contesto i regimi di aiuti dei governi rimangono indispensabili, ma \u00e8 fondamentale che il sostegno sia mirato e circoscritto al periodo pandemico, cos\u00ec da scongiurare futuri problemi per la sostenibilit\u00e0 del debito.<span class=\"x_x_Apple-converted-space\">\u00a0<\/span><\/p>\n<p class=\"x_x_p5\"><span class=\"x_x_s1\">Tra gli altri temi analizzati, il p<\/span>rogramma LIFE: oltre 280 milioni di euro di finanziamenti UE per progetti in materia di ambiente, natura e azione per il clima;<span class=\"x_x_Apple-converted-space\">\u00a0\u00a0<\/span>il piano d\u2019azione della Commissione europea sulla propriet\u00e0 intellettuale per promuovere la resilienza e la ripresa economica dell\u2019UE, e le ultime novit\u00e0 in materia di frode ed evasione fiscali.<\/p>\n<p class=\"x_x_p6\">Infine, tra i principali argomenti sul tavolo del 15\u00b0 vertice dei\u00a0<i>leader\u00a0<\/i>del G20, le modalit\u00e0 per proseguire nella lotta alla pandemia, finanziare lo sviluppo e la distribuzione di un vaccino e continuare a sostenere cittadini e imprese nell\u2019affrontare le conseguenze della pandemia, ma anche temi cruciali quali la ripresa economica, la riforma dell\u2019organizzazione mondiale del commercio, la tassazione dell\u2019economia digitale.<span class=\"x_x_Apple-converted-space\">\u00a0<\/span><\/p>\n<p>&nbsp;<\/p>\n","protected":false},"excerpt":{"rendered":"<p>Il Consiglio e la Fondazione Nazionale dei Commercialisti hanno pubblicato l\u2019informativa\u00a0periodica \u201cAttivit\u00e0\u00a0Internazionale\u201d, una analisi sulle misure economiche adottate in ambito europeo ed\u00a0internazionale\u00a0per contrastare la pandemia. La Commissione europea ha presentato nelle scorse settimane il pacchetto d\u2019autunno di politica economica, attraverso il quale l\u2019esecutivo UE ha espresso il proprio parere rispetto ai documenti programmatici di bilancio [&hellip;]<\/p>\n","protected":false},"author":1,"featured_media":952,"comment_status":"closed","ping_status":"open","sticky":false,"template":"","format":"standard","meta":{"footnotes":""},"categories":[1],"tags":[],"yoast_head":"<!-- This site is optimized with the Yoast SEO plugin v22.2 - https:\/\/yoast.com\/wordpress\/plugins\/seo\/ -->\n<title>Commercialisti: analisi sullo strumento europeo di sostegno per attenuare rischi di disoccupazione -<\/title>\n<meta name=\"robots\" content=\"index, follow, max-snippet:-1, max-image-preview:large, max-video-preview:-1\" \/>\n<link rel=\"canonical\" href=\"https:\/\/www.italiaeconomiaonline.it\/web\/commercialisti-analisi-sullo-strumento-europeo-di-sostegno-per-attenuare-rischi-di-disoccupazione\/\" \/>\n<meta property=\"og:locale\" content=\"it_IT\" \/>\n<meta property=\"og:type\" content=\"article\" \/>\n<meta property=\"og:title\" content=\"Commercialisti: analisi sullo strumento europeo di sostegno per attenuare rischi di disoccupazione -\" \/>\n<meta property=\"og:description\" content=\"Il Consiglio e la Fondazione Nazionale dei Commercialisti hanno pubblicato l\u2019informativa\u00a0periodica \u201cAttivit\u00e0\u00a0Internazionale\u201d, una analisi sulle misure economiche adottate in ambito europeo ed\u00a0internazionale\u00a0per contrastare la pandemia. La Commissione europea ha presentato nelle scorse settimane il pacchetto d\u2019autunno di politica economica, attraverso il quale l\u2019esecutivo UE ha espresso il proprio parere rispetto ai documenti programmatici di bilancio [&hellip;]\" \/>\n<meta property=\"og:url\" content=\"https:\/\/www.italiaeconomiaonline.it\/web\/commercialisti-analisi-sullo-strumento-europeo-di-sostegno-per-attenuare-rischi-di-disoccupazione\/\" \/>\n<meta property=\"og:site_name\" content=\"ItaliaEconomiaOnline\" \/>\n<meta property=\"article:published_time\" content=\"2020-12-02T15:48:42+00:00\" \/>\n<meta property=\"og:image\" content=\"https:\/\/www.italiaeconomiaonline.it\/web\/wp-content\/uploads\/2019\/06\/lavoro-1.jpg\" \/>\n\t<meta property=\"og:image:width\" content=\"960\" \/>\n\t<meta property=\"og:image:height\" content=\"640\" \/>\n\t<meta property=\"og:image:type\" content=\"image\/jpeg\" \/>\n<meta name=\"author\" content=\"ladyitaliaeconomia\" \/>\n<meta name=\"twitter:card\" content=\"summary_large_image\" \/>\n<meta name=\"twitter:label1\" content=\"Scritto da\" \/>\n\t<meta name=\"twitter:data1\" content=\"ladyitaliaeconomia\" \/>\n\t<meta name=\"twitter:label2\" content=\"Tempo di lettura stimato\" \/>\n\t<meta name=\"twitter:data2\" content=\"3 minuti\" \/>\n<script type=\"application\/ld+json\" class=\"yoast-schema-graph\">{\"@context\":\"https:\/\/schema.org\",\"@graph\":[{\"@type\":\"WebPage\",\"@id\":\"https:\/\/www.italiaeconomiaonline.it\/web\/commercialisti-analisi-sullo-strumento-europeo-di-sostegno-per-attenuare-rischi-di-disoccupazione\/\",\"url\":\"https:\/\/www.italiaeconomiaonline.it\/web\/commercialisti-analisi-sullo-strumento-europeo-di-sostegno-per-attenuare-rischi-di-disoccupazione\/\",\"name\":\"Commercialisti: analisi sullo strumento europeo di sostegno per attenuare rischi di disoccupazione -\",\"isPartOf\":{\"@id\":\"https:\/\/www.italiaeconomiaonline.it\/web\/#website\"},\"primaryImageOfPage\":{\"@id\":\"https:\/\/www.italiaeconomiaonline.it\/web\/commercialisti-analisi-sullo-strumento-europeo-di-sostegno-per-attenuare-rischi-di-disoccupazione\/#primaryimage\"},\"image\":{\"@id\":\"https:\/\/www.italiaeconomiaonline.it\/web\/commercialisti-analisi-sullo-strumento-europeo-di-sostegno-per-attenuare-rischi-di-disoccupazione\/#primaryimage\"},\"thumbnailUrl\":\"https:\/\/www.italiaeconomiaonline.it\/web\/wp-content\/uploads\/2019\/06\/lavoro-1.jpg\",\"datePublished\":\"2020-12-02T15:48:42+00:00\",\"dateModified\":\"2020-12-02T15:48:42+00:00\",\"author\":{\"@id\":\"https:\/\/www.italiaeconomiaonline.it\/web\/#\/schema\/person\/909a49cce752523b020fbc37d5ab1c31\"},\"breadcrumb\":{\"@id\":\"https:\/\/www.italiaeconomiaonline.it\/web\/commercialisti-analisi-sullo-strumento-europeo-di-sostegno-per-attenuare-rischi-di-disoccupazione\/#breadcrumb\"},\"inLanguage\":\"it-IT\",\"potentialAction\":[{\"@type\":\"ReadAction\",\"target\":[\"https:\/\/www.italiaeconomiaonline.it\/web\/commercialisti-analisi-sullo-strumento-europeo-di-sostegno-per-attenuare-rischi-di-disoccupazione\/\"]}]},{\"@type\":\"ImageObject\",\"inLanguage\":\"it-IT\",\"@id\":\"https:\/\/www.italiaeconomiaonline.it\/web\/commercialisti-analisi-sullo-strumento-europeo-di-sostegno-per-attenuare-rischi-di-disoccupazione\/#primaryimage\",\"url\":\"https:\/\/www.italiaeconomiaonline.it\/web\/wp-content\/uploads\/2019\/06\/lavoro-1.jpg\",\"contentUrl\":\"https:\/\/www.italiaeconomiaonline.it\/web\/wp-content\/uploads\/2019\/06\/lavoro-1.jpg\",\"width\":960,\"height\":640},{\"@type\":\"BreadcrumbList\",\"@id\":\"https:\/\/www.italiaeconomiaonline.it\/web\/commercialisti-analisi-sullo-strumento-europeo-di-sostegno-per-attenuare-rischi-di-disoccupazione\/#breadcrumb\",\"itemListElement\":[{\"@type\":\"ListItem\",\"position\":1,\"name\":\"Home\",\"item\":\"https:\/\/www.italiaeconomiaonline.it\/web\/\"},{\"@type\":\"ListItem\",\"position\":2,\"name\":\"Commercialisti: analisi sullo strumento europeo di sostegno per attenuare rischi di disoccupazione\"}]},{\"@type\":\"WebSite\",\"@id\":\"https:\/\/www.italiaeconomiaonline.it\/web\/#website\",\"url\":\"https:\/\/www.italiaeconomiaonline.it\/web\/\",\"name\":\"ItaliaEconomiaOnline\",\"description\":\"Quotidiano Economico Online\",\"potentialAction\":[{\"@type\":\"SearchAction\",\"target\":{\"@type\":\"EntryPoint\",\"urlTemplate\":\"https:\/\/www.italiaeconomiaonline.it\/web\/?s={search_term_string}\"},\"query-input\":\"required name=search_term_string\"}],\"inLanguage\":\"it-IT\"},{\"@type\":\"Person\",\"@id\":\"https:\/\/www.italiaeconomiaonline.it\/web\/#\/schema\/person\/909a49cce752523b020fbc37d5ab1c31\",\"name\":\"ladyitaliaeconomia\",\"image\":{\"@type\":\"ImageObject\",\"inLanguage\":\"it-IT\",\"@id\":\"https:\/\/www.italiaeconomiaonline.it\/web\/#\/schema\/person\/image\/\",\"url\":\"https:\/\/secure.gravatar.com\/avatar\/cedca10ce7416a579b9fa6bce9c0a8f2?s=96&d=mm&r=g\",\"contentUrl\":\"https:\/\/secure.gravatar.com\/avatar\/cedca10ce7416a579b9fa6bce9c0a8f2?s=96&d=mm&r=g\",\"caption\":\"ladyitaliaeconomia\"},\"url\":\"https:\/\/www.italiaeconomiaonline.it\/web\/author\/ladyitaliaeconomia\/\"}]}<\/script>\n<!-- \/ Yoast SEO plugin. -->","yoast_head_json":{"title":"Commercialisti: analisi sullo strumento europeo di sostegno per attenuare rischi di disoccupazione -","robots":{"index":"index","follow":"follow","max-snippet":"max-snippet:-1","max-image-preview":"max-image-preview:large","max-video-preview":"max-video-preview:-1"},"canonical":"https:\/\/www.italiaeconomiaonline.it\/web\/commercialisti-analisi-sullo-strumento-europeo-di-sostegno-per-attenuare-rischi-di-disoccupazione\/","og_locale":"it_IT","og_type":"article","og_title":"Commercialisti: analisi sullo strumento europeo di sostegno per attenuare rischi di disoccupazione -","og_description":"Il Consiglio e la Fondazione Nazionale dei Commercialisti hanno pubblicato l\u2019informativa\u00a0periodica \u201cAttivit\u00e0\u00a0Internazionale\u201d, una analisi sulle misure economiche adottate in ambito europeo ed\u00a0internazionale\u00a0per contrastare la pandemia. La Commissione europea ha presentato nelle scorse settimane il pacchetto d\u2019autunno di politica economica, attraverso il quale l\u2019esecutivo UE ha espresso il proprio parere rispetto ai documenti programmatici di bilancio [&hellip;]","og_url":"https:\/\/www.italiaeconomiaonline.it\/web\/commercialisti-analisi-sullo-strumento-europeo-di-sostegno-per-attenuare-rischi-di-disoccupazione\/","og_site_name":"ItaliaEconomiaOnline","article_published_time":"2020-12-02T15:48:42+00:00","og_image":[{"width":960,"height":640,"url":"https:\/\/www.italiaeconomiaonline.it\/web\/wp-content\/uploads\/2019\/06\/lavoro-1.jpg","type":"image\/jpeg"}],"author":"ladyitaliaeconomia","twitter_card":"summary_large_image","twitter_misc":{"Scritto da":"ladyitaliaeconomia","Tempo di lettura stimato":"3 minuti"},"schema":{"@context":"https:\/\/schema.org","@graph":[{"@type":"WebPage","@id":"https:\/\/www.italiaeconomiaonline.it\/web\/commercialisti-analisi-sullo-strumento-europeo-di-sostegno-per-attenuare-rischi-di-disoccupazione\/","url":"https:\/\/www.italiaeconomiaonline.it\/web\/commercialisti-analisi-sullo-strumento-europeo-di-sostegno-per-attenuare-rischi-di-disoccupazione\/","name":"Commercialisti: analisi sullo strumento europeo di sostegno per attenuare rischi di disoccupazione -","isPartOf":{"@id":"https:\/\/www.italiaeconomiaonline.it\/web\/#website"},"primaryImageOfPage":{"@id":"https:\/\/www.italiaeconomiaonline.it\/web\/commercialisti-analisi-sullo-strumento-europeo-di-sostegno-per-attenuare-rischi-di-disoccupazione\/#primaryimage"},"image":{"@id":"https:\/\/www.italiaeconomiaonline.it\/web\/commercialisti-analisi-sullo-strumento-europeo-di-sostegno-per-attenuare-rischi-di-disoccupazione\/#primaryimage"},"thumbnailUrl":"https:\/\/www.italiaeconomiaonline.it\/web\/wp-content\/uploads\/2019\/06\/lavoro-1.jpg","datePublished":"2020-12-02T15:48:42+00:00","dateModified":"2020-12-02T15:48:42+00:00","author":{"@id":"https:\/\/www.italiaeconomiaonline.it\/web\/#\/schema\/person\/909a49cce752523b020fbc37d5ab1c31"},"breadcrumb":{"@id":"https:\/\/www.italiaeconomiaonline.it\/web\/commercialisti-analisi-sullo-strumento-europeo-di-sostegno-per-attenuare-rischi-di-disoccupazione\/#breadcrumb"},"inLanguage":"it-IT","potentialAction":[{"@type":"ReadAction","target":["https:\/\/www.italiaeconomiaonline.it\/web\/commercialisti-analisi-sullo-strumento-europeo-di-sostegno-per-attenuare-rischi-di-disoccupazione\/"]}]},{"@type":"ImageObject","inLanguage":"it-IT","@id":"https:\/\/www.italiaeconomiaonline.it\/web\/commercialisti-analisi-sullo-strumento-europeo-di-sostegno-per-attenuare-rischi-di-disoccupazione\/#primaryimage","url":"https:\/\/www.italiaeconomiaonline.it\/web\/wp-content\/uploads\/2019\/06\/lavoro-1.jpg","contentUrl":"https:\/\/www.italiaeconomiaonline.it\/web\/wp-content\/uploads\/2019\/06\/lavoro-1.jpg","width":960,"height":640},{"@type":"BreadcrumbList","@id":"https:\/\/www.italiaeconomiaonline.it\/web\/commercialisti-analisi-sullo-strumento-europeo-di-sostegno-per-attenuare-rischi-di-disoccupazione\/#breadcrumb","itemListElement":[{"@type":"ListItem","position":1,"name":"Home","item":"https:\/\/www.italiaeconomiaonline.it\/web\/"},{"@type":"ListItem","position":2,"name":"Commercialisti: analisi sullo strumento europeo di sostegno per attenuare rischi di disoccupazione"}]},{"@type":"WebSite","@id":"https:\/\/www.italiaeconomiaonline.it\/web\/#website","url":"https:\/\/www.italiaeconomiaonline.it\/web\/","name":"ItaliaEconomiaOnline","description":"Quotidiano Economico Online","potentialAction":[{"@type":"SearchAction","target":{"@type":"EntryPoint","urlTemplate":"https:\/\/www.italiaeconomiaonline.it\/web\/?s={search_term_string}"},"query-input":"required name=search_term_string"}],"inLanguage":"it-IT"},{"@type":"Person","@id":"https:\/\/www.italiaeconomiaonline.it\/web\/#\/schema\/person\/909a49cce752523b020fbc37d5ab1c31","name":"ladyitaliaeconomia","image":{"@type":"ImageObject","inLanguage":"it-IT","@id":"https:\/\/www.italiaeconomiaonline.it\/web\/#\/schema\/person\/image\/","url":"https:\/\/secure.gravatar.com\/avatar\/cedca10ce7416a579b9fa6bce9c0a8f2?s=96&d=mm&r=g","contentUrl":"https:\/\/secure.gravatar.com\/avatar\/cedca10ce7416a579b9fa6bce9c0a8f2?s=96&d=mm&r=g","caption":"ladyitaliaeconomia"},"url":"https:\/\/www.italiaeconomiaonline.it\/web\/author\/ladyitaliaeconomia\/"}]}},"_links":{"self":[{"href":"https:\/\/www.italiaeconomiaonline.it\/web\/wp-json\/wp\/v2\/posts\/4798"}],"collection":[{"href":"https:\/\/www.italiaeconomiaonline.it\/web\/wp-json\/wp\/v2\/posts"}],"about":[{"href":"https:\/\/www.italiaeconomiaonline.it\/web\/wp-json\/wp\/v2\/types\/post"}],"author":[{"embeddable":true,"href":"https:\/\/www.italiaeconomiaonline.it\/web\/wp-json\/wp\/v2\/users\/1"}],"replies":[{"embeddable":true,"href":"https:\/\/www.italiaeconomiaonline.it\/web\/wp-json\/wp\/v2\/comments?post=4798"}],"version-history":[{"count":1,"href":"https:\/\/www.italiaeconomiaonline.it\/web\/wp-json\/wp\/v2\/posts\/4798\/revisions"}],"predecessor-version":[{"id":4799,"href":"https:\/\/www.italiaeconomiaonline.it\/web\/wp-json\/wp\/v2\/posts\/4798\/revisions\/4799"}],"wp:featuredmedia":[{"embeddable":true,"href":"https:\/\/www.italiaeconomiaonline.it\/web\/wp-json\/wp\/v2\/media\/952"}],"wp:attachment":[{"href":"https:\/\/www.italiaeconomiaonline.it\/web\/wp-json\/wp\/v2\/media?parent=4798"}],"wp:term":[{"taxonomy":"category","embeddable":true,"href":"https:\/\/www.italiaeconomiaonline.it\/web\/wp-json\/wp\/v2\/categories?post=4798"},{"taxonomy":"post_tag","embeddable":true,"href":"https:\/\/www.italiaeconomiaonline.it\/web\/wp-json\/wp\/v2\/tags?post=4798"}],"curies":[{"name":"wp","href":"https:\/\/api.w.org\/{rel}","templated":true}]}}