{"id":4811,"date":"2020-12-06T16:03:50","date_gmt":"2020-12-06T15:03:50","guid":{"rendered":"http:\/\/www.italiaeconomiaonline.it\/web\/?p=4811"},"modified":"2020-12-06T16:07:46","modified_gmt":"2020-12-06T15:07:46","slug":"riforma-strutturale-della-formazione-professionale-post-covid19","status":"publish","type":"post","link":"https:\/\/www.italiaeconomiaonline.it\/web\/riforma-strutturale-della-formazione-professionale-post-covid19\/","title":{"rendered":"Riforma strutturale della formazione professionale post-covid19"},"content":{"rendered":"<p><span class=\"dropcap dropcap3\">C<\/span>on il diffondersi della pandemia nel nostro paese, scoppiata a maggio di quest\u2019anno, l\u2019Italia ha dovuto affrontare una delle crisi sanitarie pi\u00f9 dure della sua storia.<\/p>\n<p>Diversi settori hanno rilevato ingenti danni economici e anche la formazione professionale \u00e8 stato duramente colpita.<\/p>\n<p>In risposta a tale emergenza la formazione ha dovuto rivoluzionare il proprio modo di fare didattica, e riguardo a ci\u00f2, fondamentale \u00e8 stato l\u2019utilizzo di nuovi strumenti tecnologici e piattaforme telematiche.<\/p>\n<p>Il Piano Colao, progetto di rilancio per l\u2019economia Italiana post-covid, si e impegnato per rilanciare i vari settori colpiti e nello specifico sul tema della formazione, ha riservato ben 5 schede introduttive per futuri progetti di riforma.<\/p>\n<p>La scheda 78, ad esempio, tratta la necessita di creare una spinta rilevante nel tema formazione, per il settore del digitale.<\/p>\n<p>Questo progetto, di fatto, da il via, ad un grande piano di riforma strutturale, che modernizza il tema formazione digitale in Italia.<\/p>\n<p>Nello specifico, la scheda disciplina come lanciare un programma didattico sperimentale e colmare quindi il gap di competenze e skill critiche (capacit\u00e0 digitali, STEM, problem-solving, finanziarie di base) che ha fatto balzare il nostro paese al 26\u00ba posto fra i 28 Stati membri dell\u2019UE.<\/p>\n<p>Il progetto Colao tenta di rispondere alla crisi della formazione sottolineando come esistano gia diverse aziende italiane pronte ad offrire un lavoro a 469 mila lavoratori STEM nei prossimi 5 anni. Il dilemma \u00e8 che in base a questa grande richiesta di lavoro, solo il 33% della professionalit\u00e0 tecnica richiesta dalle aziende risulta \u201cnon rintracciabile\u201d.<\/p>\n<p>Il progetto si struttura nello specifico in ben 4 fasi articolate nel:<br \/>\na. Disegno di percorsi didattici sperimentali su competenze e skill critiche differenziati per complessit\u00e0 e pensati per un utilizzo combinato di lezioni in aula e su piattaforma digitale;<\/p>\n<p>b. Sperimentazione dei percorsi formativi disegnati su una selezione di classi con gli insegnati che hanno aderito al pilota e partecipato alla realizzazione dei corsi;<\/p>\n<p>c. Lancio a scala tenendo conto dei diversi bisogni dei destinatari e del contesto, unitamente all\u2019analisi dei fabbisogni formativi degli insegnanti (ad esempio attraverso questionari ad hoc) e dei livelli di competenza degli studenti (analisi multilivello dei dati Invalsi);<br \/>\nd. Monitoraggio e miglioramento continuo dell&#8217;offerta didattica sulla base di feedback e risultati nei test standardizzati internazionali;<\/p>\n<p>Ma lo strumento online di formazione per le scuole non pu\u00f2 rilevarsi un pericolo per la privacy degli studenti? A questa domanda ha riposto il presidente del Garante per la protezione dei dati personali, Antonello Soro, all\u2019Ansa, l\u201911 giugno 2020.<\/p>\n<p>Nello specifico la problematica sorta, riguardava la pubblicazione dei voti degli studenti in modalit\u00e0 online sulla loro ammissione o non ammissione nell\u2019albo privato dell\u2019istituto, tramite piattaforme telematiche accessibili a tutti. E quindi una invasiva violazione della loro privacy.<\/p>\n<p>In relazione alla questione, l&#8217;Autorit\u00e0 garante chiarisce che a &#8221;differenza delle tradizionali forme di pubblicit\u00e0 degli scrutini &#8211; che oltre ad avere una base normativa consentono la tutela dei dati personali dei ragazzi &#8211; la pubblicazione online dei voti costituisce una forma di diffusione di dati particolarmente invasiva, e non coerente con la pi\u00f9 recente normativa sulla privacy&#8221;. Per questo sostanzialmente il Garante \u00e8 d&#8217;accordo, con la linea del Miur di indicare l&#8217;ammissione degli studenti soltanto sul registro elettronico.<\/p>\n<p>Una volta esposti, infatti, i voti rischiano di rimanere in rete per un tempo indefinito e possono essere, da chiunque, anche estraneo all&#8217;ambito scolastico, e per qualsiasi fine, registrati, utilizzati, incrociati con altri dati presenti sul web, determinando in questo modo una ingiustificata violazione del diritto alla riservatezza degli studenti, che sono in gran parte minori, con possibili ripercussioni anche sullo sviluppo della loro personalit\u00e0, in particolare per quelli di loro che abbiano ricevuto giudizi negativi.<\/p>\n<p>La necessaria pubblicit\u00e0 agli esiti scolastici &#8211; conclude il Garante &#8211; pu\u00f2 essere peraltro realizzata, senza violare la privacy degli studenti, prevedendo la pubblicazione degli scrutini non sull&#8217;albo on line, ma, utilizzando altre piattaforme che evitino i rischi sopra evidenziati&#8221;.<\/p>\n<p>Questo ci da una idea chiara di come la formazione online utilizzata per la formazione deve avere i suoi limiti o rischia di creare pi\u00f9 danni di quelli che pu\u00f2 agevolare. In conclusione possiamo dire che solo seguendo tali disposizioni si potr\u00e0 realmente attuare una contromisura utile in tema di formazione professionale e aumentare nuovi posti di lavoro nel settore formazione.<\/p>\n<p>&nbsp;<\/p>\n<p>&nbsp;<\/p>\n","protected":false},"excerpt":{"rendered":"<p>Con il diffondersi della pandemia nel nostro paese, scoppiata a maggio di quest\u2019anno, l\u2019Italia ha dovuto affrontare una delle crisi sanitarie pi\u00f9 dure della sua storia. Diversi settori hanno rilevato ingenti danni economici e anche la formazione professionale \u00e8 stato duramente colpita. In risposta a tale emergenza la formazione ha dovuto rivoluzionare il proprio modo [&hellip;]<\/p>\n","protected":false},"author":1,"featured_media":4815,"comment_status":"closed","ping_status":"open","sticky":false,"template":"","format":"standard","meta":{"footnotes":""},"categories":[133],"tags":[1429,1430,1428],"yoast_head":"<!-- This site is optimized with the Yoast SEO plugin v22.2 - https:\/\/yoast.com\/wordpress\/plugins\/seo\/ -->\n<title>Riforma strutturale della formazione professionale post-covid19 -<\/title>\n<meta name=\"robots\" content=\"index, follow, max-snippet:-1, max-image-preview:large, max-video-preview:-1\" \/>\n<link rel=\"canonical\" href=\"https:\/\/www.italiaeconomiaonline.it\/web\/riforma-strutturale-della-formazione-professionale-post-covid19\/\" \/>\n<meta property=\"og:locale\" content=\"it_IT\" \/>\n<meta property=\"og:type\" content=\"article\" \/>\n<meta property=\"og:title\" content=\"Riforma strutturale della formazione professionale post-covid19 -\" \/>\n<meta property=\"og:description\" content=\"Con il diffondersi della pandemia nel nostro paese, scoppiata a maggio di quest\u2019anno, l\u2019Italia ha dovuto affrontare una delle crisi sanitarie pi\u00f9 dure della sua storia. Diversi settori hanno rilevato ingenti danni economici e anche la formazione professionale \u00e8 stato duramente colpita. In risposta a tale emergenza la formazione ha dovuto rivoluzionare il proprio modo [&hellip;]\" \/>\n<meta property=\"og:url\" content=\"https:\/\/www.italiaeconomiaonline.it\/web\/riforma-strutturale-della-formazione-professionale-post-covid19\/\" \/>\n<meta property=\"og:site_name\" content=\"ItaliaEconomiaOnline\" \/>\n<meta property=\"article:published_time\" content=\"2020-12-06T15:03:50+00:00\" \/>\n<meta property=\"article:modified_time\" content=\"2020-12-06T15:07:46+00:00\" \/>\n<meta property=\"og:image\" content=\"https:\/\/www.italiaeconomiaonline.it\/web\/wp-content\/uploads\/2020\/12\/Giuseppe-Gorga1.jpg\" \/>\n\t<meta property=\"og:image:width\" content=\"960\" \/>\n\t<meta property=\"og:image:height\" content=\"720\" \/>\n\t<meta property=\"og:image:type\" content=\"image\/jpeg\" \/>\n<meta name=\"author\" content=\"ladyitaliaeconomia\" \/>\n<meta name=\"twitter:card\" content=\"summary_large_image\" \/>\n<meta name=\"twitter:label1\" content=\"Scritto da\" \/>\n\t<meta name=\"twitter:data1\" content=\"ladyitaliaeconomia\" \/>\n\t<meta name=\"twitter:label2\" content=\"Tempo di lettura stimato\" \/>\n\t<meta name=\"twitter:data2\" content=\"4 minuti\" \/>\n<script type=\"application\/ld+json\" class=\"yoast-schema-graph\">{\"@context\":\"https:\/\/schema.org\",\"@graph\":[{\"@type\":\"WebPage\",\"@id\":\"https:\/\/www.italiaeconomiaonline.it\/web\/riforma-strutturale-della-formazione-professionale-post-covid19\/\",\"url\":\"https:\/\/www.italiaeconomiaonline.it\/web\/riforma-strutturale-della-formazione-professionale-post-covid19\/\",\"name\":\"Riforma strutturale della formazione professionale post-covid19 -\",\"isPartOf\":{\"@id\":\"https:\/\/www.italiaeconomiaonline.it\/web\/#website\"},\"primaryImageOfPage\":{\"@id\":\"https:\/\/www.italiaeconomiaonline.it\/web\/riforma-strutturale-della-formazione-professionale-post-covid19\/#primaryimage\"},\"image\":{\"@id\":\"https:\/\/www.italiaeconomiaonline.it\/web\/riforma-strutturale-della-formazione-professionale-post-covid19\/#primaryimage\"},\"thumbnailUrl\":\"https:\/\/www.italiaeconomiaonline.it\/web\/wp-content\/uploads\/2020\/12\/Giuseppe-Gorga1.jpg\",\"datePublished\":\"2020-12-06T15:03:50+00:00\",\"dateModified\":\"2020-12-06T15:07:46+00:00\",\"author\":{\"@id\":\"https:\/\/www.italiaeconomiaonline.it\/web\/#\/schema\/person\/909a49cce752523b020fbc37d5ab1c31\"},\"breadcrumb\":{\"@id\":\"https:\/\/www.italiaeconomiaonline.it\/web\/riforma-strutturale-della-formazione-professionale-post-covid19\/#breadcrumb\"},\"inLanguage\":\"it-IT\",\"potentialAction\":[{\"@type\":\"ReadAction\",\"target\":[\"https:\/\/www.italiaeconomiaonline.it\/web\/riforma-strutturale-della-formazione-professionale-post-covid19\/\"]}]},{\"@type\":\"ImageObject\",\"inLanguage\":\"it-IT\",\"@id\":\"https:\/\/www.italiaeconomiaonline.it\/web\/riforma-strutturale-della-formazione-professionale-post-covid19\/#primaryimage\",\"url\":\"https:\/\/www.italiaeconomiaonline.it\/web\/wp-content\/uploads\/2020\/12\/Giuseppe-Gorga1.jpg\",\"contentUrl\":\"https:\/\/www.italiaeconomiaonline.it\/web\/wp-content\/uploads\/2020\/12\/Giuseppe-Gorga1.jpg\",\"width\":960,\"height\":720,\"caption\":\"Giuseppe Gorga\"},{\"@type\":\"BreadcrumbList\",\"@id\":\"https:\/\/www.italiaeconomiaonline.it\/web\/riforma-strutturale-della-formazione-professionale-post-covid19\/#breadcrumb\",\"itemListElement\":[{\"@type\":\"ListItem\",\"position\":1,\"name\":\"Home\",\"item\":\"https:\/\/www.italiaeconomiaonline.it\/web\/\"},{\"@type\":\"ListItem\",\"position\":2,\"name\":\"Riforma strutturale della formazione professionale post-covid19\"}]},{\"@type\":\"WebSite\",\"@id\":\"https:\/\/www.italiaeconomiaonline.it\/web\/#website\",\"url\":\"https:\/\/www.italiaeconomiaonline.it\/web\/\",\"name\":\"ItaliaEconomiaOnline\",\"description\":\"Quotidiano Economico Online\",\"potentialAction\":[{\"@type\":\"SearchAction\",\"target\":{\"@type\":\"EntryPoint\",\"urlTemplate\":\"https:\/\/www.italiaeconomiaonline.it\/web\/?s={search_term_string}\"},\"query-input\":\"required name=search_term_string\"}],\"inLanguage\":\"it-IT\"},{\"@type\":\"Person\",\"@id\":\"https:\/\/www.italiaeconomiaonline.it\/web\/#\/schema\/person\/909a49cce752523b020fbc37d5ab1c31\",\"name\":\"ladyitaliaeconomia\",\"image\":{\"@type\":\"ImageObject\",\"inLanguage\":\"it-IT\",\"@id\":\"https:\/\/www.italiaeconomiaonline.it\/web\/#\/schema\/person\/image\/\",\"url\":\"https:\/\/secure.gravatar.com\/avatar\/cedca10ce7416a579b9fa6bce9c0a8f2?s=96&d=mm&r=g\",\"contentUrl\":\"https:\/\/secure.gravatar.com\/avatar\/cedca10ce7416a579b9fa6bce9c0a8f2?s=96&d=mm&r=g\",\"caption\":\"ladyitaliaeconomia\"},\"url\":\"https:\/\/www.italiaeconomiaonline.it\/web\/author\/ladyitaliaeconomia\/\"}]}<\/script>\n<!-- \/ Yoast SEO plugin. -->","yoast_head_json":{"title":"Riforma strutturale della formazione professionale post-covid19 -","robots":{"index":"index","follow":"follow","max-snippet":"max-snippet:-1","max-image-preview":"max-image-preview:large","max-video-preview":"max-video-preview:-1"},"canonical":"https:\/\/www.italiaeconomiaonline.it\/web\/riforma-strutturale-della-formazione-professionale-post-covid19\/","og_locale":"it_IT","og_type":"article","og_title":"Riforma strutturale della formazione professionale post-covid19 -","og_description":"Con il diffondersi della pandemia nel nostro paese, scoppiata a maggio di quest\u2019anno, l\u2019Italia ha dovuto affrontare una delle crisi sanitarie pi\u00f9 dure della sua storia. Diversi settori hanno rilevato ingenti danni economici e anche la formazione professionale \u00e8 stato duramente colpita. In risposta a tale emergenza la formazione ha dovuto rivoluzionare il proprio modo [&hellip;]","og_url":"https:\/\/www.italiaeconomiaonline.it\/web\/riforma-strutturale-della-formazione-professionale-post-covid19\/","og_site_name":"ItaliaEconomiaOnline","article_published_time":"2020-12-06T15:03:50+00:00","article_modified_time":"2020-12-06T15:07:46+00:00","og_image":[{"width":960,"height":720,"url":"https:\/\/www.italiaeconomiaonline.it\/web\/wp-content\/uploads\/2020\/12\/Giuseppe-Gorga1.jpg","type":"image\/jpeg"}],"author":"ladyitaliaeconomia","twitter_card":"summary_large_image","twitter_misc":{"Scritto da":"ladyitaliaeconomia","Tempo di lettura stimato":"4 minuti"},"schema":{"@context":"https:\/\/schema.org","@graph":[{"@type":"WebPage","@id":"https:\/\/www.italiaeconomiaonline.it\/web\/riforma-strutturale-della-formazione-professionale-post-covid19\/","url":"https:\/\/www.italiaeconomiaonline.it\/web\/riforma-strutturale-della-formazione-professionale-post-covid19\/","name":"Riforma strutturale della formazione professionale post-covid19 -","isPartOf":{"@id":"https:\/\/www.italiaeconomiaonline.it\/web\/#website"},"primaryImageOfPage":{"@id":"https:\/\/www.italiaeconomiaonline.it\/web\/riforma-strutturale-della-formazione-professionale-post-covid19\/#primaryimage"},"image":{"@id":"https:\/\/www.italiaeconomiaonline.it\/web\/riforma-strutturale-della-formazione-professionale-post-covid19\/#primaryimage"},"thumbnailUrl":"https:\/\/www.italiaeconomiaonline.it\/web\/wp-content\/uploads\/2020\/12\/Giuseppe-Gorga1.jpg","datePublished":"2020-12-06T15:03:50+00:00","dateModified":"2020-12-06T15:07:46+00:00","author":{"@id":"https:\/\/www.italiaeconomiaonline.it\/web\/#\/schema\/person\/909a49cce752523b020fbc37d5ab1c31"},"breadcrumb":{"@id":"https:\/\/www.italiaeconomiaonline.it\/web\/riforma-strutturale-della-formazione-professionale-post-covid19\/#breadcrumb"},"inLanguage":"it-IT","potentialAction":[{"@type":"ReadAction","target":["https:\/\/www.italiaeconomiaonline.it\/web\/riforma-strutturale-della-formazione-professionale-post-covid19\/"]}]},{"@type":"ImageObject","inLanguage":"it-IT","@id":"https:\/\/www.italiaeconomiaonline.it\/web\/riforma-strutturale-della-formazione-professionale-post-covid19\/#primaryimage","url":"https:\/\/www.italiaeconomiaonline.it\/web\/wp-content\/uploads\/2020\/12\/Giuseppe-Gorga1.jpg","contentUrl":"https:\/\/www.italiaeconomiaonline.it\/web\/wp-content\/uploads\/2020\/12\/Giuseppe-Gorga1.jpg","width":960,"height":720,"caption":"Giuseppe Gorga"},{"@type":"BreadcrumbList","@id":"https:\/\/www.italiaeconomiaonline.it\/web\/riforma-strutturale-della-formazione-professionale-post-covid19\/#breadcrumb","itemListElement":[{"@type":"ListItem","position":1,"name":"Home","item":"https:\/\/www.italiaeconomiaonline.it\/web\/"},{"@type":"ListItem","position":2,"name":"Riforma strutturale della formazione professionale post-covid19"}]},{"@type":"WebSite","@id":"https:\/\/www.italiaeconomiaonline.it\/web\/#website","url":"https:\/\/www.italiaeconomiaonline.it\/web\/","name":"ItaliaEconomiaOnline","description":"Quotidiano Economico Online","potentialAction":[{"@type":"SearchAction","target":{"@type":"EntryPoint","urlTemplate":"https:\/\/www.italiaeconomiaonline.it\/web\/?s={search_term_string}"},"query-input":"required name=search_term_string"}],"inLanguage":"it-IT"},{"@type":"Person","@id":"https:\/\/www.italiaeconomiaonline.it\/web\/#\/schema\/person\/909a49cce752523b020fbc37d5ab1c31","name":"ladyitaliaeconomia","image":{"@type":"ImageObject","inLanguage":"it-IT","@id":"https:\/\/www.italiaeconomiaonline.it\/web\/#\/schema\/person\/image\/","url":"https:\/\/secure.gravatar.com\/avatar\/cedca10ce7416a579b9fa6bce9c0a8f2?s=96&d=mm&r=g","contentUrl":"https:\/\/secure.gravatar.com\/avatar\/cedca10ce7416a579b9fa6bce9c0a8f2?s=96&d=mm&r=g","caption":"ladyitaliaeconomia"},"url":"https:\/\/www.italiaeconomiaonline.it\/web\/author\/ladyitaliaeconomia\/"}]}},"_links":{"self":[{"href":"https:\/\/www.italiaeconomiaonline.it\/web\/wp-json\/wp\/v2\/posts\/4811"}],"collection":[{"href":"https:\/\/www.italiaeconomiaonline.it\/web\/wp-json\/wp\/v2\/posts"}],"about":[{"href":"https:\/\/www.italiaeconomiaonline.it\/web\/wp-json\/wp\/v2\/types\/post"}],"author":[{"embeddable":true,"href":"https:\/\/www.italiaeconomiaonline.it\/web\/wp-json\/wp\/v2\/users\/1"}],"replies":[{"embeddable":true,"href":"https:\/\/www.italiaeconomiaonline.it\/web\/wp-json\/wp\/v2\/comments?post=4811"}],"version-history":[{"count":2,"href":"https:\/\/www.italiaeconomiaonline.it\/web\/wp-json\/wp\/v2\/posts\/4811\/revisions"}],"predecessor-version":[{"id":4816,"href":"https:\/\/www.italiaeconomiaonline.it\/web\/wp-json\/wp\/v2\/posts\/4811\/revisions\/4816"}],"wp:featuredmedia":[{"embeddable":true,"href":"https:\/\/www.italiaeconomiaonline.it\/web\/wp-json\/wp\/v2\/media\/4815"}],"wp:attachment":[{"href":"https:\/\/www.italiaeconomiaonline.it\/web\/wp-json\/wp\/v2\/media?parent=4811"}],"wp:term":[{"taxonomy":"category","embeddable":true,"href":"https:\/\/www.italiaeconomiaonline.it\/web\/wp-json\/wp\/v2\/categories?post=4811"},{"taxonomy":"post_tag","embeddable":true,"href":"https:\/\/www.italiaeconomiaonline.it\/web\/wp-json\/wp\/v2\/tags?post=4811"}],"curies":[{"name":"wp","href":"https:\/\/api.w.org\/{rel}","templated":true}]}}