{"id":4895,"date":"2020-12-15T18:23:43","date_gmt":"2020-12-15T17:23:43","guid":{"rendered":"http:\/\/www.italiaeconomiaonline.it\/web\/?p=4895"},"modified":"2020-12-15T18:23:43","modified_gmt":"2020-12-15T17:23:43","slug":"la-commissione-accoglie-con-favore-laccordo-politico-su-eu4health","status":"publish","type":"post","link":"https:\/\/www.italiaeconomiaonline.it\/web\/la-commissione-accoglie-con-favore-laccordo-politico-su-eu4health\/","title":{"rendered":"La Commissione accoglie con favore l&#8217;accordo politico su EU4Health"},"content":{"rendered":"<p><span class=\"dropcap dropcap3\">L<\/span>a Commissione accoglie con favore l&#8217;accordo politico provvisorio raggiunto dal Parlamento europeo e dal Consiglio sul programma EU4Health. Margaritis <strong>Schinas<\/strong>, Vicepresidente per la Promozione dello stile di vita europeo, ha dichiarato: &#8220;<em>L&#8217;accordo provvisorio \u00e8 un&#8217;ulteriore prova del fatto che l&#8217;Unione europea della salute sta diventando una realt\u00e0 tangibile. \u00c8 la nostra risposta agli europei che vogliono che l&#8217;Europa abbia un ruolo centrale e non accessorio nelle politiche sanitarie. Stiamo adottando misure concrete per una maggiore cooperazione, un maggiore coordinamento e in definitiva pi\u00f9 UE nel settore della salute<\/em>.&#8221;<\/p>\n<p>Stella <strong>Kyriakides<\/strong>, Commissaria per la Salute e la sicurezza alimentare, ha dichiarato: &#8220;<em>Mi compiaccio dell\u2019accordo provvisorio raggiunto in tempi rapidi dal Parlamento europeo e dal Consiglio sul pi\u00f9 ambizioso programma di finanziamento della salute mai proposto. Con 5,1 miliardi di \u20ac, EU4Health contribuir\u00e0 a rafforzare la nostra preparazione alle crisi e la gestione delle minacce sanitarie transfrontaliere e rafforzer\u00e0 i sistemi sanitari dell&#8217;UE. EU4Health apre un nuovo capitolo della politica sanitaria dell&#8217;UE e invia ai cittadini europei un segnale chiaro che la salute pubblica per noi \u00e8 una priorit\u00e0 e che abbiamo ascoltato le loro preoccupazioni<\/em>.&#8221;<\/p>\n<p><a href=\"https:\/\/ec.europa.eu\/health\/funding\/eu4health_it\">EU4Health<\/a> sar\u00e0 il pi\u00f9 grande programma sanitario dell&#8217;UE di tutti i tempi, con 5,1 miliardi di \u20ac a esso destinati nel prossimo quadro finanziario pluriennale in base all&#8217;accordo del Parlamento europeo e del Consiglio. Nei primi anni del programma ci si concentrer\u00e0 in particolare sulla ripresa e la resilienza. EU4Health mira a rendere i sistemi sanitari pi\u00f9 resilienti per far fronte a minacce sanitarie transfrontaliere come la COVID-19, a rendere l&#8217;Unione europea della salute una realt\u00e0 investendo nella cura del cancro, in una migliore preparazione alle pandemie e nella disponibilit\u00e0 di medicinali, e a promuovere la sanit\u00e0 digitale e la prevenzione. Un comunicato stampa \u00e8 disponibile <a href=\"https:\/\/ec.europa.eu\/commission\/presscorner\/detail\/en\/IP_20_2420\"> online<\/a>.<\/p>\n<p>&nbsp;<\/p>\n","protected":false},"excerpt":{"rendered":"<p>La Commissione accoglie con favore l&#8217;accordo politico provvisorio raggiunto dal Parlamento europeo e dal Consiglio sul programma EU4Health. Margaritis Schinas, Vicepresidente per la Promozione dello stile di vita europeo, ha dichiarato: &#8220;L&#8217;accordo provvisorio \u00e8 un&#8217;ulteriore prova del fatto che l&#8217;Unione europea della salute sta diventando una realt\u00e0 tangibile. \u00c8 la nostra risposta agli europei che [&hellip;]<\/p>\n","protected":false},"author":1,"featured_media":2741,"comment_status":"closed","ping_status":"open","sticky":false,"template":"","format":"standard","meta":{"footnotes":""},"categories":[128],"tags":[],"yoast_head":"<!-- This site is optimized with the Yoast SEO plugin v22.2 - https:\/\/yoast.com\/wordpress\/plugins\/seo\/ -->\n<title>La Commissione accoglie con favore l&#039;accordo politico su EU4Health -<\/title>\n<meta name=\"robots\" content=\"index, follow, max-snippet:-1, max-image-preview:large, max-video-preview:-1\" \/>\n<link rel=\"canonical\" href=\"https:\/\/www.italiaeconomiaonline.it\/web\/la-commissione-accoglie-con-favore-laccordo-politico-su-eu4health\/\" \/>\n<meta property=\"og:locale\" content=\"it_IT\" \/>\n<meta property=\"og:type\" content=\"article\" \/>\n<meta property=\"og:title\" content=\"La Commissione accoglie con favore l&#039;accordo politico su EU4Health -\" \/>\n<meta property=\"og:description\" content=\"La Commissione accoglie con favore l&#8217;accordo politico provvisorio raggiunto dal Parlamento europeo e dal Consiglio sul programma EU4Health. Margaritis Schinas, Vicepresidente per la Promozione dello stile di vita europeo, ha dichiarato: &#8220;L&#8217;accordo provvisorio \u00e8 un&#8217;ulteriore prova del fatto che l&#8217;Unione europea della salute sta diventando una realt\u00e0 tangibile. \u00c8 la nostra risposta agli europei che [&hellip;]\" \/>\n<meta property=\"og:url\" content=\"https:\/\/www.italiaeconomiaonline.it\/web\/la-commissione-accoglie-con-favore-laccordo-politico-su-eu4health\/\" \/>\n<meta property=\"og:site_name\" content=\"ItaliaEconomiaOnline\" \/>\n<meta property=\"article:published_time\" content=\"2020-12-15T17:23:43+00:00\" \/>\n<meta property=\"og:image\" content=\"https:\/\/www.italiaeconomiaonline.it\/web\/wp-content\/uploads\/2020\/03\/Schermata-2020-03-24-alle-12.06.13.png\" \/>\n\t<meta property=\"og:image:width\" content=\"1630\" \/>\n\t<meta property=\"og:image:height\" content=\"906\" \/>\n\t<meta property=\"og:image:type\" content=\"image\/png\" \/>\n<meta name=\"author\" content=\"ladyitaliaeconomia\" \/>\n<meta name=\"twitter:card\" content=\"summary_large_image\" \/>\n<meta name=\"twitter:label1\" content=\"Scritto da\" \/>\n\t<meta name=\"twitter:data1\" content=\"ladyitaliaeconomia\" \/>\n\t<meta name=\"twitter:label2\" content=\"Tempo di lettura stimato\" \/>\n\t<meta name=\"twitter:data2\" content=\"1 minuto\" \/>\n<script type=\"application\/ld+json\" class=\"yoast-schema-graph\">{\"@context\":\"https:\/\/schema.org\",\"@graph\":[{\"@type\":\"WebPage\",\"@id\":\"https:\/\/www.italiaeconomiaonline.it\/web\/la-commissione-accoglie-con-favore-laccordo-politico-su-eu4health\/\",\"url\":\"https:\/\/www.italiaeconomiaonline.it\/web\/la-commissione-accoglie-con-favore-laccordo-politico-su-eu4health\/\",\"name\":\"La Commissione accoglie con favore l'accordo politico su EU4Health -\",\"isPartOf\":{\"@id\":\"https:\/\/www.italiaeconomiaonline.it\/web\/#website\"},\"primaryImageOfPage\":{\"@id\":\"https:\/\/www.italiaeconomiaonline.it\/web\/la-commissione-accoglie-con-favore-laccordo-politico-su-eu4health\/#primaryimage\"},\"image\":{\"@id\":\"https:\/\/www.italiaeconomiaonline.it\/web\/la-commissione-accoglie-con-favore-laccordo-politico-su-eu4health\/#primaryimage\"},\"thumbnailUrl\":\"https:\/\/www.italiaeconomiaonline.it\/web\/wp-content\/uploads\/2020\/03\/Schermata-2020-03-24-alle-12.06.13.png\",\"datePublished\":\"2020-12-15T17:23:43+00:00\",\"dateModified\":\"2020-12-15T17:23:43+00:00\",\"author\":{\"@id\":\"https:\/\/www.italiaeconomiaonline.it\/web\/#\/schema\/person\/909a49cce752523b020fbc37d5ab1c31\"},\"breadcrumb\":{\"@id\":\"https:\/\/www.italiaeconomiaonline.it\/web\/la-commissione-accoglie-con-favore-laccordo-politico-su-eu4health\/#breadcrumb\"},\"inLanguage\":\"it-IT\",\"potentialAction\":[{\"@type\":\"ReadAction\",\"target\":[\"https:\/\/www.italiaeconomiaonline.it\/web\/la-commissione-accoglie-con-favore-laccordo-politico-su-eu4health\/\"]}]},{\"@type\":\"ImageObject\",\"inLanguage\":\"it-IT\",\"@id\":\"https:\/\/www.italiaeconomiaonline.it\/web\/la-commissione-accoglie-con-favore-laccordo-politico-su-eu4health\/#primaryimage\",\"url\":\"https:\/\/www.italiaeconomiaonline.it\/web\/wp-content\/uploads\/2020\/03\/Schermata-2020-03-24-alle-12.06.13.png\",\"contentUrl\":\"https:\/\/www.italiaeconomiaonline.it\/web\/wp-content\/uploads\/2020\/03\/Schermata-2020-03-24-alle-12.06.13.png\",\"width\":1630,\"height\":906},{\"@type\":\"BreadcrumbList\",\"@id\":\"https:\/\/www.italiaeconomiaonline.it\/web\/la-commissione-accoglie-con-favore-laccordo-politico-su-eu4health\/#breadcrumb\",\"itemListElement\":[{\"@type\":\"ListItem\",\"position\":1,\"name\":\"Home\",\"item\":\"https:\/\/www.italiaeconomiaonline.it\/web\/\"},{\"@type\":\"ListItem\",\"position\":2,\"name\":\"La Commissione accoglie con favore l&#8217;accordo politico su EU4Health\"}]},{\"@type\":\"WebSite\",\"@id\":\"https:\/\/www.italiaeconomiaonline.it\/web\/#website\",\"url\":\"https:\/\/www.italiaeconomiaonline.it\/web\/\",\"name\":\"ItaliaEconomiaOnline\",\"description\":\"Quotidiano Economico Online\",\"potentialAction\":[{\"@type\":\"SearchAction\",\"target\":{\"@type\":\"EntryPoint\",\"urlTemplate\":\"https:\/\/www.italiaeconomiaonline.it\/web\/?s={search_term_string}\"},\"query-input\":\"required name=search_term_string\"}],\"inLanguage\":\"it-IT\"},{\"@type\":\"Person\",\"@id\":\"https:\/\/www.italiaeconomiaonline.it\/web\/#\/schema\/person\/909a49cce752523b020fbc37d5ab1c31\",\"name\":\"ladyitaliaeconomia\",\"image\":{\"@type\":\"ImageObject\",\"inLanguage\":\"it-IT\",\"@id\":\"https:\/\/www.italiaeconomiaonline.it\/web\/#\/schema\/person\/image\/\",\"url\":\"https:\/\/secure.gravatar.com\/avatar\/cedca10ce7416a579b9fa6bce9c0a8f2?s=96&d=mm&r=g\",\"contentUrl\":\"https:\/\/secure.gravatar.com\/avatar\/cedca10ce7416a579b9fa6bce9c0a8f2?s=96&d=mm&r=g\",\"caption\":\"ladyitaliaeconomia\"},\"url\":\"https:\/\/www.italiaeconomiaonline.it\/web\/author\/ladyitaliaeconomia\/\"}]}<\/script>\n<!-- \/ Yoast SEO plugin. -->","yoast_head_json":{"title":"La Commissione accoglie con favore l'accordo politico su EU4Health -","robots":{"index":"index","follow":"follow","max-snippet":"max-snippet:-1","max-image-preview":"max-image-preview:large","max-video-preview":"max-video-preview:-1"},"canonical":"https:\/\/www.italiaeconomiaonline.it\/web\/la-commissione-accoglie-con-favore-laccordo-politico-su-eu4health\/","og_locale":"it_IT","og_type":"article","og_title":"La Commissione accoglie con favore l'accordo politico su EU4Health -","og_description":"La Commissione accoglie con favore l&#8217;accordo politico provvisorio raggiunto dal Parlamento europeo e dal Consiglio sul programma EU4Health. Margaritis Schinas, Vicepresidente per la Promozione dello stile di vita europeo, ha dichiarato: &#8220;L&#8217;accordo provvisorio \u00e8 un&#8217;ulteriore prova del fatto che l&#8217;Unione europea della salute sta diventando una realt\u00e0 tangibile. \u00c8 la nostra risposta agli europei che [&hellip;]","og_url":"https:\/\/www.italiaeconomiaonline.it\/web\/la-commissione-accoglie-con-favore-laccordo-politico-su-eu4health\/","og_site_name":"ItaliaEconomiaOnline","article_published_time":"2020-12-15T17:23:43+00:00","og_image":[{"width":1630,"height":906,"url":"https:\/\/www.italiaeconomiaonline.it\/web\/wp-content\/uploads\/2020\/03\/Schermata-2020-03-24-alle-12.06.13.png","type":"image\/png"}],"author":"ladyitaliaeconomia","twitter_card":"summary_large_image","twitter_misc":{"Scritto da":"ladyitaliaeconomia","Tempo di lettura stimato":"1 minuto"},"schema":{"@context":"https:\/\/schema.org","@graph":[{"@type":"WebPage","@id":"https:\/\/www.italiaeconomiaonline.it\/web\/la-commissione-accoglie-con-favore-laccordo-politico-su-eu4health\/","url":"https:\/\/www.italiaeconomiaonline.it\/web\/la-commissione-accoglie-con-favore-laccordo-politico-su-eu4health\/","name":"La Commissione accoglie con favore l'accordo politico su EU4Health -","isPartOf":{"@id":"https:\/\/www.italiaeconomiaonline.it\/web\/#website"},"primaryImageOfPage":{"@id":"https:\/\/www.italiaeconomiaonline.it\/web\/la-commissione-accoglie-con-favore-laccordo-politico-su-eu4health\/#primaryimage"},"image":{"@id":"https:\/\/www.italiaeconomiaonline.it\/web\/la-commissione-accoglie-con-favore-laccordo-politico-su-eu4health\/#primaryimage"},"thumbnailUrl":"https:\/\/www.italiaeconomiaonline.it\/web\/wp-content\/uploads\/2020\/03\/Schermata-2020-03-24-alle-12.06.13.png","datePublished":"2020-12-15T17:23:43+00:00","dateModified":"2020-12-15T17:23:43+00:00","author":{"@id":"https:\/\/www.italiaeconomiaonline.it\/web\/#\/schema\/person\/909a49cce752523b020fbc37d5ab1c31"},"breadcrumb":{"@id":"https:\/\/www.italiaeconomiaonline.it\/web\/la-commissione-accoglie-con-favore-laccordo-politico-su-eu4health\/#breadcrumb"},"inLanguage":"it-IT","potentialAction":[{"@type":"ReadAction","target":["https:\/\/www.italiaeconomiaonline.it\/web\/la-commissione-accoglie-con-favore-laccordo-politico-su-eu4health\/"]}]},{"@type":"ImageObject","inLanguage":"it-IT","@id":"https:\/\/www.italiaeconomiaonline.it\/web\/la-commissione-accoglie-con-favore-laccordo-politico-su-eu4health\/#primaryimage","url":"https:\/\/www.italiaeconomiaonline.it\/web\/wp-content\/uploads\/2020\/03\/Schermata-2020-03-24-alle-12.06.13.png","contentUrl":"https:\/\/www.italiaeconomiaonline.it\/web\/wp-content\/uploads\/2020\/03\/Schermata-2020-03-24-alle-12.06.13.png","width":1630,"height":906},{"@type":"BreadcrumbList","@id":"https:\/\/www.italiaeconomiaonline.it\/web\/la-commissione-accoglie-con-favore-laccordo-politico-su-eu4health\/#breadcrumb","itemListElement":[{"@type":"ListItem","position":1,"name":"Home","item":"https:\/\/www.italiaeconomiaonline.it\/web\/"},{"@type":"ListItem","position":2,"name":"La Commissione accoglie con favore l&#8217;accordo politico su EU4Health"}]},{"@type":"WebSite","@id":"https:\/\/www.italiaeconomiaonline.it\/web\/#website","url":"https:\/\/www.italiaeconomiaonline.it\/web\/","name":"ItaliaEconomiaOnline","description":"Quotidiano Economico Online","potentialAction":[{"@type":"SearchAction","target":{"@type":"EntryPoint","urlTemplate":"https:\/\/www.italiaeconomiaonline.it\/web\/?s={search_term_string}"},"query-input":"required name=search_term_string"}],"inLanguage":"it-IT"},{"@type":"Person","@id":"https:\/\/www.italiaeconomiaonline.it\/web\/#\/schema\/person\/909a49cce752523b020fbc37d5ab1c31","name":"ladyitaliaeconomia","image":{"@type":"ImageObject","inLanguage":"it-IT","@id":"https:\/\/www.italiaeconomiaonline.it\/web\/#\/schema\/person\/image\/","url":"https:\/\/secure.gravatar.com\/avatar\/cedca10ce7416a579b9fa6bce9c0a8f2?s=96&d=mm&r=g","contentUrl":"https:\/\/secure.gravatar.com\/avatar\/cedca10ce7416a579b9fa6bce9c0a8f2?s=96&d=mm&r=g","caption":"ladyitaliaeconomia"},"url":"https:\/\/www.italiaeconomiaonline.it\/web\/author\/ladyitaliaeconomia\/"}]}},"_links":{"self":[{"href":"https:\/\/www.italiaeconomiaonline.it\/web\/wp-json\/wp\/v2\/posts\/4895"}],"collection":[{"href":"https:\/\/www.italiaeconomiaonline.it\/web\/wp-json\/wp\/v2\/posts"}],"about":[{"href":"https:\/\/www.italiaeconomiaonline.it\/web\/wp-json\/wp\/v2\/types\/post"}],"author":[{"embeddable":true,"href":"https:\/\/www.italiaeconomiaonline.it\/web\/wp-json\/wp\/v2\/users\/1"}],"replies":[{"embeddable":true,"href":"https:\/\/www.italiaeconomiaonline.it\/web\/wp-json\/wp\/v2\/comments?post=4895"}],"version-history":[{"count":1,"href":"https:\/\/www.italiaeconomiaonline.it\/web\/wp-json\/wp\/v2\/posts\/4895\/revisions"}],"predecessor-version":[{"id":4896,"href":"https:\/\/www.italiaeconomiaonline.it\/web\/wp-json\/wp\/v2\/posts\/4895\/revisions\/4896"}],"wp:featuredmedia":[{"embeddable":true,"href":"https:\/\/www.italiaeconomiaonline.it\/web\/wp-json\/wp\/v2\/media\/2741"}],"wp:attachment":[{"href":"https:\/\/www.italiaeconomiaonline.it\/web\/wp-json\/wp\/v2\/media?parent=4895"}],"wp:term":[{"taxonomy":"category","embeddable":true,"href":"https:\/\/www.italiaeconomiaonline.it\/web\/wp-json\/wp\/v2\/categories?post=4895"},{"taxonomy":"post_tag","embeddable":true,"href":"https:\/\/www.italiaeconomiaonline.it\/web\/wp-json\/wp\/v2\/tags?post=4895"}],"curies":[{"name":"wp","href":"https:\/\/api.w.org\/{rel}","templated":true}]}}