{"id":4910,"date":"2020-12-17T09:57:31","date_gmt":"2020-12-17T08:57:31","guid":{"rendered":"http:\/\/www.italiaeconomiaonline.it\/web\/?p=4910"},"modified":"2020-12-17T09:57:31","modified_gmt":"2020-12-17T08:57:31","slug":"confcommercio-lombardia-bene-i-nuovi-ristori-regionali-a-fondo-perduto","status":"publish","type":"post","link":"https:\/\/www.italiaeconomiaonline.it\/web\/confcommercio-lombardia-bene-i-nuovi-ristori-regionali-a-fondo-perduto\/","title":{"rendered":"Confcommercio Lombardia: &#8220;Bene i nuovi ristori regionali a fondo perduto&#8221;"},"content":{"rendered":"<p style=\"text-align: left;\" align=\"center\"><span class=\"dropcap dropcap3\"><b>\u00a0<\/b>P<\/span>ositiva anche l\u2019inclusione di numerose filiere del commercio all\u2019ingrosso. Ma il momento \u00e8 ancora drammatico: \u201cFatturati attesi in calo di oltre il 50% per un\u2019impresa di ristorazione su tre. In totale le spese natalizie in Lombardia crolleranno di 1,6 miliardi\u201d. Preoccupazione per il possibile \u201cgiro di vite\u201d nelle feste<\/p>\n<p>\u00a0\u201cUn nuovo provvedimento importante e positivo che questa volta include, tra gli altri, anche il comparto della ristorazione, uno tra i pi\u00f9 duramente colpiti da crisi e calo dei fatturati\u201d. Cos\u00ec <b>Confcommercio Lombardia<\/b> e <b>Fipe<\/b> (la Federazione Italiana Pubblici Esercizi) <b>Lombardia<\/b> si esprimono sui nuovi contributi a fondo perduto stanziati dalla Regione con l\u2019ulteriore estensione della misura \u201cSi!Lombardia\u201d.<\/p>\n<p>\u201cSi tratta di un apprezzato segnale di attenzione da parte della Regione e, in particolare, degli assessori Davide Caparini e Alessandro Mattinzoli\u201d commenta <b>Confcommercio Lombardia<\/b>. \u201cPositiva, inoltre, l\u2019inclusione di numerose filiere di commercio all&#8217;ingrosso, cos\u00ec come la riapertura delle precedenti finestre di presentazione delle domande che consentir\u00e0 anche a chi non aveva fatto in tempo di poter richiedere i contributi a fondo perduto\u201d.<\/p>\n<p>\u201cNon dobbiamo dimenticare per\u00f2 che il momento \u00e8 ancora drammatico. Questa nuova estensione di \u2018Si!Lombardia\u2019 sar\u00e0 certamente una parziale boccata di ossigeno, ma resta il fatto che l&#8217;entit\u00e0 delle perdite per la ristorazione \u00e8 elevatissima\u201d puntualizzano <b>Confcommercio Lombardia<\/b> e <b>Fipe Lombardia<\/b>. \u201cPer un\u2019impresa su quattro negli ultimi mesi i fatturati sono crollati di pi\u00f9 del 50%, e sar\u00e0 cos\u00ec anche fino a marzo per un&#8217;impresa su tre. C&#8217;\u00e8 inoltre grande preoccupazione per il possibile nuovo giro di vite sulle attivit\u00e0 previsto nell\u2019imminente periodo delle feste a pochi giorni dall\u2019avvio in Lombardia della zona gialla, prospettiva che genera instabilit\u00e0 e incertezze sulla tenuta dell\u2019intero comparto\u201d. \u201cCome se non bastasse, l\u2019andamento dei consumi legati al Natale in Lombardia \u00e8 fortemente negativo, con un calo di 1,6 miliardi rispetto a dicembre 2019\u201d.<\/p>\n<p>\u201cPer questo accogliamo con favore le azioni di ristoro come quella prevista da Regione Lombardia, ma ribadiamo \u2013 concludono <b>Confcommercio Lombardia<\/b> e <b>Fipe Lombardia<\/b> &#8211; che l&#8217;attenzione nei confronti delle imprese deve restare alta. Occorre garantire risposte veloci e concrete per migliaia di attivit\u00e0 che meritano di avere una reale prospettiva di futuro\u201d.<\/p>\n","protected":false},"excerpt":{"rendered":"<p>\u00a0Positiva anche l\u2019inclusione di numerose filiere del commercio all\u2019ingrosso. Ma il momento \u00e8 ancora drammatico: \u201cFatturati attesi in calo di oltre il 50% per un\u2019impresa di ristorazione su tre. In totale le spese natalizie in Lombardia crolleranno di 1,6 miliardi\u201d. Preoccupazione per il possibile \u201cgiro di vite\u201d nelle feste \u00a0\u201cUn nuovo provvedimento importante e positivo [&hellip;]<\/p>\n","protected":false},"author":1,"featured_media":4646,"comment_status":"closed","ping_status":"open","sticky":false,"template":"","format":"standard","meta":{"footnotes":""},"categories":[612],"tags":[1447,916],"yoast_head":"<!-- This site is optimized with the Yoast SEO plugin v22.2 - https:\/\/yoast.com\/wordpress\/plugins\/seo\/ -->\n<title>Confcommercio Lombardia: &quot;Bene i nuovi ristori regionali a fondo perduto&quot; -<\/title>\n<meta name=\"robots\" content=\"index, follow, max-snippet:-1, max-image-preview:large, max-video-preview:-1\" \/>\n<link rel=\"canonical\" href=\"https:\/\/www.italiaeconomiaonline.it\/web\/confcommercio-lombardia-bene-i-nuovi-ristori-regionali-a-fondo-perduto\/\" \/>\n<meta property=\"og:locale\" content=\"it_IT\" \/>\n<meta property=\"og:type\" content=\"article\" \/>\n<meta property=\"og:title\" content=\"Confcommercio Lombardia: &quot;Bene i nuovi ristori regionali a fondo perduto&quot; -\" \/>\n<meta property=\"og:description\" content=\"\u00a0Positiva anche l\u2019inclusione di numerose filiere del commercio all\u2019ingrosso. Ma il momento \u00e8 ancora drammatico: \u201cFatturati attesi in calo di oltre il 50% per un\u2019impresa di ristorazione su tre. In totale le spese natalizie in Lombardia crolleranno di 1,6 miliardi\u201d. Preoccupazione per il possibile \u201cgiro di vite\u201d nelle feste \u00a0\u201cUn nuovo provvedimento importante e positivo [&hellip;]\" \/>\n<meta property=\"og:url\" content=\"https:\/\/www.italiaeconomiaonline.it\/web\/confcommercio-lombardia-bene-i-nuovi-ristori-regionali-a-fondo-perduto\/\" \/>\n<meta property=\"og:site_name\" content=\"ItaliaEconomiaOnline\" \/>\n<meta property=\"article:published_time\" content=\"2020-12-17T08:57:31+00:00\" \/>\n<meta property=\"og:image\" content=\"https:\/\/www.italiaeconomiaonline.it\/web\/wp-content\/uploads\/2020\/11\/Schermata-2020-11-16-alle-11.52.20.png\" \/>\n\t<meta property=\"og:image:width\" content=\"1386\" \/>\n\t<meta property=\"og:image:height\" content=\"928\" \/>\n\t<meta property=\"og:image:type\" content=\"image\/png\" \/>\n<meta name=\"author\" content=\"ladyitaliaeconomia\" \/>\n<meta name=\"twitter:card\" content=\"summary_large_image\" \/>\n<meta name=\"twitter:label1\" content=\"Scritto da\" \/>\n\t<meta name=\"twitter:data1\" content=\"ladyitaliaeconomia\" \/>\n\t<meta name=\"twitter:label2\" content=\"Tempo di lettura stimato\" \/>\n\t<meta name=\"twitter:data2\" content=\"2 minuti\" \/>\n<script type=\"application\/ld+json\" class=\"yoast-schema-graph\">{\"@context\":\"https:\/\/schema.org\",\"@graph\":[{\"@type\":\"WebPage\",\"@id\":\"https:\/\/www.italiaeconomiaonline.it\/web\/confcommercio-lombardia-bene-i-nuovi-ristori-regionali-a-fondo-perduto\/\",\"url\":\"https:\/\/www.italiaeconomiaonline.it\/web\/confcommercio-lombardia-bene-i-nuovi-ristori-regionali-a-fondo-perduto\/\",\"name\":\"Confcommercio Lombardia: \\\"Bene i nuovi ristori regionali a fondo perduto\\\" -\",\"isPartOf\":{\"@id\":\"https:\/\/www.italiaeconomiaonline.it\/web\/#website\"},\"primaryImageOfPage\":{\"@id\":\"https:\/\/www.italiaeconomiaonline.it\/web\/confcommercio-lombardia-bene-i-nuovi-ristori-regionali-a-fondo-perduto\/#primaryimage\"},\"image\":{\"@id\":\"https:\/\/www.italiaeconomiaonline.it\/web\/confcommercio-lombardia-bene-i-nuovi-ristori-regionali-a-fondo-perduto\/#primaryimage\"},\"thumbnailUrl\":\"https:\/\/www.italiaeconomiaonline.it\/web\/wp-content\/uploads\/2020\/11\/Schermata-2020-11-16-alle-11.52.20.png\",\"datePublished\":\"2020-12-17T08:57:31+00:00\",\"dateModified\":\"2020-12-17T08:57:31+00:00\",\"author\":{\"@id\":\"https:\/\/www.italiaeconomiaonline.it\/web\/#\/schema\/person\/909a49cce752523b020fbc37d5ab1c31\"},\"breadcrumb\":{\"@id\":\"https:\/\/www.italiaeconomiaonline.it\/web\/confcommercio-lombardia-bene-i-nuovi-ristori-regionali-a-fondo-perduto\/#breadcrumb\"},\"inLanguage\":\"it-IT\",\"potentialAction\":[{\"@type\":\"ReadAction\",\"target\":[\"https:\/\/www.italiaeconomiaonline.it\/web\/confcommercio-lombardia-bene-i-nuovi-ristori-regionali-a-fondo-perduto\/\"]}]},{\"@type\":\"ImageObject\",\"inLanguage\":\"it-IT\",\"@id\":\"https:\/\/www.italiaeconomiaonline.it\/web\/confcommercio-lombardia-bene-i-nuovi-ristori-regionali-a-fondo-perduto\/#primaryimage\",\"url\":\"https:\/\/www.italiaeconomiaonline.it\/web\/wp-content\/uploads\/2020\/11\/Schermata-2020-11-16-alle-11.52.20.png\",\"contentUrl\":\"https:\/\/www.italiaeconomiaonline.it\/web\/wp-content\/uploads\/2020\/11\/Schermata-2020-11-16-alle-11.52.20.png\",\"width\":1386,\"height\":928},{\"@type\":\"BreadcrumbList\",\"@id\":\"https:\/\/www.italiaeconomiaonline.it\/web\/confcommercio-lombardia-bene-i-nuovi-ristori-regionali-a-fondo-perduto\/#breadcrumb\",\"itemListElement\":[{\"@type\":\"ListItem\",\"position\":1,\"name\":\"Home\",\"item\":\"https:\/\/www.italiaeconomiaonline.it\/web\/\"},{\"@type\":\"ListItem\",\"position\":2,\"name\":\"Confcommercio Lombardia: &#8220;Bene i nuovi ristori regionali a fondo perduto&#8221;\"}]},{\"@type\":\"WebSite\",\"@id\":\"https:\/\/www.italiaeconomiaonline.it\/web\/#website\",\"url\":\"https:\/\/www.italiaeconomiaonline.it\/web\/\",\"name\":\"ItaliaEconomiaOnline\",\"description\":\"Quotidiano Economico Online\",\"potentialAction\":[{\"@type\":\"SearchAction\",\"target\":{\"@type\":\"EntryPoint\",\"urlTemplate\":\"https:\/\/www.italiaeconomiaonline.it\/web\/?s={search_term_string}\"},\"query-input\":\"required name=search_term_string\"}],\"inLanguage\":\"it-IT\"},{\"@type\":\"Person\",\"@id\":\"https:\/\/www.italiaeconomiaonline.it\/web\/#\/schema\/person\/909a49cce752523b020fbc37d5ab1c31\",\"name\":\"ladyitaliaeconomia\",\"image\":{\"@type\":\"ImageObject\",\"inLanguage\":\"it-IT\",\"@id\":\"https:\/\/www.italiaeconomiaonline.it\/web\/#\/schema\/person\/image\/\",\"url\":\"https:\/\/secure.gravatar.com\/avatar\/cedca10ce7416a579b9fa6bce9c0a8f2?s=96&d=mm&r=g\",\"contentUrl\":\"https:\/\/secure.gravatar.com\/avatar\/cedca10ce7416a579b9fa6bce9c0a8f2?s=96&d=mm&r=g\",\"caption\":\"ladyitaliaeconomia\"},\"url\":\"https:\/\/www.italiaeconomiaonline.it\/web\/author\/ladyitaliaeconomia\/\"}]}<\/script>\n<!-- \/ Yoast SEO plugin. -->","yoast_head_json":{"title":"Confcommercio Lombardia: \"Bene i nuovi ristori regionali a fondo perduto\" -","robots":{"index":"index","follow":"follow","max-snippet":"max-snippet:-1","max-image-preview":"max-image-preview:large","max-video-preview":"max-video-preview:-1"},"canonical":"https:\/\/www.italiaeconomiaonline.it\/web\/confcommercio-lombardia-bene-i-nuovi-ristori-regionali-a-fondo-perduto\/","og_locale":"it_IT","og_type":"article","og_title":"Confcommercio Lombardia: \"Bene i nuovi ristori regionali a fondo perduto\" -","og_description":"\u00a0Positiva anche l\u2019inclusione di numerose filiere del commercio all\u2019ingrosso. Ma il momento \u00e8 ancora drammatico: \u201cFatturati attesi in calo di oltre il 50% per un\u2019impresa di ristorazione su tre. In totale le spese natalizie in Lombardia crolleranno di 1,6 miliardi\u201d. Preoccupazione per il possibile \u201cgiro di vite\u201d nelle feste \u00a0\u201cUn nuovo provvedimento importante e positivo [&hellip;]","og_url":"https:\/\/www.italiaeconomiaonline.it\/web\/confcommercio-lombardia-bene-i-nuovi-ristori-regionali-a-fondo-perduto\/","og_site_name":"ItaliaEconomiaOnline","article_published_time":"2020-12-17T08:57:31+00:00","og_image":[{"width":1386,"height":928,"url":"https:\/\/www.italiaeconomiaonline.it\/web\/wp-content\/uploads\/2020\/11\/Schermata-2020-11-16-alle-11.52.20.png","type":"image\/png"}],"author":"ladyitaliaeconomia","twitter_card":"summary_large_image","twitter_misc":{"Scritto da":"ladyitaliaeconomia","Tempo di lettura stimato":"2 minuti"},"schema":{"@context":"https:\/\/schema.org","@graph":[{"@type":"WebPage","@id":"https:\/\/www.italiaeconomiaonline.it\/web\/confcommercio-lombardia-bene-i-nuovi-ristori-regionali-a-fondo-perduto\/","url":"https:\/\/www.italiaeconomiaonline.it\/web\/confcommercio-lombardia-bene-i-nuovi-ristori-regionali-a-fondo-perduto\/","name":"Confcommercio Lombardia: \"Bene i nuovi ristori regionali a fondo perduto\" -","isPartOf":{"@id":"https:\/\/www.italiaeconomiaonline.it\/web\/#website"},"primaryImageOfPage":{"@id":"https:\/\/www.italiaeconomiaonline.it\/web\/confcommercio-lombardia-bene-i-nuovi-ristori-regionali-a-fondo-perduto\/#primaryimage"},"image":{"@id":"https:\/\/www.italiaeconomiaonline.it\/web\/confcommercio-lombardia-bene-i-nuovi-ristori-regionali-a-fondo-perduto\/#primaryimage"},"thumbnailUrl":"https:\/\/www.italiaeconomiaonline.it\/web\/wp-content\/uploads\/2020\/11\/Schermata-2020-11-16-alle-11.52.20.png","datePublished":"2020-12-17T08:57:31+00:00","dateModified":"2020-12-17T08:57:31+00:00","author":{"@id":"https:\/\/www.italiaeconomiaonline.it\/web\/#\/schema\/person\/909a49cce752523b020fbc37d5ab1c31"},"breadcrumb":{"@id":"https:\/\/www.italiaeconomiaonline.it\/web\/confcommercio-lombardia-bene-i-nuovi-ristori-regionali-a-fondo-perduto\/#breadcrumb"},"inLanguage":"it-IT","potentialAction":[{"@type":"ReadAction","target":["https:\/\/www.italiaeconomiaonline.it\/web\/confcommercio-lombardia-bene-i-nuovi-ristori-regionali-a-fondo-perduto\/"]}]},{"@type":"ImageObject","inLanguage":"it-IT","@id":"https:\/\/www.italiaeconomiaonline.it\/web\/confcommercio-lombardia-bene-i-nuovi-ristori-regionali-a-fondo-perduto\/#primaryimage","url":"https:\/\/www.italiaeconomiaonline.it\/web\/wp-content\/uploads\/2020\/11\/Schermata-2020-11-16-alle-11.52.20.png","contentUrl":"https:\/\/www.italiaeconomiaonline.it\/web\/wp-content\/uploads\/2020\/11\/Schermata-2020-11-16-alle-11.52.20.png","width":1386,"height":928},{"@type":"BreadcrumbList","@id":"https:\/\/www.italiaeconomiaonline.it\/web\/confcommercio-lombardia-bene-i-nuovi-ristori-regionali-a-fondo-perduto\/#breadcrumb","itemListElement":[{"@type":"ListItem","position":1,"name":"Home","item":"https:\/\/www.italiaeconomiaonline.it\/web\/"},{"@type":"ListItem","position":2,"name":"Confcommercio Lombardia: &#8220;Bene i nuovi ristori regionali a fondo perduto&#8221;"}]},{"@type":"WebSite","@id":"https:\/\/www.italiaeconomiaonline.it\/web\/#website","url":"https:\/\/www.italiaeconomiaonline.it\/web\/","name":"ItaliaEconomiaOnline","description":"Quotidiano Economico Online","potentialAction":[{"@type":"SearchAction","target":{"@type":"EntryPoint","urlTemplate":"https:\/\/www.italiaeconomiaonline.it\/web\/?s={search_term_string}"},"query-input":"required name=search_term_string"}],"inLanguage":"it-IT"},{"@type":"Person","@id":"https:\/\/www.italiaeconomiaonline.it\/web\/#\/schema\/person\/909a49cce752523b020fbc37d5ab1c31","name":"ladyitaliaeconomia","image":{"@type":"ImageObject","inLanguage":"it-IT","@id":"https:\/\/www.italiaeconomiaonline.it\/web\/#\/schema\/person\/image\/","url":"https:\/\/secure.gravatar.com\/avatar\/cedca10ce7416a579b9fa6bce9c0a8f2?s=96&d=mm&r=g","contentUrl":"https:\/\/secure.gravatar.com\/avatar\/cedca10ce7416a579b9fa6bce9c0a8f2?s=96&d=mm&r=g","caption":"ladyitaliaeconomia"},"url":"https:\/\/www.italiaeconomiaonline.it\/web\/author\/ladyitaliaeconomia\/"}]}},"_links":{"self":[{"href":"https:\/\/www.italiaeconomiaonline.it\/web\/wp-json\/wp\/v2\/posts\/4910"}],"collection":[{"href":"https:\/\/www.italiaeconomiaonline.it\/web\/wp-json\/wp\/v2\/posts"}],"about":[{"href":"https:\/\/www.italiaeconomiaonline.it\/web\/wp-json\/wp\/v2\/types\/post"}],"author":[{"embeddable":true,"href":"https:\/\/www.italiaeconomiaonline.it\/web\/wp-json\/wp\/v2\/users\/1"}],"replies":[{"embeddable":true,"href":"https:\/\/www.italiaeconomiaonline.it\/web\/wp-json\/wp\/v2\/comments?post=4910"}],"version-history":[{"count":1,"href":"https:\/\/www.italiaeconomiaonline.it\/web\/wp-json\/wp\/v2\/posts\/4910\/revisions"}],"predecessor-version":[{"id":4911,"href":"https:\/\/www.italiaeconomiaonline.it\/web\/wp-json\/wp\/v2\/posts\/4910\/revisions\/4911"}],"wp:featuredmedia":[{"embeddable":true,"href":"https:\/\/www.italiaeconomiaonline.it\/web\/wp-json\/wp\/v2\/media\/4646"}],"wp:attachment":[{"href":"https:\/\/www.italiaeconomiaonline.it\/web\/wp-json\/wp\/v2\/media?parent=4910"}],"wp:term":[{"taxonomy":"category","embeddable":true,"href":"https:\/\/www.italiaeconomiaonline.it\/web\/wp-json\/wp\/v2\/categories?post=4910"},{"taxonomy":"post_tag","embeddable":true,"href":"https:\/\/www.italiaeconomiaonline.it\/web\/wp-json\/wp\/v2\/tags?post=4910"}],"curies":[{"name":"wp","href":"https:\/\/api.w.org\/{rel}","templated":true}]}}