{"id":4918,"date":"2020-12-18T11:25:43","date_gmt":"2020-12-18T10:25:43","guid":{"rendered":"http:\/\/www.italiaeconomiaonline.it\/web\/?p=4918"},"modified":"2020-12-18T11:26:58","modified_gmt":"2020-12-18T10:26:58","slug":"cna-benessere-e-sanita-incomprensibile-lesclusione-dei-servizi-di-estetica-dalle-attivita-consentite-nelle-zone-rosse","status":"publish","type":"post","link":"https:\/\/www.italiaeconomiaonline.it\/web\/cna-benessere-e-sanita-incomprensibile-lesclusione-dei-servizi-di-estetica-dalle-attivita-consentite-nelle-zone-rosse\/","title":{"rendered":"Benessere e Sanit\u00e0, CNA : \u201cIncomprensibile l\u2019esclusione dei servizi di estetica dalle attivit\u00e0 consentite nelle zone rosse&#8221;"},"content":{"rendered":"<p><span class=\"dropcap dropcap3\">A<\/span>lla luce del confronto politico in atto circa la possibilit\u00e0 di un lockdown generalizzato nel periodo natalizio, CNA Benessere e Sanit\u00e0 ribadisce con forza la necessit\u00e0 che le imprese di estetica non siano obbligate a sospendere l\u2019attivit\u00e0.<\/p>\n<p>&nbsp;<\/p>\n<p>Pur condividendo i timori del Governo circa un possibile aumento dei contagi, in coincidenza del periodo delle festivit\u00e0, continua ad apparire incomprensibile l\u2019esclusione dei servizi di estetica dalle attivit\u00e0 che possono operare nelle zone rosse.<\/p>\n<p>&nbsp;<\/p>\n<p>Al pari degli acconciatori queste imprese hanno sempre garantito altissimi standard di sicurezza per loro stessi e soprattutto per i clienti. Non rappresentano in alcun modo fonte di contagio poich\u00e9, per organizzazione e modalit\u00e0 di svolgimento del lavoro, non presuppongono la compresenza di pi\u00f9 persone n\u00e9 ingenerano assembramenti. La loro esclusione risulta pertanto priva di motivazioni oggettive.<\/p>\n<p>&nbsp;<\/p>\n<p>L\u2019incertezza di queste ultime ore circa eventuali nuove restrizioni a ridosso delle festivit\u00e0, periodo di solito intenso per il settore, non fa che esasperare ancora di pi\u00f9 le imprese gi\u00e0 duramente messe alla prova in questi mesi.<\/p>\n<p>&nbsp;<\/p>\n<p>CNA Benessere e Sanit\u00e0 chiede il reinserimento delle attivit\u00e0 di estetica tra quelle consentite anche nelle zone rosse.<\/p>\n<p>&nbsp;<\/p>\n","protected":false},"excerpt":{"rendered":"<p>Alla luce del confronto politico in atto circa la possibilit\u00e0 di un lockdown generalizzato nel periodo natalizio, CNA Benessere e Sanit\u00e0 ribadisce con forza la necessit\u00e0 che le imprese di estetica non siano obbligate a sospendere l\u2019attivit\u00e0. &nbsp; Pur condividendo i timori del Governo circa un possibile aumento dei contagi, in coincidenza del periodo delle [&hellip;]<\/p>\n","protected":false},"author":1,"featured_media":4919,"comment_status":"closed","ping_status":"open","sticky":false,"template":"","format":"standard","meta":{"footnotes":""},"categories":[56],"tags":[1450,425],"yoast_head":"<!-- This site is optimized with the Yoast SEO plugin v22.2 - https:\/\/yoast.com\/wordpress\/plugins\/seo\/ -->\n<title>Benessere e Sanit\u00e0, CNA : \u201cIncomprensibile l\u2019esclusione dei servizi di estetica dalle attivit\u00e0 consentite nelle zone rosse&quot; -<\/title>\n<meta name=\"robots\" content=\"index, follow, max-snippet:-1, max-image-preview:large, max-video-preview:-1\" \/>\n<link rel=\"canonical\" href=\"https:\/\/www.italiaeconomiaonline.it\/web\/cna-benessere-e-sanita-incomprensibile-lesclusione-dei-servizi-di-estetica-dalle-attivita-consentite-nelle-zone-rosse\/\" \/>\n<meta property=\"og:locale\" content=\"it_IT\" \/>\n<meta property=\"og:type\" content=\"article\" \/>\n<meta property=\"og:title\" content=\"Benessere e Sanit\u00e0, CNA : \u201cIncomprensibile l\u2019esclusione dei servizi di estetica dalle attivit\u00e0 consentite nelle zone rosse&quot; -\" \/>\n<meta property=\"og:description\" content=\"Alla luce del confronto politico in atto circa la possibilit\u00e0 di un lockdown generalizzato nel periodo natalizio, CNA Benessere e Sanit\u00e0 ribadisce con forza la necessit\u00e0 che le imprese di estetica non siano obbligate a sospendere l\u2019attivit\u00e0. &nbsp; Pur condividendo i timori del Governo circa un possibile aumento dei contagi, in coincidenza del periodo delle [&hellip;]\" \/>\n<meta property=\"og:url\" content=\"https:\/\/www.italiaeconomiaonline.it\/web\/cna-benessere-e-sanita-incomprensibile-lesclusione-dei-servizi-di-estetica-dalle-attivita-consentite-nelle-zone-rosse\/\" \/>\n<meta property=\"og:site_name\" content=\"ItaliaEconomiaOnline\" \/>\n<meta property=\"article:published_time\" content=\"2020-12-18T10:25:43+00:00\" \/>\n<meta property=\"article:modified_time\" content=\"2020-12-18T10:26:58+00:00\" \/>\n<meta property=\"og:image\" content=\"https:\/\/www.italiaeconomiaonline.it\/web\/wp-content\/uploads\/2020\/12\/Schermata-2020-12-18-alle-11.24.32-1024x581.png\" \/>\n\t<meta property=\"og:image:width\" content=\"1024\" \/>\n\t<meta property=\"og:image:height\" content=\"581\" \/>\n\t<meta property=\"og:image:type\" content=\"image\/png\" \/>\n<meta name=\"author\" content=\"ladyitaliaeconomia\" \/>\n<meta name=\"twitter:card\" content=\"summary_large_image\" \/>\n<meta name=\"twitter:label1\" content=\"Scritto da\" \/>\n\t<meta name=\"twitter:data1\" content=\"ladyitaliaeconomia\" \/>\n\t<meta name=\"twitter:label2\" content=\"Tempo di lettura stimato\" \/>\n\t<meta name=\"twitter:data2\" content=\"1 minuto\" \/>\n<script type=\"application\/ld+json\" class=\"yoast-schema-graph\">{\"@context\":\"https:\/\/schema.org\",\"@graph\":[{\"@type\":\"WebPage\",\"@id\":\"https:\/\/www.italiaeconomiaonline.it\/web\/cna-benessere-e-sanita-incomprensibile-lesclusione-dei-servizi-di-estetica-dalle-attivita-consentite-nelle-zone-rosse\/\",\"url\":\"https:\/\/www.italiaeconomiaonline.it\/web\/cna-benessere-e-sanita-incomprensibile-lesclusione-dei-servizi-di-estetica-dalle-attivita-consentite-nelle-zone-rosse\/\",\"name\":\"Benessere e Sanit\u00e0, CNA : \u201cIncomprensibile l\u2019esclusione dei servizi di estetica dalle attivit\u00e0 consentite nelle zone rosse\\\" -\",\"isPartOf\":{\"@id\":\"https:\/\/www.italiaeconomiaonline.it\/web\/#website\"},\"primaryImageOfPage\":{\"@id\":\"https:\/\/www.italiaeconomiaonline.it\/web\/cna-benessere-e-sanita-incomprensibile-lesclusione-dei-servizi-di-estetica-dalle-attivita-consentite-nelle-zone-rosse\/#primaryimage\"},\"image\":{\"@id\":\"https:\/\/www.italiaeconomiaonline.it\/web\/cna-benessere-e-sanita-incomprensibile-lesclusione-dei-servizi-di-estetica-dalle-attivita-consentite-nelle-zone-rosse\/#primaryimage\"},\"thumbnailUrl\":\"https:\/\/www.italiaeconomiaonline.it\/web\/wp-content\/uploads\/2020\/12\/Schermata-2020-12-18-alle-11.24.32.png\",\"datePublished\":\"2020-12-18T10:25:43+00:00\",\"dateModified\":\"2020-12-18T10:26:58+00:00\",\"author\":{\"@id\":\"https:\/\/www.italiaeconomiaonline.it\/web\/#\/schema\/person\/909a49cce752523b020fbc37d5ab1c31\"},\"breadcrumb\":{\"@id\":\"https:\/\/www.italiaeconomiaonline.it\/web\/cna-benessere-e-sanita-incomprensibile-lesclusione-dei-servizi-di-estetica-dalle-attivita-consentite-nelle-zone-rosse\/#breadcrumb\"},\"inLanguage\":\"it-IT\",\"potentialAction\":[{\"@type\":\"ReadAction\",\"target\":[\"https:\/\/www.italiaeconomiaonline.it\/web\/cna-benessere-e-sanita-incomprensibile-lesclusione-dei-servizi-di-estetica-dalle-attivita-consentite-nelle-zone-rosse\/\"]}]},{\"@type\":\"ImageObject\",\"inLanguage\":\"it-IT\",\"@id\":\"https:\/\/www.italiaeconomiaonline.it\/web\/cna-benessere-e-sanita-incomprensibile-lesclusione-dei-servizi-di-estetica-dalle-attivita-consentite-nelle-zone-rosse\/#primaryimage\",\"url\":\"https:\/\/www.italiaeconomiaonline.it\/web\/wp-content\/uploads\/2020\/12\/Schermata-2020-12-18-alle-11.24.32.png\",\"contentUrl\":\"https:\/\/www.italiaeconomiaonline.it\/web\/wp-content\/uploads\/2020\/12\/Schermata-2020-12-18-alle-11.24.32.png\",\"width\":1742,\"height\":988},{\"@type\":\"BreadcrumbList\",\"@id\":\"https:\/\/www.italiaeconomiaonline.it\/web\/cna-benessere-e-sanita-incomprensibile-lesclusione-dei-servizi-di-estetica-dalle-attivita-consentite-nelle-zone-rosse\/#breadcrumb\",\"itemListElement\":[{\"@type\":\"ListItem\",\"position\":1,\"name\":\"Home\",\"item\":\"https:\/\/www.italiaeconomiaonline.it\/web\/\"},{\"@type\":\"ListItem\",\"position\":2,\"name\":\"Benessere e Sanit\u00e0, CNA : \u201cIncomprensibile l\u2019esclusione dei servizi di estetica dalle attivit\u00e0 consentite nelle zone rosse&#8221;\"}]},{\"@type\":\"WebSite\",\"@id\":\"https:\/\/www.italiaeconomiaonline.it\/web\/#website\",\"url\":\"https:\/\/www.italiaeconomiaonline.it\/web\/\",\"name\":\"ItaliaEconomiaOnline\",\"description\":\"Quotidiano Economico Online\",\"potentialAction\":[{\"@type\":\"SearchAction\",\"target\":{\"@type\":\"EntryPoint\",\"urlTemplate\":\"https:\/\/www.italiaeconomiaonline.it\/web\/?s={search_term_string}\"},\"query-input\":\"required name=search_term_string\"}],\"inLanguage\":\"it-IT\"},{\"@type\":\"Person\",\"@id\":\"https:\/\/www.italiaeconomiaonline.it\/web\/#\/schema\/person\/909a49cce752523b020fbc37d5ab1c31\",\"name\":\"ladyitaliaeconomia\",\"image\":{\"@type\":\"ImageObject\",\"inLanguage\":\"it-IT\",\"@id\":\"https:\/\/www.italiaeconomiaonline.it\/web\/#\/schema\/person\/image\/\",\"url\":\"https:\/\/secure.gravatar.com\/avatar\/cedca10ce7416a579b9fa6bce9c0a8f2?s=96&d=mm&r=g\",\"contentUrl\":\"https:\/\/secure.gravatar.com\/avatar\/cedca10ce7416a579b9fa6bce9c0a8f2?s=96&d=mm&r=g\",\"caption\":\"ladyitaliaeconomia\"},\"url\":\"https:\/\/www.italiaeconomiaonline.it\/web\/author\/ladyitaliaeconomia\/\"}]}<\/script>\n<!-- \/ Yoast SEO plugin. -->","yoast_head_json":{"title":"Benessere e Sanit\u00e0, CNA : \u201cIncomprensibile l\u2019esclusione dei servizi di estetica dalle attivit\u00e0 consentite nelle zone rosse\" -","robots":{"index":"index","follow":"follow","max-snippet":"max-snippet:-1","max-image-preview":"max-image-preview:large","max-video-preview":"max-video-preview:-1"},"canonical":"https:\/\/www.italiaeconomiaonline.it\/web\/cna-benessere-e-sanita-incomprensibile-lesclusione-dei-servizi-di-estetica-dalle-attivita-consentite-nelle-zone-rosse\/","og_locale":"it_IT","og_type":"article","og_title":"Benessere e Sanit\u00e0, CNA : \u201cIncomprensibile l\u2019esclusione dei servizi di estetica dalle attivit\u00e0 consentite nelle zone rosse\" -","og_description":"Alla luce del confronto politico in atto circa la possibilit\u00e0 di un lockdown generalizzato nel periodo natalizio, CNA Benessere e Sanit\u00e0 ribadisce con forza la necessit\u00e0 che le imprese di estetica non siano obbligate a sospendere l\u2019attivit\u00e0. &nbsp; Pur condividendo i timori del Governo circa un possibile aumento dei contagi, in coincidenza del periodo delle [&hellip;]","og_url":"https:\/\/www.italiaeconomiaonline.it\/web\/cna-benessere-e-sanita-incomprensibile-lesclusione-dei-servizi-di-estetica-dalle-attivita-consentite-nelle-zone-rosse\/","og_site_name":"ItaliaEconomiaOnline","article_published_time":"2020-12-18T10:25:43+00:00","article_modified_time":"2020-12-18T10:26:58+00:00","og_image":[{"width":1024,"height":581,"url":"https:\/\/www.italiaeconomiaonline.it\/web\/wp-content\/uploads\/2020\/12\/Schermata-2020-12-18-alle-11.24.32-1024x581.png","type":"image\/png"}],"author":"ladyitaliaeconomia","twitter_card":"summary_large_image","twitter_misc":{"Scritto da":"ladyitaliaeconomia","Tempo di lettura stimato":"1 minuto"},"schema":{"@context":"https:\/\/schema.org","@graph":[{"@type":"WebPage","@id":"https:\/\/www.italiaeconomiaonline.it\/web\/cna-benessere-e-sanita-incomprensibile-lesclusione-dei-servizi-di-estetica-dalle-attivita-consentite-nelle-zone-rosse\/","url":"https:\/\/www.italiaeconomiaonline.it\/web\/cna-benessere-e-sanita-incomprensibile-lesclusione-dei-servizi-di-estetica-dalle-attivita-consentite-nelle-zone-rosse\/","name":"Benessere e Sanit\u00e0, CNA : \u201cIncomprensibile l\u2019esclusione dei servizi di estetica dalle attivit\u00e0 consentite nelle zone rosse\" -","isPartOf":{"@id":"https:\/\/www.italiaeconomiaonline.it\/web\/#website"},"primaryImageOfPage":{"@id":"https:\/\/www.italiaeconomiaonline.it\/web\/cna-benessere-e-sanita-incomprensibile-lesclusione-dei-servizi-di-estetica-dalle-attivita-consentite-nelle-zone-rosse\/#primaryimage"},"image":{"@id":"https:\/\/www.italiaeconomiaonline.it\/web\/cna-benessere-e-sanita-incomprensibile-lesclusione-dei-servizi-di-estetica-dalle-attivita-consentite-nelle-zone-rosse\/#primaryimage"},"thumbnailUrl":"https:\/\/www.italiaeconomiaonline.it\/web\/wp-content\/uploads\/2020\/12\/Schermata-2020-12-18-alle-11.24.32.png","datePublished":"2020-12-18T10:25:43+00:00","dateModified":"2020-12-18T10:26:58+00:00","author":{"@id":"https:\/\/www.italiaeconomiaonline.it\/web\/#\/schema\/person\/909a49cce752523b020fbc37d5ab1c31"},"breadcrumb":{"@id":"https:\/\/www.italiaeconomiaonline.it\/web\/cna-benessere-e-sanita-incomprensibile-lesclusione-dei-servizi-di-estetica-dalle-attivita-consentite-nelle-zone-rosse\/#breadcrumb"},"inLanguage":"it-IT","potentialAction":[{"@type":"ReadAction","target":["https:\/\/www.italiaeconomiaonline.it\/web\/cna-benessere-e-sanita-incomprensibile-lesclusione-dei-servizi-di-estetica-dalle-attivita-consentite-nelle-zone-rosse\/"]}]},{"@type":"ImageObject","inLanguage":"it-IT","@id":"https:\/\/www.italiaeconomiaonline.it\/web\/cna-benessere-e-sanita-incomprensibile-lesclusione-dei-servizi-di-estetica-dalle-attivita-consentite-nelle-zone-rosse\/#primaryimage","url":"https:\/\/www.italiaeconomiaonline.it\/web\/wp-content\/uploads\/2020\/12\/Schermata-2020-12-18-alle-11.24.32.png","contentUrl":"https:\/\/www.italiaeconomiaonline.it\/web\/wp-content\/uploads\/2020\/12\/Schermata-2020-12-18-alle-11.24.32.png","width":1742,"height":988},{"@type":"BreadcrumbList","@id":"https:\/\/www.italiaeconomiaonline.it\/web\/cna-benessere-e-sanita-incomprensibile-lesclusione-dei-servizi-di-estetica-dalle-attivita-consentite-nelle-zone-rosse\/#breadcrumb","itemListElement":[{"@type":"ListItem","position":1,"name":"Home","item":"https:\/\/www.italiaeconomiaonline.it\/web\/"},{"@type":"ListItem","position":2,"name":"Benessere e Sanit\u00e0, CNA : \u201cIncomprensibile l\u2019esclusione dei servizi di estetica dalle attivit\u00e0 consentite nelle zone rosse&#8221;"}]},{"@type":"WebSite","@id":"https:\/\/www.italiaeconomiaonline.it\/web\/#website","url":"https:\/\/www.italiaeconomiaonline.it\/web\/","name":"ItaliaEconomiaOnline","description":"Quotidiano Economico Online","potentialAction":[{"@type":"SearchAction","target":{"@type":"EntryPoint","urlTemplate":"https:\/\/www.italiaeconomiaonline.it\/web\/?s={search_term_string}"},"query-input":"required name=search_term_string"}],"inLanguage":"it-IT"},{"@type":"Person","@id":"https:\/\/www.italiaeconomiaonline.it\/web\/#\/schema\/person\/909a49cce752523b020fbc37d5ab1c31","name":"ladyitaliaeconomia","image":{"@type":"ImageObject","inLanguage":"it-IT","@id":"https:\/\/www.italiaeconomiaonline.it\/web\/#\/schema\/person\/image\/","url":"https:\/\/secure.gravatar.com\/avatar\/cedca10ce7416a579b9fa6bce9c0a8f2?s=96&d=mm&r=g","contentUrl":"https:\/\/secure.gravatar.com\/avatar\/cedca10ce7416a579b9fa6bce9c0a8f2?s=96&d=mm&r=g","caption":"ladyitaliaeconomia"},"url":"https:\/\/www.italiaeconomiaonline.it\/web\/author\/ladyitaliaeconomia\/"}]}},"_links":{"self":[{"href":"https:\/\/www.italiaeconomiaonline.it\/web\/wp-json\/wp\/v2\/posts\/4918"}],"collection":[{"href":"https:\/\/www.italiaeconomiaonline.it\/web\/wp-json\/wp\/v2\/posts"}],"about":[{"href":"https:\/\/www.italiaeconomiaonline.it\/web\/wp-json\/wp\/v2\/types\/post"}],"author":[{"embeddable":true,"href":"https:\/\/www.italiaeconomiaonline.it\/web\/wp-json\/wp\/v2\/users\/1"}],"replies":[{"embeddable":true,"href":"https:\/\/www.italiaeconomiaonline.it\/web\/wp-json\/wp\/v2\/comments?post=4918"}],"version-history":[{"count":2,"href":"https:\/\/www.italiaeconomiaonline.it\/web\/wp-json\/wp\/v2\/posts\/4918\/revisions"}],"predecessor-version":[{"id":4922,"href":"https:\/\/www.italiaeconomiaonline.it\/web\/wp-json\/wp\/v2\/posts\/4918\/revisions\/4922"}],"wp:featuredmedia":[{"embeddable":true,"href":"https:\/\/www.italiaeconomiaonline.it\/web\/wp-json\/wp\/v2\/media\/4919"}],"wp:attachment":[{"href":"https:\/\/www.italiaeconomiaonline.it\/web\/wp-json\/wp\/v2\/media?parent=4918"}],"wp:term":[{"taxonomy":"category","embeddable":true,"href":"https:\/\/www.italiaeconomiaonline.it\/web\/wp-json\/wp\/v2\/categories?post=4918"},{"taxonomy":"post_tag","embeddable":true,"href":"https:\/\/www.italiaeconomiaonline.it\/web\/wp-json\/wp\/v2\/tags?post=4918"}],"curies":[{"name":"wp","href":"https:\/\/api.w.org\/{rel}","templated":true}]}}