{"id":4988,"date":"2020-12-30T10:38:48","date_gmt":"2020-12-30T09:38:48","guid":{"rendered":"http:\/\/www.italiaeconomiaonline.it\/web\/?p=4988"},"modified":"2020-12-30T10:38:48","modified_gmt":"2020-12-30T09:38:48","slug":"legambiente-ennesimo-rinvio-al-taglio-dei-sussidi-alle-fonti-fossili","status":"publish","type":"post","link":"https:\/\/www.italiaeconomiaonline.it\/web\/legambiente-ennesimo-rinvio-al-taglio-dei-sussidi-alle-fonti-fossili\/","title":{"rendered":"Legambiente: \u201cEnnesimo rinvio al taglio dei sussidi alle fonti fossili&#8221;"},"content":{"rendered":"<p><span class=\"dropcap dropcap3\">S<\/span>ulla riduzione dei sussidi ambientalmente dannosi anche per quest&#8217;anno non se ne parla: \u00e8 davvero un grave errore da parte del governo Conte 2 e della sua maggioranza in parlamento che da un anno e mezzo parlano di Green deal italiano senza metterlo in pratica\u201d, cos\u00ec il <strong>presidente nazionale di Legambiente Stefano Ciafani <\/strong>commenta la legge di bilancio da 40 miliardi che oggi approda al Senato per il via libera definitivo.<\/p>\n<p>Un testo, che seppur contenga alcune misure positive, \u00e8 criticato dall\u2019associazione ambientalista perch\u00e9 privo di una visione strategica e di cambiamento del Paese. \u201cAnche in questa manovra, caratterizzata da una pioggia di bonus e di \u201caiutini\u201d in arrivo, &#8211; continua <strong>Ciafani<\/strong> &#8211; \u00e8 mancato il coraggio per accelerare la transizione ecologica e rilanciare il Paese con misure green che mettano davvero\u00a0al centro l&#8217;ambiente, il clima e la fiscalit\u00e0 ambientale.<\/p>\n<p>Dal testo \u00e8 scomparsa completamente l&#8217;eliminazione graduale dei sussidi diretti e indiretti alle fonti fossili, un tema sul quale il Governo aveva preso impegni precisi insieme alla plastic tax e alla sugar tax, entrambe rinviate. Parliamo di sussidi<strong>\u00a0<\/strong>stimabili, complessivamente, in\u00a035,7 miliardi di euro, di cui oltre 21,8 miliardi sotto forma diretta e circa 13,8 miliardi in forma indiretta, sottratti a investimenti in innovazione ambientale e utili a uscire dalla crisi economica e sociale e che potrebbero essere rimodulati facendo in modo che quelle categorie che oggi beneficiano di quei sussidi possano avere anche un incentivo alla riconversione delle loro attivit\u00e0 produttive. E si \u00e8 arrivati addirittura a rispolverare uno strumento <em>old style<\/em> come la rottamazione delle auto con incentivi anche per le auto pi\u00f9 inquinanti, frutto della pressione delle case automobilistiche pi\u00f9 reazionarie che non vogliono diventare protagoniste della nuova era della mobilit\u00e0 elettrica\u201d.<\/p>\n<p>&nbsp;<\/p>\n<p>L\u2019Esecutivo, secondo Legambiente, sta dimenticando l&#8217;altra grande emergenza planetaria, quella climatica, sui cui la stessa Europa ha chiesto pi\u00f9 volte ai vari Paesi membri un&#8217;accelerazione con un programma di rilancio e interventi strutturali a favore del clima per invertire la rotta e garantire un futuro migliore alle prossime generazioni. \u00c8 assurdo che l\u2019Italia continui a regalare euro a chi contribuisce a inquinare il Paese invece di premiare chi investe in innovazione ambientale: diamo pi\u00f9 soldi alle fonti inquinanti che a quelle pulite e prevediamo bonus per l&#8217;acquisto delle auto alimentate a combustibili fossili invece di sostenere e incentivare solamente la mobilit\u00e0 sostenibile.<\/p>\n<p>&nbsp;<\/p>\n<p>Per quanto riguarda le altre misure contenute nella legge di bilancio, Legambiente non condivide la proroga di solo sei mesi del superbonus al 110% dato che aveva chiesto la proroga al 2025 per dare continuit\u00e0 agli interventi ma renderli anche pi\u00f9 efficaci rispetto agli obiettivi energetici e sociali, premiando gli interventi davvero efficienti e che aiutano le famiglie in condizione di povert\u00e0 energetica. Ben venga invece il bonus per l&#8217;acquisto di auto elettriche e la norma che\u00a0incrementa di 3 milioni di euro il fondo per la gestione delle aree marine protette e\u00a0prevede l&#8217;istituzione dell&#8217;area\u00a0marina protetta delle Isole Cheradi\u00a0 e\u00a0Mar Piccolo\u00a0 (Taranto), e fondi per i comuni compresi nelle Zone economiche ambientali per l&#8217;educazione ambientale (8 milioni di euro), per\u00a0\u00a0promuovere il vuoto a rendere\u00a0(10 milioni di euro),incentivare la tariffazione\u00a0puntuale dei rifiuti (10 milioni di euro) e per promuovere l&#8217;acquisto di compostiere di comunit\u00e0 (10 milioni di euro)\u00a0insieme al finanziamento di\u00a09,4\u00a0milioni di euro per\u00a0la ricerca e la formazione basata su soluzioni vegetali per accompagnare la transizione verde, e\u00a0un fondo di 1 milione di euro per sostenere le attivit\u00e0 di recupero e cura della fauna selvatica dei centri gestiti dalle associazioni ambientaliste.<\/p>\n<p>Tra le altre misure previste da questa manovra, e che Legambiente giudica positive c\u2019\u00e8 l&#8217;istituzione del Cis\u00a0(Contratto di Sviluppo Istituzionale) per le aree colpite dal sisma del centro Italia con un finanziamento\u00a0di 100 milioni\u00a0che si accompagna alla stabilizzazione del personale. Si tratta di un primo segnale di rilancio economico per le terre del Centro Italia ferita dal sisma. Inoltre, per ognuna delle 4 Regioni del sisma \u00e8 previsto un finanziamento di\u00a015 milioni in tre anni\u00a0di creazione e potenziamento dei centri di ricerca e ampliamento dell&#8217;offerta formativa universitaria.<\/p>\n<p>Sul fronte scuola, per Legambiente non si stanno facendo gli investimenti dichiarati da pi\u00f9 parti necessari. Anche se l&#8217;associazione giudica positivo il potenziamento del personale nel sostegno e il prevedere linee di finanziamento per l&#8217;edilizia scolastica, quello che manca per\u00f2 \u00e8 una visione di lungo respiro che investa davvero sulla scuola con interventi innovativi e strutturali. Anzi nella prospettiva degli anni a seguire, Legambiente auspica che non vi siano tagli al settore. Per quanto riguarda il contrasto alla povert\u00e0 educativa occorrono investimenti strutturali pi\u00f9 consistenti, i 2 milioni previsti sono una cifra inadeguata.<\/p>\n<p>&nbsp;<\/p>\n<p>Preoccupa, infine, la situazione di stallo sulle attivit\u00e0 di controllo ambientale gi\u00e0 denunciata dal Sistema Nazionale Protezione Ambientale (SNPA) che nelle scorse settimane &#8211; a seguito della bocciatura dell&#8217;emendamento che cercava di rimediare a quanto stabilito in precedenza dalla 3\/2018, la cosiddetta\u00a0Legge Lorenzin\u00a0sulle professioni sanitarie &#8211; ha giustamente definito a rischio lo svolgimento di attivit\u00e0 ispettive e vigilanza ambientale. Si tratta di un errore imperdonabile da parte del governo che deve essere risolto col primo provvedimento d&#8217;urgenza del 2021 per evitare il collasso del sistema dei controlli ambientale di Ispra e delle Arpa che invece dovrebbe essere rafforzato, anche con l&#8217;emanazione dei decreti attuativi della legge 132 del 2016.<\/p>\n<p>&nbsp;<\/p>\n<p>\u201cAuspichiamo \u2013 conclude\u00a0<strong>Ciafani<\/strong>\u00a0\u2013 che il 2021 possa aprirsi nel segno di nuovi provvedimenti governativi ambiziosi che mettano davvero al centro la transizione ecologica del nostro Paese. Servono idee chiare, interventi radicali e percorribili, e una visione del Paese che guardi davvero al futuro. Il Piano Nazionale Ripresa e Resilienza rappresenta al tal riguardo un\u2019occasione cruciale per ridisegnare il volto dei prossimi anni dell\u2019Italia, per questo ci auguriamo che il Governo apra il 2021 coinvolgendo nel dibattito sul PNRR anche le associazioni di cittadini, enti locali e forze sociali, e non solo le societ\u00e0 a partecipazione pubblica. \u00c8 indispensabile uno sforzo collettivo e una partecipazione corale per definire al meglio il progetto della nuova Italia post Covid\u201d.<\/p>\n<p>&nbsp;<\/p>\n<p>&nbsp;<\/p>\n<p>&nbsp;<\/p>\n","protected":false},"excerpt":{"rendered":"<p>Sulla riduzione dei sussidi ambientalmente dannosi anche per quest&#8217;anno non se ne parla: \u00e8 davvero un grave errore da parte del governo Conte 2 e della sua maggioranza in parlamento che da un anno e mezzo parlano di Green deal italiano senza metterlo in pratica\u201d, cos\u00ec il presidente nazionale di Legambiente Stefano Ciafani commenta la [&hellip;]<\/p>\n","protected":false},"author":1,"featured_media":3881,"comment_status":"closed","ping_status":"open","sticky":false,"template":"","format":"standard","meta":{"footnotes":""},"categories":[127],"tags":[1469,1127],"yoast_head":"<!-- This site is optimized with the Yoast SEO plugin v22.2 - https:\/\/yoast.com\/wordpress\/plugins\/seo\/ -->\n<title>Legambiente: \u201cEnnesimo rinvio al taglio dei sussidi alle fonti fossili&quot; -<\/title>\n<meta name=\"robots\" content=\"index, follow, max-snippet:-1, max-image-preview:large, max-video-preview:-1\" \/>\n<link rel=\"canonical\" href=\"https:\/\/www.italiaeconomiaonline.it\/web\/legambiente-ennesimo-rinvio-al-taglio-dei-sussidi-alle-fonti-fossili\/\" \/>\n<meta property=\"og:locale\" content=\"it_IT\" \/>\n<meta property=\"og:type\" content=\"article\" \/>\n<meta property=\"og:title\" content=\"Legambiente: \u201cEnnesimo rinvio al taglio dei sussidi alle fonti fossili&quot; -\" \/>\n<meta property=\"og:description\" content=\"Sulla riduzione dei sussidi ambientalmente dannosi anche per quest&#8217;anno non se ne parla: \u00e8 davvero un grave errore da parte del governo Conte 2 e della sua maggioranza in parlamento che da un anno e mezzo parlano di Green deal italiano senza metterlo in pratica\u201d, cos\u00ec il presidente nazionale di Legambiente Stefano Ciafani commenta la [&hellip;]\" \/>\n<meta property=\"og:url\" content=\"https:\/\/www.italiaeconomiaonline.it\/web\/legambiente-ennesimo-rinvio-al-taglio-dei-sussidi-alle-fonti-fossili\/\" \/>\n<meta property=\"og:site_name\" content=\"ItaliaEconomiaOnline\" \/>\n<meta property=\"article:published_time\" content=\"2020-12-30T09:38:48+00:00\" \/>\n<meta property=\"og:image\" content=\"https:\/\/www.italiaeconomiaonline.it\/web\/wp-content\/uploads\/2020\/08\/Schermata-2020-08-10-alle-12.42.22.png\" \/>\n\t<meta property=\"og:image:width\" content=\"1206\" \/>\n\t<meta property=\"og:image:height\" content=\"550\" \/>\n\t<meta property=\"og:image:type\" content=\"image\/png\" \/>\n<meta name=\"author\" content=\"ladyitaliaeconomia\" \/>\n<meta name=\"twitter:card\" content=\"summary_large_image\" \/>\n<meta name=\"twitter:label1\" content=\"Scritto da\" \/>\n\t<meta name=\"twitter:data1\" content=\"ladyitaliaeconomia\" \/>\n\t<meta name=\"twitter:label2\" content=\"Tempo di lettura stimato\" \/>\n\t<meta name=\"twitter:data2\" content=\"5 minuti\" \/>\n<script type=\"application\/ld+json\" class=\"yoast-schema-graph\">{\"@context\":\"https:\/\/schema.org\",\"@graph\":[{\"@type\":\"WebPage\",\"@id\":\"https:\/\/www.italiaeconomiaonline.it\/web\/legambiente-ennesimo-rinvio-al-taglio-dei-sussidi-alle-fonti-fossili\/\",\"url\":\"https:\/\/www.italiaeconomiaonline.it\/web\/legambiente-ennesimo-rinvio-al-taglio-dei-sussidi-alle-fonti-fossili\/\",\"name\":\"Legambiente: \u201cEnnesimo rinvio al taglio dei sussidi alle fonti fossili\\\" -\",\"isPartOf\":{\"@id\":\"https:\/\/www.italiaeconomiaonline.it\/web\/#website\"},\"primaryImageOfPage\":{\"@id\":\"https:\/\/www.italiaeconomiaonline.it\/web\/legambiente-ennesimo-rinvio-al-taglio-dei-sussidi-alle-fonti-fossili\/#primaryimage\"},\"image\":{\"@id\":\"https:\/\/www.italiaeconomiaonline.it\/web\/legambiente-ennesimo-rinvio-al-taglio-dei-sussidi-alle-fonti-fossili\/#primaryimage\"},\"thumbnailUrl\":\"https:\/\/www.italiaeconomiaonline.it\/web\/wp-content\/uploads\/2020\/08\/Schermata-2020-08-10-alle-12.42.22.png\",\"datePublished\":\"2020-12-30T09:38:48+00:00\",\"dateModified\":\"2020-12-30T09:38:48+00:00\",\"author\":{\"@id\":\"https:\/\/www.italiaeconomiaonline.it\/web\/#\/schema\/person\/909a49cce752523b020fbc37d5ab1c31\"},\"breadcrumb\":{\"@id\":\"https:\/\/www.italiaeconomiaonline.it\/web\/legambiente-ennesimo-rinvio-al-taglio-dei-sussidi-alle-fonti-fossili\/#breadcrumb\"},\"inLanguage\":\"it-IT\",\"potentialAction\":[{\"@type\":\"ReadAction\",\"target\":[\"https:\/\/www.italiaeconomiaonline.it\/web\/legambiente-ennesimo-rinvio-al-taglio-dei-sussidi-alle-fonti-fossili\/\"]}]},{\"@type\":\"ImageObject\",\"inLanguage\":\"it-IT\",\"@id\":\"https:\/\/www.italiaeconomiaonline.it\/web\/legambiente-ennesimo-rinvio-al-taglio-dei-sussidi-alle-fonti-fossili\/#primaryimage\",\"url\":\"https:\/\/www.italiaeconomiaonline.it\/web\/wp-content\/uploads\/2020\/08\/Schermata-2020-08-10-alle-12.42.22.png\",\"contentUrl\":\"https:\/\/www.italiaeconomiaonline.it\/web\/wp-content\/uploads\/2020\/08\/Schermata-2020-08-10-alle-12.42.22.png\",\"width\":1206,\"height\":550},{\"@type\":\"BreadcrumbList\",\"@id\":\"https:\/\/www.italiaeconomiaonline.it\/web\/legambiente-ennesimo-rinvio-al-taglio-dei-sussidi-alle-fonti-fossili\/#breadcrumb\",\"itemListElement\":[{\"@type\":\"ListItem\",\"position\":1,\"name\":\"Home\",\"item\":\"https:\/\/www.italiaeconomiaonline.it\/web\/\"},{\"@type\":\"ListItem\",\"position\":2,\"name\":\"Legambiente: \u201cEnnesimo rinvio al taglio dei sussidi alle fonti fossili&#8221;\"}]},{\"@type\":\"WebSite\",\"@id\":\"https:\/\/www.italiaeconomiaonline.it\/web\/#website\",\"url\":\"https:\/\/www.italiaeconomiaonline.it\/web\/\",\"name\":\"ItaliaEconomiaOnline\",\"description\":\"Quotidiano Economico Online\",\"potentialAction\":[{\"@type\":\"SearchAction\",\"target\":{\"@type\":\"EntryPoint\",\"urlTemplate\":\"https:\/\/www.italiaeconomiaonline.it\/web\/?s={search_term_string}\"},\"query-input\":\"required name=search_term_string\"}],\"inLanguage\":\"it-IT\"},{\"@type\":\"Person\",\"@id\":\"https:\/\/www.italiaeconomiaonline.it\/web\/#\/schema\/person\/909a49cce752523b020fbc37d5ab1c31\",\"name\":\"ladyitaliaeconomia\",\"image\":{\"@type\":\"ImageObject\",\"inLanguage\":\"it-IT\",\"@id\":\"https:\/\/www.italiaeconomiaonline.it\/web\/#\/schema\/person\/image\/\",\"url\":\"https:\/\/secure.gravatar.com\/avatar\/cedca10ce7416a579b9fa6bce9c0a8f2?s=96&d=mm&r=g\",\"contentUrl\":\"https:\/\/secure.gravatar.com\/avatar\/cedca10ce7416a579b9fa6bce9c0a8f2?s=96&d=mm&r=g\",\"caption\":\"ladyitaliaeconomia\"},\"url\":\"https:\/\/www.italiaeconomiaonline.it\/web\/author\/ladyitaliaeconomia\/\"}]}<\/script>\n<!-- \/ Yoast SEO plugin. -->","yoast_head_json":{"title":"Legambiente: \u201cEnnesimo rinvio al taglio dei sussidi alle fonti fossili\" -","robots":{"index":"index","follow":"follow","max-snippet":"max-snippet:-1","max-image-preview":"max-image-preview:large","max-video-preview":"max-video-preview:-1"},"canonical":"https:\/\/www.italiaeconomiaonline.it\/web\/legambiente-ennesimo-rinvio-al-taglio-dei-sussidi-alle-fonti-fossili\/","og_locale":"it_IT","og_type":"article","og_title":"Legambiente: \u201cEnnesimo rinvio al taglio dei sussidi alle fonti fossili\" -","og_description":"Sulla riduzione dei sussidi ambientalmente dannosi anche per quest&#8217;anno non se ne parla: \u00e8 davvero un grave errore da parte del governo Conte 2 e della sua maggioranza in parlamento che da un anno e mezzo parlano di Green deal italiano senza metterlo in pratica\u201d, cos\u00ec il presidente nazionale di Legambiente Stefano Ciafani commenta la [&hellip;]","og_url":"https:\/\/www.italiaeconomiaonline.it\/web\/legambiente-ennesimo-rinvio-al-taglio-dei-sussidi-alle-fonti-fossili\/","og_site_name":"ItaliaEconomiaOnline","article_published_time":"2020-12-30T09:38:48+00:00","og_image":[{"width":1206,"height":550,"url":"https:\/\/www.italiaeconomiaonline.it\/web\/wp-content\/uploads\/2020\/08\/Schermata-2020-08-10-alle-12.42.22.png","type":"image\/png"}],"author":"ladyitaliaeconomia","twitter_card":"summary_large_image","twitter_misc":{"Scritto da":"ladyitaliaeconomia","Tempo di lettura stimato":"5 minuti"},"schema":{"@context":"https:\/\/schema.org","@graph":[{"@type":"WebPage","@id":"https:\/\/www.italiaeconomiaonline.it\/web\/legambiente-ennesimo-rinvio-al-taglio-dei-sussidi-alle-fonti-fossili\/","url":"https:\/\/www.italiaeconomiaonline.it\/web\/legambiente-ennesimo-rinvio-al-taglio-dei-sussidi-alle-fonti-fossili\/","name":"Legambiente: \u201cEnnesimo rinvio al taglio dei sussidi alle fonti fossili\" -","isPartOf":{"@id":"https:\/\/www.italiaeconomiaonline.it\/web\/#website"},"primaryImageOfPage":{"@id":"https:\/\/www.italiaeconomiaonline.it\/web\/legambiente-ennesimo-rinvio-al-taglio-dei-sussidi-alle-fonti-fossili\/#primaryimage"},"image":{"@id":"https:\/\/www.italiaeconomiaonline.it\/web\/legambiente-ennesimo-rinvio-al-taglio-dei-sussidi-alle-fonti-fossili\/#primaryimage"},"thumbnailUrl":"https:\/\/www.italiaeconomiaonline.it\/web\/wp-content\/uploads\/2020\/08\/Schermata-2020-08-10-alle-12.42.22.png","datePublished":"2020-12-30T09:38:48+00:00","dateModified":"2020-12-30T09:38:48+00:00","author":{"@id":"https:\/\/www.italiaeconomiaonline.it\/web\/#\/schema\/person\/909a49cce752523b020fbc37d5ab1c31"},"breadcrumb":{"@id":"https:\/\/www.italiaeconomiaonline.it\/web\/legambiente-ennesimo-rinvio-al-taglio-dei-sussidi-alle-fonti-fossili\/#breadcrumb"},"inLanguage":"it-IT","potentialAction":[{"@type":"ReadAction","target":["https:\/\/www.italiaeconomiaonline.it\/web\/legambiente-ennesimo-rinvio-al-taglio-dei-sussidi-alle-fonti-fossili\/"]}]},{"@type":"ImageObject","inLanguage":"it-IT","@id":"https:\/\/www.italiaeconomiaonline.it\/web\/legambiente-ennesimo-rinvio-al-taglio-dei-sussidi-alle-fonti-fossili\/#primaryimage","url":"https:\/\/www.italiaeconomiaonline.it\/web\/wp-content\/uploads\/2020\/08\/Schermata-2020-08-10-alle-12.42.22.png","contentUrl":"https:\/\/www.italiaeconomiaonline.it\/web\/wp-content\/uploads\/2020\/08\/Schermata-2020-08-10-alle-12.42.22.png","width":1206,"height":550},{"@type":"BreadcrumbList","@id":"https:\/\/www.italiaeconomiaonline.it\/web\/legambiente-ennesimo-rinvio-al-taglio-dei-sussidi-alle-fonti-fossili\/#breadcrumb","itemListElement":[{"@type":"ListItem","position":1,"name":"Home","item":"https:\/\/www.italiaeconomiaonline.it\/web\/"},{"@type":"ListItem","position":2,"name":"Legambiente: \u201cEnnesimo rinvio al taglio dei sussidi alle fonti fossili&#8221;"}]},{"@type":"WebSite","@id":"https:\/\/www.italiaeconomiaonline.it\/web\/#website","url":"https:\/\/www.italiaeconomiaonline.it\/web\/","name":"ItaliaEconomiaOnline","description":"Quotidiano Economico Online","potentialAction":[{"@type":"SearchAction","target":{"@type":"EntryPoint","urlTemplate":"https:\/\/www.italiaeconomiaonline.it\/web\/?s={search_term_string}"},"query-input":"required name=search_term_string"}],"inLanguage":"it-IT"},{"@type":"Person","@id":"https:\/\/www.italiaeconomiaonline.it\/web\/#\/schema\/person\/909a49cce752523b020fbc37d5ab1c31","name":"ladyitaliaeconomia","image":{"@type":"ImageObject","inLanguage":"it-IT","@id":"https:\/\/www.italiaeconomiaonline.it\/web\/#\/schema\/person\/image\/","url":"https:\/\/secure.gravatar.com\/avatar\/cedca10ce7416a579b9fa6bce9c0a8f2?s=96&d=mm&r=g","contentUrl":"https:\/\/secure.gravatar.com\/avatar\/cedca10ce7416a579b9fa6bce9c0a8f2?s=96&d=mm&r=g","caption":"ladyitaliaeconomia"},"url":"https:\/\/www.italiaeconomiaonline.it\/web\/author\/ladyitaliaeconomia\/"}]}},"_links":{"self":[{"href":"https:\/\/www.italiaeconomiaonline.it\/web\/wp-json\/wp\/v2\/posts\/4988"}],"collection":[{"href":"https:\/\/www.italiaeconomiaonline.it\/web\/wp-json\/wp\/v2\/posts"}],"about":[{"href":"https:\/\/www.italiaeconomiaonline.it\/web\/wp-json\/wp\/v2\/types\/post"}],"author":[{"embeddable":true,"href":"https:\/\/www.italiaeconomiaonline.it\/web\/wp-json\/wp\/v2\/users\/1"}],"replies":[{"embeddable":true,"href":"https:\/\/www.italiaeconomiaonline.it\/web\/wp-json\/wp\/v2\/comments?post=4988"}],"version-history":[{"count":1,"href":"https:\/\/www.italiaeconomiaonline.it\/web\/wp-json\/wp\/v2\/posts\/4988\/revisions"}],"predecessor-version":[{"id":4989,"href":"https:\/\/www.italiaeconomiaonline.it\/web\/wp-json\/wp\/v2\/posts\/4988\/revisions\/4989"}],"wp:featuredmedia":[{"embeddable":true,"href":"https:\/\/www.italiaeconomiaonline.it\/web\/wp-json\/wp\/v2\/media\/3881"}],"wp:attachment":[{"href":"https:\/\/www.italiaeconomiaonline.it\/web\/wp-json\/wp\/v2\/media?parent=4988"}],"wp:term":[{"taxonomy":"category","embeddable":true,"href":"https:\/\/www.italiaeconomiaonline.it\/web\/wp-json\/wp\/v2\/categories?post=4988"},{"taxonomy":"post_tag","embeddable":true,"href":"https:\/\/www.italiaeconomiaonline.it\/web\/wp-json\/wp\/v2\/tags?post=4988"}],"curies":[{"name":"wp","href":"https:\/\/api.w.org\/{rel}","templated":true}]}}