{"id":5023,"date":"2021-01-04T19:06:51","date_gmt":"2021-01-04T18:06:51","guid":{"rendered":"http:\/\/www.italiaeconomiaonline.it\/web\/?p=5023"},"modified":"2021-01-04T19:06:51","modified_gmt":"2021-01-04T18:06:51","slug":"patuanelli-e-il-ministro-francese-delleconomia-le-maire-si-congratulano-per-lavvenuta-fusione","status":"publish","type":"post","link":"https:\/\/www.italiaeconomiaonline.it\/web\/patuanelli-e-il-ministro-francese-delleconomia-le-maire-si-congratulano-per-lavvenuta-fusione\/","title":{"rendered":"Patuanelli e il Ministro francese dell\u2019Economia Le Maire si congratulano per l\u2019avvenuta fusione"},"content":{"rendered":"<p><span class=\"dropcap dropcap3\">I<\/span>l Ministro dello Sviluppo Economico Stefano Patuanelli, e il Ministro francese dell\u2019Economia, Finanze e Ripresa Bruno Le Maire, accolgono con grande favore la fusione di due iconiche marche automobilistiche come Fiat Chrysler Automobiles e Peugeot S.A. annunciata oggi.<\/p>\n<p>Tale fusione porter\u00e0 alla creazione del quarto pi\u00f9 grande gruppo automobilistico del mondo \u2013 secondo in Europa dietro a Volkswagen AG \u2013 che si chiamer\u00e0 \u201cStellantis\u201d e avr\u00e0 una forte presenza globale, in particolare sui mercati europei e del Nord e Sud America ma anche in Asia e Africa. Con una solida base produttiva in Europa, il nuovo gruppo rafforzer\u00e0 la leadership industriale europea nel settore automobilistico. Il rafforzamento delle rispettive capacit\u00e0 di innovazione consentir\u00e0 inoltre al nuovo Campione Europeo di svolgere un ruolo chiave verso la transizione verde che \u00e8 al centro della nostra strategia di ripresa economica.<\/p>\n<p>Entrambi i Governi presteranno attenzione anche al contributo di Stellantis sul piano dell\u2019occupazione industriale in Italia e Francia. Stefano Patuanelli e Bruno Le Maire accolgono con favore l\u2019approvazione da parte della Commissione Europea della proposta di fusione delle due Societ\u00e0 e si congratulano con dirigenti e dipendenti per il loro successo.<\/p>\n<p><strong>\u00a0<\/strong><\/p>\n<p><strong>\u00a0<\/strong><\/p>\n<p><strong>\u00a0<\/strong><\/p>\n<p><strong>\u00a0<\/strong><\/p>\n","protected":false},"excerpt":{"rendered":"<p>Il Ministro dello Sviluppo Economico Stefano Patuanelli, e il Ministro francese dell\u2019Economia, Finanze e Ripresa Bruno Le Maire, accolgono con grande favore la fusione di due iconiche marche automobilistiche come Fiat Chrysler Automobiles e Peugeot S.A. annunciata oggi. Tale fusione porter\u00e0 alla creazione del quarto pi\u00f9 grande gruppo automobilistico del mondo \u2013 secondo in Europa [&hellip;]<\/p>\n","protected":false},"author":1,"featured_media":1675,"comment_status":"closed","ping_status":"open","sticky":false,"template":"","format":"standard","meta":{"footnotes":""},"categories":[363],"tags":[],"yoast_head":"<!-- This site is optimized with the Yoast SEO plugin v22.2 - https:\/\/yoast.com\/wordpress\/plugins\/seo\/ -->\n<title>Patuanelli e il Ministro francese dell\u2019Economia Le Maire si congratulano per l\u2019avvenuta fusione -<\/title>\n<meta name=\"robots\" content=\"index, follow, max-snippet:-1, max-image-preview:large, max-video-preview:-1\" \/>\n<link rel=\"canonical\" href=\"https:\/\/www.italiaeconomiaonline.it\/web\/patuanelli-e-il-ministro-francese-delleconomia-le-maire-si-congratulano-per-lavvenuta-fusione\/\" \/>\n<meta property=\"og:locale\" content=\"it_IT\" \/>\n<meta property=\"og:type\" content=\"article\" \/>\n<meta property=\"og:title\" content=\"Patuanelli e il Ministro francese dell\u2019Economia Le Maire si congratulano per l\u2019avvenuta fusione -\" \/>\n<meta property=\"og:description\" content=\"Il Ministro dello Sviluppo Economico Stefano Patuanelli, e il Ministro francese dell\u2019Economia, Finanze e Ripresa Bruno Le Maire, accolgono con grande favore la fusione di due iconiche marche automobilistiche come Fiat Chrysler Automobiles e Peugeot S.A. annunciata oggi. Tale fusione porter\u00e0 alla creazione del quarto pi\u00f9 grande gruppo automobilistico del mondo \u2013 secondo in Europa [&hellip;]\" \/>\n<meta property=\"og:url\" content=\"https:\/\/www.italiaeconomiaonline.it\/web\/patuanelli-e-il-ministro-francese-delleconomia-le-maire-si-congratulano-per-lavvenuta-fusione\/\" \/>\n<meta property=\"og:site_name\" content=\"ItaliaEconomiaOnline\" \/>\n<meta property=\"article:published_time\" content=\"2021-01-04T18:06:51+00:00\" \/>\n<meta property=\"og:image\" content=\"https:\/\/www.italiaeconomiaonline.it\/web\/wp-content\/uploads\/2019\/09\/Patuanelli.jpg\" \/>\n\t<meta property=\"og:image:width\" content=\"800\" \/>\n\t<meta property=\"og:image:height\" content=\"600\" \/>\n\t<meta property=\"og:image:type\" content=\"image\/jpeg\" \/>\n<meta name=\"author\" content=\"ladyitaliaeconomia\" \/>\n<meta name=\"twitter:card\" content=\"summary_large_image\" \/>\n<meta name=\"twitter:label1\" content=\"Scritto da\" \/>\n\t<meta name=\"twitter:data1\" content=\"ladyitaliaeconomia\" \/>\n\t<meta name=\"twitter:label2\" content=\"Tempo di lettura stimato\" \/>\n\t<meta name=\"twitter:data2\" content=\"1 minuto\" \/>\n<script type=\"application\/ld+json\" class=\"yoast-schema-graph\">{\"@context\":\"https:\/\/schema.org\",\"@graph\":[{\"@type\":\"WebPage\",\"@id\":\"https:\/\/www.italiaeconomiaonline.it\/web\/patuanelli-e-il-ministro-francese-delleconomia-le-maire-si-congratulano-per-lavvenuta-fusione\/\",\"url\":\"https:\/\/www.italiaeconomiaonline.it\/web\/patuanelli-e-il-ministro-francese-delleconomia-le-maire-si-congratulano-per-lavvenuta-fusione\/\",\"name\":\"Patuanelli e il Ministro francese dell\u2019Economia Le Maire si congratulano per l\u2019avvenuta fusione -\",\"isPartOf\":{\"@id\":\"https:\/\/www.italiaeconomiaonline.it\/web\/#website\"},\"primaryImageOfPage\":{\"@id\":\"https:\/\/www.italiaeconomiaonline.it\/web\/patuanelli-e-il-ministro-francese-delleconomia-le-maire-si-congratulano-per-lavvenuta-fusione\/#primaryimage\"},\"image\":{\"@id\":\"https:\/\/www.italiaeconomiaonline.it\/web\/patuanelli-e-il-ministro-francese-delleconomia-le-maire-si-congratulano-per-lavvenuta-fusione\/#primaryimage\"},\"thumbnailUrl\":\"https:\/\/www.italiaeconomiaonline.it\/web\/wp-content\/uploads\/2019\/09\/Patuanelli.jpg\",\"datePublished\":\"2021-01-04T18:06:51+00:00\",\"dateModified\":\"2021-01-04T18:06:51+00:00\",\"author\":{\"@id\":\"https:\/\/www.italiaeconomiaonline.it\/web\/#\/schema\/person\/909a49cce752523b020fbc37d5ab1c31\"},\"breadcrumb\":{\"@id\":\"https:\/\/www.italiaeconomiaonline.it\/web\/patuanelli-e-il-ministro-francese-delleconomia-le-maire-si-congratulano-per-lavvenuta-fusione\/#breadcrumb\"},\"inLanguage\":\"it-IT\",\"potentialAction\":[{\"@type\":\"ReadAction\",\"target\":[\"https:\/\/www.italiaeconomiaonline.it\/web\/patuanelli-e-il-ministro-francese-delleconomia-le-maire-si-congratulano-per-lavvenuta-fusione\/\"]}]},{\"@type\":\"ImageObject\",\"inLanguage\":\"it-IT\",\"@id\":\"https:\/\/www.italiaeconomiaonline.it\/web\/patuanelli-e-il-ministro-francese-delleconomia-le-maire-si-congratulano-per-lavvenuta-fusione\/#primaryimage\",\"url\":\"https:\/\/www.italiaeconomiaonline.it\/web\/wp-content\/uploads\/2019\/09\/Patuanelli.jpg\",\"contentUrl\":\"https:\/\/www.italiaeconomiaonline.it\/web\/wp-content\/uploads\/2019\/09\/Patuanelli.jpg\",\"width\":800,\"height\":600},{\"@type\":\"BreadcrumbList\",\"@id\":\"https:\/\/www.italiaeconomiaonline.it\/web\/patuanelli-e-il-ministro-francese-delleconomia-le-maire-si-congratulano-per-lavvenuta-fusione\/#breadcrumb\",\"itemListElement\":[{\"@type\":\"ListItem\",\"position\":1,\"name\":\"Home\",\"item\":\"https:\/\/www.italiaeconomiaonline.it\/web\/\"},{\"@type\":\"ListItem\",\"position\":2,\"name\":\"Patuanelli e il Ministro francese dell\u2019Economia Le Maire si congratulano per l\u2019avvenuta fusione\"}]},{\"@type\":\"WebSite\",\"@id\":\"https:\/\/www.italiaeconomiaonline.it\/web\/#website\",\"url\":\"https:\/\/www.italiaeconomiaonline.it\/web\/\",\"name\":\"ItaliaEconomiaOnline\",\"description\":\"Quotidiano Economico Online\",\"potentialAction\":[{\"@type\":\"SearchAction\",\"target\":{\"@type\":\"EntryPoint\",\"urlTemplate\":\"https:\/\/www.italiaeconomiaonline.it\/web\/?s={search_term_string}\"},\"query-input\":\"required name=search_term_string\"}],\"inLanguage\":\"it-IT\"},{\"@type\":\"Person\",\"@id\":\"https:\/\/www.italiaeconomiaonline.it\/web\/#\/schema\/person\/909a49cce752523b020fbc37d5ab1c31\",\"name\":\"ladyitaliaeconomia\",\"image\":{\"@type\":\"ImageObject\",\"inLanguage\":\"it-IT\",\"@id\":\"https:\/\/www.italiaeconomiaonline.it\/web\/#\/schema\/person\/image\/\",\"url\":\"https:\/\/secure.gravatar.com\/avatar\/cedca10ce7416a579b9fa6bce9c0a8f2?s=96&d=mm&r=g\",\"contentUrl\":\"https:\/\/secure.gravatar.com\/avatar\/cedca10ce7416a579b9fa6bce9c0a8f2?s=96&d=mm&r=g\",\"caption\":\"ladyitaliaeconomia\"},\"url\":\"https:\/\/www.italiaeconomiaonline.it\/web\/author\/ladyitaliaeconomia\/\"}]}<\/script>\n<!-- \/ Yoast SEO plugin. -->","yoast_head_json":{"title":"Patuanelli e il Ministro francese dell\u2019Economia Le Maire si congratulano per l\u2019avvenuta fusione -","robots":{"index":"index","follow":"follow","max-snippet":"max-snippet:-1","max-image-preview":"max-image-preview:large","max-video-preview":"max-video-preview:-1"},"canonical":"https:\/\/www.italiaeconomiaonline.it\/web\/patuanelli-e-il-ministro-francese-delleconomia-le-maire-si-congratulano-per-lavvenuta-fusione\/","og_locale":"it_IT","og_type":"article","og_title":"Patuanelli e il Ministro francese dell\u2019Economia Le Maire si congratulano per l\u2019avvenuta fusione -","og_description":"Il Ministro dello Sviluppo Economico Stefano Patuanelli, e il Ministro francese dell\u2019Economia, Finanze e Ripresa Bruno Le Maire, accolgono con grande favore la fusione di due iconiche marche automobilistiche come Fiat Chrysler Automobiles e Peugeot S.A. annunciata oggi. Tale fusione porter\u00e0 alla creazione del quarto pi\u00f9 grande gruppo automobilistico del mondo \u2013 secondo in Europa [&hellip;]","og_url":"https:\/\/www.italiaeconomiaonline.it\/web\/patuanelli-e-il-ministro-francese-delleconomia-le-maire-si-congratulano-per-lavvenuta-fusione\/","og_site_name":"ItaliaEconomiaOnline","article_published_time":"2021-01-04T18:06:51+00:00","og_image":[{"width":800,"height":600,"url":"https:\/\/www.italiaeconomiaonline.it\/web\/wp-content\/uploads\/2019\/09\/Patuanelli.jpg","type":"image\/jpeg"}],"author":"ladyitaliaeconomia","twitter_card":"summary_large_image","twitter_misc":{"Scritto da":"ladyitaliaeconomia","Tempo di lettura stimato":"1 minuto"},"schema":{"@context":"https:\/\/schema.org","@graph":[{"@type":"WebPage","@id":"https:\/\/www.italiaeconomiaonline.it\/web\/patuanelli-e-il-ministro-francese-delleconomia-le-maire-si-congratulano-per-lavvenuta-fusione\/","url":"https:\/\/www.italiaeconomiaonline.it\/web\/patuanelli-e-il-ministro-francese-delleconomia-le-maire-si-congratulano-per-lavvenuta-fusione\/","name":"Patuanelli e il Ministro francese dell\u2019Economia Le Maire si congratulano per l\u2019avvenuta fusione -","isPartOf":{"@id":"https:\/\/www.italiaeconomiaonline.it\/web\/#website"},"primaryImageOfPage":{"@id":"https:\/\/www.italiaeconomiaonline.it\/web\/patuanelli-e-il-ministro-francese-delleconomia-le-maire-si-congratulano-per-lavvenuta-fusione\/#primaryimage"},"image":{"@id":"https:\/\/www.italiaeconomiaonline.it\/web\/patuanelli-e-il-ministro-francese-delleconomia-le-maire-si-congratulano-per-lavvenuta-fusione\/#primaryimage"},"thumbnailUrl":"https:\/\/www.italiaeconomiaonline.it\/web\/wp-content\/uploads\/2019\/09\/Patuanelli.jpg","datePublished":"2021-01-04T18:06:51+00:00","dateModified":"2021-01-04T18:06:51+00:00","author":{"@id":"https:\/\/www.italiaeconomiaonline.it\/web\/#\/schema\/person\/909a49cce752523b020fbc37d5ab1c31"},"breadcrumb":{"@id":"https:\/\/www.italiaeconomiaonline.it\/web\/patuanelli-e-il-ministro-francese-delleconomia-le-maire-si-congratulano-per-lavvenuta-fusione\/#breadcrumb"},"inLanguage":"it-IT","potentialAction":[{"@type":"ReadAction","target":["https:\/\/www.italiaeconomiaonline.it\/web\/patuanelli-e-il-ministro-francese-delleconomia-le-maire-si-congratulano-per-lavvenuta-fusione\/"]}]},{"@type":"ImageObject","inLanguage":"it-IT","@id":"https:\/\/www.italiaeconomiaonline.it\/web\/patuanelli-e-il-ministro-francese-delleconomia-le-maire-si-congratulano-per-lavvenuta-fusione\/#primaryimage","url":"https:\/\/www.italiaeconomiaonline.it\/web\/wp-content\/uploads\/2019\/09\/Patuanelli.jpg","contentUrl":"https:\/\/www.italiaeconomiaonline.it\/web\/wp-content\/uploads\/2019\/09\/Patuanelli.jpg","width":800,"height":600},{"@type":"BreadcrumbList","@id":"https:\/\/www.italiaeconomiaonline.it\/web\/patuanelli-e-il-ministro-francese-delleconomia-le-maire-si-congratulano-per-lavvenuta-fusione\/#breadcrumb","itemListElement":[{"@type":"ListItem","position":1,"name":"Home","item":"https:\/\/www.italiaeconomiaonline.it\/web\/"},{"@type":"ListItem","position":2,"name":"Patuanelli e il Ministro francese dell\u2019Economia Le Maire si congratulano per l\u2019avvenuta fusione"}]},{"@type":"WebSite","@id":"https:\/\/www.italiaeconomiaonline.it\/web\/#website","url":"https:\/\/www.italiaeconomiaonline.it\/web\/","name":"ItaliaEconomiaOnline","description":"Quotidiano Economico Online","potentialAction":[{"@type":"SearchAction","target":{"@type":"EntryPoint","urlTemplate":"https:\/\/www.italiaeconomiaonline.it\/web\/?s={search_term_string}"},"query-input":"required name=search_term_string"}],"inLanguage":"it-IT"},{"@type":"Person","@id":"https:\/\/www.italiaeconomiaonline.it\/web\/#\/schema\/person\/909a49cce752523b020fbc37d5ab1c31","name":"ladyitaliaeconomia","image":{"@type":"ImageObject","inLanguage":"it-IT","@id":"https:\/\/www.italiaeconomiaonline.it\/web\/#\/schema\/person\/image\/","url":"https:\/\/secure.gravatar.com\/avatar\/cedca10ce7416a579b9fa6bce9c0a8f2?s=96&d=mm&r=g","contentUrl":"https:\/\/secure.gravatar.com\/avatar\/cedca10ce7416a579b9fa6bce9c0a8f2?s=96&d=mm&r=g","caption":"ladyitaliaeconomia"},"url":"https:\/\/www.italiaeconomiaonline.it\/web\/author\/ladyitaliaeconomia\/"}]}},"_links":{"self":[{"href":"https:\/\/www.italiaeconomiaonline.it\/web\/wp-json\/wp\/v2\/posts\/5023"}],"collection":[{"href":"https:\/\/www.italiaeconomiaonline.it\/web\/wp-json\/wp\/v2\/posts"}],"about":[{"href":"https:\/\/www.italiaeconomiaonline.it\/web\/wp-json\/wp\/v2\/types\/post"}],"author":[{"embeddable":true,"href":"https:\/\/www.italiaeconomiaonline.it\/web\/wp-json\/wp\/v2\/users\/1"}],"replies":[{"embeddable":true,"href":"https:\/\/www.italiaeconomiaonline.it\/web\/wp-json\/wp\/v2\/comments?post=5023"}],"version-history":[{"count":1,"href":"https:\/\/www.italiaeconomiaonline.it\/web\/wp-json\/wp\/v2\/posts\/5023\/revisions"}],"predecessor-version":[{"id":5024,"href":"https:\/\/www.italiaeconomiaonline.it\/web\/wp-json\/wp\/v2\/posts\/5023\/revisions\/5024"}],"wp:featuredmedia":[{"embeddable":true,"href":"https:\/\/www.italiaeconomiaonline.it\/web\/wp-json\/wp\/v2\/media\/1675"}],"wp:attachment":[{"href":"https:\/\/www.italiaeconomiaonline.it\/web\/wp-json\/wp\/v2\/media?parent=5023"}],"wp:term":[{"taxonomy":"category","embeddable":true,"href":"https:\/\/www.italiaeconomiaonline.it\/web\/wp-json\/wp\/v2\/categories?post=5023"},{"taxonomy":"post_tag","embeddable":true,"href":"https:\/\/www.italiaeconomiaonline.it\/web\/wp-json\/wp\/v2\/tags?post=5023"}],"curies":[{"name":"wp","href":"https:\/\/api.w.org\/{rel}","templated":true}]}}