{"id":5045,"date":"2021-01-08T19:11:49","date_gmt":"2021-01-08T18:11:49","guid":{"rendered":"http:\/\/www.italiaeconomiaonline.it\/web\/?p=5045"},"modified":"2021-01-08T19:11:49","modified_gmt":"2021-01-08T18:11:49","slug":"osservatorio-cna-a-novembre-loccupazione-nellartigianato-e-nelle-piccole-imprese-e-stabile","status":"publish","type":"post","link":"https:\/\/www.italiaeconomiaonline.it\/web\/osservatorio-cna-a-novembre-loccupazione-nellartigianato-e-nelle-piccole-imprese-e-stabile\/","title":{"rendered":"Osservatorio CNA: \u201cA novembre l\u2019occupazione  nell\u2019artigianato e nelle piccole imprese \u00e8 stabile"},"content":{"rendered":"<p><span class=\"dropcap dropcap3\">A<\/span> novembre l\u2019occupazione nelle imprese artigiane, micro e piccole ha registrato un andamento sostanzialmente piatto. All\u2019apparenza un dato positivo, considerata la crisi socio-economica persistente, ma che \u00e8 stato determinato in gran parte da fattori esterni al mercato del lavoro: dal divieto di licenziamento al massiccio ricorso alla cassa integrazione guadagni. Una situazione che fa pensare al rischio di quiete prima della tempesta.<\/p>\n<p>&nbsp;<\/p>\n<p>E\u2019 quanto emerge dall\u2019Osservatorio lavoro della CNA, curato dal Centro studi della Confederazione, che analizza mensilmente le tendenze dell\u2019occupazione nelle imprese artigiane, micro e piccole dal dicembre 2014, all\u2019inizio della stagione di riforme che ha profondamente modificato il mercato del lavoro italiano.<\/p>\n<p>&nbsp;<\/p>\n<p>I dati sull\u2019occupazione in questo importantissimo segmento di imprese coprono ormai undici mesi su dodici e gi\u00e0 permettono di registrare alcuni dati di fatto. Il pi\u00f9 evidente \u00e8 l\u2019arresto della crescita dei posti di lavoro dopo cinque anni. A novembre l\u2019incremento, rispetto allo stesso mese dell\u2019anno precedente, \u00e8 stato appena percettibile, segnando un +0,2%. Ma, va sottolineato ancora una volta, solo grazie all\u2019azione pubblica a difesa dell\u2019occupazione. A novembre le cessazioni, anno su anno, registrano infatti un calo del 20,4%. Dato quasi perfettamente bilanciato dalla altrettanto brusca riduzione delle assunzioni, in diminuzione tendenziale del 22,3%. In linea con gli anni precedenti, infine, la ricomposizione delle tipologie contrattuali: il tempo indeterminato, nettamente predominante fino a pochi anni fa, rappresenta solo poco pi\u00f9 della met\u00e0 totale ormai, per la precisione il 54,7% contro l\u201984,8% a dicembre 2014. Segno prima di tutto che il contratto a tempo indeterminato si sta dimostrando il pi\u00f9 adatto alle esigenze di flessibilit\u00e0 delle piccole imprese, esigenze che ne costituiscono un punto di forza non secondario. Ma nel contempo anche del persistere, e non potrebbe essere altrimenti, di una grande incertezza sul futuro.<\/p>\n<p>&nbsp;<\/p>\n<p>Per avere il quadro definitivo del mercato occupazionale nell\u2019anno appena trascorso bisogner\u00e0 attendere qualche settimana. Un risultato sicuramente molto interessante dal punto di vista statistico che per\u00f2 non riuscir\u00e0 a far spostare l\u2019obiettivo dal momento nel quale l\u2019intervento pubblico cesser\u00e0 e le imprese saranno chiamate a fare i conti con l\u2019andamento e le prospettive economiche.<\/p>\n<p>Solo in quel momento \u2013 sottolinea l\u2019Osservatorio lavoro della CNA &#8211; si potr\u00e0 conoscere quanto effettivamente l\u2019emergenza sanitaria avr\u00e0 affetto l\u2019occupazione in Italia e, in particolare, nelle imprese artigiane, micro e piccole.<\/p>\n<p>&nbsp;<\/p>\n<p>&nbsp;<\/p>\n","protected":false},"excerpt":{"rendered":"<p>A novembre l\u2019occupazione nelle imprese artigiane, micro e piccole ha registrato un andamento sostanzialmente piatto. All\u2019apparenza un dato positivo, considerata la crisi socio-economica persistente, ma che \u00e8 stato determinato in gran parte da fattori esterni al mercato del lavoro: dal divieto di licenziamento al massiccio ricorso alla cassa integrazione guadagni. Una situazione che fa pensare [&hellip;]<\/p>\n","protected":false},"author":1,"featured_media":703,"comment_status":"closed","ping_status":"open","sticky":false,"template":"","format":"standard","meta":{"footnotes":""},"categories":[984],"tags":[425],"yoast_head":"<!-- This site is optimized with the Yoast SEO plugin v22.2 - https:\/\/yoast.com\/wordpress\/plugins\/seo\/ -->\n<title>Osservatorio CNA: \u201cA novembre l\u2019occupazione nell\u2019artigianato e nelle piccole imprese \u00e8 stabile -<\/title>\n<meta name=\"robots\" content=\"index, follow, max-snippet:-1, max-image-preview:large, max-video-preview:-1\" \/>\n<link rel=\"canonical\" href=\"https:\/\/www.italiaeconomiaonline.it\/web\/osservatorio-cna-a-novembre-loccupazione-nellartigianato-e-nelle-piccole-imprese-e-stabile\/\" \/>\n<meta property=\"og:locale\" content=\"it_IT\" \/>\n<meta property=\"og:type\" content=\"article\" \/>\n<meta property=\"og:title\" content=\"Osservatorio CNA: \u201cA novembre l\u2019occupazione nell\u2019artigianato e nelle piccole imprese \u00e8 stabile -\" \/>\n<meta property=\"og:description\" content=\"A novembre l\u2019occupazione nelle imprese artigiane, micro e piccole ha registrato un andamento sostanzialmente piatto. All\u2019apparenza un dato positivo, considerata la crisi socio-economica persistente, ma che \u00e8 stato determinato in gran parte da fattori esterni al mercato del lavoro: dal divieto di licenziamento al massiccio ricorso alla cassa integrazione guadagni. Una situazione che fa pensare [&hellip;]\" \/>\n<meta property=\"og:url\" content=\"https:\/\/www.italiaeconomiaonline.it\/web\/osservatorio-cna-a-novembre-loccupazione-nellartigianato-e-nelle-piccole-imprese-e-stabile\/\" \/>\n<meta property=\"og:site_name\" content=\"ItaliaEconomiaOnline\" \/>\n<meta property=\"article:published_time\" content=\"2021-01-08T18:11:49+00:00\" \/>\n<meta property=\"og:image\" content=\"https:\/\/www.italiaeconomiaonline.it\/web\/wp-content\/uploads\/2019\/05\/lavoro.jpg\" \/>\n\t<meta property=\"og:image:width\" content=\"960\" \/>\n\t<meta property=\"og:image:height\" content=\"606\" \/>\n\t<meta property=\"og:image:type\" content=\"image\/jpeg\" \/>\n<meta name=\"author\" content=\"ladyitaliaeconomia\" \/>\n<meta name=\"twitter:card\" content=\"summary_large_image\" \/>\n<meta name=\"twitter:label1\" content=\"Scritto da\" \/>\n\t<meta name=\"twitter:data1\" content=\"ladyitaliaeconomia\" \/>\n\t<meta name=\"twitter:label2\" content=\"Tempo di lettura stimato\" \/>\n\t<meta name=\"twitter:data2\" content=\"2 minuti\" \/>\n<script type=\"application\/ld+json\" class=\"yoast-schema-graph\">{\"@context\":\"https:\/\/schema.org\",\"@graph\":[{\"@type\":\"WebPage\",\"@id\":\"https:\/\/www.italiaeconomiaonline.it\/web\/osservatorio-cna-a-novembre-loccupazione-nellartigianato-e-nelle-piccole-imprese-e-stabile\/\",\"url\":\"https:\/\/www.italiaeconomiaonline.it\/web\/osservatorio-cna-a-novembre-loccupazione-nellartigianato-e-nelle-piccole-imprese-e-stabile\/\",\"name\":\"Osservatorio CNA: \u201cA novembre l\u2019occupazione nell\u2019artigianato e nelle piccole imprese \u00e8 stabile -\",\"isPartOf\":{\"@id\":\"https:\/\/www.italiaeconomiaonline.it\/web\/#website\"},\"primaryImageOfPage\":{\"@id\":\"https:\/\/www.italiaeconomiaonline.it\/web\/osservatorio-cna-a-novembre-loccupazione-nellartigianato-e-nelle-piccole-imprese-e-stabile\/#primaryimage\"},\"image\":{\"@id\":\"https:\/\/www.italiaeconomiaonline.it\/web\/osservatorio-cna-a-novembre-loccupazione-nellartigianato-e-nelle-piccole-imprese-e-stabile\/#primaryimage\"},\"thumbnailUrl\":\"https:\/\/www.italiaeconomiaonline.it\/web\/wp-content\/uploads\/2019\/05\/lavoro.jpg\",\"datePublished\":\"2021-01-08T18:11:49+00:00\",\"dateModified\":\"2021-01-08T18:11:49+00:00\",\"author\":{\"@id\":\"https:\/\/www.italiaeconomiaonline.it\/web\/#\/schema\/person\/909a49cce752523b020fbc37d5ab1c31\"},\"breadcrumb\":{\"@id\":\"https:\/\/www.italiaeconomiaonline.it\/web\/osservatorio-cna-a-novembre-loccupazione-nellartigianato-e-nelle-piccole-imprese-e-stabile\/#breadcrumb\"},\"inLanguage\":\"it-IT\",\"potentialAction\":[{\"@type\":\"ReadAction\",\"target\":[\"https:\/\/www.italiaeconomiaonline.it\/web\/osservatorio-cna-a-novembre-loccupazione-nellartigianato-e-nelle-piccole-imprese-e-stabile\/\"]}]},{\"@type\":\"ImageObject\",\"inLanguage\":\"it-IT\",\"@id\":\"https:\/\/www.italiaeconomiaonline.it\/web\/osservatorio-cna-a-novembre-loccupazione-nellartigianato-e-nelle-piccole-imprese-e-stabile\/#primaryimage\",\"url\":\"https:\/\/www.italiaeconomiaonline.it\/web\/wp-content\/uploads\/2019\/05\/lavoro.jpg\",\"contentUrl\":\"https:\/\/www.italiaeconomiaonline.it\/web\/wp-content\/uploads\/2019\/05\/lavoro.jpg\",\"width\":960,\"height\":606},{\"@type\":\"BreadcrumbList\",\"@id\":\"https:\/\/www.italiaeconomiaonline.it\/web\/osservatorio-cna-a-novembre-loccupazione-nellartigianato-e-nelle-piccole-imprese-e-stabile\/#breadcrumb\",\"itemListElement\":[{\"@type\":\"ListItem\",\"position\":1,\"name\":\"Home\",\"item\":\"https:\/\/www.italiaeconomiaonline.it\/web\/\"},{\"@type\":\"ListItem\",\"position\":2,\"name\":\"Osservatorio CNA: \u201cA novembre l\u2019occupazione nell\u2019artigianato e nelle piccole imprese \u00e8 stabile\"}]},{\"@type\":\"WebSite\",\"@id\":\"https:\/\/www.italiaeconomiaonline.it\/web\/#website\",\"url\":\"https:\/\/www.italiaeconomiaonline.it\/web\/\",\"name\":\"ItaliaEconomiaOnline\",\"description\":\"Quotidiano Economico Online\",\"potentialAction\":[{\"@type\":\"SearchAction\",\"target\":{\"@type\":\"EntryPoint\",\"urlTemplate\":\"https:\/\/www.italiaeconomiaonline.it\/web\/?s={search_term_string}\"},\"query-input\":\"required name=search_term_string\"}],\"inLanguage\":\"it-IT\"},{\"@type\":\"Person\",\"@id\":\"https:\/\/www.italiaeconomiaonline.it\/web\/#\/schema\/person\/909a49cce752523b020fbc37d5ab1c31\",\"name\":\"ladyitaliaeconomia\",\"image\":{\"@type\":\"ImageObject\",\"inLanguage\":\"it-IT\",\"@id\":\"https:\/\/www.italiaeconomiaonline.it\/web\/#\/schema\/person\/image\/\",\"url\":\"https:\/\/secure.gravatar.com\/avatar\/cedca10ce7416a579b9fa6bce9c0a8f2?s=96&d=mm&r=g\",\"contentUrl\":\"https:\/\/secure.gravatar.com\/avatar\/cedca10ce7416a579b9fa6bce9c0a8f2?s=96&d=mm&r=g\",\"caption\":\"ladyitaliaeconomia\"},\"url\":\"https:\/\/www.italiaeconomiaonline.it\/web\/author\/ladyitaliaeconomia\/\"}]}<\/script>\n<!-- \/ Yoast SEO plugin. -->","yoast_head_json":{"title":"Osservatorio CNA: \u201cA novembre l\u2019occupazione nell\u2019artigianato e nelle piccole imprese \u00e8 stabile -","robots":{"index":"index","follow":"follow","max-snippet":"max-snippet:-1","max-image-preview":"max-image-preview:large","max-video-preview":"max-video-preview:-1"},"canonical":"https:\/\/www.italiaeconomiaonline.it\/web\/osservatorio-cna-a-novembre-loccupazione-nellartigianato-e-nelle-piccole-imprese-e-stabile\/","og_locale":"it_IT","og_type":"article","og_title":"Osservatorio CNA: \u201cA novembre l\u2019occupazione nell\u2019artigianato e nelle piccole imprese \u00e8 stabile -","og_description":"A novembre l\u2019occupazione nelle imprese artigiane, micro e piccole ha registrato un andamento sostanzialmente piatto. All\u2019apparenza un dato positivo, considerata la crisi socio-economica persistente, ma che \u00e8 stato determinato in gran parte da fattori esterni al mercato del lavoro: dal divieto di licenziamento al massiccio ricorso alla cassa integrazione guadagni. Una situazione che fa pensare [&hellip;]","og_url":"https:\/\/www.italiaeconomiaonline.it\/web\/osservatorio-cna-a-novembre-loccupazione-nellartigianato-e-nelle-piccole-imprese-e-stabile\/","og_site_name":"ItaliaEconomiaOnline","article_published_time":"2021-01-08T18:11:49+00:00","og_image":[{"width":960,"height":606,"url":"https:\/\/www.italiaeconomiaonline.it\/web\/wp-content\/uploads\/2019\/05\/lavoro.jpg","type":"image\/jpeg"}],"author":"ladyitaliaeconomia","twitter_card":"summary_large_image","twitter_misc":{"Scritto da":"ladyitaliaeconomia","Tempo di lettura stimato":"2 minuti"},"schema":{"@context":"https:\/\/schema.org","@graph":[{"@type":"WebPage","@id":"https:\/\/www.italiaeconomiaonline.it\/web\/osservatorio-cna-a-novembre-loccupazione-nellartigianato-e-nelle-piccole-imprese-e-stabile\/","url":"https:\/\/www.italiaeconomiaonline.it\/web\/osservatorio-cna-a-novembre-loccupazione-nellartigianato-e-nelle-piccole-imprese-e-stabile\/","name":"Osservatorio CNA: \u201cA novembre l\u2019occupazione nell\u2019artigianato e nelle piccole imprese \u00e8 stabile -","isPartOf":{"@id":"https:\/\/www.italiaeconomiaonline.it\/web\/#website"},"primaryImageOfPage":{"@id":"https:\/\/www.italiaeconomiaonline.it\/web\/osservatorio-cna-a-novembre-loccupazione-nellartigianato-e-nelle-piccole-imprese-e-stabile\/#primaryimage"},"image":{"@id":"https:\/\/www.italiaeconomiaonline.it\/web\/osservatorio-cna-a-novembre-loccupazione-nellartigianato-e-nelle-piccole-imprese-e-stabile\/#primaryimage"},"thumbnailUrl":"https:\/\/www.italiaeconomiaonline.it\/web\/wp-content\/uploads\/2019\/05\/lavoro.jpg","datePublished":"2021-01-08T18:11:49+00:00","dateModified":"2021-01-08T18:11:49+00:00","author":{"@id":"https:\/\/www.italiaeconomiaonline.it\/web\/#\/schema\/person\/909a49cce752523b020fbc37d5ab1c31"},"breadcrumb":{"@id":"https:\/\/www.italiaeconomiaonline.it\/web\/osservatorio-cna-a-novembre-loccupazione-nellartigianato-e-nelle-piccole-imprese-e-stabile\/#breadcrumb"},"inLanguage":"it-IT","potentialAction":[{"@type":"ReadAction","target":["https:\/\/www.italiaeconomiaonline.it\/web\/osservatorio-cna-a-novembre-loccupazione-nellartigianato-e-nelle-piccole-imprese-e-stabile\/"]}]},{"@type":"ImageObject","inLanguage":"it-IT","@id":"https:\/\/www.italiaeconomiaonline.it\/web\/osservatorio-cna-a-novembre-loccupazione-nellartigianato-e-nelle-piccole-imprese-e-stabile\/#primaryimage","url":"https:\/\/www.italiaeconomiaonline.it\/web\/wp-content\/uploads\/2019\/05\/lavoro.jpg","contentUrl":"https:\/\/www.italiaeconomiaonline.it\/web\/wp-content\/uploads\/2019\/05\/lavoro.jpg","width":960,"height":606},{"@type":"BreadcrumbList","@id":"https:\/\/www.italiaeconomiaonline.it\/web\/osservatorio-cna-a-novembre-loccupazione-nellartigianato-e-nelle-piccole-imprese-e-stabile\/#breadcrumb","itemListElement":[{"@type":"ListItem","position":1,"name":"Home","item":"https:\/\/www.italiaeconomiaonline.it\/web\/"},{"@type":"ListItem","position":2,"name":"Osservatorio CNA: \u201cA novembre l\u2019occupazione nell\u2019artigianato e nelle piccole imprese \u00e8 stabile"}]},{"@type":"WebSite","@id":"https:\/\/www.italiaeconomiaonline.it\/web\/#website","url":"https:\/\/www.italiaeconomiaonline.it\/web\/","name":"ItaliaEconomiaOnline","description":"Quotidiano Economico Online","potentialAction":[{"@type":"SearchAction","target":{"@type":"EntryPoint","urlTemplate":"https:\/\/www.italiaeconomiaonline.it\/web\/?s={search_term_string}"},"query-input":"required name=search_term_string"}],"inLanguage":"it-IT"},{"@type":"Person","@id":"https:\/\/www.italiaeconomiaonline.it\/web\/#\/schema\/person\/909a49cce752523b020fbc37d5ab1c31","name":"ladyitaliaeconomia","image":{"@type":"ImageObject","inLanguage":"it-IT","@id":"https:\/\/www.italiaeconomiaonline.it\/web\/#\/schema\/person\/image\/","url":"https:\/\/secure.gravatar.com\/avatar\/cedca10ce7416a579b9fa6bce9c0a8f2?s=96&d=mm&r=g","contentUrl":"https:\/\/secure.gravatar.com\/avatar\/cedca10ce7416a579b9fa6bce9c0a8f2?s=96&d=mm&r=g","caption":"ladyitaliaeconomia"},"url":"https:\/\/www.italiaeconomiaonline.it\/web\/author\/ladyitaliaeconomia\/"}]}},"_links":{"self":[{"href":"https:\/\/www.italiaeconomiaonline.it\/web\/wp-json\/wp\/v2\/posts\/5045"}],"collection":[{"href":"https:\/\/www.italiaeconomiaonline.it\/web\/wp-json\/wp\/v2\/posts"}],"about":[{"href":"https:\/\/www.italiaeconomiaonline.it\/web\/wp-json\/wp\/v2\/types\/post"}],"author":[{"embeddable":true,"href":"https:\/\/www.italiaeconomiaonline.it\/web\/wp-json\/wp\/v2\/users\/1"}],"replies":[{"embeddable":true,"href":"https:\/\/www.italiaeconomiaonline.it\/web\/wp-json\/wp\/v2\/comments?post=5045"}],"version-history":[{"count":1,"href":"https:\/\/www.italiaeconomiaonline.it\/web\/wp-json\/wp\/v2\/posts\/5045\/revisions"}],"predecessor-version":[{"id":5046,"href":"https:\/\/www.italiaeconomiaonline.it\/web\/wp-json\/wp\/v2\/posts\/5045\/revisions\/5046"}],"wp:featuredmedia":[{"embeddable":true,"href":"https:\/\/www.italiaeconomiaonline.it\/web\/wp-json\/wp\/v2\/media\/703"}],"wp:attachment":[{"href":"https:\/\/www.italiaeconomiaonline.it\/web\/wp-json\/wp\/v2\/media?parent=5045"}],"wp:term":[{"taxonomy":"category","embeddable":true,"href":"https:\/\/www.italiaeconomiaonline.it\/web\/wp-json\/wp\/v2\/categories?post=5045"},{"taxonomy":"post_tag","embeddable":true,"href":"https:\/\/www.italiaeconomiaonline.it\/web\/wp-json\/wp\/v2\/tags?post=5045"}],"curies":[{"name":"wp","href":"https:\/\/api.w.org\/{rel}","templated":true}]}}