{"id":5056,"date":"2021-01-11T10:36:05","date_gmt":"2021-01-11T09:36:05","guid":{"rendered":"http:\/\/www.italiaeconomiaonline.it\/web\/?p=5056"},"modified":"2021-01-11T10:36:05","modified_gmt":"2021-01-11T09:36:05","slug":"covid-con-autonomi-trattati-come-statali-ai-primi-spetterebbero-250-miliardi","status":"publish","type":"post","link":"https:\/\/www.italiaeconomiaonline.it\/web\/covid-con-autonomi-trattati-come-statali-ai-primi-spetterebbero-250-miliardi\/","title":{"rendered":"Covid, con autonomi trattati come statali, ai primi spetterebbero 250 miliardi"},"content":{"rendered":"<p><span class=\"dropcap dropcap3\">C<\/span>on la legge di Bilancio 2021 \u00e8 salito a 3,8 miliardi l\u2019importo a disposizione del fondo per il nuovo contratto di lavoro degli statali.<\/p>\n<p>Considerando gli effetti che questa decisione avr\u00e0 anche sui dipendenti delle amministrazioni periferiche, si raggiunge una disponibilit\u00e0 di spesa complessiva pari a 6,7 miliardi di euro:il 26 per cento in pi\u00f9 di quanto erogato a tutti i lavoratori del pubblico impiego nell\u2019ultimo rinnovo firmato nel 2018.<\/p>\n<p>Ebbene, se,con lo stesso \u201cslancio\u201d, fossero riconosciute alle attivit\u00e0 economiche che sono state costrette a chiudere per decretoo per DPCM sia le perdite di fatturato registratel\u2019anno scorsosia un contributo aggiuntivo del 26 per cento,lo Stato dovrebbe conferire a questi imprenditori colpiti dal Covid poco pi\u00f9 di 250 miliardi di euro : un importo che sfiorala somma degli stanziamenti previsti dal Recovery plane dalla legge di Bilancio per il 2021.<\/p>\n<p>La provocazione \u00e8 sollevatadalla CGIA. Ricordiamo che,fino ad oggi,a causa della pandemia,tutte le attivit\u00e0 economiche hanno ottenuto dall\u2019esecutivo\u00a0 al netto delle agevolazioni in materia di credito e dell\u2019effetto dello slittamento di alcune scadenze fiscali-solo 29 miliardi di euro di aiuti diretti. Intendiamoci, qualcuno potrebbe giudicare questacomparazion e tra dipendenti pubblici e lavoratori autonomi insensata e, soprattutto,<\/p>\n<p>irriverente nei confronti dei primiche sono in attesa del rinnovo del contratto.Obiezioni, queste ultime, in parte condivisibili. Tuttavia,con questa forzatura vogliamo mettere in luce come una parte importante dell\u2019economia italiana -costituita da almeno 5 milioni di artigiani, commercianti, esercenti, albergatori elavoratori autonomi -abbia subito perdite consistenti a causa delle chiusure imposte per decreto dal governo, non abbia beneficiato di indennizzi adeguati, sebbene da sempre non possono contare su alcun ammortizzatore sociale.<\/p>\n<p>A differenza deilavoratori del pubblico impiego che,invece, difronte a questa crisi economica senza precedenti non hanno corso alcun pericolodi perdere n\u00e9 il posto di lavoro n\u00e9 una parte del proprio reddito. Senza contare che tra i lavoratori della Pubblica Amministrazione \u00e8 stata molto elevatala quota di coloro che in questi mesi di Covid ha potuto sperimentare lo smart working, riuscendo a conciliare meglio il lavoro con gli impegni familiari e il tempo libero, beneficiando anche dell\u2019azzeramento dei costi di trasporto e di quelli legati alla pausa pranzo.<\/p>\n<p>\u201cLe crisi economiche \u2013esordisce il coordinatore dell\u2019Ufficio studi Paolo Zabeo -non sono mai democratiche. Anche questa volta, infatti, a pagare il conto pi\u00f9 salato saranno le persone pi\u00f9 fragili, come le donne e i giovani. E se questi ultimi sono anche titolari diuna partita Iva,i disagiaumentano esponenzialmente.<\/p>\n<p>Per questo motivo \u00e8 giunto il momento di creare una rete di protezione sociale finalmente universaleche coinvolgatutti: lavoratori autonomi e lavoratori dipendenti sia del pubblico che del privato. Sia chiaro, questa strada va perseguita senza togliere le garanzie gi\u00e0 acquisite dai lavoratori subordinati,ma allargandole tutele anche a coloro che ne sono attualmente sprovvisti, utilizzando, in prima battuta, le risorse che spenderemoper il cashback.<\/p>\n<p>Un provvedimento, questo, che assume sempre pi\u00f9 i contorni di una vera iattura. Nei prossimi 2 anni, infatti, coster\u00e0 alle casse dello Stato quasi 5 miliardi di euro che scandalosamente regaleremo alle persone pi\u00f9 ricche. Risorse, invece, che sarebbero da utilizzare per sostenere le tante partite Iva che a causa del Covid e delle chiusure imposte per decreto rischiano di abbassare definitivamente la saracinesca\u201d.\u201cE\u2019 comunque doveroso sottolineare \u2013affermail segretario Renato Mason \u2013che con la legge di Bilancio per l\u2019anno in corsoil Governo ha cominciato a farequalche piccolo passonella giusta direzione, anche se siamo ancora in una fase embrionale e del tutto insufficiente. Sebbene in misura ancora troppo timida e incerta, comincia a prendere forma un welfare pi\u00f9 equo e solidale che estende i suoi effetti anche al popolo delle partite Iva. Un sistema che poggia sull\u2019esonero parziale dei contributi Inps dovuti dai lavoratori autonomi e dai liberi professionisti, finanziato tuttavia da un fondo di copertura pari a un solo miliardo di euro, e sull\u2019introduzione dell\u2019identit\u00e0 straordinaria di continuit\u00e0 reddituale e operativa, vale a dire una specie di cassaintegrazione a sostegno del reddito dei professionisti iscritti alla gestione separata Inps.<\/p>\n<p>La strada \u00e8 stata tracciata, ora bisogna proseguire su questo versante investendo pi\u00f9 risorse e con maggiore determinazione, perch\u00e9 non \u00e8 pi\u00f9 accettabile, come ha dimostrato questa crisi pandemica, che alcuni lavoratori siano pressoch\u00e9 immuni da qualsiasi rischio e altri non possano usufruire di alcun ammortizzatore sociale in caso di difficolt\u00e0\u201d.L\u2019Ufficio studi della CGIA, infine,segnala che l\u2019ultimo contratto siglato dai dipendenti pubblici \u00e8 stato firmato nel 2018 ed ha interessato il triennio 2016-2018.<\/p>\n<p>L\u2019accordo \u00e8 arrivato dopo quasi un decennio di blocco degli stipendi imposto per legge. Analizzando l\u2019andamento della retribuzione lorda media nel pubblico impiego,si evince, che tra il 2010 e il 2019 l\u2019incremento \u00e8 stato del 4 per cento(l\u2019inflazione, invece, nello stesso periodo \u00e8 salita del 10,5 per cento).<\/p>\n<p>Se in questo decennio gli aumenti contrattuali a causa del blocco non hanno subito aumenti significativi, nel quindicennio precedente(1995-2009) l\u2019innalzamento della spesa fu esponenziale: +72 per cento contro una crescita media dell\u2019inflazione del 40 per cento. A seguito di questa impennata dei costi delle retribuzioni dei lavoratori del pubblico impiego, il Governo Berlusconi IV e successivamente anche gli esecutivi Monti, Letta e Renzi decisero disterilizzarne gli aumenti per quasi 10 anni, con l\u2019obbiettivo, in parte raggiunto, di frenare la spesa pubblica di natura corrente.<\/p>\n<p>&nbsp;<\/p>\n","protected":false},"excerpt":{"rendered":"<p>Con la legge di Bilancio 2021 \u00e8 salito a 3,8 miliardi l\u2019importo a disposizione del fondo per il nuovo contratto di lavoro degli statali. Considerando gli effetti che questa decisione avr\u00e0 anche sui dipendenti delle amministrazioni periferiche, si raggiunge una disponibilit\u00e0 di spesa complessiva pari a 6,7 miliardi di euro:il 26 per cento in pi\u00f9 [&hellip;]<\/p>\n","protected":false},"author":1,"featured_media":5058,"comment_status":"closed","ping_status":"open","sticky":false,"template":"","format":"standard","meta":{"footnotes":""},"categories":[56],"tags":[190,1486,1487],"yoast_head":"<!-- This site is optimized with the Yoast SEO plugin v22.2 - https:\/\/yoast.com\/wordpress\/plugins\/seo\/ -->\n<title>Covid, con autonomi trattati come statali, ai primi spetterebbero 250 miliardi -<\/title>\n<meta name=\"robots\" content=\"index, follow, max-snippet:-1, max-image-preview:large, max-video-preview:-1\" \/>\n<link rel=\"canonical\" href=\"https:\/\/www.italiaeconomiaonline.it\/web\/covid-con-autonomi-trattati-come-statali-ai-primi-spetterebbero-250-miliardi\/\" \/>\n<meta property=\"og:locale\" content=\"it_IT\" \/>\n<meta property=\"og:type\" content=\"article\" \/>\n<meta property=\"og:title\" content=\"Covid, con autonomi trattati come statali, ai primi spetterebbero 250 miliardi -\" \/>\n<meta property=\"og:description\" content=\"Con la legge di Bilancio 2021 \u00e8 salito a 3,8 miliardi l\u2019importo a disposizione del fondo per il nuovo contratto di lavoro degli statali. Considerando gli effetti che questa decisione avr\u00e0 anche sui dipendenti delle amministrazioni periferiche, si raggiunge una disponibilit\u00e0 di spesa complessiva pari a 6,7 miliardi di euro:il 26 per cento in pi\u00f9 [&hellip;]\" \/>\n<meta property=\"og:url\" content=\"https:\/\/www.italiaeconomiaonline.it\/web\/covid-con-autonomi-trattati-come-statali-ai-primi-spetterebbero-250-miliardi\/\" \/>\n<meta property=\"og:site_name\" content=\"ItaliaEconomiaOnline\" \/>\n<meta property=\"article:published_time\" content=\"2021-01-11T09:36:05+00:00\" \/>\n<meta property=\"og:image\" content=\"https:\/\/www.italiaeconomiaonline.it\/web\/wp-content\/uploads\/2021\/01\/Schermata-2021-01-11-alle-10.26.13.png\" \/>\n\t<meta property=\"og:image:width\" content=\"1526\" \/>\n\t<meta property=\"og:image:height\" content=\"990\" \/>\n\t<meta property=\"og:image:type\" content=\"image\/png\" \/>\n<meta name=\"author\" content=\"ladyitaliaeconomia\" \/>\n<meta name=\"twitter:card\" content=\"summary_large_image\" \/>\n<meta name=\"twitter:label1\" content=\"Scritto da\" \/>\n\t<meta name=\"twitter:data1\" content=\"ladyitaliaeconomia\" \/>\n\t<meta name=\"twitter:label2\" content=\"Tempo di lettura stimato\" \/>\n\t<meta name=\"twitter:data2\" content=\"4 minuti\" \/>\n<script type=\"application\/ld+json\" class=\"yoast-schema-graph\">{\"@context\":\"https:\/\/schema.org\",\"@graph\":[{\"@type\":\"WebPage\",\"@id\":\"https:\/\/www.italiaeconomiaonline.it\/web\/covid-con-autonomi-trattati-come-statali-ai-primi-spetterebbero-250-miliardi\/\",\"url\":\"https:\/\/www.italiaeconomiaonline.it\/web\/covid-con-autonomi-trattati-come-statali-ai-primi-spetterebbero-250-miliardi\/\",\"name\":\"Covid, con autonomi trattati come statali, ai primi spetterebbero 250 miliardi -\",\"isPartOf\":{\"@id\":\"https:\/\/www.italiaeconomiaonline.it\/web\/#website\"},\"primaryImageOfPage\":{\"@id\":\"https:\/\/www.italiaeconomiaonline.it\/web\/covid-con-autonomi-trattati-come-statali-ai-primi-spetterebbero-250-miliardi\/#primaryimage\"},\"image\":{\"@id\":\"https:\/\/www.italiaeconomiaonline.it\/web\/covid-con-autonomi-trattati-come-statali-ai-primi-spetterebbero-250-miliardi\/#primaryimage\"},\"thumbnailUrl\":\"https:\/\/www.italiaeconomiaonline.it\/web\/wp-content\/uploads\/2021\/01\/Schermata-2021-01-11-alle-10.26.13.png\",\"datePublished\":\"2021-01-11T09:36:05+00:00\",\"dateModified\":\"2021-01-11T09:36:05+00:00\",\"author\":{\"@id\":\"https:\/\/www.italiaeconomiaonline.it\/web\/#\/schema\/person\/909a49cce752523b020fbc37d5ab1c31\"},\"breadcrumb\":{\"@id\":\"https:\/\/www.italiaeconomiaonline.it\/web\/covid-con-autonomi-trattati-come-statali-ai-primi-spetterebbero-250-miliardi\/#breadcrumb\"},\"inLanguage\":\"it-IT\",\"potentialAction\":[{\"@type\":\"ReadAction\",\"target\":[\"https:\/\/www.italiaeconomiaonline.it\/web\/covid-con-autonomi-trattati-come-statali-ai-primi-spetterebbero-250-miliardi\/\"]}]},{\"@type\":\"ImageObject\",\"inLanguage\":\"it-IT\",\"@id\":\"https:\/\/www.italiaeconomiaonline.it\/web\/covid-con-autonomi-trattati-come-statali-ai-primi-spetterebbero-250-miliardi\/#primaryimage\",\"url\":\"https:\/\/www.italiaeconomiaonline.it\/web\/wp-content\/uploads\/2021\/01\/Schermata-2021-01-11-alle-10.26.13.png\",\"contentUrl\":\"https:\/\/www.italiaeconomiaonline.it\/web\/wp-content\/uploads\/2021\/01\/Schermata-2021-01-11-alle-10.26.13.png\",\"width\":1526,\"height\":990},{\"@type\":\"BreadcrumbList\",\"@id\":\"https:\/\/www.italiaeconomiaonline.it\/web\/covid-con-autonomi-trattati-come-statali-ai-primi-spetterebbero-250-miliardi\/#breadcrumb\",\"itemListElement\":[{\"@type\":\"ListItem\",\"position\":1,\"name\":\"Home\",\"item\":\"https:\/\/www.italiaeconomiaonline.it\/web\/\"},{\"@type\":\"ListItem\",\"position\":2,\"name\":\"Covid, con autonomi trattati come statali, ai primi spetterebbero 250 miliardi\"}]},{\"@type\":\"WebSite\",\"@id\":\"https:\/\/www.italiaeconomiaonline.it\/web\/#website\",\"url\":\"https:\/\/www.italiaeconomiaonline.it\/web\/\",\"name\":\"ItaliaEconomiaOnline\",\"description\":\"Quotidiano Economico Online\",\"potentialAction\":[{\"@type\":\"SearchAction\",\"target\":{\"@type\":\"EntryPoint\",\"urlTemplate\":\"https:\/\/www.italiaeconomiaonline.it\/web\/?s={search_term_string}\"},\"query-input\":\"required name=search_term_string\"}],\"inLanguage\":\"it-IT\"},{\"@type\":\"Person\",\"@id\":\"https:\/\/www.italiaeconomiaonline.it\/web\/#\/schema\/person\/909a49cce752523b020fbc37d5ab1c31\",\"name\":\"ladyitaliaeconomia\",\"image\":{\"@type\":\"ImageObject\",\"inLanguage\":\"it-IT\",\"@id\":\"https:\/\/www.italiaeconomiaonline.it\/web\/#\/schema\/person\/image\/\",\"url\":\"https:\/\/secure.gravatar.com\/avatar\/cedca10ce7416a579b9fa6bce9c0a8f2?s=96&d=mm&r=g\",\"contentUrl\":\"https:\/\/secure.gravatar.com\/avatar\/cedca10ce7416a579b9fa6bce9c0a8f2?s=96&d=mm&r=g\",\"caption\":\"ladyitaliaeconomia\"},\"url\":\"https:\/\/www.italiaeconomiaonline.it\/web\/author\/ladyitaliaeconomia\/\"}]}<\/script>\n<!-- \/ Yoast SEO plugin. -->","yoast_head_json":{"title":"Covid, con autonomi trattati come statali, ai primi spetterebbero 250 miliardi -","robots":{"index":"index","follow":"follow","max-snippet":"max-snippet:-1","max-image-preview":"max-image-preview:large","max-video-preview":"max-video-preview:-1"},"canonical":"https:\/\/www.italiaeconomiaonline.it\/web\/covid-con-autonomi-trattati-come-statali-ai-primi-spetterebbero-250-miliardi\/","og_locale":"it_IT","og_type":"article","og_title":"Covid, con autonomi trattati come statali, ai primi spetterebbero 250 miliardi -","og_description":"Con la legge di Bilancio 2021 \u00e8 salito a 3,8 miliardi l\u2019importo a disposizione del fondo per il nuovo contratto di lavoro degli statali. Considerando gli effetti che questa decisione avr\u00e0 anche sui dipendenti delle amministrazioni periferiche, si raggiunge una disponibilit\u00e0 di spesa complessiva pari a 6,7 miliardi di euro:il 26 per cento in pi\u00f9 [&hellip;]","og_url":"https:\/\/www.italiaeconomiaonline.it\/web\/covid-con-autonomi-trattati-come-statali-ai-primi-spetterebbero-250-miliardi\/","og_site_name":"ItaliaEconomiaOnline","article_published_time":"2021-01-11T09:36:05+00:00","og_image":[{"width":1526,"height":990,"url":"https:\/\/www.italiaeconomiaonline.it\/web\/wp-content\/uploads\/2021\/01\/Schermata-2021-01-11-alle-10.26.13.png","type":"image\/png"}],"author":"ladyitaliaeconomia","twitter_card":"summary_large_image","twitter_misc":{"Scritto da":"ladyitaliaeconomia","Tempo di lettura stimato":"4 minuti"},"schema":{"@context":"https:\/\/schema.org","@graph":[{"@type":"WebPage","@id":"https:\/\/www.italiaeconomiaonline.it\/web\/covid-con-autonomi-trattati-come-statali-ai-primi-spetterebbero-250-miliardi\/","url":"https:\/\/www.italiaeconomiaonline.it\/web\/covid-con-autonomi-trattati-come-statali-ai-primi-spetterebbero-250-miliardi\/","name":"Covid, con autonomi trattati come statali, ai primi spetterebbero 250 miliardi -","isPartOf":{"@id":"https:\/\/www.italiaeconomiaonline.it\/web\/#website"},"primaryImageOfPage":{"@id":"https:\/\/www.italiaeconomiaonline.it\/web\/covid-con-autonomi-trattati-come-statali-ai-primi-spetterebbero-250-miliardi\/#primaryimage"},"image":{"@id":"https:\/\/www.italiaeconomiaonline.it\/web\/covid-con-autonomi-trattati-come-statali-ai-primi-spetterebbero-250-miliardi\/#primaryimage"},"thumbnailUrl":"https:\/\/www.italiaeconomiaonline.it\/web\/wp-content\/uploads\/2021\/01\/Schermata-2021-01-11-alle-10.26.13.png","datePublished":"2021-01-11T09:36:05+00:00","dateModified":"2021-01-11T09:36:05+00:00","author":{"@id":"https:\/\/www.italiaeconomiaonline.it\/web\/#\/schema\/person\/909a49cce752523b020fbc37d5ab1c31"},"breadcrumb":{"@id":"https:\/\/www.italiaeconomiaonline.it\/web\/covid-con-autonomi-trattati-come-statali-ai-primi-spetterebbero-250-miliardi\/#breadcrumb"},"inLanguage":"it-IT","potentialAction":[{"@type":"ReadAction","target":["https:\/\/www.italiaeconomiaonline.it\/web\/covid-con-autonomi-trattati-come-statali-ai-primi-spetterebbero-250-miliardi\/"]}]},{"@type":"ImageObject","inLanguage":"it-IT","@id":"https:\/\/www.italiaeconomiaonline.it\/web\/covid-con-autonomi-trattati-come-statali-ai-primi-spetterebbero-250-miliardi\/#primaryimage","url":"https:\/\/www.italiaeconomiaonline.it\/web\/wp-content\/uploads\/2021\/01\/Schermata-2021-01-11-alle-10.26.13.png","contentUrl":"https:\/\/www.italiaeconomiaonline.it\/web\/wp-content\/uploads\/2021\/01\/Schermata-2021-01-11-alle-10.26.13.png","width":1526,"height":990},{"@type":"BreadcrumbList","@id":"https:\/\/www.italiaeconomiaonline.it\/web\/covid-con-autonomi-trattati-come-statali-ai-primi-spetterebbero-250-miliardi\/#breadcrumb","itemListElement":[{"@type":"ListItem","position":1,"name":"Home","item":"https:\/\/www.italiaeconomiaonline.it\/web\/"},{"@type":"ListItem","position":2,"name":"Covid, con autonomi trattati come statali, ai primi spetterebbero 250 miliardi"}]},{"@type":"WebSite","@id":"https:\/\/www.italiaeconomiaonline.it\/web\/#website","url":"https:\/\/www.italiaeconomiaonline.it\/web\/","name":"ItaliaEconomiaOnline","description":"Quotidiano Economico Online","potentialAction":[{"@type":"SearchAction","target":{"@type":"EntryPoint","urlTemplate":"https:\/\/www.italiaeconomiaonline.it\/web\/?s={search_term_string}"},"query-input":"required name=search_term_string"}],"inLanguage":"it-IT"},{"@type":"Person","@id":"https:\/\/www.italiaeconomiaonline.it\/web\/#\/schema\/person\/909a49cce752523b020fbc37d5ab1c31","name":"ladyitaliaeconomia","image":{"@type":"ImageObject","inLanguage":"it-IT","@id":"https:\/\/www.italiaeconomiaonline.it\/web\/#\/schema\/person\/image\/","url":"https:\/\/secure.gravatar.com\/avatar\/cedca10ce7416a579b9fa6bce9c0a8f2?s=96&d=mm&r=g","contentUrl":"https:\/\/secure.gravatar.com\/avatar\/cedca10ce7416a579b9fa6bce9c0a8f2?s=96&d=mm&r=g","caption":"ladyitaliaeconomia"},"url":"https:\/\/www.italiaeconomiaonline.it\/web\/author\/ladyitaliaeconomia\/"}]}},"_links":{"self":[{"href":"https:\/\/www.italiaeconomiaonline.it\/web\/wp-json\/wp\/v2\/posts\/5056"}],"collection":[{"href":"https:\/\/www.italiaeconomiaonline.it\/web\/wp-json\/wp\/v2\/posts"}],"about":[{"href":"https:\/\/www.italiaeconomiaonline.it\/web\/wp-json\/wp\/v2\/types\/post"}],"author":[{"embeddable":true,"href":"https:\/\/www.italiaeconomiaonline.it\/web\/wp-json\/wp\/v2\/users\/1"}],"replies":[{"embeddable":true,"href":"https:\/\/www.italiaeconomiaonline.it\/web\/wp-json\/wp\/v2\/comments?post=5056"}],"version-history":[{"count":1,"href":"https:\/\/www.italiaeconomiaonline.it\/web\/wp-json\/wp\/v2\/posts\/5056\/revisions"}],"predecessor-version":[{"id":5059,"href":"https:\/\/www.italiaeconomiaonline.it\/web\/wp-json\/wp\/v2\/posts\/5056\/revisions\/5059"}],"wp:featuredmedia":[{"embeddable":true,"href":"https:\/\/www.italiaeconomiaonline.it\/web\/wp-json\/wp\/v2\/media\/5058"}],"wp:attachment":[{"href":"https:\/\/www.italiaeconomiaonline.it\/web\/wp-json\/wp\/v2\/media?parent=5056"}],"wp:term":[{"taxonomy":"category","embeddable":true,"href":"https:\/\/www.italiaeconomiaonline.it\/web\/wp-json\/wp\/v2\/categories?post=5056"},{"taxonomy":"post_tag","embeddable":true,"href":"https:\/\/www.italiaeconomiaonline.it\/web\/wp-json\/wp\/v2\/tags?post=5056"}],"curies":[{"name":"wp","href":"https:\/\/api.w.org\/{rel}","templated":true}]}}