{"id":5079,"date":"2021-01-12T11:26:28","date_gmt":"2021-01-12T10:26:28","guid":{"rendered":"http:\/\/www.italiaeconomiaonline.it\/web\/?p=5079"},"modified":"2021-01-12T11:26:28","modified_gmt":"2021-01-12T10:26:28","slug":"resto-al-sud-estensione-dellincentivo-agli-under-56","status":"publish","type":"post","link":"https:\/\/www.italiaeconomiaonline.it\/web\/resto-al-sud-estensione-dellincentivo-agli-under-56\/","title":{"rendered":"Resto al Sud: estensione dell\u2019incentivo agli under 56"},"content":{"rendered":"<p><span class=\"dropcap dropcap3\">R<\/span>esto al Sud amplia la platea dei beneficiari e si rivolge agli imprenditori <strong>fino a 55 anni d\u2019et\u00e0<\/strong>. \u00c8 questa la novit\u00e0 introdotta dalla Legge di Bilancio 2021, che ha innalzato il precedente limite di 45 anni anche nell\u2019intento di sostenere una delle categorie pi\u00f9 in sofferenza del mercato del lavoro post-Covid: i cinquantenni che hanno perso il posto di lavoro o che rischiano di perderlo nei prossimi mesi.<\/p>\n<div>\n<p>L\u2019incentivo diventa pertanto una concreta possibilit\u00e0 di uscita dall\u2019attuale condizione di difficolt\u00e0 per un universo di lavoratrici e lavoratori in grado di esprimere &#8211; in una prospettiva di autoimpiego che pu\u00f2 valorizzare le competenze maturate nel corso della loro vita professionale &#8211; una progettualit\u00e0 d\u2019impresa qualificata e consapevole.<\/p>\n<p>Si aprono quindi nuovi scenari di intervento per lo strumento agevolativo gestito da Invitalia: dalle iniziative di <strong>workers byout<\/strong> (ex dipendenti che si associano per creare una nuova impresa in grado di \u201crigenerare\u201d la loro azienda entrata in crisi) a quelle avviate da <strong>donne <\/strong>che si riappropriano della dimensione lavorativa dopo averla messa da parte per esigenze familiari, dalle nuove attivit\u00e0 intraprese da <strong>ex dirigenti in esubero<\/strong> a quelle in grado di investire sullo <strong>scambio inter-generazionale<\/strong>, integrando in compagine sociale il \u201cmestiere\u201d di chi per anni ha svolto un certo tipo di lavoro con l\u2019entusiasmo e la spinta innovativa dei pi\u00f9 giovani.<\/p>\n<p>Resto al Sud rafforza quindi la propria efficacia come strumento \u201canti-crisi\u201d ad ampio raggio, forte anche del suo progressivo potenziamento che nel tempo si \u00e8 tradotto nell\u2019apertura alle libere professioni, nell\u2019estensione dell\u2019ambito geografico di intervento e nella maggiore incidenza del <strong>fondo perduto, che \u00e8 salito al 50%<\/strong> (l\u2019altra met\u00e0 \u00e8 erogata come finanziamento bancario a tasso zero, garantito dal Fondo di Garanzia per le PMI). Le agevolazioni coprono il 100% delle spese di start up o sviluppo d\u2019impresa, con un finanziamento massimo che pu\u00f2 arrivare fino a 200.000 euro nel caso di societ\u00e0 composte da quattro soci.<\/p>\n<p>I risultati raggiunti da Resto al Sud a tre anni dal lancio della misura sono i seguenti:<\/p>\n<ul>\n<li><strong>18.130 domande<\/strong> di agevolazioni ricevute (e 18.516 in fase avanzata di compilazione sulla piattaforma informatica di Invitalia), con un trend crescente negli ultimi mesi e in particolare a dicembre 2020, quando \u00e8 stato registrato il record assoluto di progetti presentati (1.059), che in tutto il 2020 sono stati 7.605<\/li>\n<li><strong>590 milioni<\/strong> di euro di agevolazioni richieste<\/li>\n<li><strong>7.035 progetti<\/strong> di startup o di sviluppo d\u2019impresa approvati, per 481 milioni di euro di investimenti attivati e una ricaduta lavorativa pari a 26.600 nuovi occupati<\/li>\n<li><strong>41% di imprese<\/strong> beneficiarie a titolarit\u00e0 femminile<\/li>\n<li><strong>8.410 euro<\/strong> di contributo medio per ciascun nuovo occupato<\/li>\n<li><strong>15.500 nuovi imprenditori<\/strong>, con conseguente allargamento della base imprenditoriale delle regioni meridionali<\/li>\n<li><strong>208 milioni<\/strong> di euro di prestiti gi\u00e0 concessi alle imprese dalle banche partner dell\u2019intervento<\/li>\n<li><strong>257 milioni<\/strong> di euro di erogazioni gi\u00e0 effettuate<\/li>\n<\/ul>\n<p>Resto al Sud, con una dotazione di oltre <strong>1,2 miliardi di euro<\/strong>, \u00e8 operativo in <strong>Abruzzo, Basilicata, Calabria, Campania, Molise, Puglia, Sardegna, Sicilia<\/strong> e nelle aree del cratere sismico del <strong>Centro Italia (Lazio, Marche, Umbria)<\/strong>. Le domande possono essere presentate esclusivamente online, attraverso la piattaforma web di Invitalia. Non ci sono bandi, scadenze o graduatorie. I progetti vengono valutati\u00a0in ordine cronologico di arrivo entro 60 giorni dalla data di presentazione.<\/p>\n<h3><\/h3>\n<\/div>\n","protected":false},"excerpt":{"rendered":"<p>Resto al Sud amplia la platea dei beneficiari e si rivolge agli imprenditori fino a 55 anni d\u2019et\u00e0. \u00c8 questa la novit\u00e0 introdotta dalla Legge di Bilancio 2021, che ha innalzato il precedente limite di 45 anni anche nell\u2019intento di sostenere una delle categorie pi\u00f9 in sofferenza del mercato del lavoro post-Covid: i cinquantenni che [&hellip;]<\/p>\n","protected":false},"author":1,"featured_media":5080,"comment_status":"closed","ping_status":"open","sticky":false,"template":"","format":"standard","meta":{"footnotes":""},"categories":[28],"tags":[101,919,647],"yoast_head":"<!-- This site is optimized with the Yoast SEO plugin v22.2 - https:\/\/yoast.com\/wordpress\/plugins\/seo\/ -->\n<title>Resto al Sud: estensione dell\u2019incentivo agli under 56 -<\/title>\n<meta name=\"robots\" content=\"index, follow, max-snippet:-1, max-image-preview:large, max-video-preview:-1\" \/>\n<link rel=\"canonical\" href=\"https:\/\/www.italiaeconomiaonline.it\/web\/resto-al-sud-estensione-dellincentivo-agli-under-56\/\" \/>\n<meta property=\"og:locale\" content=\"it_IT\" \/>\n<meta property=\"og:type\" content=\"article\" \/>\n<meta property=\"og:title\" content=\"Resto al Sud: estensione dell\u2019incentivo agli under 56 -\" \/>\n<meta property=\"og:description\" content=\"Resto al Sud amplia la platea dei beneficiari e si rivolge agli imprenditori fino a 55 anni d\u2019et\u00e0. \u00c8 questa la novit\u00e0 introdotta dalla Legge di Bilancio 2021, che ha innalzato il precedente limite di 45 anni anche nell\u2019intento di sostenere una delle categorie pi\u00f9 in sofferenza del mercato del lavoro post-Covid: i cinquantenni che [&hellip;]\" \/>\n<meta property=\"og:url\" content=\"https:\/\/www.italiaeconomiaonline.it\/web\/resto-al-sud-estensione-dellincentivo-agli-under-56\/\" \/>\n<meta property=\"og:site_name\" content=\"ItaliaEconomiaOnline\" \/>\n<meta property=\"article:published_time\" content=\"2021-01-12T10:26:28+00:00\" \/>\n<meta property=\"og:image\" content=\"https:\/\/www.italiaeconomiaonline.it\/web\/wp-content\/uploads\/2021\/01\/Schermata-2021-01-12-alle-11.25.32.png\" \/>\n\t<meta property=\"og:image:width\" content=\"1478\" \/>\n\t<meta property=\"og:image:height\" content=\"898\" \/>\n\t<meta property=\"og:image:type\" content=\"image\/png\" \/>\n<meta name=\"author\" content=\"ladyitaliaeconomia\" \/>\n<meta name=\"twitter:card\" content=\"summary_large_image\" \/>\n<meta name=\"twitter:label1\" content=\"Scritto da\" \/>\n\t<meta name=\"twitter:data1\" content=\"ladyitaliaeconomia\" \/>\n\t<meta name=\"twitter:label2\" content=\"Tempo di lettura stimato\" \/>\n\t<meta name=\"twitter:data2\" content=\"3 minuti\" \/>\n<script type=\"application\/ld+json\" class=\"yoast-schema-graph\">{\"@context\":\"https:\/\/schema.org\",\"@graph\":[{\"@type\":\"WebPage\",\"@id\":\"https:\/\/www.italiaeconomiaonline.it\/web\/resto-al-sud-estensione-dellincentivo-agli-under-56\/\",\"url\":\"https:\/\/www.italiaeconomiaonline.it\/web\/resto-al-sud-estensione-dellincentivo-agli-under-56\/\",\"name\":\"Resto al Sud: estensione dell\u2019incentivo agli under 56 -\",\"isPartOf\":{\"@id\":\"https:\/\/www.italiaeconomiaonline.it\/web\/#website\"},\"primaryImageOfPage\":{\"@id\":\"https:\/\/www.italiaeconomiaonline.it\/web\/resto-al-sud-estensione-dellincentivo-agli-under-56\/#primaryimage\"},\"image\":{\"@id\":\"https:\/\/www.italiaeconomiaonline.it\/web\/resto-al-sud-estensione-dellincentivo-agli-under-56\/#primaryimage\"},\"thumbnailUrl\":\"https:\/\/www.italiaeconomiaonline.it\/web\/wp-content\/uploads\/2021\/01\/Schermata-2021-01-12-alle-11.25.32.png\",\"datePublished\":\"2021-01-12T10:26:28+00:00\",\"dateModified\":\"2021-01-12T10:26:28+00:00\",\"author\":{\"@id\":\"https:\/\/www.italiaeconomiaonline.it\/web\/#\/schema\/person\/909a49cce752523b020fbc37d5ab1c31\"},\"breadcrumb\":{\"@id\":\"https:\/\/www.italiaeconomiaonline.it\/web\/resto-al-sud-estensione-dellincentivo-agli-under-56\/#breadcrumb\"},\"inLanguage\":\"it-IT\",\"potentialAction\":[{\"@type\":\"ReadAction\",\"target\":[\"https:\/\/www.italiaeconomiaonline.it\/web\/resto-al-sud-estensione-dellincentivo-agli-under-56\/\"]}]},{\"@type\":\"ImageObject\",\"inLanguage\":\"it-IT\",\"@id\":\"https:\/\/www.italiaeconomiaonline.it\/web\/resto-al-sud-estensione-dellincentivo-agli-under-56\/#primaryimage\",\"url\":\"https:\/\/www.italiaeconomiaonline.it\/web\/wp-content\/uploads\/2021\/01\/Schermata-2021-01-12-alle-11.25.32.png\",\"contentUrl\":\"https:\/\/www.italiaeconomiaonline.it\/web\/wp-content\/uploads\/2021\/01\/Schermata-2021-01-12-alle-11.25.32.png\",\"width\":1478,\"height\":898},{\"@type\":\"BreadcrumbList\",\"@id\":\"https:\/\/www.italiaeconomiaonline.it\/web\/resto-al-sud-estensione-dellincentivo-agli-under-56\/#breadcrumb\",\"itemListElement\":[{\"@type\":\"ListItem\",\"position\":1,\"name\":\"Home\",\"item\":\"https:\/\/www.italiaeconomiaonline.it\/web\/\"},{\"@type\":\"ListItem\",\"position\":2,\"name\":\"Resto al Sud: estensione dell\u2019incentivo agli under 56\"}]},{\"@type\":\"WebSite\",\"@id\":\"https:\/\/www.italiaeconomiaonline.it\/web\/#website\",\"url\":\"https:\/\/www.italiaeconomiaonline.it\/web\/\",\"name\":\"ItaliaEconomiaOnline\",\"description\":\"Quotidiano Economico Online\",\"potentialAction\":[{\"@type\":\"SearchAction\",\"target\":{\"@type\":\"EntryPoint\",\"urlTemplate\":\"https:\/\/www.italiaeconomiaonline.it\/web\/?s={search_term_string}\"},\"query-input\":\"required name=search_term_string\"}],\"inLanguage\":\"it-IT\"},{\"@type\":\"Person\",\"@id\":\"https:\/\/www.italiaeconomiaonline.it\/web\/#\/schema\/person\/909a49cce752523b020fbc37d5ab1c31\",\"name\":\"ladyitaliaeconomia\",\"image\":{\"@type\":\"ImageObject\",\"inLanguage\":\"it-IT\",\"@id\":\"https:\/\/www.italiaeconomiaonline.it\/web\/#\/schema\/person\/image\/\",\"url\":\"https:\/\/secure.gravatar.com\/avatar\/cedca10ce7416a579b9fa6bce9c0a8f2?s=96&d=mm&r=g\",\"contentUrl\":\"https:\/\/secure.gravatar.com\/avatar\/cedca10ce7416a579b9fa6bce9c0a8f2?s=96&d=mm&r=g\",\"caption\":\"ladyitaliaeconomia\"},\"url\":\"https:\/\/www.italiaeconomiaonline.it\/web\/author\/ladyitaliaeconomia\/\"}]}<\/script>\n<!-- \/ Yoast SEO plugin. -->","yoast_head_json":{"title":"Resto al Sud: estensione dell\u2019incentivo agli under 56 -","robots":{"index":"index","follow":"follow","max-snippet":"max-snippet:-1","max-image-preview":"max-image-preview:large","max-video-preview":"max-video-preview:-1"},"canonical":"https:\/\/www.italiaeconomiaonline.it\/web\/resto-al-sud-estensione-dellincentivo-agli-under-56\/","og_locale":"it_IT","og_type":"article","og_title":"Resto al Sud: estensione dell\u2019incentivo agli under 56 -","og_description":"Resto al Sud amplia la platea dei beneficiari e si rivolge agli imprenditori fino a 55 anni d\u2019et\u00e0. \u00c8 questa la novit\u00e0 introdotta dalla Legge di Bilancio 2021, che ha innalzato il precedente limite di 45 anni anche nell\u2019intento di sostenere una delle categorie pi\u00f9 in sofferenza del mercato del lavoro post-Covid: i cinquantenni che [&hellip;]","og_url":"https:\/\/www.italiaeconomiaonline.it\/web\/resto-al-sud-estensione-dellincentivo-agli-under-56\/","og_site_name":"ItaliaEconomiaOnline","article_published_time":"2021-01-12T10:26:28+00:00","og_image":[{"width":1478,"height":898,"url":"https:\/\/www.italiaeconomiaonline.it\/web\/wp-content\/uploads\/2021\/01\/Schermata-2021-01-12-alle-11.25.32.png","type":"image\/png"}],"author":"ladyitaliaeconomia","twitter_card":"summary_large_image","twitter_misc":{"Scritto da":"ladyitaliaeconomia","Tempo di lettura stimato":"3 minuti"},"schema":{"@context":"https:\/\/schema.org","@graph":[{"@type":"WebPage","@id":"https:\/\/www.italiaeconomiaonline.it\/web\/resto-al-sud-estensione-dellincentivo-agli-under-56\/","url":"https:\/\/www.italiaeconomiaonline.it\/web\/resto-al-sud-estensione-dellincentivo-agli-under-56\/","name":"Resto al Sud: estensione dell\u2019incentivo agli under 56 -","isPartOf":{"@id":"https:\/\/www.italiaeconomiaonline.it\/web\/#website"},"primaryImageOfPage":{"@id":"https:\/\/www.italiaeconomiaonline.it\/web\/resto-al-sud-estensione-dellincentivo-agli-under-56\/#primaryimage"},"image":{"@id":"https:\/\/www.italiaeconomiaonline.it\/web\/resto-al-sud-estensione-dellincentivo-agli-under-56\/#primaryimage"},"thumbnailUrl":"https:\/\/www.italiaeconomiaonline.it\/web\/wp-content\/uploads\/2021\/01\/Schermata-2021-01-12-alle-11.25.32.png","datePublished":"2021-01-12T10:26:28+00:00","dateModified":"2021-01-12T10:26:28+00:00","author":{"@id":"https:\/\/www.italiaeconomiaonline.it\/web\/#\/schema\/person\/909a49cce752523b020fbc37d5ab1c31"},"breadcrumb":{"@id":"https:\/\/www.italiaeconomiaonline.it\/web\/resto-al-sud-estensione-dellincentivo-agli-under-56\/#breadcrumb"},"inLanguage":"it-IT","potentialAction":[{"@type":"ReadAction","target":["https:\/\/www.italiaeconomiaonline.it\/web\/resto-al-sud-estensione-dellincentivo-agli-under-56\/"]}]},{"@type":"ImageObject","inLanguage":"it-IT","@id":"https:\/\/www.italiaeconomiaonline.it\/web\/resto-al-sud-estensione-dellincentivo-agli-under-56\/#primaryimage","url":"https:\/\/www.italiaeconomiaonline.it\/web\/wp-content\/uploads\/2021\/01\/Schermata-2021-01-12-alle-11.25.32.png","contentUrl":"https:\/\/www.italiaeconomiaonline.it\/web\/wp-content\/uploads\/2021\/01\/Schermata-2021-01-12-alle-11.25.32.png","width":1478,"height":898},{"@type":"BreadcrumbList","@id":"https:\/\/www.italiaeconomiaonline.it\/web\/resto-al-sud-estensione-dellincentivo-agli-under-56\/#breadcrumb","itemListElement":[{"@type":"ListItem","position":1,"name":"Home","item":"https:\/\/www.italiaeconomiaonline.it\/web\/"},{"@type":"ListItem","position":2,"name":"Resto al Sud: estensione dell\u2019incentivo agli under 56"}]},{"@type":"WebSite","@id":"https:\/\/www.italiaeconomiaonline.it\/web\/#website","url":"https:\/\/www.italiaeconomiaonline.it\/web\/","name":"ItaliaEconomiaOnline","description":"Quotidiano Economico Online","potentialAction":[{"@type":"SearchAction","target":{"@type":"EntryPoint","urlTemplate":"https:\/\/www.italiaeconomiaonline.it\/web\/?s={search_term_string}"},"query-input":"required name=search_term_string"}],"inLanguage":"it-IT"},{"@type":"Person","@id":"https:\/\/www.italiaeconomiaonline.it\/web\/#\/schema\/person\/909a49cce752523b020fbc37d5ab1c31","name":"ladyitaliaeconomia","image":{"@type":"ImageObject","inLanguage":"it-IT","@id":"https:\/\/www.italiaeconomiaonline.it\/web\/#\/schema\/person\/image\/","url":"https:\/\/secure.gravatar.com\/avatar\/cedca10ce7416a579b9fa6bce9c0a8f2?s=96&d=mm&r=g","contentUrl":"https:\/\/secure.gravatar.com\/avatar\/cedca10ce7416a579b9fa6bce9c0a8f2?s=96&d=mm&r=g","caption":"ladyitaliaeconomia"},"url":"https:\/\/www.italiaeconomiaonline.it\/web\/author\/ladyitaliaeconomia\/"}]}},"_links":{"self":[{"href":"https:\/\/www.italiaeconomiaonline.it\/web\/wp-json\/wp\/v2\/posts\/5079"}],"collection":[{"href":"https:\/\/www.italiaeconomiaonline.it\/web\/wp-json\/wp\/v2\/posts"}],"about":[{"href":"https:\/\/www.italiaeconomiaonline.it\/web\/wp-json\/wp\/v2\/types\/post"}],"author":[{"embeddable":true,"href":"https:\/\/www.italiaeconomiaonline.it\/web\/wp-json\/wp\/v2\/users\/1"}],"replies":[{"embeddable":true,"href":"https:\/\/www.italiaeconomiaonline.it\/web\/wp-json\/wp\/v2\/comments?post=5079"}],"version-history":[{"count":1,"href":"https:\/\/www.italiaeconomiaonline.it\/web\/wp-json\/wp\/v2\/posts\/5079\/revisions"}],"predecessor-version":[{"id":5081,"href":"https:\/\/www.italiaeconomiaonline.it\/web\/wp-json\/wp\/v2\/posts\/5079\/revisions\/5081"}],"wp:featuredmedia":[{"embeddable":true,"href":"https:\/\/www.italiaeconomiaonline.it\/web\/wp-json\/wp\/v2\/media\/5080"}],"wp:attachment":[{"href":"https:\/\/www.italiaeconomiaonline.it\/web\/wp-json\/wp\/v2\/media?parent=5079"}],"wp:term":[{"taxonomy":"category","embeddable":true,"href":"https:\/\/www.italiaeconomiaonline.it\/web\/wp-json\/wp\/v2\/categories?post=5079"},{"taxonomy":"post_tag","embeddable":true,"href":"https:\/\/www.italiaeconomiaonline.it\/web\/wp-json\/wp\/v2\/tags?post=5079"}],"curies":[{"name":"wp","href":"https:\/\/api.w.org\/{rel}","templated":true}]}}