{"id":5082,"date":"2021-01-12T16:39:15","date_gmt":"2021-01-12T15:39:15","guid":{"rendered":"http:\/\/www.italiaeconomiaonline.it\/web\/?p=5082"},"modified":"2021-01-12T16:39:15","modified_gmt":"2021-01-12T15:39:15","slug":"conferenza-sullo-spazio-le-priorita-dellue-pe-il-2021","status":"publish","type":"post","link":"https:\/\/www.italiaeconomiaonline.it\/web\/conferenza-sullo-spazio-le-priorita-dellue-pe-il-2021\/","title":{"rendered":"Conferenza sullo spazio: le priorit\u00e0 dell&#8217;UE pe il 2021"},"content":{"rendered":"<p><span class=\"dropcap dropcap3\">L<\/span>a conferenza sullo spazio, giunta quest\u2019anno alla 13<sup>a<\/sup> edizione, offre dibattiti ad alto livello tra i principali attori del settore spaziale europeo sulle questioni fondamentali che l&#8217;Europa si trova ad affrontare in questo contesto senza precedenti: ripresa, sviluppo di telecomunicazioni pubbliche sicure, resilienza, transizioni digitale e verde.<\/p>\n<p>Per l\u2019occasione Thierry <strong>Breton<\/strong>, Commissario per il Mercato interno, ha pronunciato questa mattina un <a href=\"https:\/\/ec.europa.eu\/commission\/commissioners\/2019-2024\/breton\/announcements\/speech-commissioner-thierry-breton-13th-european-space-conference_en\"> discorso<\/a> di apertura in cui ha illustrato le principali priorit\u00e0 dell\u2019UE relative allo spazio per il 2021, ossia: il consolidamento e lo sviluppo dei programmi faro quali strumenti per le transizioni digitale e verde, Copernicus e Galileo; l&#8217;autonomia strategica dell&#8217;Europa nello spazio; lo sviluppo di una connettivit\u00e0 sicura quale terzo elemento principale delle capacit\u00e0 europee in campo spaziale e il posizionamento dell&#8217;Europa quale polo per l&#8217;imprenditoria spaziale nel mondo.<\/p>\n<p>Con l&#8217;adozione del regolamento sullo spazio e una solida dotazione finanziaria di 13,2 miliardi di\u00a0\u20ac per il programma spaziale dell&#8217;UE, la Commissione dispone delle basi per sviluppare la leadership europea nel settore e consolidare i risultati ottenuti in passato.<\/p>\n<p>Domani l\u2019Alto rappresentante\/Vicepresidente Josep <strong>Borrell<\/strong> pronuncer\u00e0 un intervento introduttivo sull&#8217;importanza dello spazio nell&#8217;amplificare la politica estera e di sicurezza comune dell&#8217;UE, anche nel settore della difesa, promuovendo cos\u00ec l&#8217;autonomia strategica dell&#8217;Europa. Ci\u00f2 consentir\u00e0 all&#8217;UE di proteggere la propria sicurezza e quella dei suoi cittadini sia sulla Terra sia nello spazio. A tale riguardo, l&#8217;UE continuer\u00e0 ad adoperarsi per prevenire una corsa agli armamenti, promuovendo nel contempo un comportamento responsabile e l&#8217;uso pacifico dello spazio extra-atmosferico.<\/p>\n<p>Alla conferenza partecipa anche Mariya <strong>Gabriel<\/strong>, Commissaria per l&#8217;Innovazione, la ricerca, la cultura, l&#8217;istruzione e i giovani, che sottolineer\u00e0 che il finanziamento e l&#8217;ampio sostegno alla ricerca e all&#8217;innovazione sono essenziali affinch\u00e9 l&#8217;UE possa diventare un leader mondiale nel settore spaziale. <a href=\"https:\/\/ec.europa.eu\/programmes\/horizon2020\/en\">Orizzonte 2020<\/a> \u00e8 stato uno strumento fondamentale per sostenere la comunit\u00e0 scientifica nello sviluppo di tecnologie e concetti spaziali innovativi, mentre il nuovo programma <a href=\"https:\/\/ec.europa.eu\/info\/horizon-europe_en\">Orizzonte Europa<\/a> consentir\u00e0 di conseguire ulteriori innovazioni nel settore. Per maggiori informazioni, si prega di consultare il programma <a href=\"https:\/\/www.spaceconference.eu\/programme.html\">qui<\/a>. Tutti i discorsi saranno disponibili su <a href=\"https:\/\/audiovisual.ec.europa.eu\/en\/ebs\/1\/20210112\">EbS<\/a>.<\/p>\n<p><strong>\u00a0<\/strong><\/p>\n","protected":false},"excerpt":{"rendered":"<p>La conferenza sullo spazio, giunta quest\u2019anno alla 13a edizione, offre dibattiti ad alto livello tra i principali attori del settore spaziale europeo sulle questioni fondamentali che l&#8217;Europa si trova ad affrontare in questo contesto senza precedenti: ripresa, sviluppo di telecomunicazioni pubbliche sicure, resilienza, transizioni digitale e verde. Per l\u2019occasione Thierry Breton, Commissario per il Mercato [&hellip;]<\/p>\n","protected":false},"author":1,"featured_media":2513,"comment_status":"closed","ping_status":"open","sticky":false,"template":"","format":"standard","meta":{"footnotes":""},"categories":[56],"tags":[1030,1494],"yoast_head":"<!-- This site is optimized with the Yoast SEO plugin v22.2 - https:\/\/yoast.com\/wordpress\/plugins\/seo\/ -->\n<title>Conferenza sullo spazio: le priorit\u00e0 dell&#039;UE pe il 2021 -<\/title>\n<meta name=\"robots\" content=\"index, follow, max-snippet:-1, max-image-preview:large, max-video-preview:-1\" \/>\n<link rel=\"canonical\" href=\"https:\/\/www.italiaeconomiaonline.it\/web\/conferenza-sullo-spazio-le-priorita-dellue-pe-il-2021\/\" \/>\n<meta property=\"og:locale\" content=\"it_IT\" \/>\n<meta property=\"og:type\" content=\"article\" \/>\n<meta property=\"og:title\" content=\"Conferenza sullo spazio: le priorit\u00e0 dell&#039;UE pe il 2021 -\" \/>\n<meta property=\"og:description\" content=\"La conferenza sullo spazio, giunta quest\u2019anno alla 13a edizione, offre dibattiti ad alto livello tra i principali attori del settore spaziale europeo sulle questioni fondamentali che l&#8217;Europa si trova ad affrontare in questo contesto senza precedenti: ripresa, sviluppo di telecomunicazioni pubbliche sicure, resilienza, transizioni digitale e verde. Per l\u2019occasione Thierry Breton, Commissario per il Mercato [&hellip;]\" \/>\n<meta property=\"og:url\" content=\"https:\/\/www.italiaeconomiaonline.it\/web\/conferenza-sullo-spazio-le-priorita-dellue-pe-il-2021\/\" \/>\n<meta property=\"og:site_name\" content=\"ItaliaEconomiaOnline\" \/>\n<meta property=\"article:published_time\" content=\"2021-01-12T15:39:15+00:00\" \/>\n<meta property=\"og:image\" content=\"https:\/\/www.italiaeconomiaonline.it\/web\/wp-content\/uploads\/2020\/02\/Schermata-2020-02-13-alle-10.24.47.png\" \/>\n\t<meta property=\"og:image:width\" content=\"744\" \/>\n\t<meta property=\"og:image:height\" content=\"424\" \/>\n\t<meta property=\"og:image:type\" content=\"image\/png\" \/>\n<meta name=\"author\" content=\"ladyitaliaeconomia\" \/>\n<meta name=\"twitter:card\" content=\"summary_large_image\" \/>\n<meta name=\"twitter:label1\" content=\"Scritto da\" \/>\n\t<meta name=\"twitter:data1\" content=\"ladyitaliaeconomia\" \/>\n\t<meta name=\"twitter:label2\" content=\"Tempo di lettura stimato\" \/>\n\t<meta name=\"twitter:data2\" content=\"2 minuti\" \/>\n<script type=\"application\/ld+json\" class=\"yoast-schema-graph\">{\"@context\":\"https:\/\/schema.org\",\"@graph\":[{\"@type\":\"WebPage\",\"@id\":\"https:\/\/www.italiaeconomiaonline.it\/web\/conferenza-sullo-spazio-le-priorita-dellue-pe-il-2021\/\",\"url\":\"https:\/\/www.italiaeconomiaonline.it\/web\/conferenza-sullo-spazio-le-priorita-dellue-pe-il-2021\/\",\"name\":\"Conferenza sullo spazio: le priorit\u00e0 dell'UE pe il 2021 -\",\"isPartOf\":{\"@id\":\"https:\/\/www.italiaeconomiaonline.it\/web\/#website\"},\"primaryImageOfPage\":{\"@id\":\"https:\/\/www.italiaeconomiaonline.it\/web\/conferenza-sullo-spazio-le-priorita-dellue-pe-il-2021\/#primaryimage\"},\"image\":{\"@id\":\"https:\/\/www.italiaeconomiaonline.it\/web\/conferenza-sullo-spazio-le-priorita-dellue-pe-il-2021\/#primaryimage\"},\"thumbnailUrl\":\"https:\/\/www.italiaeconomiaonline.it\/web\/wp-content\/uploads\/2020\/02\/Schermata-2020-02-13-alle-10.24.47.png\",\"datePublished\":\"2021-01-12T15:39:15+00:00\",\"dateModified\":\"2021-01-12T15:39:15+00:00\",\"author\":{\"@id\":\"https:\/\/www.italiaeconomiaonline.it\/web\/#\/schema\/person\/909a49cce752523b020fbc37d5ab1c31\"},\"breadcrumb\":{\"@id\":\"https:\/\/www.italiaeconomiaonline.it\/web\/conferenza-sullo-spazio-le-priorita-dellue-pe-il-2021\/#breadcrumb\"},\"inLanguage\":\"it-IT\",\"potentialAction\":[{\"@type\":\"ReadAction\",\"target\":[\"https:\/\/www.italiaeconomiaonline.it\/web\/conferenza-sullo-spazio-le-priorita-dellue-pe-il-2021\/\"]}]},{\"@type\":\"ImageObject\",\"inLanguage\":\"it-IT\",\"@id\":\"https:\/\/www.italiaeconomiaonline.it\/web\/conferenza-sullo-spazio-le-priorita-dellue-pe-il-2021\/#primaryimage\",\"url\":\"https:\/\/www.italiaeconomiaonline.it\/web\/wp-content\/uploads\/2020\/02\/Schermata-2020-02-13-alle-10.24.47.png\",\"contentUrl\":\"https:\/\/www.italiaeconomiaonline.it\/web\/wp-content\/uploads\/2020\/02\/Schermata-2020-02-13-alle-10.24.47.png\",\"width\":744,\"height\":424,\"caption\":\"europa parlamento\"},{\"@type\":\"BreadcrumbList\",\"@id\":\"https:\/\/www.italiaeconomiaonline.it\/web\/conferenza-sullo-spazio-le-priorita-dellue-pe-il-2021\/#breadcrumb\",\"itemListElement\":[{\"@type\":\"ListItem\",\"position\":1,\"name\":\"Home\",\"item\":\"https:\/\/www.italiaeconomiaonline.it\/web\/\"},{\"@type\":\"ListItem\",\"position\":2,\"name\":\"Conferenza sullo spazio: le priorit\u00e0 dell&#8217;UE pe il 2021\"}]},{\"@type\":\"WebSite\",\"@id\":\"https:\/\/www.italiaeconomiaonline.it\/web\/#website\",\"url\":\"https:\/\/www.italiaeconomiaonline.it\/web\/\",\"name\":\"ItaliaEconomiaOnline\",\"description\":\"Quotidiano Economico Online\",\"potentialAction\":[{\"@type\":\"SearchAction\",\"target\":{\"@type\":\"EntryPoint\",\"urlTemplate\":\"https:\/\/www.italiaeconomiaonline.it\/web\/?s={search_term_string}\"},\"query-input\":\"required name=search_term_string\"}],\"inLanguage\":\"it-IT\"},{\"@type\":\"Person\",\"@id\":\"https:\/\/www.italiaeconomiaonline.it\/web\/#\/schema\/person\/909a49cce752523b020fbc37d5ab1c31\",\"name\":\"ladyitaliaeconomia\",\"image\":{\"@type\":\"ImageObject\",\"inLanguage\":\"it-IT\",\"@id\":\"https:\/\/www.italiaeconomiaonline.it\/web\/#\/schema\/person\/image\/\",\"url\":\"https:\/\/secure.gravatar.com\/avatar\/cedca10ce7416a579b9fa6bce9c0a8f2?s=96&d=mm&r=g\",\"contentUrl\":\"https:\/\/secure.gravatar.com\/avatar\/cedca10ce7416a579b9fa6bce9c0a8f2?s=96&d=mm&r=g\",\"caption\":\"ladyitaliaeconomia\"},\"url\":\"https:\/\/www.italiaeconomiaonline.it\/web\/author\/ladyitaliaeconomia\/\"}]}<\/script>\n<!-- \/ Yoast SEO plugin. -->","yoast_head_json":{"title":"Conferenza sullo spazio: le priorit\u00e0 dell'UE pe il 2021 -","robots":{"index":"index","follow":"follow","max-snippet":"max-snippet:-1","max-image-preview":"max-image-preview:large","max-video-preview":"max-video-preview:-1"},"canonical":"https:\/\/www.italiaeconomiaonline.it\/web\/conferenza-sullo-spazio-le-priorita-dellue-pe-il-2021\/","og_locale":"it_IT","og_type":"article","og_title":"Conferenza sullo spazio: le priorit\u00e0 dell'UE pe il 2021 -","og_description":"La conferenza sullo spazio, giunta quest\u2019anno alla 13a edizione, offre dibattiti ad alto livello tra i principali attori del settore spaziale europeo sulle questioni fondamentali che l&#8217;Europa si trova ad affrontare in questo contesto senza precedenti: ripresa, sviluppo di telecomunicazioni pubbliche sicure, resilienza, transizioni digitale e verde. Per l\u2019occasione Thierry Breton, Commissario per il Mercato [&hellip;]","og_url":"https:\/\/www.italiaeconomiaonline.it\/web\/conferenza-sullo-spazio-le-priorita-dellue-pe-il-2021\/","og_site_name":"ItaliaEconomiaOnline","article_published_time":"2021-01-12T15:39:15+00:00","og_image":[{"width":744,"height":424,"url":"https:\/\/www.italiaeconomiaonline.it\/web\/wp-content\/uploads\/2020\/02\/Schermata-2020-02-13-alle-10.24.47.png","type":"image\/png"}],"author":"ladyitaliaeconomia","twitter_card":"summary_large_image","twitter_misc":{"Scritto da":"ladyitaliaeconomia","Tempo di lettura stimato":"2 minuti"},"schema":{"@context":"https:\/\/schema.org","@graph":[{"@type":"WebPage","@id":"https:\/\/www.italiaeconomiaonline.it\/web\/conferenza-sullo-spazio-le-priorita-dellue-pe-il-2021\/","url":"https:\/\/www.italiaeconomiaonline.it\/web\/conferenza-sullo-spazio-le-priorita-dellue-pe-il-2021\/","name":"Conferenza sullo spazio: le priorit\u00e0 dell'UE pe il 2021 -","isPartOf":{"@id":"https:\/\/www.italiaeconomiaonline.it\/web\/#website"},"primaryImageOfPage":{"@id":"https:\/\/www.italiaeconomiaonline.it\/web\/conferenza-sullo-spazio-le-priorita-dellue-pe-il-2021\/#primaryimage"},"image":{"@id":"https:\/\/www.italiaeconomiaonline.it\/web\/conferenza-sullo-spazio-le-priorita-dellue-pe-il-2021\/#primaryimage"},"thumbnailUrl":"https:\/\/www.italiaeconomiaonline.it\/web\/wp-content\/uploads\/2020\/02\/Schermata-2020-02-13-alle-10.24.47.png","datePublished":"2021-01-12T15:39:15+00:00","dateModified":"2021-01-12T15:39:15+00:00","author":{"@id":"https:\/\/www.italiaeconomiaonline.it\/web\/#\/schema\/person\/909a49cce752523b020fbc37d5ab1c31"},"breadcrumb":{"@id":"https:\/\/www.italiaeconomiaonline.it\/web\/conferenza-sullo-spazio-le-priorita-dellue-pe-il-2021\/#breadcrumb"},"inLanguage":"it-IT","potentialAction":[{"@type":"ReadAction","target":["https:\/\/www.italiaeconomiaonline.it\/web\/conferenza-sullo-spazio-le-priorita-dellue-pe-il-2021\/"]}]},{"@type":"ImageObject","inLanguage":"it-IT","@id":"https:\/\/www.italiaeconomiaonline.it\/web\/conferenza-sullo-spazio-le-priorita-dellue-pe-il-2021\/#primaryimage","url":"https:\/\/www.italiaeconomiaonline.it\/web\/wp-content\/uploads\/2020\/02\/Schermata-2020-02-13-alle-10.24.47.png","contentUrl":"https:\/\/www.italiaeconomiaonline.it\/web\/wp-content\/uploads\/2020\/02\/Schermata-2020-02-13-alle-10.24.47.png","width":744,"height":424,"caption":"europa parlamento"},{"@type":"BreadcrumbList","@id":"https:\/\/www.italiaeconomiaonline.it\/web\/conferenza-sullo-spazio-le-priorita-dellue-pe-il-2021\/#breadcrumb","itemListElement":[{"@type":"ListItem","position":1,"name":"Home","item":"https:\/\/www.italiaeconomiaonline.it\/web\/"},{"@type":"ListItem","position":2,"name":"Conferenza sullo spazio: le priorit\u00e0 dell&#8217;UE pe il 2021"}]},{"@type":"WebSite","@id":"https:\/\/www.italiaeconomiaonline.it\/web\/#website","url":"https:\/\/www.italiaeconomiaonline.it\/web\/","name":"ItaliaEconomiaOnline","description":"Quotidiano Economico Online","potentialAction":[{"@type":"SearchAction","target":{"@type":"EntryPoint","urlTemplate":"https:\/\/www.italiaeconomiaonline.it\/web\/?s={search_term_string}"},"query-input":"required name=search_term_string"}],"inLanguage":"it-IT"},{"@type":"Person","@id":"https:\/\/www.italiaeconomiaonline.it\/web\/#\/schema\/person\/909a49cce752523b020fbc37d5ab1c31","name":"ladyitaliaeconomia","image":{"@type":"ImageObject","inLanguage":"it-IT","@id":"https:\/\/www.italiaeconomiaonline.it\/web\/#\/schema\/person\/image\/","url":"https:\/\/secure.gravatar.com\/avatar\/cedca10ce7416a579b9fa6bce9c0a8f2?s=96&d=mm&r=g","contentUrl":"https:\/\/secure.gravatar.com\/avatar\/cedca10ce7416a579b9fa6bce9c0a8f2?s=96&d=mm&r=g","caption":"ladyitaliaeconomia"},"url":"https:\/\/www.italiaeconomiaonline.it\/web\/author\/ladyitaliaeconomia\/"}]}},"_links":{"self":[{"href":"https:\/\/www.italiaeconomiaonline.it\/web\/wp-json\/wp\/v2\/posts\/5082"}],"collection":[{"href":"https:\/\/www.italiaeconomiaonline.it\/web\/wp-json\/wp\/v2\/posts"}],"about":[{"href":"https:\/\/www.italiaeconomiaonline.it\/web\/wp-json\/wp\/v2\/types\/post"}],"author":[{"embeddable":true,"href":"https:\/\/www.italiaeconomiaonline.it\/web\/wp-json\/wp\/v2\/users\/1"}],"replies":[{"embeddable":true,"href":"https:\/\/www.italiaeconomiaonline.it\/web\/wp-json\/wp\/v2\/comments?post=5082"}],"version-history":[{"count":1,"href":"https:\/\/www.italiaeconomiaonline.it\/web\/wp-json\/wp\/v2\/posts\/5082\/revisions"}],"predecessor-version":[{"id":5083,"href":"https:\/\/www.italiaeconomiaonline.it\/web\/wp-json\/wp\/v2\/posts\/5082\/revisions\/5083"}],"wp:featuredmedia":[{"embeddable":true,"href":"https:\/\/www.italiaeconomiaonline.it\/web\/wp-json\/wp\/v2\/media\/2513"}],"wp:attachment":[{"href":"https:\/\/www.italiaeconomiaonline.it\/web\/wp-json\/wp\/v2\/media?parent=5082"}],"wp:term":[{"taxonomy":"category","embeddable":true,"href":"https:\/\/www.italiaeconomiaonline.it\/web\/wp-json\/wp\/v2\/categories?post=5082"},{"taxonomy":"post_tag","embeddable":true,"href":"https:\/\/www.italiaeconomiaonline.it\/web\/wp-json\/wp\/v2\/tags?post=5082"}],"curies":[{"name":"wp","href":"https:\/\/api.w.org\/{rel}","templated":true}]}}