{"id":5177,"date":"2021-01-22T12:10:47","date_gmt":"2021-01-22T11:10:47","guid":{"rendered":"http:\/\/www.italiaeconomiaonline.it\/web\/?p=5177"},"modified":"2021-01-22T12:10:47","modified_gmt":"2021-01-22T11:10:47","slug":"strategia-per-la-parita-di-genere-2020-2025-reazione-e-contributo-del-pe","status":"publish","type":"post","link":"https:\/\/www.italiaeconomiaonline.it\/web\/strategia-per-la-parita-di-genere-2020-2025-reazione-e-contributo-del-pe\/","title":{"rendered":"Strategia per la parit\u00e0 di genere 2020-2025: reazione e contributo del PE"},"content":{"rendered":"<div class=\"ep_gridcolumn\" data-view1200=\"6\" data-view1020=\"6\" data-view750=\"10\" data-view640=\"6\" data-view480=\"8\" data-view320=\"4\">\n<div class=\"ep_gridrow\">\n<div class=\"ep_gridrow-content\">\n<div class=\"ep_gridcolumn ep-m_product\" data-view1200=\"6\" data-view1020=\"6\" data-view750=\"10\" data-view640=\"6\" data-view480=\"8\" data-view320=\"4\">\n<div class=\"ep_gridcolumn-content\">\n<div class=\"ep-a_text ep-layout_chapo\">\n<p><span class=\"dropcap dropcap3\">I<\/span>l PE accoglie con favore le misure positive incluse nella nuova strategia UE per la parit\u00e0 di genere, ma chiede ulteriori azioni e obiettivi specifici e vincolanti.<\/p>\n<\/div>\n<\/div>\n<\/div>\n<div class=\"ep_gridcolumn ep-m_product\" data-view1200=\"6\" data-view1020=\"6\" data-view750=\"10\" data-view640=\"6\" data-view480=\"8\" data-view320=\"4\">\n<div class=\"ep_gridcolumn-content\">\n<div class=\"ep-a_text\">\n<p class=\"ep-wysiwig_paragraph\">Con la relazione adottata gioved\u00ec, i deputati descrivono <a href=\"https:\/\/eur-lex.europa.eu\/legal-content\/IT\/TXT\/PDF\/?uri=CELEX:52020DC0152&amp;from=EN\" target=\"_blank\" rel=\"noopener noreferrer\">la strategia per la parit\u00e0 di genere della Commissione per il periodo 2020-2025<\/a> come ambiziosa, ma allo stesso tempo si rammaricano per la vaghezza e la mancanza di specifici obiettivi da raggiungere entro il 2025, nonch\u00e9 di chiari strumenti di monitoraggio.<\/p>\n<p class=\"ep-wysiwig_paragraph\">\nIl testo non legislativo \u00e8 stato adottato con 464 voti favorevoli, 119 contrari e 93 astensioni.<\/p>\n<p class=\"ep-wysiwig_paragraph\"><strong><br \/>\nCombattere la violenza contro le donne<\/strong><\/p>\n<p class=\"ep-wysiwig_paragraph\">\nPer quanto riguarda la <a href=\"https:\/\/www.coe.int\/en\/web\/istanbul-convention\/home\" target=\"_blank\" rel=\"noopener noreferrer\">Convenzione di Istanbul<\/a>, il PE sostiene l&#8217;intenzione della Commissione di proporre, nel corso del 2021, delle misure per raggiungere gli obiettivi della Convenzione, nel caso in cui alcuni Stati membri continuino a bloccarne la ratifica.<\/p>\n<p class=\"ep-wysiwig_paragraph\">\nI deputati nutrono profonde preoccupazioni per la natura, la portata e la gravit\u00e0 della violenza e delle molestie sul posto di lavoro e chiedono delle misure vincolanti per definire e impedire che ci\u00f2 accada. Tra queste, l&#8217;accesso a meccanismi sicuri ed efficaci per la denuncia di genere e la risoluzione delle controversie, campagne di formazione e di sensibilizzazione, servizi di supporto e di risarcimento.<\/p>\n<p class=\"ep-wysiwig_paragraph\">\nInoltre, i deputati chiedono una direttiva UE per prevenire e combattere tutte le forme di violenza di genere, in particolare le mutilazioni genitali femminili, la sterilizzazione e i matrimoni forzati, lo sfruttamento e il traffico sessuale, la violenza sul web e l\u2019incitamento online all\u2019odio verso le donne.<\/p>\n<p class=\"ep-wysiwig_paragraph\"><strong><br \/>\nColmare il divario retributivo di genere <\/strong><\/p>\n<p class=\"ep-wysiwig_paragraph\">\nPer colmare il <a href=\"https:\/\/www.europarl.europa.eu\/news\/it\/headlines\/society\/20200227STO73519\/divario-retributivo-di-genere-i-dati-e-le-statistiche-infografica\" target=\"_blank\" rel=\"noopener noreferrer\">divario retributivo di genere<\/a>, la Commissione dovrebbe presentare quanto prima una serie di misure vincolanti in materia di trasparenza salariale.<\/p>\n<p class=\"ep-wysiwig_paragraph\">\nNel contesto della pandemia, il 70% della forza lavoro globale in ambito sanitario e sociale \u00e8 costituita da donne, che spesso percepiscono una retribuzione minimo. I deputati chiedono che i salari e le condizioni di lavoro nei settori fortemente dominati dalle donne, come l&#8217;assistenza, la sanit\u00e0 e la vendita al dettaglio, siano uniformati.<\/p>\n<p class=\"ep-wysiwig_paragraph\"><strong><br \/>\nContrastare il contraccolpo a scapito della parit\u00e0 di genere <\/strong><\/p>\n<p class=\"ep-wysiwig_paragraph\">\nI deputati sono poi profondamente preoccupati per il contraccolpo a sfavore dei diritti delle donne in alcuni Paesi UE, in particolare per il diritto all&#8217;aborto e l&#8217;accesso ad un&#8217;educazione sessuale completa in Polonia e per la riforma adottata in Ungheria che attacca i diritti della comunit\u00e0 transessuale e intersessuale. Il PE chiede che la situazione dei diritti delle donne e dell&#8217;uguaglianza di genere sia continuamente monitorata, comprese le campagne di disinformazione e le iniziative regressive in tutti i Paesi UE, e che venga messo a punto un sistema di allarme che avvisi quando questi diritti vengono negati.<\/p>\n<p class=\"ep-wysiwig_paragraph\"><strong><br \/>\nCitazione <\/strong><\/p>\n<p class=\"ep-wysiwig_paragraph\">\nLa relatrice <a href=\"https:\/\/www.europarl.europa.eu\/meps\/it\/124836\/MARIA_NOICHL\/home\" target=\"_blank\" rel=\"noopener noreferrer\">Maria Noichl<\/a> (S&amp;D, DE), ha dichiarato: &#8220;Oggi il Parlamento europeo rimette all&#8217;ordine del giorno l&#8217;uguaglianza di genere. Diciamo s\u00ec a una societ\u00e0 paritaria di genere e no alla violenza contro donne e ragazze di ogni estrazione sociale. Se non cambia nulla nell&#8217;UE, ci vorranno pi\u00f9 di 65 anni per raggiungere l&#8217;uguaglianza di genere. La strategia per la parit\u00e0 di genere e le azioni proposte rappresentano una via pi\u00f9 rapida verso la parit\u00e0 tra uomini e donne. Rafforzano inoltre la nostra posizione sulla contrapposizione contro i diritti delle donne che si sta verificando in diversi Stati membri. Lo Stato di diritto in Europa pu\u00f2 esistere solo con la parit\u00e0 di genere &#8211; senza di essa, la democrazia \u00e8 in ritardo&#8221;.<\/p>\n<p class=\"ep-wysiwig_paragraph\">\n<p class=\"ep-wysiwig_paragraph\">La <a href=\"https:\/\/ec.europa.eu\/commission\/presscorner\/detail\/it\/ip_20_358\" target=\"_blank\" rel=\"noopener noreferrer\">strategia per la parit\u00e0 di genere 2020-2025<\/a>, presentata nel marzo 2020 dalla Commissione, delinea una serie di azioni chiave per porre fine alla violenza di genere e agli stereotipi, per la garanzia di pari partecipazione e opportunit\u00e0 nel mercato del lavoro (compresa la parit\u00e0 di retribuzione) e per il raggiungimento dell&#8217;equilibrio di genere nel processo decisionale e politico.<\/p>\n<p class=\"ep-wysiwig_paragraph\">\nI paesi UE hanno ottenuto un punteggio medio di 67,9 su 100 <a href=\"https:\/\/eige.europa.eu\/gender-equality-index\/2020\" target=\"_blank\" rel=\"noopener noreferrer\">nell&#8217;indice di parit\u00e0 di genere del 2020<\/a>. Un punteggio che \u00e8 migliorato di soli 5,9 punti dal 2005. Il divario di genere nell&#8217;UE in termini di retribuzione oraria \u00e8 del 16% e sale al 37% per il reddito da pensione.<\/p>\n<\/div>\n<\/div>\n<\/div>\n<div class=\"ep_gridcolumn ep-m_product\" data-view1200=\"6\" data-view1020=\"6\" data-view750=\"10\" data-view640=\"6\" data-view480=\"8\" data-view320=\"4\">\n<div class=\"ep_gridcolumn-content\">\n<div class=\"ep-a_contacts\"><\/div>\n<\/div>\n<\/div>\n<\/div>\n<\/div>\n<\/div>\n<div class=\"ep_gridcolumn\" data-view1200=\"12\" data-view1020=\"12\" data-view750=\"12\" data-view640=\"8\" data-view480=\"8\" data-view320=\"4\">\n<div class=\"ep_gridrow\">\n<div class=\"ep_gridrow-content\">\n<div class=\"ep_gridcolumn\" data-view1200=\"6\" data-view1020=\"6\" data-view750=\"10\" data-view640=\"6\" data-view480=\"8\" data-view320=\"4\">\n<div class=\"ep_gridrow\">\n<div class=\"ep_gridrow-content\">\n<div class=\"ep_gridcolumn ep-m_footer\" data-view1200=\"6\" data-view1020=\"6\" data-view750=\"10\" data-view640=\"6\" data-view480=\"8\" data-view320=\"4\">\n<div class=\"ep_gridcolumn-content\">\n<div class=\"ep-a_reference\">\n<div class=\"ep_reference\"><\/div>\n<\/div>\n<\/div>\n<\/div>\n<\/div>\n<\/div>\n<\/div>\n<\/div>\n<\/div>\n<\/div>\n","protected":false},"excerpt":{"rendered":"<p>Il PE accoglie con favore le misure positive incluse nella nuova strategia UE per la parit\u00e0 di genere, ma chiede ulteriori azioni e obiettivi specifici e vincolanti. Con la relazione adottata gioved\u00ec, i deputati descrivono la strategia per la parit\u00e0 di genere della Commissione per il periodo 2020-2025 come ambiziosa, ma allo stesso tempo si [&hellip;]<\/p>\n","protected":false},"author":1,"featured_media":5178,"comment_status":"closed","ping_status":"open","sticky":false,"template":"","format":"standard","meta":{"footnotes":""},"categories":[1521],"tags":[1522],"yoast_head":"<!-- This site is optimized with the Yoast SEO plugin v22.2 - https:\/\/yoast.com\/wordpress\/plugins\/seo\/ -->\n<title>Strategia per la parit\u00e0 di genere 2020-2025: reazione e contributo del PE -<\/title>\n<meta name=\"robots\" content=\"index, follow, max-snippet:-1, max-image-preview:large, max-video-preview:-1\" \/>\n<link rel=\"canonical\" href=\"https:\/\/www.italiaeconomiaonline.it\/web\/strategia-per-la-parita-di-genere-2020-2025-reazione-e-contributo-del-pe\/\" \/>\n<meta property=\"og:locale\" content=\"it_IT\" \/>\n<meta property=\"og:type\" content=\"article\" \/>\n<meta property=\"og:title\" content=\"Strategia per la parit\u00e0 di genere 2020-2025: reazione e contributo del PE -\" \/>\n<meta property=\"og:description\" content=\"Il PE accoglie con favore le misure positive incluse nella nuova strategia UE per la parit\u00e0 di genere, ma chiede ulteriori azioni e obiettivi specifici e vincolanti. Con la relazione adottata gioved\u00ec, i deputati descrivono la strategia per la parit\u00e0 di genere della Commissione per il periodo 2020-2025 come ambiziosa, ma allo stesso tempo si [&hellip;]\" \/>\n<meta property=\"og:url\" content=\"https:\/\/www.italiaeconomiaonline.it\/web\/strategia-per-la-parita-di-genere-2020-2025-reazione-e-contributo-del-pe\/\" \/>\n<meta property=\"og:site_name\" content=\"ItaliaEconomiaOnline\" \/>\n<meta property=\"article:published_time\" content=\"2021-01-22T11:10:47+00:00\" \/>\n<meta property=\"og:image\" content=\"https:\/\/www.italiaeconomiaonline.it\/web\/wp-content\/uploads\/2021\/01\/Schermata-2021-01-22-alle-12.09.49.png\" \/>\n\t<meta property=\"og:image:width\" content=\"1804\" \/>\n\t<meta property=\"og:image:height\" content=\"1176\" \/>\n\t<meta property=\"og:image:type\" content=\"image\/png\" \/>\n<meta name=\"author\" content=\"ladyitaliaeconomia\" \/>\n<meta name=\"twitter:card\" content=\"summary_large_image\" \/>\n<meta name=\"twitter:label1\" content=\"Scritto da\" \/>\n\t<meta name=\"twitter:data1\" content=\"ladyitaliaeconomia\" \/>\n\t<meta name=\"twitter:label2\" content=\"Tempo di lettura stimato\" \/>\n\t<meta name=\"twitter:data2\" content=\"3 minuti\" \/>\n<script type=\"application\/ld+json\" class=\"yoast-schema-graph\">{\"@context\":\"https:\/\/schema.org\",\"@graph\":[{\"@type\":\"WebPage\",\"@id\":\"https:\/\/www.italiaeconomiaonline.it\/web\/strategia-per-la-parita-di-genere-2020-2025-reazione-e-contributo-del-pe\/\",\"url\":\"https:\/\/www.italiaeconomiaonline.it\/web\/strategia-per-la-parita-di-genere-2020-2025-reazione-e-contributo-del-pe\/\",\"name\":\"Strategia per la parit\u00e0 di genere 2020-2025: reazione e contributo del PE -\",\"isPartOf\":{\"@id\":\"https:\/\/www.italiaeconomiaonline.it\/web\/#website\"},\"primaryImageOfPage\":{\"@id\":\"https:\/\/www.italiaeconomiaonline.it\/web\/strategia-per-la-parita-di-genere-2020-2025-reazione-e-contributo-del-pe\/#primaryimage\"},\"image\":{\"@id\":\"https:\/\/www.italiaeconomiaonline.it\/web\/strategia-per-la-parita-di-genere-2020-2025-reazione-e-contributo-del-pe\/#primaryimage\"},\"thumbnailUrl\":\"https:\/\/www.italiaeconomiaonline.it\/web\/wp-content\/uploads\/2021\/01\/Schermata-2021-01-22-alle-12.09.49.png\",\"datePublished\":\"2021-01-22T11:10:47+00:00\",\"dateModified\":\"2021-01-22T11:10:47+00:00\",\"author\":{\"@id\":\"https:\/\/www.italiaeconomiaonline.it\/web\/#\/schema\/person\/909a49cce752523b020fbc37d5ab1c31\"},\"breadcrumb\":{\"@id\":\"https:\/\/www.italiaeconomiaonline.it\/web\/strategia-per-la-parita-di-genere-2020-2025-reazione-e-contributo-del-pe\/#breadcrumb\"},\"inLanguage\":\"it-IT\",\"potentialAction\":[{\"@type\":\"ReadAction\",\"target\":[\"https:\/\/www.italiaeconomiaonline.it\/web\/strategia-per-la-parita-di-genere-2020-2025-reazione-e-contributo-del-pe\/\"]}]},{\"@type\":\"ImageObject\",\"inLanguage\":\"it-IT\",\"@id\":\"https:\/\/www.italiaeconomiaonline.it\/web\/strategia-per-la-parita-di-genere-2020-2025-reazione-e-contributo-del-pe\/#primaryimage\",\"url\":\"https:\/\/www.italiaeconomiaonline.it\/web\/wp-content\/uploads\/2021\/01\/Schermata-2021-01-22-alle-12.09.49.png\",\"contentUrl\":\"https:\/\/www.italiaeconomiaonline.it\/web\/wp-content\/uploads\/2021\/01\/Schermata-2021-01-22-alle-12.09.49.png\",\"width\":1804,\"height\":1176},{\"@type\":\"BreadcrumbList\",\"@id\":\"https:\/\/www.italiaeconomiaonline.it\/web\/strategia-per-la-parita-di-genere-2020-2025-reazione-e-contributo-del-pe\/#breadcrumb\",\"itemListElement\":[{\"@type\":\"ListItem\",\"position\":1,\"name\":\"Home\",\"item\":\"https:\/\/www.italiaeconomiaonline.it\/web\/\"},{\"@type\":\"ListItem\",\"position\":2,\"name\":\"Strategia per la parit\u00e0 di genere 2020-2025: reazione e contributo del PE\"}]},{\"@type\":\"WebSite\",\"@id\":\"https:\/\/www.italiaeconomiaonline.it\/web\/#website\",\"url\":\"https:\/\/www.italiaeconomiaonline.it\/web\/\",\"name\":\"ItaliaEconomiaOnline\",\"description\":\"Quotidiano Economico Online\",\"potentialAction\":[{\"@type\":\"SearchAction\",\"target\":{\"@type\":\"EntryPoint\",\"urlTemplate\":\"https:\/\/www.italiaeconomiaonline.it\/web\/?s={search_term_string}\"},\"query-input\":\"required name=search_term_string\"}],\"inLanguage\":\"it-IT\"},{\"@type\":\"Person\",\"@id\":\"https:\/\/www.italiaeconomiaonline.it\/web\/#\/schema\/person\/909a49cce752523b020fbc37d5ab1c31\",\"name\":\"ladyitaliaeconomia\",\"image\":{\"@type\":\"ImageObject\",\"inLanguage\":\"it-IT\",\"@id\":\"https:\/\/www.italiaeconomiaonline.it\/web\/#\/schema\/person\/image\/\",\"url\":\"https:\/\/secure.gravatar.com\/avatar\/cedca10ce7416a579b9fa6bce9c0a8f2?s=96&d=mm&r=g\",\"contentUrl\":\"https:\/\/secure.gravatar.com\/avatar\/cedca10ce7416a579b9fa6bce9c0a8f2?s=96&d=mm&r=g\",\"caption\":\"ladyitaliaeconomia\"},\"url\":\"https:\/\/www.italiaeconomiaonline.it\/web\/author\/ladyitaliaeconomia\/\"}]}<\/script>\n<!-- \/ Yoast SEO plugin. -->","yoast_head_json":{"title":"Strategia per la parit\u00e0 di genere 2020-2025: reazione e contributo del PE -","robots":{"index":"index","follow":"follow","max-snippet":"max-snippet:-1","max-image-preview":"max-image-preview:large","max-video-preview":"max-video-preview:-1"},"canonical":"https:\/\/www.italiaeconomiaonline.it\/web\/strategia-per-la-parita-di-genere-2020-2025-reazione-e-contributo-del-pe\/","og_locale":"it_IT","og_type":"article","og_title":"Strategia per la parit\u00e0 di genere 2020-2025: reazione e contributo del PE -","og_description":"Il PE accoglie con favore le misure positive incluse nella nuova strategia UE per la parit\u00e0 di genere, ma chiede ulteriori azioni e obiettivi specifici e vincolanti. Con la relazione adottata gioved\u00ec, i deputati descrivono la strategia per la parit\u00e0 di genere della Commissione per il periodo 2020-2025 come ambiziosa, ma allo stesso tempo si [&hellip;]","og_url":"https:\/\/www.italiaeconomiaonline.it\/web\/strategia-per-la-parita-di-genere-2020-2025-reazione-e-contributo-del-pe\/","og_site_name":"ItaliaEconomiaOnline","article_published_time":"2021-01-22T11:10:47+00:00","og_image":[{"width":1804,"height":1176,"url":"https:\/\/www.italiaeconomiaonline.it\/web\/wp-content\/uploads\/2021\/01\/Schermata-2021-01-22-alle-12.09.49.png","type":"image\/png"}],"author":"ladyitaliaeconomia","twitter_card":"summary_large_image","twitter_misc":{"Scritto da":"ladyitaliaeconomia","Tempo di lettura stimato":"3 minuti"},"schema":{"@context":"https:\/\/schema.org","@graph":[{"@type":"WebPage","@id":"https:\/\/www.italiaeconomiaonline.it\/web\/strategia-per-la-parita-di-genere-2020-2025-reazione-e-contributo-del-pe\/","url":"https:\/\/www.italiaeconomiaonline.it\/web\/strategia-per-la-parita-di-genere-2020-2025-reazione-e-contributo-del-pe\/","name":"Strategia per la parit\u00e0 di genere 2020-2025: reazione e contributo del PE -","isPartOf":{"@id":"https:\/\/www.italiaeconomiaonline.it\/web\/#website"},"primaryImageOfPage":{"@id":"https:\/\/www.italiaeconomiaonline.it\/web\/strategia-per-la-parita-di-genere-2020-2025-reazione-e-contributo-del-pe\/#primaryimage"},"image":{"@id":"https:\/\/www.italiaeconomiaonline.it\/web\/strategia-per-la-parita-di-genere-2020-2025-reazione-e-contributo-del-pe\/#primaryimage"},"thumbnailUrl":"https:\/\/www.italiaeconomiaonline.it\/web\/wp-content\/uploads\/2021\/01\/Schermata-2021-01-22-alle-12.09.49.png","datePublished":"2021-01-22T11:10:47+00:00","dateModified":"2021-01-22T11:10:47+00:00","author":{"@id":"https:\/\/www.italiaeconomiaonline.it\/web\/#\/schema\/person\/909a49cce752523b020fbc37d5ab1c31"},"breadcrumb":{"@id":"https:\/\/www.italiaeconomiaonline.it\/web\/strategia-per-la-parita-di-genere-2020-2025-reazione-e-contributo-del-pe\/#breadcrumb"},"inLanguage":"it-IT","potentialAction":[{"@type":"ReadAction","target":["https:\/\/www.italiaeconomiaonline.it\/web\/strategia-per-la-parita-di-genere-2020-2025-reazione-e-contributo-del-pe\/"]}]},{"@type":"ImageObject","inLanguage":"it-IT","@id":"https:\/\/www.italiaeconomiaonline.it\/web\/strategia-per-la-parita-di-genere-2020-2025-reazione-e-contributo-del-pe\/#primaryimage","url":"https:\/\/www.italiaeconomiaonline.it\/web\/wp-content\/uploads\/2021\/01\/Schermata-2021-01-22-alle-12.09.49.png","contentUrl":"https:\/\/www.italiaeconomiaonline.it\/web\/wp-content\/uploads\/2021\/01\/Schermata-2021-01-22-alle-12.09.49.png","width":1804,"height":1176},{"@type":"BreadcrumbList","@id":"https:\/\/www.italiaeconomiaonline.it\/web\/strategia-per-la-parita-di-genere-2020-2025-reazione-e-contributo-del-pe\/#breadcrumb","itemListElement":[{"@type":"ListItem","position":1,"name":"Home","item":"https:\/\/www.italiaeconomiaonline.it\/web\/"},{"@type":"ListItem","position":2,"name":"Strategia per la parit\u00e0 di genere 2020-2025: reazione e contributo del PE"}]},{"@type":"WebSite","@id":"https:\/\/www.italiaeconomiaonline.it\/web\/#website","url":"https:\/\/www.italiaeconomiaonline.it\/web\/","name":"ItaliaEconomiaOnline","description":"Quotidiano Economico Online","potentialAction":[{"@type":"SearchAction","target":{"@type":"EntryPoint","urlTemplate":"https:\/\/www.italiaeconomiaonline.it\/web\/?s={search_term_string}"},"query-input":"required name=search_term_string"}],"inLanguage":"it-IT"},{"@type":"Person","@id":"https:\/\/www.italiaeconomiaonline.it\/web\/#\/schema\/person\/909a49cce752523b020fbc37d5ab1c31","name":"ladyitaliaeconomia","image":{"@type":"ImageObject","inLanguage":"it-IT","@id":"https:\/\/www.italiaeconomiaonline.it\/web\/#\/schema\/person\/image\/","url":"https:\/\/secure.gravatar.com\/avatar\/cedca10ce7416a579b9fa6bce9c0a8f2?s=96&d=mm&r=g","contentUrl":"https:\/\/secure.gravatar.com\/avatar\/cedca10ce7416a579b9fa6bce9c0a8f2?s=96&d=mm&r=g","caption":"ladyitaliaeconomia"},"url":"https:\/\/www.italiaeconomiaonline.it\/web\/author\/ladyitaliaeconomia\/"}]}},"_links":{"self":[{"href":"https:\/\/www.italiaeconomiaonline.it\/web\/wp-json\/wp\/v2\/posts\/5177"}],"collection":[{"href":"https:\/\/www.italiaeconomiaonline.it\/web\/wp-json\/wp\/v2\/posts"}],"about":[{"href":"https:\/\/www.italiaeconomiaonline.it\/web\/wp-json\/wp\/v2\/types\/post"}],"author":[{"embeddable":true,"href":"https:\/\/www.italiaeconomiaonline.it\/web\/wp-json\/wp\/v2\/users\/1"}],"replies":[{"embeddable":true,"href":"https:\/\/www.italiaeconomiaonline.it\/web\/wp-json\/wp\/v2\/comments?post=5177"}],"version-history":[{"count":1,"href":"https:\/\/www.italiaeconomiaonline.it\/web\/wp-json\/wp\/v2\/posts\/5177\/revisions"}],"predecessor-version":[{"id":5179,"href":"https:\/\/www.italiaeconomiaonline.it\/web\/wp-json\/wp\/v2\/posts\/5177\/revisions\/5179"}],"wp:featuredmedia":[{"embeddable":true,"href":"https:\/\/www.italiaeconomiaonline.it\/web\/wp-json\/wp\/v2\/media\/5178"}],"wp:attachment":[{"href":"https:\/\/www.italiaeconomiaonline.it\/web\/wp-json\/wp\/v2\/media?parent=5177"}],"wp:term":[{"taxonomy":"category","embeddable":true,"href":"https:\/\/www.italiaeconomiaonline.it\/web\/wp-json\/wp\/v2\/categories?post=5177"},{"taxonomy":"post_tag","embeddable":true,"href":"https:\/\/www.italiaeconomiaonline.it\/web\/wp-json\/wp\/v2\/tags?post=5177"}],"curies":[{"name":"wp","href":"https:\/\/api.w.org\/{rel}","templated":true}]}}