{"id":5221,"date":"2021-01-27T09:38:58","date_gmt":"2021-01-27T08:38:58","guid":{"rendered":"http:\/\/www.italiaeconomiaonline.it\/web\/?p=5221"},"modified":"2021-01-27T09:38:58","modified_gmt":"2021-01-27T08:38:58","slug":"dal-produttore-al-consumatore-pressione-della-commissione-a-favore-di-imprese-alimentari","status":"publish","type":"post","link":"https:\/\/www.italiaeconomiaonline.it\/web\/dal-produttore-al-consumatore-pressione-della-commissione-a-favore-di-imprese-alimentari\/","title":{"rendered":"Dal produttore al consumatore: pressione della Commissione a favore di imprese alimentari"},"content":{"rendered":"<p>La Commissione ha avviato discussioni con le parti interessate sull&#8217;elaborazione di un codice di condotta per pratiche commerciali e di marketing responsabili in occasione di un evento virtuale al quale hanno partecipato il Vicepresidente esecutivo <strong>Timmermans<\/strong> e la Commissaria <strong>Kyriakides<\/strong>. Il codice mira a delineare un percorso per il ruolo collettivo degli attori della filiera alimentare nella transizione a un sistema alimentare dell&#8217;UE pi\u00f9 sostenibile, al fine di rendere pi\u00f9 facile per i consumatori scegliere un&#8217;alimentazione sana e sostenibile.<\/p>\n<p>Il codice, che dovrebbe essere pronto per la firma delle parti interessate nel giugno 2021, comprender\u00e0 tutti i principali aspetti della sostenibilit\u00e0 dei sistemi alimentari (economici, sociali e ambientali) e rispecchier\u00e0 gli obiettivi e le ambizioni della strategia &#8220;Dal produttore al consumatore&#8221; e del Green Deal europeo. La strategia &#8220;Dal produttore al consumatore&#8221; ha chiamato gli attori della catena che va dalla produzione al consumo, compresi i trasformatori alimentari, gli operatori del settore alberghiero\/dei servizi di ristorazione e i dettaglianti, a indicare la via per aumentare la disponibilit\u00e0 e l&#8217;accessibilit\u00e0 economica di scelte alimentari sane e sostenibili. L&#8217;evento di oggi costituisce un elemento fondamentale nel cammino verso il conseguimento degli ambiziosi e importanti obiettivi della strategia.<\/p>\n<p>&nbsp;<\/p>\n","protected":false},"excerpt":{"rendered":"<p>La Commissione ha avviato discussioni con le parti interessate sull&#8217;elaborazione di un codice di condotta per pratiche commerciali e di marketing responsabili in occasione di un evento virtuale al quale hanno partecipato il Vicepresidente esecutivo Timmermans e la Commissaria Kyriakides. Il codice mira a delineare un percorso per il ruolo collettivo degli attori della filiera [&hellip;]<\/p>\n","protected":false},"author":1,"featured_media":2513,"comment_status":"closed","ping_status":"open","sticky":false,"template":"","format":"standard","meta":{"footnotes":""},"categories":[17],"tags":[1030],"yoast_head":"<!-- This site is optimized with the Yoast SEO plugin v22.2 - https:\/\/yoast.com\/wordpress\/plugins\/seo\/ -->\n<title>Dal produttore al consumatore: pressione della Commissione a favore di imprese alimentari -<\/title>\n<meta name=\"robots\" content=\"index, follow, max-snippet:-1, max-image-preview:large, max-video-preview:-1\" \/>\n<link rel=\"canonical\" href=\"https:\/\/www.italiaeconomiaonline.it\/web\/dal-produttore-al-consumatore-pressione-della-commissione-a-favore-di-imprese-alimentari\/\" \/>\n<meta property=\"og:locale\" content=\"it_IT\" \/>\n<meta property=\"og:type\" content=\"article\" \/>\n<meta property=\"og:title\" content=\"Dal produttore al consumatore: pressione della Commissione a favore di imprese alimentari -\" \/>\n<meta property=\"og:description\" content=\"La Commissione ha avviato discussioni con le parti interessate sull&#8217;elaborazione di un codice di condotta per pratiche commerciali e di marketing responsabili in occasione di un evento virtuale al quale hanno partecipato il Vicepresidente esecutivo Timmermans e la Commissaria Kyriakides. Il codice mira a delineare un percorso per il ruolo collettivo degli attori della filiera [&hellip;]\" \/>\n<meta property=\"og:url\" content=\"https:\/\/www.italiaeconomiaonline.it\/web\/dal-produttore-al-consumatore-pressione-della-commissione-a-favore-di-imprese-alimentari\/\" \/>\n<meta property=\"og:site_name\" content=\"ItaliaEconomiaOnline\" \/>\n<meta property=\"article:published_time\" content=\"2021-01-27T08:38:58+00:00\" \/>\n<meta property=\"og:image\" content=\"https:\/\/www.italiaeconomiaonline.it\/web\/wp-content\/uploads\/2020\/02\/Schermata-2020-02-13-alle-10.24.47.png\" \/>\n\t<meta property=\"og:image:width\" content=\"744\" \/>\n\t<meta property=\"og:image:height\" content=\"424\" \/>\n\t<meta property=\"og:image:type\" content=\"image\/png\" \/>\n<meta name=\"author\" content=\"ladyitaliaeconomia\" \/>\n<meta name=\"twitter:card\" content=\"summary_large_image\" \/>\n<meta name=\"twitter:label1\" content=\"Scritto da\" \/>\n\t<meta name=\"twitter:data1\" content=\"ladyitaliaeconomia\" \/>\n\t<meta name=\"twitter:label2\" content=\"Tempo di lettura stimato\" \/>\n\t<meta name=\"twitter:data2\" content=\"1 minuto\" \/>\n<script type=\"application\/ld+json\" class=\"yoast-schema-graph\">{\"@context\":\"https:\/\/schema.org\",\"@graph\":[{\"@type\":\"WebPage\",\"@id\":\"https:\/\/www.italiaeconomiaonline.it\/web\/dal-produttore-al-consumatore-pressione-della-commissione-a-favore-di-imprese-alimentari\/\",\"url\":\"https:\/\/www.italiaeconomiaonline.it\/web\/dal-produttore-al-consumatore-pressione-della-commissione-a-favore-di-imprese-alimentari\/\",\"name\":\"Dal produttore al consumatore: pressione della Commissione a favore di imprese alimentari -\",\"isPartOf\":{\"@id\":\"https:\/\/www.italiaeconomiaonline.it\/web\/#website\"},\"primaryImageOfPage\":{\"@id\":\"https:\/\/www.italiaeconomiaonline.it\/web\/dal-produttore-al-consumatore-pressione-della-commissione-a-favore-di-imprese-alimentari\/#primaryimage\"},\"image\":{\"@id\":\"https:\/\/www.italiaeconomiaonline.it\/web\/dal-produttore-al-consumatore-pressione-della-commissione-a-favore-di-imprese-alimentari\/#primaryimage\"},\"thumbnailUrl\":\"https:\/\/www.italiaeconomiaonline.it\/web\/wp-content\/uploads\/2020\/02\/Schermata-2020-02-13-alle-10.24.47.png\",\"datePublished\":\"2021-01-27T08:38:58+00:00\",\"dateModified\":\"2021-01-27T08:38:58+00:00\",\"author\":{\"@id\":\"https:\/\/www.italiaeconomiaonline.it\/web\/#\/schema\/person\/909a49cce752523b020fbc37d5ab1c31\"},\"breadcrumb\":{\"@id\":\"https:\/\/www.italiaeconomiaonline.it\/web\/dal-produttore-al-consumatore-pressione-della-commissione-a-favore-di-imprese-alimentari\/#breadcrumb\"},\"inLanguage\":\"it-IT\",\"potentialAction\":[{\"@type\":\"ReadAction\",\"target\":[\"https:\/\/www.italiaeconomiaonline.it\/web\/dal-produttore-al-consumatore-pressione-della-commissione-a-favore-di-imprese-alimentari\/\"]}]},{\"@type\":\"ImageObject\",\"inLanguage\":\"it-IT\",\"@id\":\"https:\/\/www.italiaeconomiaonline.it\/web\/dal-produttore-al-consumatore-pressione-della-commissione-a-favore-di-imprese-alimentari\/#primaryimage\",\"url\":\"https:\/\/www.italiaeconomiaonline.it\/web\/wp-content\/uploads\/2020\/02\/Schermata-2020-02-13-alle-10.24.47.png\",\"contentUrl\":\"https:\/\/www.italiaeconomiaonline.it\/web\/wp-content\/uploads\/2020\/02\/Schermata-2020-02-13-alle-10.24.47.png\",\"width\":744,\"height\":424,\"caption\":\"europa parlamento\"},{\"@type\":\"BreadcrumbList\",\"@id\":\"https:\/\/www.italiaeconomiaonline.it\/web\/dal-produttore-al-consumatore-pressione-della-commissione-a-favore-di-imprese-alimentari\/#breadcrumb\",\"itemListElement\":[{\"@type\":\"ListItem\",\"position\":1,\"name\":\"Home\",\"item\":\"https:\/\/www.italiaeconomiaonline.it\/web\/\"},{\"@type\":\"ListItem\",\"position\":2,\"name\":\"Dal produttore al consumatore: pressione della Commissione a favore di imprese alimentari\"}]},{\"@type\":\"WebSite\",\"@id\":\"https:\/\/www.italiaeconomiaonline.it\/web\/#website\",\"url\":\"https:\/\/www.italiaeconomiaonline.it\/web\/\",\"name\":\"ItaliaEconomiaOnline\",\"description\":\"Quotidiano Economico Online\",\"potentialAction\":[{\"@type\":\"SearchAction\",\"target\":{\"@type\":\"EntryPoint\",\"urlTemplate\":\"https:\/\/www.italiaeconomiaonline.it\/web\/?s={search_term_string}\"},\"query-input\":\"required name=search_term_string\"}],\"inLanguage\":\"it-IT\"},{\"@type\":\"Person\",\"@id\":\"https:\/\/www.italiaeconomiaonline.it\/web\/#\/schema\/person\/909a49cce752523b020fbc37d5ab1c31\",\"name\":\"ladyitaliaeconomia\",\"image\":{\"@type\":\"ImageObject\",\"inLanguage\":\"it-IT\",\"@id\":\"https:\/\/www.italiaeconomiaonline.it\/web\/#\/schema\/person\/image\/\",\"url\":\"https:\/\/secure.gravatar.com\/avatar\/cedca10ce7416a579b9fa6bce9c0a8f2?s=96&d=mm&r=g\",\"contentUrl\":\"https:\/\/secure.gravatar.com\/avatar\/cedca10ce7416a579b9fa6bce9c0a8f2?s=96&d=mm&r=g\",\"caption\":\"ladyitaliaeconomia\"},\"url\":\"https:\/\/www.italiaeconomiaonline.it\/web\/author\/ladyitaliaeconomia\/\"}]}<\/script>\n<!-- \/ Yoast SEO plugin. -->","yoast_head_json":{"title":"Dal produttore al consumatore: pressione della Commissione a favore di imprese alimentari -","robots":{"index":"index","follow":"follow","max-snippet":"max-snippet:-1","max-image-preview":"max-image-preview:large","max-video-preview":"max-video-preview:-1"},"canonical":"https:\/\/www.italiaeconomiaonline.it\/web\/dal-produttore-al-consumatore-pressione-della-commissione-a-favore-di-imprese-alimentari\/","og_locale":"it_IT","og_type":"article","og_title":"Dal produttore al consumatore: pressione della Commissione a favore di imprese alimentari -","og_description":"La Commissione ha avviato discussioni con le parti interessate sull&#8217;elaborazione di un codice di condotta per pratiche commerciali e di marketing responsabili in occasione di un evento virtuale al quale hanno partecipato il Vicepresidente esecutivo Timmermans e la Commissaria Kyriakides. Il codice mira a delineare un percorso per il ruolo collettivo degli attori della filiera [&hellip;]","og_url":"https:\/\/www.italiaeconomiaonline.it\/web\/dal-produttore-al-consumatore-pressione-della-commissione-a-favore-di-imprese-alimentari\/","og_site_name":"ItaliaEconomiaOnline","article_published_time":"2021-01-27T08:38:58+00:00","og_image":[{"width":744,"height":424,"url":"https:\/\/www.italiaeconomiaonline.it\/web\/wp-content\/uploads\/2020\/02\/Schermata-2020-02-13-alle-10.24.47.png","type":"image\/png"}],"author":"ladyitaliaeconomia","twitter_card":"summary_large_image","twitter_misc":{"Scritto da":"ladyitaliaeconomia","Tempo di lettura stimato":"1 minuto"},"schema":{"@context":"https:\/\/schema.org","@graph":[{"@type":"WebPage","@id":"https:\/\/www.italiaeconomiaonline.it\/web\/dal-produttore-al-consumatore-pressione-della-commissione-a-favore-di-imprese-alimentari\/","url":"https:\/\/www.italiaeconomiaonline.it\/web\/dal-produttore-al-consumatore-pressione-della-commissione-a-favore-di-imprese-alimentari\/","name":"Dal produttore al consumatore: pressione della Commissione a favore di imprese alimentari -","isPartOf":{"@id":"https:\/\/www.italiaeconomiaonline.it\/web\/#website"},"primaryImageOfPage":{"@id":"https:\/\/www.italiaeconomiaonline.it\/web\/dal-produttore-al-consumatore-pressione-della-commissione-a-favore-di-imprese-alimentari\/#primaryimage"},"image":{"@id":"https:\/\/www.italiaeconomiaonline.it\/web\/dal-produttore-al-consumatore-pressione-della-commissione-a-favore-di-imprese-alimentari\/#primaryimage"},"thumbnailUrl":"https:\/\/www.italiaeconomiaonline.it\/web\/wp-content\/uploads\/2020\/02\/Schermata-2020-02-13-alle-10.24.47.png","datePublished":"2021-01-27T08:38:58+00:00","dateModified":"2021-01-27T08:38:58+00:00","author":{"@id":"https:\/\/www.italiaeconomiaonline.it\/web\/#\/schema\/person\/909a49cce752523b020fbc37d5ab1c31"},"breadcrumb":{"@id":"https:\/\/www.italiaeconomiaonline.it\/web\/dal-produttore-al-consumatore-pressione-della-commissione-a-favore-di-imprese-alimentari\/#breadcrumb"},"inLanguage":"it-IT","potentialAction":[{"@type":"ReadAction","target":["https:\/\/www.italiaeconomiaonline.it\/web\/dal-produttore-al-consumatore-pressione-della-commissione-a-favore-di-imprese-alimentari\/"]}]},{"@type":"ImageObject","inLanguage":"it-IT","@id":"https:\/\/www.italiaeconomiaonline.it\/web\/dal-produttore-al-consumatore-pressione-della-commissione-a-favore-di-imprese-alimentari\/#primaryimage","url":"https:\/\/www.italiaeconomiaonline.it\/web\/wp-content\/uploads\/2020\/02\/Schermata-2020-02-13-alle-10.24.47.png","contentUrl":"https:\/\/www.italiaeconomiaonline.it\/web\/wp-content\/uploads\/2020\/02\/Schermata-2020-02-13-alle-10.24.47.png","width":744,"height":424,"caption":"europa parlamento"},{"@type":"BreadcrumbList","@id":"https:\/\/www.italiaeconomiaonline.it\/web\/dal-produttore-al-consumatore-pressione-della-commissione-a-favore-di-imprese-alimentari\/#breadcrumb","itemListElement":[{"@type":"ListItem","position":1,"name":"Home","item":"https:\/\/www.italiaeconomiaonline.it\/web\/"},{"@type":"ListItem","position":2,"name":"Dal produttore al consumatore: pressione della Commissione a favore di imprese alimentari"}]},{"@type":"WebSite","@id":"https:\/\/www.italiaeconomiaonline.it\/web\/#website","url":"https:\/\/www.italiaeconomiaonline.it\/web\/","name":"ItaliaEconomiaOnline","description":"Quotidiano Economico Online","potentialAction":[{"@type":"SearchAction","target":{"@type":"EntryPoint","urlTemplate":"https:\/\/www.italiaeconomiaonline.it\/web\/?s={search_term_string}"},"query-input":"required name=search_term_string"}],"inLanguage":"it-IT"},{"@type":"Person","@id":"https:\/\/www.italiaeconomiaonline.it\/web\/#\/schema\/person\/909a49cce752523b020fbc37d5ab1c31","name":"ladyitaliaeconomia","image":{"@type":"ImageObject","inLanguage":"it-IT","@id":"https:\/\/www.italiaeconomiaonline.it\/web\/#\/schema\/person\/image\/","url":"https:\/\/secure.gravatar.com\/avatar\/cedca10ce7416a579b9fa6bce9c0a8f2?s=96&d=mm&r=g","contentUrl":"https:\/\/secure.gravatar.com\/avatar\/cedca10ce7416a579b9fa6bce9c0a8f2?s=96&d=mm&r=g","caption":"ladyitaliaeconomia"},"url":"https:\/\/www.italiaeconomiaonline.it\/web\/author\/ladyitaliaeconomia\/"}]}},"_links":{"self":[{"href":"https:\/\/www.italiaeconomiaonline.it\/web\/wp-json\/wp\/v2\/posts\/5221"}],"collection":[{"href":"https:\/\/www.italiaeconomiaonline.it\/web\/wp-json\/wp\/v2\/posts"}],"about":[{"href":"https:\/\/www.italiaeconomiaonline.it\/web\/wp-json\/wp\/v2\/types\/post"}],"author":[{"embeddable":true,"href":"https:\/\/www.italiaeconomiaonline.it\/web\/wp-json\/wp\/v2\/users\/1"}],"replies":[{"embeddable":true,"href":"https:\/\/www.italiaeconomiaonline.it\/web\/wp-json\/wp\/v2\/comments?post=5221"}],"version-history":[{"count":1,"href":"https:\/\/www.italiaeconomiaonline.it\/web\/wp-json\/wp\/v2\/posts\/5221\/revisions"}],"predecessor-version":[{"id":5222,"href":"https:\/\/www.italiaeconomiaonline.it\/web\/wp-json\/wp\/v2\/posts\/5221\/revisions\/5222"}],"wp:featuredmedia":[{"embeddable":true,"href":"https:\/\/www.italiaeconomiaonline.it\/web\/wp-json\/wp\/v2\/media\/2513"}],"wp:attachment":[{"href":"https:\/\/www.italiaeconomiaonline.it\/web\/wp-json\/wp\/v2\/media?parent=5221"}],"wp:term":[{"taxonomy":"category","embeddable":true,"href":"https:\/\/www.italiaeconomiaonline.it\/web\/wp-json\/wp\/v2\/categories?post=5221"},{"taxonomy":"post_tag","embeddable":true,"href":"https:\/\/www.italiaeconomiaonline.it\/web\/wp-json\/wp\/v2\/tags?post=5221"}],"curies":[{"name":"wp","href":"https:\/\/api.w.org\/{rel}","templated":true}]}}