{"id":5227,"date":"2021-01-27T09:53:43","date_gmt":"2021-01-27T08:53:43","guid":{"rendered":"http:\/\/www.italiaeconomiaonline.it\/web\/?p=5227"},"modified":"2021-01-27T09:53:43","modified_gmt":"2021-01-27T08:53:43","slug":"giornata-della-memoria-furlan-cisl-mai-dimenticare-la-tragedia-dellolocausto","status":"publish","type":"post","link":"https:\/\/www.italiaeconomiaonline.it\/web\/giornata-della-memoria-furlan-cisl-mai-dimenticare-la-tragedia-dellolocausto\/","title":{"rendered":"Giornata della memoria, Furlan (Cisl): Mai dimenticare la tragedia dell&#8217;Olocausto"},"content":{"rendered":"<p><span style=\"color: #000000; font-family: Geneva;\"><span class=\"dropcap dropcap3\">M<\/span>ai come in questo momento, in un mondo dove ogni giorno si moltiplicano episodi di razzismo, di intolleranza, di xenofobia \u00e8 importante celebrare anche quest\u2019anno il \u201cGiorno della Memoria\u201d. <\/span><\/p>\n<p><span style=\"color: #000000; font-family: Geneva;\">\u00c8 quanto sottolinea <a class=\"matchTooltip\">oggi<\/a> in un editoriale sul quotidiano &#8220;Conquiste del Lavoro&#8221; la Segretaria Generale della Cisl, Annamaria Furlan. <\/span><\/p>\n<p><span style=\"color: #000000; font-family: Geneva;\">&#8220;\u00c8 giusto ricordare\u00a0il 27 gennaio 1945 quando fu svelato al mondo l&#8217;orrore del campo di concentramento di Auschwitz, uno dei luoghi del genocidio nazista. Sei milioni di ebrei furono uccisi durante quegli anni terribili. Una pagina drammatica della storia del novecento che nessuno potr\u00e0 mai cancellare. Una ferita sempre aperta che fa inorridire&#8221;, aggiunge la leader Cisl. &#8220;Ecco perch\u00e9 non bisogna mai dimenticare, far conoscere la tragedia dell&#8217;Olocausto alle nuove generazioni, attraverso il racconto di chi l&#8217;ha vissuto, come fa ogni giorno della sua vita Liliana Segre con la sua testimonianza, il suo coraggio, la sua profonda verit\u00e0&#8221;, sottolinea ancora la Furlan. &#8220;Non c&#8217;\u00e8 umanit\u00e0 senza libert\u00e0. Non c&#8217;\u00e8 libert\u00e0 senza rispetto per ogni persona. <\/span><\/p>\n<p><span style=\"color: #000000; font-family: Geneva;\">La democrazia, la tolleranza, l\u2019eguaglianza sono valori da salvaguardare e trasmettere ai giovani&#8221;. Furlan sottolinea che &#8220;dobbiamo ripartire dal significato profondo della fratellanza, vivere le differenze come una ricchezza, lavorare per il bene comune, come ci ha ricordato con grande lungimiranza Papa Francesco nella sua ultima straordinaria Enciclica. Questo \u00e8 il modo per farci davvero &#8220;costruttori&#8221; di pace, di una societ\u00e0 fondata sul rispetto della vita, della libert\u00e0 e della giustizia che sono il bene pi\u00f9 prezioso da custodire nella nostra esistenza&#8221;. <\/span><\/p>\n","protected":false},"excerpt":{"rendered":"<p>Mai come in questo momento, in un mondo dove ogni giorno si moltiplicano episodi di razzismo, di intolleranza, di xenofobia \u00e8 importante celebrare anche quest\u2019anno il \u201cGiorno della Memoria\u201d. \u00c8 quanto sottolinea oggi in un editoriale sul quotidiano &#8220;Conquiste del Lavoro&#8221; la Segretaria Generale della Cisl, Annamaria Furlan. &#8220;\u00c8 giusto ricordare\u00a0il 27 gennaio 1945 quando [&hellip;]<\/p>\n","protected":false},"author":1,"featured_media":1417,"comment_status":"closed","ping_status":"open","sticky":false,"template":"","format":"standard","meta":{"footnotes":""},"categories":[56],"tags":[1118,1550],"yoast_head":"<!-- This site is optimized with the Yoast SEO plugin v22.2 - https:\/\/yoast.com\/wordpress\/plugins\/seo\/ -->\n<title>Giornata della memoria, Furlan (Cisl): Mai dimenticare la tragedia dell&#039;Olocausto -<\/title>\n<meta name=\"robots\" content=\"index, follow, max-snippet:-1, max-image-preview:large, max-video-preview:-1\" \/>\n<link rel=\"canonical\" href=\"https:\/\/www.italiaeconomiaonline.it\/web\/giornata-della-memoria-furlan-cisl-mai-dimenticare-la-tragedia-dellolocausto\/\" \/>\n<meta property=\"og:locale\" content=\"it_IT\" \/>\n<meta property=\"og:type\" content=\"article\" \/>\n<meta property=\"og:title\" content=\"Giornata della memoria, Furlan (Cisl): Mai dimenticare la tragedia dell&#039;Olocausto -\" \/>\n<meta property=\"og:description\" content=\"Mai come in questo momento, in un mondo dove ogni giorno si moltiplicano episodi di razzismo, di intolleranza, di xenofobia \u00e8 importante celebrare anche quest\u2019anno il \u201cGiorno della Memoria\u201d. \u00c8 quanto sottolinea oggi in un editoriale sul quotidiano &#8220;Conquiste del Lavoro&#8221; la Segretaria Generale della Cisl, Annamaria Furlan. &#8220;\u00c8 giusto ricordare\u00a0il 27 gennaio 1945 quando [&hellip;]\" \/>\n<meta property=\"og:url\" content=\"https:\/\/www.italiaeconomiaonline.it\/web\/giornata-della-memoria-furlan-cisl-mai-dimenticare-la-tragedia-dellolocausto\/\" \/>\n<meta property=\"og:site_name\" content=\"ItaliaEconomiaOnline\" \/>\n<meta property=\"article:published_time\" content=\"2021-01-27T08:53:43+00:00\" \/>\n<meta property=\"og:image\" content=\"https:\/\/www.italiaeconomiaonline.it\/web\/wp-content\/uploads\/2019\/07\/Schermata-2019-07-27-alle-12.31.34.png\" \/>\n\t<meta property=\"og:image:width\" content=\"511\" \/>\n\t<meta property=\"og:image:height\" content=\"407\" \/>\n\t<meta property=\"og:image:type\" content=\"image\/png\" \/>\n<meta name=\"author\" content=\"ladyitaliaeconomia\" \/>\n<meta name=\"twitter:card\" content=\"summary_large_image\" \/>\n<meta name=\"twitter:label1\" content=\"Scritto da\" \/>\n\t<meta name=\"twitter:data1\" content=\"ladyitaliaeconomia\" \/>\n\t<meta name=\"twitter:label2\" content=\"Tempo di lettura stimato\" \/>\n\t<meta name=\"twitter:data2\" content=\"2 minuti\" \/>\n<script type=\"application\/ld+json\" class=\"yoast-schema-graph\">{\"@context\":\"https:\/\/schema.org\",\"@graph\":[{\"@type\":\"WebPage\",\"@id\":\"https:\/\/www.italiaeconomiaonline.it\/web\/giornata-della-memoria-furlan-cisl-mai-dimenticare-la-tragedia-dellolocausto\/\",\"url\":\"https:\/\/www.italiaeconomiaonline.it\/web\/giornata-della-memoria-furlan-cisl-mai-dimenticare-la-tragedia-dellolocausto\/\",\"name\":\"Giornata della memoria, Furlan (Cisl): Mai dimenticare la tragedia dell'Olocausto -\",\"isPartOf\":{\"@id\":\"https:\/\/www.italiaeconomiaonline.it\/web\/#website\"},\"primaryImageOfPage\":{\"@id\":\"https:\/\/www.italiaeconomiaonline.it\/web\/giornata-della-memoria-furlan-cisl-mai-dimenticare-la-tragedia-dellolocausto\/#primaryimage\"},\"image\":{\"@id\":\"https:\/\/www.italiaeconomiaonline.it\/web\/giornata-della-memoria-furlan-cisl-mai-dimenticare-la-tragedia-dellolocausto\/#primaryimage\"},\"thumbnailUrl\":\"https:\/\/www.italiaeconomiaonline.it\/web\/wp-content\/uploads\/2019\/07\/Schermata-2019-07-27-alle-12.31.34.png\",\"datePublished\":\"2021-01-27T08:53:43+00:00\",\"dateModified\":\"2021-01-27T08:53:43+00:00\",\"author\":{\"@id\":\"https:\/\/www.italiaeconomiaonline.it\/web\/#\/schema\/person\/909a49cce752523b020fbc37d5ab1c31\"},\"breadcrumb\":{\"@id\":\"https:\/\/www.italiaeconomiaonline.it\/web\/giornata-della-memoria-furlan-cisl-mai-dimenticare-la-tragedia-dellolocausto\/#breadcrumb\"},\"inLanguage\":\"it-IT\",\"potentialAction\":[{\"@type\":\"ReadAction\",\"target\":[\"https:\/\/www.italiaeconomiaonline.it\/web\/giornata-della-memoria-furlan-cisl-mai-dimenticare-la-tragedia-dellolocausto\/\"]}]},{\"@type\":\"ImageObject\",\"inLanguage\":\"it-IT\",\"@id\":\"https:\/\/www.italiaeconomiaonline.it\/web\/giornata-della-memoria-furlan-cisl-mai-dimenticare-la-tragedia-dellolocausto\/#primaryimage\",\"url\":\"https:\/\/www.italiaeconomiaonline.it\/web\/wp-content\/uploads\/2019\/07\/Schermata-2019-07-27-alle-12.31.34.png\",\"contentUrl\":\"https:\/\/www.italiaeconomiaonline.it\/web\/wp-content\/uploads\/2019\/07\/Schermata-2019-07-27-alle-12.31.34.png\",\"width\":511,\"height\":407,\"caption\":\"Annamaria Furlan\"},{\"@type\":\"BreadcrumbList\",\"@id\":\"https:\/\/www.italiaeconomiaonline.it\/web\/giornata-della-memoria-furlan-cisl-mai-dimenticare-la-tragedia-dellolocausto\/#breadcrumb\",\"itemListElement\":[{\"@type\":\"ListItem\",\"position\":1,\"name\":\"Home\",\"item\":\"https:\/\/www.italiaeconomiaonline.it\/web\/\"},{\"@type\":\"ListItem\",\"position\":2,\"name\":\"Giornata della memoria, Furlan (Cisl): Mai dimenticare la tragedia dell&#8217;Olocausto\"}]},{\"@type\":\"WebSite\",\"@id\":\"https:\/\/www.italiaeconomiaonline.it\/web\/#website\",\"url\":\"https:\/\/www.italiaeconomiaonline.it\/web\/\",\"name\":\"ItaliaEconomiaOnline\",\"description\":\"Quotidiano Economico Online\",\"potentialAction\":[{\"@type\":\"SearchAction\",\"target\":{\"@type\":\"EntryPoint\",\"urlTemplate\":\"https:\/\/www.italiaeconomiaonline.it\/web\/?s={search_term_string}\"},\"query-input\":\"required name=search_term_string\"}],\"inLanguage\":\"it-IT\"},{\"@type\":\"Person\",\"@id\":\"https:\/\/www.italiaeconomiaonline.it\/web\/#\/schema\/person\/909a49cce752523b020fbc37d5ab1c31\",\"name\":\"ladyitaliaeconomia\",\"image\":{\"@type\":\"ImageObject\",\"inLanguage\":\"it-IT\",\"@id\":\"https:\/\/www.italiaeconomiaonline.it\/web\/#\/schema\/person\/image\/\",\"url\":\"https:\/\/secure.gravatar.com\/avatar\/cedca10ce7416a579b9fa6bce9c0a8f2?s=96&d=mm&r=g\",\"contentUrl\":\"https:\/\/secure.gravatar.com\/avatar\/cedca10ce7416a579b9fa6bce9c0a8f2?s=96&d=mm&r=g\",\"caption\":\"ladyitaliaeconomia\"},\"url\":\"https:\/\/www.italiaeconomiaonline.it\/web\/author\/ladyitaliaeconomia\/\"}]}<\/script>\n<!-- \/ Yoast SEO plugin. -->","yoast_head_json":{"title":"Giornata della memoria, Furlan (Cisl): Mai dimenticare la tragedia dell'Olocausto -","robots":{"index":"index","follow":"follow","max-snippet":"max-snippet:-1","max-image-preview":"max-image-preview:large","max-video-preview":"max-video-preview:-1"},"canonical":"https:\/\/www.italiaeconomiaonline.it\/web\/giornata-della-memoria-furlan-cisl-mai-dimenticare-la-tragedia-dellolocausto\/","og_locale":"it_IT","og_type":"article","og_title":"Giornata della memoria, Furlan (Cisl): Mai dimenticare la tragedia dell'Olocausto -","og_description":"Mai come in questo momento, in un mondo dove ogni giorno si moltiplicano episodi di razzismo, di intolleranza, di xenofobia \u00e8 importante celebrare anche quest\u2019anno il \u201cGiorno della Memoria\u201d. \u00c8 quanto sottolinea oggi in un editoriale sul quotidiano &#8220;Conquiste del Lavoro&#8221; la Segretaria Generale della Cisl, Annamaria Furlan. &#8220;\u00c8 giusto ricordare\u00a0il 27 gennaio 1945 quando [&hellip;]","og_url":"https:\/\/www.italiaeconomiaonline.it\/web\/giornata-della-memoria-furlan-cisl-mai-dimenticare-la-tragedia-dellolocausto\/","og_site_name":"ItaliaEconomiaOnline","article_published_time":"2021-01-27T08:53:43+00:00","og_image":[{"width":511,"height":407,"url":"https:\/\/www.italiaeconomiaonline.it\/web\/wp-content\/uploads\/2019\/07\/Schermata-2019-07-27-alle-12.31.34.png","type":"image\/png"}],"author":"ladyitaliaeconomia","twitter_card":"summary_large_image","twitter_misc":{"Scritto da":"ladyitaliaeconomia","Tempo di lettura stimato":"2 minuti"},"schema":{"@context":"https:\/\/schema.org","@graph":[{"@type":"WebPage","@id":"https:\/\/www.italiaeconomiaonline.it\/web\/giornata-della-memoria-furlan-cisl-mai-dimenticare-la-tragedia-dellolocausto\/","url":"https:\/\/www.italiaeconomiaonline.it\/web\/giornata-della-memoria-furlan-cisl-mai-dimenticare-la-tragedia-dellolocausto\/","name":"Giornata della memoria, Furlan (Cisl): Mai dimenticare la tragedia dell'Olocausto -","isPartOf":{"@id":"https:\/\/www.italiaeconomiaonline.it\/web\/#website"},"primaryImageOfPage":{"@id":"https:\/\/www.italiaeconomiaonline.it\/web\/giornata-della-memoria-furlan-cisl-mai-dimenticare-la-tragedia-dellolocausto\/#primaryimage"},"image":{"@id":"https:\/\/www.italiaeconomiaonline.it\/web\/giornata-della-memoria-furlan-cisl-mai-dimenticare-la-tragedia-dellolocausto\/#primaryimage"},"thumbnailUrl":"https:\/\/www.italiaeconomiaonline.it\/web\/wp-content\/uploads\/2019\/07\/Schermata-2019-07-27-alle-12.31.34.png","datePublished":"2021-01-27T08:53:43+00:00","dateModified":"2021-01-27T08:53:43+00:00","author":{"@id":"https:\/\/www.italiaeconomiaonline.it\/web\/#\/schema\/person\/909a49cce752523b020fbc37d5ab1c31"},"breadcrumb":{"@id":"https:\/\/www.italiaeconomiaonline.it\/web\/giornata-della-memoria-furlan-cisl-mai-dimenticare-la-tragedia-dellolocausto\/#breadcrumb"},"inLanguage":"it-IT","potentialAction":[{"@type":"ReadAction","target":["https:\/\/www.italiaeconomiaonline.it\/web\/giornata-della-memoria-furlan-cisl-mai-dimenticare-la-tragedia-dellolocausto\/"]}]},{"@type":"ImageObject","inLanguage":"it-IT","@id":"https:\/\/www.italiaeconomiaonline.it\/web\/giornata-della-memoria-furlan-cisl-mai-dimenticare-la-tragedia-dellolocausto\/#primaryimage","url":"https:\/\/www.italiaeconomiaonline.it\/web\/wp-content\/uploads\/2019\/07\/Schermata-2019-07-27-alle-12.31.34.png","contentUrl":"https:\/\/www.italiaeconomiaonline.it\/web\/wp-content\/uploads\/2019\/07\/Schermata-2019-07-27-alle-12.31.34.png","width":511,"height":407,"caption":"Annamaria Furlan"},{"@type":"BreadcrumbList","@id":"https:\/\/www.italiaeconomiaonline.it\/web\/giornata-della-memoria-furlan-cisl-mai-dimenticare-la-tragedia-dellolocausto\/#breadcrumb","itemListElement":[{"@type":"ListItem","position":1,"name":"Home","item":"https:\/\/www.italiaeconomiaonline.it\/web\/"},{"@type":"ListItem","position":2,"name":"Giornata della memoria, Furlan (Cisl): Mai dimenticare la tragedia dell&#8217;Olocausto"}]},{"@type":"WebSite","@id":"https:\/\/www.italiaeconomiaonline.it\/web\/#website","url":"https:\/\/www.italiaeconomiaonline.it\/web\/","name":"ItaliaEconomiaOnline","description":"Quotidiano Economico Online","potentialAction":[{"@type":"SearchAction","target":{"@type":"EntryPoint","urlTemplate":"https:\/\/www.italiaeconomiaonline.it\/web\/?s={search_term_string}"},"query-input":"required name=search_term_string"}],"inLanguage":"it-IT"},{"@type":"Person","@id":"https:\/\/www.italiaeconomiaonline.it\/web\/#\/schema\/person\/909a49cce752523b020fbc37d5ab1c31","name":"ladyitaliaeconomia","image":{"@type":"ImageObject","inLanguage":"it-IT","@id":"https:\/\/www.italiaeconomiaonline.it\/web\/#\/schema\/person\/image\/","url":"https:\/\/secure.gravatar.com\/avatar\/cedca10ce7416a579b9fa6bce9c0a8f2?s=96&d=mm&r=g","contentUrl":"https:\/\/secure.gravatar.com\/avatar\/cedca10ce7416a579b9fa6bce9c0a8f2?s=96&d=mm&r=g","caption":"ladyitaliaeconomia"},"url":"https:\/\/www.italiaeconomiaonline.it\/web\/author\/ladyitaliaeconomia\/"}]}},"_links":{"self":[{"href":"https:\/\/www.italiaeconomiaonline.it\/web\/wp-json\/wp\/v2\/posts\/5227"}],"collection":[{"href":"https:\/\/www.italiaeconomiaonline.it\/web\/wp-json\/wp\/v2\/posts"}],"about":[{"href":"https:\/\/www.italiaeconomiaonline.it\/web\/wp-json\/wp\/v2\/types\/post"}],"author":[{"embeddable":true,"href":"https:\/\/www.italiaeconomiaonline.it\/web\/wp-json\/wp\/v2\/users\/1"}],"replies":[{"embeddable":true,"href":"https:\/\/www.italiaeconomiaonline.it\/web\/wp-json\/wp\/v2\/comments?post=5227"}],"version-history":[{"count":1,"href":"https:\/\/www.italiaeconomiaonline.it\/web\/wp-json\/wp\/v2\/posts\/5227\/revisions"}],"predecessor-version":[{"id":5228,"href":"https:\/\/www.italiaeconomiaonline.it\/web\/wp-json\/wp\/v2\/posts\/5227\/revisions\/5228"}],"wp:featuredmedia":[{"embeddable":true,"href":"https:\/\/www.italiaeconomiaonline.it\/web\/wp-json\/wp\/v2\/media\/1417"}],"wp:attachment":[{"href":"https:\/\/www.italiaeconomiaonline.it\/web\/wp-json\/wp\/v2\/media?parent=5227"}],"wp:term":[{"taxonomy":"category","embeddable":true,"href":"https:\/\/www.italiaeconomiaonline.it\/web\/wp-json\/wp\/v2\/categories?post=5227"},{"taxonomy":"post_tag","embeddable":true,"href":"https:\/\/www.italiaeconomiaonline.it\/web\/wp-json\/wp\/v2\/tags?post=5227"}],"curies":[{"name":"wp","href":"https:\/\/api.w.org\/{rel}","templated":true}]}}