{"id":5229,"date":"2021-01-27T10:47:31","date_gmt":"2021-01-27T09:47:31","guid":{"rendered":"http:\/\/www.italiaeconomiaonline.it\/web\/?p=5229"},"modified":"2021-01-27T10:47:31","modified_gmt":"2021-01-27T09:47:31","slug":"uecoop-no-ai-licenziamenti-da-7-imprese-su-10","status":"publish","type":"post","link":"https:\/\/www.italiaeconomiaonline.it\/web\/uecoop-no-ai-licenziamenti-da-7-imprese-su-10\/","title":{"rendered":"Uecoop: no ai licenziamenti da 7 imprese su 10"},"content":{"rendered":"<p><span class=\"dropcap dropcap3\">O<\/span>ltre 7 imprese su 10 (74%) prevedono di non licenziare e conservare l\u2019attuale organico salvando posti di lavoro e tenuta sociale delle famiglie nonostante che quasi 1\/3 delle aziende (31%) sia ripartito nel 2021 con bilanci in rosso a causa dei devastanti effetti dell\u2019emergenza Covid sull\u2019economia.<\/p>\n<p>E\u2019 quanto emerge dall\u2019indagine dell\u2019Unione europea delle cooperative (Uecoop) su un campione nazionale di realt\u00e0 produttive da nord a sud della Penisola in riferimento all\u2019annuncio del ministro dell\u2019economia <strong>Roberto Gualtieri<\/strong> sulla proroga del blocco dei licenziamenti, in una prima tranche per tutti e poi per i settori pi\u00f9 in difficolt\u00e0.<\/p>\n<p>&nbsp;<\/p>\n<p>La pandemia \u2013 sottolinea Uecoop &#8211; sta mettendo a dura prova dai servizi al commercio, dalla logistica alla manifattura, dall\u2019agroalimentare al turismo con perdite di fatturato, sospensione dei progetti di investimento e problemi a garantire i livelli occupazionali. Nonostante questo scenario preoccupante aggravato dalle incertezze sull\u2019arrivo dei fondi del Recovery Plan e sulla crisi di Governo quasi 1 impresa su 5 (19%) pensa addirittura di rafforzare il personale\u2013 spiega l\u2019indagine di Uecoop \u2013 per essere pronti a cogliere le opportunit\u00e0 di una ripresa dell\u2019economia e degli scambi europei ed extraeuropei che la maggior parte si attende nel secondo semestre del 2021.<\/p>\n<p>&nbsp;<\/p>\n<p>Ma dopo un anno che il 65% definisce difficile e il 18% lo considera il peggiore di sempre esiste anche una fetta di imprese (7%) che pensa che nei prossimi mesi sar\u00e0 costretta a licenziare a causa del crollo dei fatturati, dei costi e della crisi di liquidit\u00e0. Fra le imprese che registrano perdite, pi\u00f9 della met\u00e0 (57%) \u2013 evidenzia Uecoop &#8211; ha visto ridursi il fatturato fra il 10% e il 50% ma in alcuni casi si \u00e8 arrivati anche a crolli di oltre il 70%. In questo contesto \u2013 conclude Uecoop \u2013 l\u2019attesa per le risorse del Recovery Plan \u00e8 il sintomo evidente di una sofferenza sociale ed economica che colpisce realt\u00e0 produttive e famiglie mettendo in pericolo l\u2019intero sistema economico nazionale.<\/p>\n<p>&nbsp;<\/p>\n<p>&nbsp;<\/p>\n","protected":false},"excerpt":{"rendered":"<p>Oltre 7 imprese su 10 (74%) prevedono di non licenziare e conservare l\u2019attuale organico salvando posti di lavoro e tenuta sociale delle famiglie nonostante che quasi 1\/3 delle aziende (31%) sia ripartito nel 2021 con bilanci in rosso a causa dei devastanti effetti dell\u2019emergenza Covid sull\u2019economia. E\u2019 quanto emerge dall\u2019indagine dell\u2019Unione europea delle cooperative (Uecoop) [&hellip;]<\/p>\n","protected":false},"author":1,"featured_media":1600,"comment_status":"closed","ping_status":"open","sticky":false,"template":"","format":"standard","meta":{"footnotes":""},"categories":[28],"tags":[871,24],"yoast_head":"<!-- This site is optimized with the Yoast SEO plugin v22.2 - https:\/\/yoast.com\/wordpress\/plugins\/seo\/ -->\n<title>Uecoop: no ai licenziamenti da 7 imprese su 10 -<\/title>\n<meta name=\"robots\" content=\"index, follow, max-snippet:-1, max-image-preview:large, max-video-preview:-1\" \/>\n<link rel=\"canonical\" href=\"https:\/\/www.italiaeconomiaonline.it\/web\/uecoop-no-ai-licenziamenti-da-7-imprese-su-10\/\" \/>\n<meta property=\"og:locale\" content=\"it_IT\" \/>\n<meta property=\"og:type\" content=\"article\" \/>\n<meta property=\"og:title\" content=\"Uecoop: no ai licenziamenti da 7 imprese su 10 -\" \/>\n<meta property=\"og:description\" content=\"Oltre 7 imprese su 10 (74%) prevedono di non licenziare e conservare l\u2019attuale organico salvando posti di lavoro e tenuta sociale delle famiglie nonostante che quasi 1\/3 delle aziende (31%) sia ripartito nel 2021 con bilanci in rosso a causa dei devastanti effetti dell\u2019emergenza Covid sull\u2019economia. E\u2019 quanto emerge dall\u2019indagine dell\u2019Unione europea delle cooperative (Uecoop) [&hellip;]\" \/>\n<meta property=\"og:url\" content=\"https:\/\/www.italiaeconomiaonline.it\/web\/uecoop-no-ai-licenziamenti-da-7-imprese-su-10\/\" \/>\n<meta property=\"og:site_name\" content=\"ItaliaEconomiaOnline\" \/>\n<meta property=\"article:published_time\" content=\"2021-01-27T09:47:31+00:00\" \/>\n<meta property=\"og:image\" content=\"https:\/\/www.italiaeconomiaonline.it\/web\/wp-content\/uploads\/2019\/08\/Lavoro5.jpg\" \/>\n\t<meta property=\"og:image:width\" content=\"510\" \/>\n\t<meta property=\"og:image:height\" content=\"340\" \/>\n\t<meta property=\"og:image:type\" content=\"image\/jpeg\" \/>\n<meta name=\"author\" content=\"ladyitaliaeconomia\" \/>\n<meta name=\"twitter:card\" content=\"summary_large_image\" \/>\n<meta name=\"twitter:label1\" content=\"Scritto da\" \/>\n\t<meta name=\"twitter:data1\" content=\"ladyitaliaeconomia\" \/>\n\t<meta name=\"twitter:label2\" content=\"Tempo di lettura stimato\" \/>\n\t<meta name=\"twitter:data2\" content=\"2 minuti\" \/>\n<script type=\"application\/ld+json\" class=\"yoast-schema-graph\">{\"@context\":\"https:\/\/schema.org\",\"@graph\":[{\"@type\":\"WebPage\",\"@id\":\"https:\/\/www.italiaeconomiaonline.it\/web\/uecoop-no-ai-licenziamenti-da-7-imprese-su-10\/\",\"url\":\"https:\/\/www.italiaeconomiaonline.it\/web\/uecoop-no-ai-licenziamenti-da-7-imprese-su-10\/\",\"name\":\"Uecoop: no ai licenziamenti da 7 imprese su 10 -\",\"isPartOf\":{\"@id\":\"https:\/\/www.italiaeconomiaonline.it\/web\/#website\"},\"primaryImageOfPage\":{\"@id\":\"https:\/\/www.italiaeconomiaonline.it\/web\/uecoop-no-ai-licenziamenti-da-7-imprese-su-10\/#primaryimage\"},\"image\":{\"@id\":\"https:\/\/www.italiaeconomiaonline.it\/web\/uecoop-no-ai-licenziamenti-da-7-imprese-su-10\/#primaryimage\"},\"thumbnailUrl\":\"https:\/\/www.italiaeconomiaonline.it\/web\/wp-content\/uploads\/2019\/08\/Lavoro5.jpg\",\"datePublished\":\"2021-01-27T09:47:31+00:00\",\"dateModified\":\"2021-01-27T09:47:31+00:00\",\"author\":{\"@id\":\"https:\/\/www.italiaeconomiaonline.it\/web\/#\/schema\/person\/909a49cce752523b020fbc37d5ab1c31\"},\"breadcrumb\":{\"@id\":\"https:\/\/www.italiaeconomiaonline.it\/web\/uecoop-no-ai-licenziamenti-da-7-imprese-su-10\/#breadcrumb\"},\"inLanguage\":\"it-IT\",\"potentialAction\":[{\"@type\":\"ReadAction\",\"target\":[\"https:\/\/www.italiaeconomiaonline.it\/web\/uecoop-no-ai-licenziamenti-da-7-imprese-su-10\/\"]}]},{\"@type\":\"ImageObject\",\"inLanguage\":\"it-IT\",\"@id\":\"https:\/\/www.italiaeconomiaonline.it\/web\/uecoop-no-ai-licenziamenti-da-7-imprese-su-10\/#primaryimage\",\"url\":\"https:\/\/www.italiaeconomiaonline.it\/web\/wp-content\/uploads\/2019\/08\/Lavoro5.jpg\",\"contentUrl\":\"https:\/\/www.italiaeconomiaonline.it\/web\/wp-content\/uploads\/2019\/08\/Lavoro5.jpg\",\"width\":510,\"height\":340},{\"@type\":\"BreadcrumbList\",\"@id\":\"https:\/\/www.italiaeconomiaonline.it\/web\/uecoop-no-ai-licenziamenti-da-7-imprese-su-10\/#breadcrumb\",\"itemListElement\":[{\"@type\":\"ListItem\",\"position\":1,\"name\":\"Home\",\"item\":\"https:\/\/www.italiaeconomiaonline.it\/web\/\"},{\"@type\":\"ListItem\",\"position\":2,\"name\":\"Uecoop: no ai licenziamenti da 7 imprese su 10\"}]},{\"@type\":\"WebSite\",\"@id\":\"https:\/\/www.italiaeconomiaonline.it\/web\/#website\",\"url\":\"https:\/\/www.italiaeconomiaonline.it\/web\/\",\"name\":\"ItaliaEconomiaOnline\",\"description\":\"Quotidiano Economico Online\",\"potentialAction\":[{\"@type\":\"SearchAction\",\"target\":{\"@type\":\"EntryPoint\",\"urlTemplate\":\"https:\/\/www.italiaeconomiaonline.it\/web\/?s={search_term_string}\"},\"query-input\":\"required name=search_term_string\"}],\"inLanguage\":\"it-IT\"},{\"@type\":\"Person\",\"@id\":\"https:\/\/www.italiaeconomiaonline.it\/web\/#\/schema\/person\/909a49cce752523b020fbc37d5ab1c31\",\"name\":\"ladyitaliaeconomia\",\"image\":{\"@type\":\"ImageObject\",\"inLanguage\":\"it-IT\",\"@id\":\"https:\/\/www.italiaeconomiaonline.it\/web\/#\/schema\/person\/image\/\",\"url\":\"https:\/\/secure.gravatar.com\/avatar\/cedca10ce7416a579b9fa6bce9c0a8f2?s=96&d=mm&r=g\",\"contentUrl\":\"https:\/\/secure.gravatar.com\/avatar\/cedca10ce7416a579b9fa6bce9c0a8f2?s=96&d=mm&r=g\",\"caption\":\"ladyitaliaeconomia\"},\"url\":\"https:\/\/www.italiaeconomiaonline.it\/web\/author\/ladyitaliaeconomia\/\"}]}<\/script>\n<!-- \/ Yoast SEO plugin. -->","yoast_head_json":{"title":"Uecoop: no ai licenziamenti da 7 imprese su 10 -","robots":{"index":"index","follow":"follow","max-snippet":"max-snippet:-1","max-image-preview":"max-image-preview:large","max-video-preview":"max-video-preview:-1"},"canonical":"https:\/\/www.italiaeconomiaonline.it\/web\/uecoop-no-ai-licenziamenti-da-7-imprese-su-10\/","og_locale":"it_IT","og_type":"article","og_title":"Uecoop: no ai licenziamenti da 7 imprese su 10 -","og_description":"Oltre 7 imprese su 10 (74%) prevedono di non licenziare e conservare l\u2019attuale organico salvando posti di lavoro e tenuta sociale delle famiglie nonostante che quasi 1\/3 delle aziende (31%) sia ripartito nel 2021 con bilanci in rosso a causa dei devastanti effetti dell\u2019emergenza Covid sull\u2019economia. E\u2019 quanto emerge dall\u2019indagine dell\u2019Unione europea delle cooperative (Uecoop) [&hellip;]","og_url":"https:\/\/www.italiaeconomiaonline.it\/web\/uecoop-no-ai-licenziamenti-da-7-imprese-su-10\/","og_site_name":"ItaliaEconomiaOnline","article_published_time":"2021-01-27T09:47:31+00:00","og_image":[{"width":510,"height":340,"url":"https:\/\/www.italiaeconomiaonline.it\/web\/wp-content\/uploads\/2019\/08\/Lavoro5.jpg","type":"image\/jpeg"}],"author":"ladyitaliaeconomia","twitter_card":"summary_large_image","twitter_misc":{"Scritto da":"ladyitaliaeconomia","Tempo di lettura stimato":"2 minuti"},"schema":{"@context":"https:\/\/schema.org","@graph":[{"@type":"WebPage","@id":"https:\/\/www.italiaeconomiaonline.it\/web\/uecoop-no-ai-licenziamenti-da-7-imprese-su-10\/","url":"https:\/\/www.italiaeconomiaonline.it\/web\/uecoop-no-ai-licenziamenti-da-7-imprese-su-10\/","name":"Uecoop: no ai licenziamenti da 7 imprese su 10 -","isPartOf":{"@id":"https:\/\/www.italiaeconomiaonline.it\/web\/#website"},"primaryImageOfPage":{"@id":"https:\/\/www.italiaeconomiaonline.it\/web\/uecoop-no-ai-licenziamenti-da-7-imprese-su-10\/#primaryimage"},"image":{"@id":"https:\/\/www.italiaeconomiaonline.it\/web\/uecoop-no-ai-licenziamenti-da-7-imprese-su-10\/#primaryimage"},"thumbnailUrl":"https:\/\/www.italiaeconomiaonline.it\/web\/wp-content\/uploads\/2019\/08\/Lavoro5.jpg","datePublished":"2021-01-27T09:47:31+00:00","dateModified":"2021-01-27T09:47:31+00:00","author":{"@id":"https:\/\/www.italiaeconomiaonline.it\/web\/#\/schema\/person\/909a49cce752523b020fbc37d5ab1c31"},"breadcrumb":{"@id":"https:\/\/www.italiaeconomiaonline.it\/web\/uecoop-no-ai-licenziamenti-da-7-imprese-su-10\/#breadcrumb"},"inLanguage":"it-IT","potentialAction":[{"@type":"ReadAction","target":["https:\/\/www.italiaeconomiaonline.it\/web\/uecoop-no-ai-licenziamenti-da-7-imprese-su-10\/"]}]},{"@type":"ImageObject","inLanguage":"it-IT","@id":"https:\/\/www.italiaeconomiaonline.it\/web\/uecoop-no-ai-licenziamenti-da-7-imprese-su-10\/#primaryimage","url":"https:\/\/www.italiaeconomiaonline.it\/web\/wp-content\/uploads\/2019\/08\/Lavoro5.jpg","contentUrl":"https:\/\/www.italiaeconomiaonline.it\/web\/wp-content\/uploads\/2019\/08\/Lavoro5.jpg","width":510,"height":340},{"@type":"BreadcrumbList","@id":"https:\/\/www.italiaeconomiaonline.it\/web\/uecoop-no-ai-licenziamenti-da-7-imprese-su-10\/#breadcrumb","itemListElement":[{"@type":"ListItem","position":1,"name":"Home","item":"https:\/\/www.italiaeconomiaonline.it\/web\/"},{"@type":"ListItem","position":2,"name":"Uecoop: no ai licenziamenti da 7 imprese su 10"}]},{"@type":"WebSite","@id":"https:\/\/www.italiaeconomiaonline.it\/web\/#website","url":"https:\/\/www.italiaeconomiaonline.it\/web\/","name":"ItaliaEconomiaOnline","description":"Quotidiano Economico Online","potentialAction":[{"@type":"SearchAction","target":{"@type":"EntryPoint","urlTemplate":"https:\/\/www.italiaeconomiaonline.it\/web\/?s={search_term_string}"},"query-input":"required name=search_term_string"}],"inLanguage":"it-IT"},{"@type":"Person","@id":"https:\/\/www.italiaeconomiaonline.it\/web\/#\/schema\/person\/909a49cce752523b020fbc37d5ab1c31","name":"ladyitaliaeconomia","image":{"@type":"ImageObject","inLanguage":"it-IT","@id":"https:\/\/www.italiaeconomiaonline.it\/web\/#\/schema\/person\/image\/","url":"https:\/\/secure.gravatar.com\/avatar\/cedca10ce7416a579b9fa6bce9c0a8f2?s=96&d=mm&r=g","contentUrl":"https:\/\/secure.gravatar.com\/avatar\/cedca10ce7416a579b9fa6bce9c0a8f2?s=96&d=mm&r=g","caption":"ladyitaliaeconomia"},"url":"https:\/\/www.italiaeconomiaonline.it\/web\/author\/ladyitaliaeconomia\/"}]}},"_links":{"self":[{"href":"https:\/\/www.italiaeconomiaonline.it\/web\/wp-json\/wp\/v2\/posts\/5229"}],"collection":[{"href":"https:\/\/www.italiaeconomiaonline.it\/web\/wp-json\/wp\/v2\/posts"}],"about":[{"href":"https:\/\/www.italiaeconomiaonline.it\/web\/wp-json\/wp\/v2\/types\/post"}],"author":[{"embeddable":true,"href":"https:\/\/www.italiaeconomiaonline.it\/web\/wp-json\/wp\/v2\/users\/1"}],"replies":[{"embeddable":true,"href":"https:\/\/www.italiaeconomiaonline.it\/web\/wp-json\/wp\/v2\/comments?post=5229"}],"version-history":[{"count":1,"href":"https:\/\/www.italiaeconomiaonline.it\/web\/wp-json\/wp\/v2\/posts\/5229\/revisions"}],"predecessor-version":[{"id":5230,"href":"https:\/\/www.italiaeconomiaonline.it\/web\/wp-json\/wp\/v2\/posts\/5229\/revisions\/5230"}],"wp:featuredmedia":[{"embeddable":true,"href":"https:\/\/www.italiaeconomiaonline.it\/web\/wp-json\/wp\/v2\/media\/1600"}],"wp:attachment":[{"href":"https:\/\/www.italiaeconomiaonline.it\/web\/wp-json\/wp\/v2\/media?parent=5229"}],"wp:term":[{"taxonomy":"category","embeddable":true,"href":"https:\/\/www.italiaeconomiaonline.it\/web\/wp-json\/wp\/v2\/categories?post=5229"},{"taxonomy":"post_tag","embeddable":true,"href":"https:\/\/www.italiaeconomiaonline.it\/web\/wp-json\/wp\/v2\/tags?post=5229"}],"curies":[{"name":"wp","href":"https:\/\/api.w.org\/{rel}","templated":true}]}}