{"id":5238,"date":"2021-01-28T15:18:51","date_gmt":"2021-01-28T14:18:51","guid":{"rendered":"http:\/\/www.italiaeconomiaonline.it\/web\/?p=5238"},"modified":"2021-01-28T15:18:51","modified_gmt":"2021-01-28T14:18:51","slug":"coronavirus-continua-la-lenta-discesa-delle-curve","status":"publish","type":"post","link":"https:\/\/www.italiaeconomiaonline.it\/web\/coronavirus-continua-la-lenta-discesa-delle-curve\/","title":{"rendered":"Coronavirus, continua la lenta discesa delle curve"},"content":{"rendered":"<p><span class=\"dropcap dropcap3\">I<\/span>l monitoraggio indipendente della Fondazione GIMBE rileva nella settimana 20-26 gennaio 2021, rispetto alla precedente, una riduzione dei nuovi casi (85.358 vs 97.335). Scendono anche casi attualmente positivi (482.417 vs 535.524), ricoveri con sintomi (21.355 vs 22.699) e terapie intensive (2.372 vs 2.487); lieve calo dei decessi (3.265 vs 3.338) . In dettaglio, rispetto alla settimana precedente, si registrano le seguenti variazioni:<\/p>\n<ul>\n<li>Decessi: 3.265 (-2,2%)<\/li>\n<li>Terapia intensiva: -115 (-4,6%)<\/li>\n<li>Ricoverati con sintomi: -1.344 (-5,9%)<\/li>\n<li>Nuovi casi: 85.358 (-12,3%)<\/li>\n<li>Casi attualmente positivi: -53.107 (-9,9%)<\/li>\n<\/ul>\n<p>\u00abTutte le curve \u2013 afferma Nino Cartabellotta, Presidente della Fondazione GIMBE \u2013 continuano <a class=\"matchTooltip\">questa settimana<\/a> la loro lenta discesa, ancora grazie agli effetti del Decreto Natale, destinati tuttavia ad esaurirsi a breve\u00bb. L\u2019incremento percentuale dei casi si riduce in quasi tutte le Regioni (tabella); negli ospedali, nonostante l\u2019ulteriore discesa di ricoveri e terapie intensive, l\u2019occupazione da parte di pazienti COVID continua a superare in 5 Regioni la soglia del 40% in area medica e in 6 Regioni quella del 30% delle terapie intensive, attestandosi a livello nazionale rispettivamente al 34% e al 28%.<\/p>\n<p><b>Vaccini: forniture<\/b>. \u00abOltre ai noti ritardi di consegna da parte di Pfizer \u2013 dichiara Renata Gili, responsabile GIMBE Ricerca sui Servizi Sanitari della Fondazione GIMBE \u2013 AstraZeneca ha comunicato alla <a href=\"https:\/\/u7959543.ct.sendgrid.net\/ls\/click?upn=XZ-2FJYyQDkfWzjSPGRhSChaLt9z6prDngEFyqqFkxwwtN-2BAGLW79RoH8H2iXCYh0ZLgpd8cO4bYeAfmTwnj-2BxyRTxVEaZebywPCP4n0pjBp0-3Dq6VE_mLoYh0p4AWg4foFr5HgrZwPzJf04Y0URTwB4KZvNv5glGMWtTxeOkPS5Qk8P6lZBuLMZicjLizh2n8g4OeRcasms7-2FInY1WFqYUeGXBjUb95Y-2FsVqfzkBp2DWQVboRsDAJ2UVBvNnZHoB615op8bAGoO-2BvNFpcS0cueWltKzkoOAb4AlN8BLf7IZBoqSeH3SJzXeywMlcrbj-2BelJ60jzwwnwl3XdAdd-2Bec0vAImEiuw-3D\" target=\"_blank\" rel=\"noopener noreferrer\">Commissione Europea<\/a> una riduzione della fornitura stimabile fino al 60% nel 1\u00b0 trimestre, mentre CureVac non potr\u00e0 consegnare entro marzo le 2,019 milioni di dosi previste dal Piano vaccinale, visto che lo studio di fase 3 \u00e8 stato avviato solo il 14 dicembre\u00bb. Di conseguenza, al netto di ritardi di consegne, entro il 31 marzo 2021 il nostro Paese dovrebbe disporre di 16,557 milioni di dosi, di cui 8,749 milioni da Pfizer-BioNTech e 1,346 milioni da Moderna e 6,462 milioni da AstraZeneca, anzich\u00e9 i 16,155 milioni previsti dal Piano vaccinale. Peraltro su AstraZeneca i conti non tornano visto che \u00e8 stata annunciata una fornitura di 3,4 milioni di dosi.<\/p>\n<p>\u00abCon queste disponibilit\u00e0 \u2013 puntualizza Cartabellotta \u2013 solo il 14% della popolazione (circa 8,278 milioni di persone) potr\u00e0 completare le due dosi del ciclo vaccinale, ma non prima della met\u00e0 o addirittura della fine di aprile, ovviamente previa autorizzazione condizionata del vaccino di AstraZeneca che potrebbe essere soggetto a limitazioni per i soggetti di et\u00e0 \u226555 anni con conseguente necessit\u00e0 di rivedere le priorit\u00e0 del piano vaccinale. Inoltre, occorrer\u00e0 una notevole reattivit\u00e0 della macchina organizzativa, visto che la maggior parte delle dosi non arriver\u00e0 prima di met\u00e0 febbraio\u00bb.<\/p>\n<p><b>Vaccini: distribuzione regionale. <\/b>Si rilevano notevoli differenze regionali (figura 2) difficilmente spiegabili solo sulla base dei criteri verosimilmente utilizzati in questa prima fase per la consegna (n\u00b0 operatori sanitari e socio-sanitari, n\u00b0 personale e ospiti RSA).<\/p>\n<p><b>Vaccini: somministrazioni<\/b>. Al 27 gennaio (aggiornamento ore 16:04) hanno completato il ciclo vaccinale con la seconda dose 270.269 persone (0,45% della popolazione italiana), con marcate differenze regionali: dallo 0,16% della Calabria allo 0,70% del Lazio. Inoltre, le analisi indipendenti della Fondazione GIMBE sui <a href=\"https:\/\/u7959543.ct.sendgrid.net\/ls\/click?upn=XZ-2FJYyQDkfWzjSPGRhSChcezwZXr-2F7HvO2ydbsxbaQ8ZWNRqUSbdD5NecoCnulwwGZKCcGqVCFnaZxoV6clDAg-3D-3DdliB_mLoYh0p4AWg4foFr5HgrZwPzJf04Y0URTwB4KZvNv5glGMWtTxeOkPS5Qk8P6lZBuLMZicjLizh2n8g4OeRcah78tn0gf2Gv-2B7xRoPZVdtV-2BkRVocPhCUcL4yAEH63vxJf2fkUha75m3o79C-2BvR3il9fLQj5dsEJW-2Bdf-2B8TA3-2FNNZqYFC5DLxRAkMzlybtW0dTl3p2hl1hT7v4WFsgLqRn-2FoxE8jjBmY-2F04x1g3S-2Fv8-3D\" target=\"_blank\" rel=\"noopener noreferrer\">dati ufficiali<\/a> rilevano che ben 350.548 dosi sono state somministrate a \u201cpersonale non sanitario\u201d, una fascia non prevista dal <a href=\"https:\/\/u7959543.ct.sendgrid.net\/ls\/click?upn=V4a3HWGduUkDrYrpMo1P8mN73qCFnZ7tDjThmbGOFn3Jf7xyepesTTVSndguUMCRyC8sVvgx8bUTKKuQrK1F3u9tkFw-2Fbq7o-2FHu2uPVSUEM-3Dc-Xs_mLoYh0p4AWg4foFr5HgrZwPzJf04Y0URTwB4KZvNv5glGMWtTxeOkPS5Qk8P6lZBuLMZicjLizh2n8g4OeRcaiMzf6lKGiX6w3IY8LFavpdx9hZ9QHHDbaX2gvmTw12CA46o0mu-2F2aBSEIEvEJ9yQWfctZRoV-2BUyahFj8MO1ICb6mBBGYMadK2WEPkJFDrs-2BUEdbDsADuQQZcRGCVM-2BQlSX3HyJkESE9be57uyi5-2F8I-3D\" target=\"_blank\" rel=\"noopener noreferrer\">Piano vaccinale<\/a> che per questa prima fase individua tre categorie prioritarie: operatori sanitari e sociosanitari (finora 67,1% dosi), personale ed ospiti delle RSA (finora 9,7% dosi), quindi persone di et\u00e0 \u226580 anni (finora 0,9% dosi). Il \u201cpersonale non sanitario\u201d ha beneficiato dunque di quasi un quarto delle dosi finora somministrate con enormi differenze regionali che in certi casi superano il 30%: Provincia Autonoma di Bolzano 34%, Liguria 39%, Lombardia 51%.<\/p>\n<p>\u00abSe da un lato una parte del personale non sanitario risulta essenziale per il funzionamento di ospedali ed altre strutture sanitarie \u2013 spiega il Presidente \u2013 dall\u2019altro i numeri riportati dal Piano vaccinale per operatori sanitari e socio sanitari (1.404.037) corrispondono a tutti gli iscritti agli albi professionali, pi\u00f9 gli operatori socio-sanitari: questo evidenzia una discrepanza tra numeri previsti dal Piano e le diverse policy vaccinali attuate dalle Regioni\u00bb. In altre parole, se la categoria \u201coperatori sanitari e socio sanitari\u201d deve includere tutto il personale che lavora negli ospedali a qualsiasi titolo \u2013 dato richiesto alle Regioni dal Commissario Arcuri lo scorso 17 novembre \u2013 \u00a0le dosi previste dal Piano vaccinale non sono sufficienti perch\u00e9 rimangono esclusi tutti i professionisti sanitari che non lavorano presso strutture pubbliche.<\/p>\n<p>In considerazione delle notevoli differenze regionali (consegna dosi, percentuale di persone che hanno completato il ciclo vaccinale, categorie vaccinate) che generano diseguaglianze, la Fondazione GIMBE chiede al Commissario Straordinario all\u2019Emergenza e al Ministero della Salute di:<\/p>\n<ul>\n<li>Mantenere costantemente aggiornato il numero delle forniture previste dal Piano vaccinale<\/li>\n<li>Chiarire ufficialmente l\u2019entit\u00e0 delle forniture di AstraZeneca per il primo trimestre 2021<\/li>\n<li>Ridefinire a livello nazionale i criteri di inclusione nella categoria \u201coperatori sanitari e socio sanitari\u201d rivedendo di conseguenza i numeri del Piano Vaccinale<\/li>\n<li>Rendere pubblici i criteri per la consegna delle dosi alle Regioni<\/li>\n<\/ul>\n<p>\u00abIn questa fase molto critica della pandemia \u2013 conclude Cartabellotta \u2013 segnata da continue rimodulazioni al ribasso delle forniture vaccinali, minacciata delle nuove varianti del virus e da una verosimile risalita della curva epidemica una volta esauriti gli effetti della \u201cstretta\u201d di Natale, \u00e8 fondamentale che le poche dosi di vaccino disponibili siano utilizzate per proteggere chi lavora in prima linea con i pazienti e le persone pi\u00f9 fragili, come previsto dal Piano vaccinale. Un obiettivo che, ad un mese dall\u2019avvio della campagna vaccinale, \u00e8 gi\u00e0 stato parzialmente disatteso con inaccettabili diseguaglianze regionali, \u201cagevolate\u201d dall\u2019assenza di un\u2019anagrafe vaccinale nazionale\u00bb.<\/p>\n<p>&nbsp;<\/p>\n","protected":false},"excerpt":{"rendered":"<p>Il monitoraggio indipendente della Fondazione GIMBE rileva nella settimana 20-26 gennaio 2021, rispetto alla precedente, una riduzione dei nuovi casi (85.358 vs 97.335). Scendono anche casi attualmente positivi (482.417 vs 535.524), ricoveri con sintomi (21.355 vs 22.699) e terapie intensive (2.372 vs 2.487); lieve calo dei decessi (3.265 vs 3.338) . In dettaglio, rispetto alla [&hellip;]<\/p>\n","protected":false},"author":1,"featured_media":4309,"comment_status":"closed","ping_status":"open","sticky":false,"template":"","format":"standard","meta":{"footnotes":""},"categories":[128],"tags":[877,963,880],"yoast_head":"<!-- This site is optimized with the Yoast SEO plugin v22.2 - https:\/\/yoast.com\/wordpress\/plugins\/seo\/ -->\n<title>Coronavirus, continua la lenta discesa delle curve -<\/title>\n<meta name=\"robots\" content=\"index, follow, max-snippet:-1, max-image-preview:large, max-video-preview:-1\" \/>\n<link rel=\"canonical\" href=\"https:\/\/www.italiaeconomiaonline.it\/web\/coronavirus-continua-la-lenta-discesa-delle-curve\/\" \/>\n<meta property=\"og:locale\" content=\"it_IT\" \/>\n<meta property=\"og:type\" content=\"article\" \/>\n<meta property=\"og:title\" content=\"Coronavirus, continua la lenta discesa delle curve -\" \/>\n<meta property=\"og:description\" content=\"Il monitoraggio indipendente della Fondazione GIMBE rileva nella settimana 20-26 gennaio 2021, rispetto alla precedente, una riduzione dei nuovi casi (85.358 vs 97.335). Scendono anche casi attualmente positivi (482.417 vs 535.524), ricoveri con sintomi (21.355 vs 22.699) e terapie intensive (2.372 vs 2.487); lieve calo dei decessi (3.265 vs 3.338) . In dettaglio, rispetto alla [&hellip;]\" \/>\n<meta property=\"og:url\" content=\"https:\/\/www.italiaeconomiaonline.it\/web\/coronavirus-continua-la-lenta-discesa-delle-curve\/\" \/>\n<meta property=\"og:site_name\" content=\"ItaliaEconomiaOnline\" \/>\n<meta property=\"article:published_time\" content=\"2021-01-28T14:18:51+00:00\" \/>\n<meta property=\"og:image\" content=\"https:\/\/www.italiaeconomiaonline.it\/web\/wp-content\/uploads\/2020\/10\/Schermata-2020-10-05-alle-10.54.32.png\" \/>\n\t<meta property=\"og:image:width\" content=\"1612\" \/>\n\t<meta property=\"og:image:height\" content=\"1008\" \/>\n\t<meta property=\"og:image:type\" content=\"image\/png\" \/>\n<meta name=\"author\" content=\"ladyitaliaeconomia\" \/>\n<meta name=\"twitter:card\" content=\"summary_large_image\" \/>\n<meta name=\"twitter:label1\" content=\"Scritto da\" \/>\n\t<meta name=\"twitter:data1\" content=\"ladyitaliaeconomia\" \/>\n\t<meta name=\"twitter:label2\" content=\"Tempo di lettura stimato\" \/>\n\t<meta name=\"twitter:data2\" content=\"4 minuti\" \/>\n<script type=\"application\/ld+json\" class=\"yoast-schema-graph\">{\"@context\":\"https:\/\/schema.org\",\"@graph\":[{\"@type\":\"WebPage\",\"@id\":\"https:\/\/www.italiaeconomiaonline.it\/web\/coronavirus-continua-la-lenta-discesa-delle-curve\/\",\"url\":\"https:\/\/www.italiaeconomiaonline.it\/web\/coronavirus-continua-la-lenta-discesa-delle-curve\/\",\"name\":\"Coronavirus, continua la lenta discesa delle curve -\",\"isPartOf\":{\"@id\":\"https:\/\/www.italiaeconomiaonline.it\/web\/#website\"},\"primaryImageOfPage\":{\"@id\":\"https:\/\/www.italiaeconomiaonline.it\/web\/coronavirus-continua-la-lenta-discesa-delle-curve\/#primaryimage\"},\"image\":{\"@id\":\"https:\/\/www.italiaeconomiaonline.it\/web\/coronavirus-continua-la-lenta-discesa-delle-curve\/#primaryimage\"},\"thumbnailUrl\":\"https:\/\/www.italiaeconomiaonline.it\/web\/wp-content\/uploads\/2020\/10\/Schermata-2020-10-05-alle-10.54.32.png\",\"datePublished\":\"2021-01-28T14:18:51+00:00\",\"dateModified\":\"2021-01-28T14:18:51+00:00\",\"author\":{\"@id\":\"https:\/\/www.italiaeconomiaonline.it\/web\/#\/schema\/person\/909a49cce752523b020fbc37d5ab1c31\"},\"breadcrumb\":{\"@id\":\"https:\/\/www.italiaeconomiaonline.it\/web\/coronavirus-continua-la-lenta-discesa-delle-curve\/#breadcrumb\"},\"inLanguage\":\"it-IT\",\"potentialAction\":[{\"@type\":\"ReadAction\",\"target\":[\"https:\/\/www.italiaeconomiaonline.it\/web\/coronavirus-continua-la-lenta-discesa-delle-curve\/\"]}]},{\"@type\":\"ImageObject\",\"inLanguage\":\"it-IT\",\"@id\":\"https:\/\/www.italiaeconomiaonline.it\/web\/coronavirus-continua-la-lenta-discesa-delle-curve\/#primaryimage\",\"url\":\"https:\/\/www.italiaeconomiaonline.it\/web\/wp-content\/uploads\/2020\/10\/Schermata-2020-10-05-alle-10.54.32.png\",\"contentUrl\":\"https:\/\/www.italiaeconomiaonline.it\/web\/wp-content\/uploads\/2020\/10\/Schermata-2020-10-05-alle-10.54.32.png\",\"width\":1612,\"height\":1008},{\"@type\":\"BreadcrumbList\",\"@id\":\"https:\/\/www.italiaeconomiaonline.it\/web\/coronavirus-continua-la-lenta-discesa-delle-curve\/#breadcrumb\",\"itemListElement\":[{\"@type\":\"ListItem\",\"position\":1,\"name\":\"Home\",\"item\":\"https:\/\/www.italiaeconomiaonline.it\/web\/\"},{\"@type\":\"ListItem\",\"position\":2,\"name\":\"Coronavirus, continua la lenta discesa delle curve\"}]},{\"@type\":\"WebSite\",\"@id\":\"https:\/\/www.italiaeconomiaonline.it\/web\/#website\",\"url\":\"https:\/\/www.italiaeconomiaonline.it\/web\/\",\"name\":\"ItaliaEconomiaOnline\",\"description\":\"Quotidiano Economico Online\",\"potentialAction\":[{\"@type\":\"SearchAction\",\"target\":{\"@type\":\"EntryPoint\",\"urlTemplate\":\"https:\/\/www.italiaeconomiaonline.it\/web\/?s={search_term_string}\"},\"query-input\":\"required name=search_term_string\"}],\"inLanguage\":\"it-IT\"},{\"@type\":\"Person\",\"@id\":\"https:\/\/www.italiaeconomiaonline.it\/web\/#\/schema\/person\/909a49cce752523b020fbc37d5ab1c31\",\"name\":\"ladyitaliaeconomia\",\"image\":{\"@type\":\"ImageObject\",\"inLanguage\":\"it-IT\",\"@id\":\"https:\/\/www.italiaeconomiaonline.it\/web\/#\/schema\/person\/image\/\",\"url\":\"https:\/\/secure.gravatar.com\/avatar\/cedca10ce7416a579b9fa6bce9c0a8f2?s=96&d=mm&r=g\",\"contentUrl\":\"https:\/\/secure.gravatar.com\/avatar\/cedca10ce7416a579b9fa6bce9c0a8f2?s=96&d=mm&r=g\",\"caption\":\"ladyitaliaeconomia\"},\"url\":\"https:\/\/www.italiaeconomiaonline.it\/web\/author\/ladyitaliaeconomia\/\"}]}<\/script>\n<!-- \/ Yoast SEO plugin. -->","yoast_head_json":{"title":"Coronavirus, continua la lenta discesa delle curve -","robots":{"index":"index","follow":"follow","max-snippet":"max-snippet:-1","max-image-preview":"max-image-preview:large","max-video-preview":"max-video-preview:-1"},"canonical":"https:\/\/www.italiaeconomiaonline.it\/web\/coronavirus-continua-la-lenta-discesa-delle-curve\/","og_locale":"it_IT","og_type":"article","og_title":"Coronavirus, continua la lenta discesa delle curve -","og_description":"Il monitoraggio indipendente della Fondazione GIMBE rileva nella settimana 20-26 gennaio 2021, rispetto alla precedente, una riduzione dei nuovi casi (85.358 vs 97.335). Scendono anche casi attualmente positivi (482.417 vs 535.524), ricoveri con sintomi (21.355 vs 22.699) e terapie intensive (2.372 vs 2.487); lieve calo dei decessi (3.265 vs 3.338) . In dettaglio, rispetto alla [&hellip;]","og_url":"https:\/\/www.italiaeconomiaonline.it\/web\/coronavirus-continua-la-lenta-discesa-delle-curve\/","og_site_name":"ItaliaEconomiaOnline","article_published_time":"2021-01-28T14:18:51+00:00","og_image":[{"width":1612,"height":1008,"url":"https:\/\/www.italiaeconomiaonline.it\/web\/wp-content\/uploads\/2020\/10\/Schermata-2020-10-05-alle-10.54.32.png","type":"image\/png"}],"author":"ladyitaliaeconomia","twitter_card":"summary_large_image","twitter_misc":{"Scritto da":"ladyitaliaeconomia","Tempo di lettura stimato":"4 minuti"},"schema":{"@context":"https:\/\/schema.org","@graph":[{"@type":"WebPage","@id":"https:\/\/www.italiaeconomiaonline.it\/web\/coronavirus-continua-la-lenta-discesa-delle-curve\/","url":"https:\/\/www.italiaeconomiaonline.it\/web\/coronavirus-continua-la-lenta-discesa-delle-curve\/","name":"Coronavirus, continua la lenta discesa delle curve -","isPartOf":{"@id":"https:\/\/www.italiaeconomiaonline.it\/web\/#website"},"primaryImageOfPage":{"@id":"https:\/\/www.italiaeconomiaonline.it\/web\/coronavirus-continua-la-lenta-discesa-delle-curve\/#primaryimage"},"image":{"@id":"https:\/\/www.italiaeconomiaonline.it\/web\/coronavirus-continua-la-lenta-discesa-delle-curve\/#primaryimage"},"thumbnailUrl":"https:\/\/www.italiaeconomiaonline.it\/web\/wp-content\/uploads\/2020\/10\/Schermata-2020-10-05-alle-10.54.32.png","datePublished":"2021-01-28T14:18:51+00:00","dateModified":"2021-01-28T14:18:51+00:00","author":{"@id":"https:\/\/www.italiaeconomiaonline.it\/web\/#\/schema\/person\/909a49cce752523b020fbc37d5ab1c31"},"breadcrumb":{"@id":"https:\/\/www.italiaeconomiaonline.it\/web\/coronavirus-continua-la-lenta-discesa-delle-curve\/#breadcrumb"},"inLanguage":"it-IT","potentialAction":[{"@type":"ReadAction","target":["https:\/\/www.italiaeconomiaonline.it\/web\/coronavirus-continua-la-lenta-discesa-delle-curve\/"]}]},{"@type":"ImageObject","inLanguage":"it-IT","@id":"https:\/\/www.italiaeconomiaonline.it\/web\/coronavirus-continua-la-lenta-discesa-delle-curve\/#primaryimage","url":"https:\/\/www.italiaeconomiaonline.it\/web\/wp-content\/uploads\/2020\/10\/Schermata-2020-10-05-alle-10.54.32.png","contentUrl":"https:\/\/www.italiaeconomiaonline.it\/web\/wp-content\/uploads\/2020\/10\/Schermata-2020-10-05-alle-10.54.32.png","width":1612,"height":1008},{"@type":"BreadcrumbList","@id":"https:\/\/www.italiaeconomiaonline.it\/web\/coronavirus-continua-la-lenta-discesa-delle-curve\/#breadcrumb","itemListElement":[{"@type":"ListItem","position":1,"name":"Home","item":"https:\/\/www.italiaeconomiaonline.it\/web\/"},{"@type":"ListItem","position":2,"name":"Coronavirus, continua la lenta discesa delle curve"}]},{"@type":"WebSite","@id":"https:\/\/www.italiaeconomiaonline.it\/web\/#website","url":"https:\/\/www.italiaeconomiaonline.it\/web\/","name":"ItaliaEconomiaOnline","description":"Quotidiano Economico Online","potentialAction":[{"@type":"SearchAction","target":{"@type":"EntryPoint","urlTemplate":"https:\/\/www.italiaeconomiaonline.it\/web\/?s={search_term_string}"},"query-input":"required name=search_term_string"}],"inLanguage":"it-IT"},{"@type":"Person","@id":"https:\/\/www.italiaeconomiaonline.it\/web\/#\/schema\/person\/909a49cce752523b020fbc37d5ab1c31","name":"ladyitaliaeconomia","image":{"@type":"ImageObject","inLanguage":"it-IT","@id":"https:\/\/www.italiaeconomiaonline.it\/web\/#\/schema\/person\/image\/","url":"https:\/\/secure.gravatar.com\/avatar\/cedca10ce7416a579b9fa6bce9c0a8f2?s=96&d=mm&r=g","contentUrl":"https:\/\/secure.gravatar.com\/avatar\/cedca10ce7416a579b9fa6bce9c0a8f2?s=96&d=mm&r=g","caption":"ladyitaliaeconomia"},"url":"https:\/\/www.italiaeconomiaonline.it\/web\/author\/ladyitaliaeconomia\/"}]}},"_links":{"self":[{"href":"https:\/\/www.italiaeconomiaonline.it\/web\/wp-json\/wp\/v2\/posts\/5238"}],"collection":[{"href":"https:\/\/www.italiaeconomiaonline.it\/web\/wp-json\/wp\/v2\/posts"}],"about":[{"href":"https:\/\/www.italiaeconomiaonline.it\/web\/wp-json\/wp\/v2\/types\/post"}],"author":[{"embeddable":true,"href":"https:\/\/www.italiaeconomiaonline.it\/web\/wp-json\/wp\/v2\/users\/1"}],"replies":[{"embeddable":true,"href":"https:\/\/www.italiaeconomiaonline.it\/web\/wp-json\/wp\/v2\/comments?post=5238"}],"version-history":[{"count":1,"href":"https:\/\/www.italiaeconomiaonline.it\/web\/wp-json\/wp\/v2\/posts\/5238\/revisions"}],"predecessor-version":[{"id":5239,"href":"https:\/\/www.italiaeconomiaonline.it\/web\/wp-json\/wp\/v2\/posts\/5238\/revisions\/5239"}],"wp:featuredmedia":[{"embeddable":true,"href":"https:\/\/www.italiaeconomiaonline.it\/web\/wp-json\/wp\/v2\/media\/4309"}],"wp:attachment":[{"href":"https:\/\/www.italiaeconomiaonline.it\/web\/wp-json\/wp\/v2\/media?parent=5238"}],"wp:term":[{"taxonomy":"category","embeddable":true,"href":"https:\/\/www.italiaeconomiaonline.it\/web\/wp-json\/wp\/v2\/categories?post=5238"},{"taxonomy":"post_tag","embeddable":true,"href":"https:\/\/www.italiaeconomiaonline.it\/web\/wp-json\/wp\/v2\/tags?post=5238"}],"curies":[{"name":"wp","href":"https:\/\/api.w.org\/{rel}","templated":true}]}}