{"id":5242,"date":"2021-01-29T11:34:49","date_gmt":"2021-01-29T10:34:49","guid":{"rendered":"http:\/\/www.italiaeconomiaonline.it\/web\/?p=5242"},"modified":"2021-01-29T11:40:36","modified_gmt":"2021-01-29T10:40:36","slug":"istituto-europeo-di-innovazione-e-tecnologia-la-commissione-plaude-allaccordo-politico-sulla-strategia-2021-2027","status":"publish","type":"post","link":"https:\/\/www.italiaeconomiaonline.it\/web\/istituto-europeo-di-innovazione-e-tecnologia-la-commissione-plaude-allaccordo-politico-sulla-strategia-2021-2027\/","title":{"rendered":"Istituto europeo innovazione e tecnologia, la Commissione europea plaude accordo politico sulla strategia 2021-2027"},"content":{"rendered":"<p><span class=\"dropcap dropcap3\">L<\/span>a Commissione europea ha accolto con favore l&#8217;accordo politico raggiunto ieri tra il Parlamento europeo e gli Stati membri dell&#8217;UE su un aggiornamento della base giuridica dell&#8217;Istituto europeo di innovazione e tecnologia (EIT) e sulla nuova agenda strategica per l&#8217;innovazione dell&#8217;EIT per il 2021-2027.<\/p>\n<p>La Commissione europea ha accolto con favore l&#8217;accordo politico raggiunto ieri tra il Parlamento europeo e gli Stati membri dell&#8217;UE su un aggiornamento della base giuridica dell&#8217;Istituto europeo di innovazione e tecnologia (EIT) e sulla nuova agenda strategica per l&#8217;innovazione dell&#8217;EIT per il 2021-2027. Si sono appena conclusi i negoziati in sede di trilogo e si attende l&#8217;approvazione finale dei testi giuridici da parte del Parlamento europeo e del Consiglio.<\/p>\n<p>Mariya <strong>Gabriel<\/strong>, Commissaria per l&#8217;Innovazione, la ricerca, la cultura, l&#8217;istruzione e i giovani, ha dichiarato: &#8220;<em>Accolgo con favore la notizia dell&#8217;accordo politico sul futuro dell&#8217;Istituto europeo di innovazione e tecnologia, che \u00e8 parte integrante del nuovo programma Orizzonte Europa 2021-2027. Dalla sua istituzione nel 2008, l&#8217;EIT si \u00e8 dimostrato efficace nel rafforzare gli ecosistemi dell&#8217;innovazione in tutta l&#8217;UE. Grazie a questo quadro giuridico migliorato e alla nuova agenda strategica, abbinati a un bilancio pi\u00f9 consistente all&#8217;altezza degli obiettivi ambiziosi, l&#8217;EIT sar\u00e0 in grado di realizzare le principali priorit\u00e0 dell&#8217;UE nel settore dell&#8217;istruzione, dell&#8217;innovazione e della ricerca, contribuendo cos\u00ec alla ripresa dell&#8217;economia e della societ\u00e0 in Europa. Plaudo in particolare ai miglioramenti apportati all&#8217;EIT per garantire una sua maggiore copertura geografica e poter colmare il divario in materia di innovazione. Sono molto lieta anche del fatto che nei prossimi anni l&#8217;EIT dar\u00e0 vita a due nuove comunit\u00e0 della conoscenza e dell&#8217;innovazione, una nell&#8217;ambito dei settori e delle industrie culturali e creative e l&#8217;altra nell&#8217;ambito dei settori e degli ecosistemi marini, marittimi e delle acque. Si tratta di due campi di attivit\u00e0 importanti per la Commissione, dato il loro contributo per il superamento delle sfide sociali attuali e future.&#8221;<\/em><\/p>\n<p>Le proposte adottate ieri prevedono un allineamento dell&#8217;EIT con il programma di ricerca e innovazione dell&#8217;UE <a href=\"https:\/\/ec.europa.eu\/info\/horizon-europe_en#relatedlinks\">Orizzonte Europa<\/a> (2021-2027) e realizzano l&#8217;impegno della Commissione di rafforzare ulteriormente il potenziale di innovazione dell&#8217;UE. Con una dotazione di quasi 3 miliardi di \u20ac, quasi 600 milioni di \u20ac in pi\u00f9 rispetto all&#8217;attuale periodo di finanziamento, l&#8217;EIT guider\u00e0 la ripresa dell&#8217;economia e la transizione verde e digitale al fine di costruire una societ\u00e0 pi\u00f9 sostenibile e resiliente. L&#8217;EIT stimoler\u00e0 l&#8217;innovazione coinvolgendo 750 istituti di istruzione superiore nelle sue attivit\u00e0, sostenendo 30\u00a0000 studenti, introducendo sul mercato 4\u00a0000 innovazioni e promuovendo 700 start-up.<\/p>\n<p>L&#8217;EIT opera attraverso le sue comunit\u00e0 della conoscenza e dell&#8217;innovazione, che riuniscono imprese, universit\u00e0 e centri di ricerca in tutta Europa. L&#8217;EIT sar\u00e0 ora in grado di porre maggiormente l&#8217;accento sulla dimensione regionale: il sistema di innovazione regionale rafforzato si concentrer\u00e0 sui paesi che registrano un ritardo nei risultati in materia di innovazione. Una nuova iniziativa pilota aumenter\u00e0 inoltre la capacit\u00e0 imprenditoriale e di innovazione degli istituti di istruzione superiore. Infine l&#8217;EIT intensificher\u00e0 la sua collaborazione con il Consiglio europeo per l&#8217;innovazione, contribuendo cos\u00ec a rafforzare la capacit\u00e0 di innovazione globale dell&#8217;Europa.<\/p>\n<p>L&#8217;Istituto europeo di innovazione e tecnologia (EIT) \u00e8 stato istituito nel 2008 con il <a href=\"https:\/\/eur-lex.europa.eu\/legal-content\/it\/TXT\/PDF\/?uri=CELEX:32008R0294&amp;from=it\">regolamento (CE) n.\u00a0294\/2008<\/a>, modificato dal <a href=\"https:\/\/eur-lex.europa.eu\/LexUriServ\/LexUriServ.do?uri=OJ:L:2013:347:0174:0184:it:PDF\">regolamento (CE) n.\u00a01292\/2013<\/a>, e ha sede a Budapest. Il suo scopo \u00e8 affrontare le principali sfide della societ\u00e0 migliorando la capacit\u00e0 di innovazione e le prestazioni dell&#8217;UE mediante l&#8217;integrazione del triangolo della conoscenza costituito da istruzione, ricerca e innovazione.<\/p>\n<p>L&#8217;EIT \u00e8 una delle tre componenti del pilastro &#8220;Europa innovativa&#8221; del programma Orizzonte Europa, che fornisce il finanziamento per l&#8217;EIT nell&#8217;ambito del bilancio a lungo termine dell&#8217;UE 2021-2027 e ne definisce la motivazione, il valore aggiunto, i settori di intervento e le grandi linee di attivit\u00e0. La base giuridica dell&#8217;EIT rimane il regolamento EIT, che stabilisce la missione, i compiti principali e il quadro di riferimento per il funzionamento dell&#8217;istituto. L&#8217;agenda strategica per l&#8217;innovazione 2021-2027, da parte sua, delinea la strategia e le priorit\u00e0 dell&#8217;EIT per il prossimo periodo di programmazione, i suoi obiettivi, le principali azioni, le attivit\u00e0, la modalit\u00e0 operativa e i risultati previsti.<\/p>\n","protected":false},"excerpt":{"rendered":"<p>La Commissione europea ha accolto con favore l&#8217;accordo politico raggiunto ieri tra il Parlamento europeo e gli Stati membri dell&#8217;UE su un aggiornamento della base giuridica dell&#8217;Istituto europeo di innovazione e tecnologia (EIT) e sulla nuova agenda strategica per l&#8217;innovazione dell&#8217;EIT per il 2021-2027. La Commissione europea ha accolto con favore l&#8217;accordo politico raggiunto ieri [&hellip;]<\/p>\n","protected":false},"author":1,"featured_media":1921,"comment_status":"closed","ping_status":"open","sticky":false,"template":"","format":"standard","meta":{"footnotes":""},"categories":[309],"tags":[],"yoast_head":"<!-- This site is optimized with the Yoast SEO plugin v22.2 - https:\/\/yoast.com\/wordpress\/plugins\/seo\/ -->\n<title>Istituto europeo innovazione e tecnologia, la Commissione europea plaude accordo politico sulla strategia 2021-2027 -<\/title>\n<meta name=\"robots\" content=\"index, follow, max-snippet:-1, max-image-preview:large, max-video-preview:-1\" \/>\n<link rel=\"canonical\" href=\"https:\/\/www.italiaeconomiaonline.it\/web\/istituto-europeo-di-innovazione-e-tecnologia-la-commissione-plaude-allaccordo-politico-sulla-strategia-2021-2027\/\" \/>\n<meta property=\"og:locale\" content=\"it_IT\" \/>\n<meta property=\"og:type\" content=\"article\" \/>\n<meta property=\"og:title\" content=\"Istituto europeo innovazione e tecnologia, la Commissione europea plaude accordo politico sulla strategia 2021-2027 -\" \/>\n<meta property=\"og:description\" content=\"La Commissione europea ha accolto con favore l&#8217;accordo politico raggiunto ieri tra il Parlamento europeo e gli Stati membri dell&#8217;UE su un aggiornamento della base giuridica dell&#8217;Istituto europeo di innovazione e tecnologia (EIT) e sulla nuova agenda strategica per l&#8217;innovazione dell&#8217;EIT per il 2021-2027. La Commissione europea ha accolto con favore l&#8217;accordo politico raggiunto ieri [&hellip;]\" \/>\n<meta property=\"og:url\" content=\"https:\/\/www.italiaeconomiaonline.it\/web\/istituto-europeo-di-innovazione-e-tecnologia-la-commissione-plaude-allaccordo-politico-sulla-strategia-2021-2027\/\" \/>\n<meta property=\"og:site_name\" content=\"ItaliaEconomiaOnline\" \/>\n<meta property=\"article:published_time\" content=\"2021-01-29T10:34:49+00:00\" \/>\n<meta property=\"article:modified_time\" content=\"2021-01-29T10:40:36+00:00\" \/>\n<meta property=\"og:image\" content=\"https:\/\/www.italiaeconomiaonline.it\/web\/wp-content\/uploads\/2019\/10\/innovazione-tecnologia-internet.jpg\" \/>\n\t<meta property=\"og:image:width\" content=\"960\" \/>\n\t<meta property=\"og:image:height\" content=\"601\" \/>\n\t<meta property=\"og:image:type\" content=\"image\/jpeg\" \/>\n<meta name=\"author\" content=\"ladyitaliaeconomia\" \/>\n<meta name=\"twitter:card\" content=\"summary_large_image\" \/>\n<meta name=\"twitter:label1\" content=\"Scritto da\" \/>\n\t<meta name=\"twitter:data1\" content=\"ladyitaliaeconomia\" \/>\n\t<meta name=\"twitter:label2\" content=\"Tempo di lettura stimato\" \/>\n\t<meta name=\"twitter:data2\" content=\"3 minuti\" \/>\n<script type=\"application\/ld+json\" class=\"yoast-schema-graph\">{\"@context\":\"https:\/\/schema.org\",\"@graph\":[{\"@type\":\"WebPage\",\"@id\":\"https:\/\/www.italiaeconomiaonline.it\/web\/istituto-europeo-di-innovazione-e-tecnologia-la-commissione-plaude-allaccordo-politico-sulla-strategia-2021-2027\/\",\"url\":\"https:\/\/www.italiaeconomiaonline.it\/web\/istituto-europeo-di-innovazione-e-tecnologia-la-commissione-plaude-allaccordo-politico-sulla-strategia-2021-2027\/\",\"name\":\"Istituto europeo innovazione e tecnologia, la Commissione europea plaude accordo politico sulla strategia 2021-2027 -\",\"isPartOf\":{\"@id\":\"https:\/\/www.italiaeconomiaonline.it\/web\/#website\"},\"primaryImageOfPage\":{\"@id\":\"https:\/\/www.italiaeconomiaonline.it\/web\/istituto-europeo-di-innovazione-e-tecnologia-la-commissione-plaude-allaccordo-politico-sulla-strategia-2021-2027\/#primaryimage\"},\"image\":{\"@id\":\"https:\/\/www.italiaeconomiaonline.it\/web\/istituto-europeo-di-innovazione-e-tecnologia-la-commissione-plaude-allaccordo-politico-sulla-strategia-2021-2027\/#primaryimage\"},\"thumbnailUrl\":\"https:\/\/www.italiaeconomiaonline.it\/web\/wp-content\/uploads\/2019\/10\/innovazione-tecnologia-internet.jpg\",\"datePublished\":\"2021-01-29T10:34:49+00:00\",\"dateModified\":\"2021-01-29T10:40:36+00:00\",\"author\":{\"@id\":\"https:\/\/www.italiaeconomiaonline.it\/web\/#\/schema\/person\/909a49cce752523b020fbc37d5ab1c31\"},\"breadcrumb\":{\"@id\":\"https:\/\/www.italiaeconomiaonline.it\/web\/istituto-europeo-di-innovazione-e-tecnologia-la-commissione-plaude-allaccordo-politico-sulla-strategia-2021-2027\/#breadcrumb\"},\"inLanguage\":\"it-IT\",\"potentialAction\":[{\"@type\":\"ReadAction\",\"target\":[\"https:\/\/www.italiaeconomiaonline.it\/web\/istituto-europeo-di-innovazione-e-tecnologia-la-commissione-plaude-allaccordo-politico-sulla-strategia-2021-2027\/\"]}]},{\"@type\":\"ImageObject\",\"inLanguage\":\"it-IT\",\"@id\":\"https:\/\/www.italiaeconomiaonline.it\/web\/istituto-europeo-di-innovazione-e-tecnologia-la-commissione-plaude-allaccordo-politico-sulla-strategia-2021-2027\/#primaryimage\",\"url\":\"https:\/\/www.italiaeconomiaonline.it\/web\/wp-content\/uploads\/2019\/10\/innovazione-tecnologia-internet.jpg\",\"contentUrl\":\"https:\/\/www.italiaeconomiaonline.it\/web\/wp-content\/uploads\/2019\/10\/innovazione-tecnologia-internet.jpg\",\"width\":960,\"height\":601},{\"@type\":\"BreadcrumbList\",\"@id\":\"https:\/\/www.italiaeconomiaonline.it\/web\/istituto-europeo-di-innovazione-e-tecnologia-la-commissione-plaude-allaccordo-politico-sulla-strategia-2021-2027\/#breadcrumb\",\"itemListElement\":[{\"@type\":\"ListItem\",\"position\":1,\"name\":\"Home\",\"item\":\"https:\/\/www.italiaeconomiaonline.it\/web\/\"},{\"@type\":\"ListItem\",\"position\":2,\"name\":\"Istituto europeo innovazione e tecnologia, la Commissione europea plaude accordo politico sulla strategia 2021-2027\"}]},{\"@type\":\"WebSite\",\"@id\":\"https:\/\/www.italiaeconomiaonline.it\/web\/#website\",\"url\":\"https:\/\/www.italiaeconomiaonline.it\/web\/\",\"name\":\"ItaliaEconomiaOnline\",\"description\":\"Quotidiano Economico Online\",\"potentialAction\":[{\"@type\":\"SearchAction\",\"target\":{\"@type\":\"EntryPoint\",\"urlTemplate\":\"https:\/\/www.italiaeconomiaonline.it\/web\/?s={search_term_string}\"},\"query-input\":\"required name=search_term_string\"}],\"inLanguage\":\"it-IT\"},{\"@type\":\"Person\",\"@id\":\"https:\/\/www.italiaeconomiaonline.it\/web\/#\/schema\/person\/909a49cce752523b020fbc37d5ab1c31\",\"name\":\"ladyitaliaeconomia\",\"image\":{\"@type\":\"ImageObject\",\"inLanguage\":\"it-IT\",\"@id\":\"https:\/\/www.italiaeconomiaonline.it\/web\/#\/schema\/person\/image\/\",\"url\":\"https:\/\/secure.gravatar.com\/avatar\/cedca10ce7416a579b9fa6bce9c0a8f2?s=96&d=mm&r=g\",\"contentUrl\":\"https:\/\/secure.gravatar.com\/avatar\/cedca10ce7416a579b9fa6bce9c0a8f2?s=96&d=mm&r=g\",\"caption\":\"ladyitaliaeconomia\"},\"url\":\"https:\/\/www.italiaeconomiaonline.it\/web\/author\/ladyitaliaeconomia\/\"}]}<\/script>\n<!-- \/ Yoast SEO plugin. -->","yoast_head_json":{"title":"Istituto europeo innovazione e tecnologia, la Commissione europea plaude accordo politico sulla strategia 2021-2027 -","robots":{"index":"index","follow":"follow","max-snippet":"max-snippet:-1","max-image-preview":"max-image-preview:large","max-video-preview":"max-video-preview:-1"},"canonical":"https:\/\/www.italiaeconomiaonline.it\/web\/istituto-europeo-di-innovazione-e-tecnologia-la-commissione-plaude-allaccordo-politico-sulla-strategia-2021-2027\/","og_locale":"it_IT","og_type":"article","og_title":"Istituto europeo innovazione e tecnologia, la Commissione europea plaude accordo politico sulla strategia 2021-2027 -","og_description":"La Commissione europea ha accolto con favore l&#8217;accordo politico raggiunto ieri tra il Parlamento europeo e gli Stati membri dell&#8217;UE su un aggiornamento della base giuridica dell&#8217;Istituto europeo di innovazione e tecnologia (EIT) e sulla nuova agenda strategica per l&#8217;innovazione dell&#8217;EIT per il 2021-2027. La Commissione europea ha accolto con favore l&#8217;accordo politico raggiunto ieri [&hellip;]","og_url":"https:\/\/www.italiaeconomiaonline.it\/web\/istituto-europeo-di-innovazione-e-tecnologia-la-commissione-plaude-allaccordo-politico-sulla-strategia-2021-2027\/","og_site_name":"ItaliaEconomiaOnline","article_published_time":"2021-01-29T10:34:49+00:00","article_modified_time":"2021-01-29T10:40:36+00:00","og_image":[{"width":960,"height":601,"url":"https:\/\/www.italiaeconomiaonline.it\/web\/wp-content\/uploads\/2019\/10\/innovazione-tecnologia-internet.jpg","type":"image\/jpeg"}],"author":"ladyitaliaeconomia","twitter_card":"summary_large_image","twitter_misc":{"Scritto da":"ladyitaliaeconomia","Tempo di lettura stimato":"3 minuti"},"schema":{"@context":"https:\/\/schema.org","@graph":[{"@type":"WebPage","@id":"https:\/\/www.italiaeconomiaonline.it\/web\/istituto-europeo-di-innovazione-e-tecnologia-la-commissione-plaude-allaccordo-politico-sulla-strategia-2021-2027\/","url":"https:\/\/www.italiaeconomiaonline.it\/web\/istituto-europeo-di-innovazione-e-tecnologia-la-commissione-plaude-allaccordo-politico-sulla-strategia-2021-2027\/","name":"Istituto europeo innovazione e tecnologia, la Commissione europea plaude accordo politico sulla strategia 2021-2027 -","isPartOf":{"@id":"https:\/\/www.italiaeconomiaonline.it\/web\/#website"},"primaryImageOfPage":{"@id":"https:\/\/www.italiaeconomiaonline.it\/web\/istituto-europeo-di-innovazione-e-tecnologia-la-commissione-plaude-allaccordo-politico-sulla-strategia-2021-2027\/#primaryimage"},"image":{"@id":"https:\/\/www.italiaeconomiaonline.it\/web\/istituto-europeo-di-innovazione-e-tecnologia-la-commissione-plaude-allaccordo-politico-sulla-strategia-2021-2027\/#primaryimage"},"thumbnailUrl":"https:\/\/www.italiaeconomiaonline.it\/web\/wp-content\/uploads\/2019\/10\/innovazione-tecnologia-internet.jpg","datePublished":"2021-01-29T10:34:49+00:00","dateModified":"2021-01-29T10:40:36+00:00","author":{"@id":"https:\/\/www.italiaeconomiaonline.it\/web\/#\/schema\/person\/909a49cce752523b020fbc37d5ab1c31"},"breadcrumb":{"@id":"https:\/\/www.italiaeconomiaonline.it\/web\/istituto-europeo-di-innovazione-e-tecnologia-la-commissione-plaude-allaccordo-politico-sulla-strategia-2021-2027\/#breadcrumb"},"inLanguage":"it-IT","potentialAction":[{"@type":"ReadAction","target":["https:\/\/www.italiaeconomiaonline.it\/web\/istituto-europeo-di-innovazione-e-tecnologia-la-commissione-plaude-allaccordo-politico-sulla-strategia-2021-2027\/"]}]},{"@type":"ImageObject","inLanguage":"it-IT","@id":"https:\/\/www.italiaeconomiaonline.it\/web\/istituto-europeo-di-innovazione-e-tecnologia-la-commissione-plaude-allaccordo-politico-sulla-strategia-2021-2027\/#primaryimage","url":"https:\/\/www.italiaeconomiaonline.it\/web\/wp-content\/uploads\/2019\/10\/innovazione-tecnologia-internet.jpg","contentUrl":"https:\/\/www.italiaeconomiaonline.it\/web\/wp-content\/uploads\/2019\/10\/innovazione-tecnologia-internet.jpg","width":960,"height":601},{"@type":"BreadcrumbList","@id":"https:\/\/www.italiaeconomiaonline.it\/web\/istituto-europeo-di-innovazione-e-tecnologia-la-commissione-plaude-allaccordo-politico-sulla-strategia-2021-2027\/#breadcrumb","itemListElement":[{"@type":"ListItem","position":1,"name":"Home","item":"https:\/\/www.italiaeconomiaonline.it\/web\/"},{"@type":"ListItem","position":2,"name":"Istituto europeo innovazione e tecnologia, la Commissione europea plaude accordo politico sulla strategia 2021-2027"}]},{"@type":"WebSite","@id":"https:\/\/www.italiaeconomiaonline.it\/web\/#website","url":"https:\/\/www.italiaeconomiaonline.it\/web\/","name":"ItaliaEconomiaOnline","description":"Quotidiano Economico Online","potentialAction":[{"@type":"SearchAction","target":{"@type":"EntryPoint","urlTemplate":"https:\/\/www.italiaeconomiaonline.it\/web\/?s={search_term_string}"},"query-input":"required name=search_term_string"}],"inLanguage":"it-IT"},{"@type":"Person","@id":"https:\/\/www.italiaeconomiaonline.it\/web\/#\/schema\/person\/909a49cce752523b020fbc37d5ab1c31","name":"ladyitaliaeconomia","image":{"@type":"ImageObject","inLanguage":"it-IT","@id":"https:\/\/www.italiaeconomiaonline.it\/web\/#\/schema\/person\/image\/","url":"https:\/\/secure.gravatar.com\/avatar\/cedca10ce7416a579b9fa6bce9c0a8f2?s=96&d=mm&r=g","contentUrl":"https:\/\/secure.gravatar.com\/avatar\/cedca10ce7416a579b9fa6bce9c0a8f2?s=96&d=mm&r=g","caption":"ladyitaliaeconomia"},"url":"https:\/\/www.italiaeconomiaonline.it\/web\/author\/ladyitaliaeconomia\/"}]}},"_links":{"self":[{"href":"https:\/\/www.italiaeconomiaonline.it\/web\/wp-json\/wp\/v2\/posts\/5242"}],"collection":[{"href":"https:\/\/www.italiaeconomiaonline.it\/web\/wp-json\/wp\/v2\/posts"}],"about":[{"href":"https:\/\/www.italiaeconomiaonline.it\/web\/wp-json\/wp\/v2\/types\/post"}],"author":[{"embeddable":true,"href":"https:\/\/www.italiaeconomiaonline.it\/web\/wp-json\/wp\/v2\/users\/1"}],"replies":[{"embeddable":true,"href":"https:\/\/www.italiaeconomiaonline.it\/web\/wp-json\/wp\/v2\/comments?post=5242"}],"version-history":[{"count":3,"href":"https:\/\/www.italiaeconomiaonline.it\/web\/wp-json\/wp\/v2\/posts\/5242\/revisions"}],"predecessor-version":[{"id":5245,"href":"https:\/\/www.italiaeconomiaonline.it\/web\/wp-json\/wp\/v2\/posts\/5242\/revisions\/5245"}],"wp:featuredmedia":[{"embeddable":true,"href":"https:\/\/www.italiaeconomiaonline.it\/web\/wp-json\/wp\/v2\/media\/1921"}],"wp:attachment":[{"href":"https:\/\/www.italiaeconomiaonline.it\/web\/wp-json\/wp\/v2\/media?parent=5242"}],"wp:term":[{"taxonomy":"category","embeddable":true,"href":"https:\/\/www.italiaeconomiaonline.it\/web\/wp-json\/wp\/v2\/categories?post=5242"},{"taxonomy":"post_tag","embeddable":true,"href":"https:\/\/www.italiaeconomiaonline.it\/web\/wp-json\/wp\/v2\/tags?post=5242"}],"curies":[{"name":"wp","href":"https:\/\/api.w.org\/{rel}","templated":true}]}}