{"id":5303,"date":"2021-02-04T16:11:56","date_gmt":"2021-02-04T15:11:56","guid":{"rendered":"http:\/\/www.italiaeconomiaonline.it\/web\/?p=5303"},"modified":"2021-02-04T16:11:56","modified_gmt":"2021-02-04T15:11:56","slug":"cna-soddisfatti-per-lincarico-affidato-al-professor-draghi","status":"publish","type":"post","link":"https:\/\/www.italiaeconomiaonline.it\/web\/cna-soddisfatti-per-lincarico-affidato-al-professor-draghi\/","title":{"rendered":"CNA: \u201cSoddisfatti per l\u2019incarico affidato al professor Draghi&#8221;"},"content":{"rendered":"<p><span class=\"dropcap dropcap3\">C<\/span>NA esprime soddisfazione per l\u2019incarico di costituire un nuovo governo affidato al professor Mario Draghi dal presidente della Repubblica, Sergio Mattarella. La Confederazione auspica che questo tentativo possa essere coronato da successo.<\/p>\n<p>Il professor Draghi pu\u00f2 garantire alla crisi una soluzione di alto profilo coinvolgendo personalit\u00e0 di livello qualitativo adeguato alla molteplicit\u00e0 e alla complessit\u00e0 degli ostacoli da affrontare: dalla emergenza sanitaria alla definizione del Recovery Plan, anche per sciogliere i tanti nodi strutturali rimasti irrisolti da troppo tempo che, al momento in cui \u00e8 arrivata la pandemia, non avevano ancora permesso all\u2019Italia di uscire dalla crisi finanziaria scoppiata nel 2008.<\/p>\n<p>CNA \u00e8 fiduciosa che un governo a guida Draghi possa essere sorretto da una maggioranza parlamentare ampia e solida, in grado di rappresentare sensibilit\u00e0 diverse. A livello programmatico, la Confederazione propone, e spera convintamente, che le esigenze degli artigiani e delle piccole imprese siano al centro delle politiche governative per esaltare la funzione sociale ed economica gi\u00e0 oggi svolta dai \u2018piccoli\u2019 con impegno e sacrificio enormi.<\/p>\n<p>CNA auspica che il professor Draghi voglia coinvolgere nella sua strategia le forze sociali pi\u00f9 rappresentative convocandoci per chiedere il nostro contributo che saremo pronti a offrire anche nell\u2019interesse generale dell\u2019Italia\u201d.<\/p>\n<p>&nbsp;<\/p>\n","protected":false},"excerpt":{"rendered":"<p>CNA esprime soddisfazione per l\u2019incarico di costituire un nuovo governo affidato al professor Mario Draghi dal presidente della Repubblica, Sergio Mattarella. La Confederazione auspica che questo tentativo possa essere coronato da successo. Il professor Draghi pu\u00f2 garantire alla crisi una soluzione di alto profilo coinvolgendo personalit\u00e0 di livello qualitativo adeguato alla molteplicit\u00e0 e alla complessit\u00e0 [&hellip;]<\/p>\n","protected":false},"author":1,"featured_media":2032,"comment_status":"closed","ping_status":"open","sticky":false,"template":"","format":"standard","meta":{"footnotes":""},"categories":[363],"tags":[425,1572,193],"yoast_head":"<!-- This site is optimized with the Yoast SEO plugin v22.2 - https:\/\/yoast.com\/wordpress\/plugins\/seo\/ -->\n<title>CNA: \u201cSoddisfatti per l\u2019incarico affidato al professor Draghi&quot; -<\/title>\n<meta name=\"robots\" content=\"index, follow, max-snippet:-1, max-image-preview:large, max-video-preview:-1\" \/>\n<link rel=\"canonical\" href=\"https:\/\/www.italiaeconomiaonline.it\/web\/cna-soddisfatti-per-lincarico-affidato-al-professor-draghi\/\" \/>\n<meta property=\"og:locale\" content=\"it_IT\" \/>\n<meta property=\"og:type\" content=\"article\" \/>\n<meta property=\"og:title\" content=\"CNA: \u201cSoddisfatti per l\u2019incarico affidato al professor Draghi&quot; -\" \/>\n<meta property=\"og:description\" content=\"CNA esprime soddisfazione per l\u2019incarico di costituire un nuovo governo affidato al professor Mario Draghi dal presidente della Repubblica, Sergio Mattarella. La Confederazione auspica che questo tentativo possa essere coronato da successo. Il professor Draghi pu\u00f2 garantire alla crisi una soluzione di alto profilo coinvolgendo personalit\u00e0 di livello qualitativo adeguato alla molteplicit\u00e0 e alla complessit\u00e0 [&hellip;]\" \/>\n<meta property=\"og:url\" content=\"https:\/\/www.italiaeconomiaonline.it\/web\/cna-soddisfatti-per-lincarico-affidato-al-professor-draghi\/\" \/>\n<meta property=\"og:site_name\" content=\"ItaliaEconomiaOnline\" \/>\n<meta property=\"article:published_time\" content=\"2021-02-04T15:11:56+00:00\" \/>\n<meta property=\"og:image\" content=\"https:\/\/www.italiaeconomiaonline.it\/web\/wp-content\/uploads\/2019\/11\/impresa-lavoro-ufficio-banca.jpg\" \/>\n\t<meta property=\"og:image:width\" content=\"960\" \/>\n\t<meta property=\"og:image:height\" content=\"640\" \/>\n\t<meta property=\"og:image:type\" content=\"image\/jpeg\" \/>\n<meta name=\"author\" content=\"ladyitaliaeconomia\" \/>\n<meta name=\"twitter:card\" content=\"summary_large_image\" \/>\n<meta name=\"twitter:label1\" content=\"Scritto da\" \/>\n\t<meta name=\"twitter:data1\" content=\"ladyitaliaeconomia\" \/>\n\t<meta name=\"twitter:label2\" content=\"Tempo di lettura stimato\" \/>\n\t<meta name=\"twitter:data2\" content=\"1 minuto\" \/>\n<script type=\"application\/ld+json\" class=\"yoast-schema-graph\">{\"@context\":\"https:\/\/schema.org\",\"@graph\":[{\"@type\":\"WebPage\",\"@id\":\"https:\/\/www.italiaeconomiaonline.it\/web\/cna-soddisfatti-per-lincarico-affidato-al-professor-draghi\/\",\"url\":\"https:\/\/www.italiaeconomiaonline.it\/web\/cna-soddisfatti-per-lincarico-affidato-al-professor-draghi\/\",\"name\":\"CNA: \u201cSoddisfatti per l\u2019incarico affidato al professor Draghi\\\" -\",\"isPartOf\":{\"@id\":\"https:\/\/www.italiaeconomiaonline.it\/web\/#website\"},\"primaryImageOfPage\":{\"@id\":\"https:\/\/www.italiaeconomiaonline.it\/web\/cna-soddisfatti-per-lincarico-affidato-al-professor-draghi\/#primaryimage\"},\"image\":{\"@id\":\"https:\/\/www.italiaeconomiaonline.it\/web\/cna-soddisfatti-per-lincarico-affidato-al-professor-draghi\/#primaryimage\"},\"thumbnailUrl\":\"https:\/\/www.italiaeconomiaonline.it\/web\/wp-content\/uploads\/2019\/11\/impresa-lavoro-ufficio-banca.jpg\",\"datePublished\":\"2021-02-04T15:11:56+00:00\",\"dateModified\":\"2021-02-04T15:11:56+00:00\",\"author\":{\"@id\":\"https:\/\/www.italiaeconomiaonline.it\/web\/#\/schema\/person\/909a49cce752523b020fbc37d5ab1c31\"},\"breadcrumb\":{\"@id\":\"https:\/\/www.italiaeconomiaonline.it\/web\/cna-soddisfatti-per-lincarico-affidato-al-professor-draghi\/#breadcrumb\"},\"inLanguage\":\"it-IT\",\"potentialAction\":[{\"@type\":\"ReadAction\",\"target\":[\"https:\/\/www.italiaeconomiaonline.it\/web\/cna-soddisfatti-per-lincarico-affidato-al-professor-draghi\/\"]}]},{\"@type\":\"ImageObject\",\"inLanguage\":\"it-IT\",\"@id\":\"https:\/\/www.italiaeconomiaonline.it\/web\/cna-soddisfatti-per-lincarico-affidato-al-professor-draghi\/#primaryimage\",\"url\":\"https:\/\/www.italiaeconomiaonline.it\/web\/wp-content\/uploads\/2019\/11\/impresa-lavoro-ufficio-banca.jpg\",\"contentUrl\":\"https:\/\/www.italiaeconomiaonline.it\/web\/wp-content\/uploads\/2019\/11\/impresa-lavoro-ufficio-banca.jpg\",\"width\":960,\"height\":640},{\"@type\":\"BreadcrumbList\",\"@id\":\"https:\/\/www.italiaeconomiaonline.it\/web\/cna-soddisfatti-per-lincarico-affidato-al-professor-draghi\/#breadcrumb\",\"itemListElement\":[{\"@type\":\"ListItem\",\"position\":1,\"name\":\"Home\",\"item\":\"https:\/\/www.italiaeconomiaonline.it\/web\/\"},{\"@type\":\"ListItem\",\"position\":2,\"name\":\"CNA: \u201cSoddisfatti per l\u2019incarico affidato al professor Draghi&#8221;\"}]},{\"@type\":\"WebSite\",\"@id\":\"https:\/\/www.italiaeconomiaonline.it\/web\/#website\",\"url\":\"https:\/\/www.italiaeconomiaonline.it\/web\/\",\"name\":\"ItaliaEconomiaOnline\",\"description\":\"Quotidiano Economico Online\",\"potentialAction\":[{\"@type\":\"SearchAction\",\"target\":{\"@type\":\"EntryPoint\",\"urlTemplate\":\"https:\/\/www.italiaeconomiaonline.it\/web\/?s={search_term_string}\"},\"query-input\":\"required name=search_term_string\"}],\"inLanguage\":\"it-IT\"},{\"@type\":\"Person\",\"@id\":\"https:\/\/www.italiaeconomiaonline.it\/web\/#\/schema\/person\/909a49cce752523b020fbc37d5ab1c31\",\"name\":\"ladyitaliaeconomia\",\"image\":{\"@type\":\"ImageObject\",\"inLanguage\":\"it-IT\",\"@id\":\"https:\/\/www.italiaeconomiaonline.it\/web\/#\/schema\/person\/image\/\",\"url\":\"https:\/\/secure.gravatar.com\/avatar\/cedca10ce7416a579b9fa6bce9c0a8f2?s=96&d=mm&r=g\",\"contentUrl\":\"https:\/\/secure.gravatar.com\/avatar\/cedca10ce7416a579b9fa6bce9c0a8f2?s=96&d=mm&r=g\",\"caption\":\"ladyitaliaeconomia\"},\"url\":\"https:\/\/www.italiaeconomiaonline.it\/web\/author\/ladyitaliaeconomia\/\"}]}<\/script>\n<!-- \/ Yoast SEO plugin. -->","yoast_head_json":{"title":"CNA: \u201cSoddisfatti per l\u2019incarico affidato al professor Draghi\" -","robots":{"index":"index","follow":"follow","max-snippet":"max-snippet:-1","max-image-preview":"max-image-preview:large","max-video-preview":"max-video-preview:-1"},"canonical":"https:\/\/www.italiaeconomiaonline.it\/web\/cna-soddisfatti-per-lincarico-affidato-al-professor-draghi\/","og_locale":"it_IT","og_type":"article","og_title":"CNA: \u201cSoddisfatti per l\u2019incarico affidato al professor Draghi\" -","og_description":"CNA esprime soddisfazione per l\u2019incarico di costituire un nuovo governo affidato al professor Mario Draghi dal presidente della Repubblica, Sergio Mattarella. La Confederazione auspica che questo tentativo possa essere coronato da successo. Il professor Draghi pu\u00f2 garantire alla crisi una soluzione di alto profilo coinvolgendo personalit\u00e0 di livello qualitativo adeguato alla molteplicit\u00e0 e alla complessit\u00e0 [&hellip;]","og_url":"https:\/\/www.italiaeconomiaonline.it\/web\/cna-soddisfatti-per-lincarico-affidato-al-professor-draghi\/","og_site_name":"ItaliaEconomiaOnline","article_published_time":"2021-02-04T15:11:56+00:00","og_image":[{"width":960,"height":640,"url":"https:\/\/www.italiaeconomiaonline.it\/web\/wp-content\/uploads\/2019\/11\/impresa-lavoro-ufficio-banca.jpg","type":"image\/jpeg"}],"author":"ladyitaliaeconomia","twitter_card":"summary_large_image","twitter_misc":{"Scritto da":"ladyitaliaeconomia","Tempo di lettura stimato":"1 minuto"},"schema":{"@context":"https:\/\/schema.org","@graph":[{"@type":"WebPage","@id":"https:\/\/www.italiaeconomiaonline.it\/web\/cna-soddisfatti-per-lincarico-affidato-al-professor-draghi\/","url":"https:\/\/www.italiaeconomiaonline.it\/web\/cna-soddisfatti-per-lincarico-affidato-al-professor-draghi\/","name":"CNA: \u201cSoddisfatti per l\u2019incarico affidato al professor Draghi\" -","isPartOf":{"@id":"https:\/\/www.italiaeconomiaonline.it\/web\/#website"},"primaryImageOfPage":{"@id":"https:\/\/www.italiaeconomiaonline.it\/web\/cna-soddisfatti-per-lincarico-affidato-al-professor-draghi\/#primaryimage"},"image":{"@id":"https:\/\/www.italiaeconomiaonline.it\/web\/cna-soddisfatti-per-lincarico-affidato-al-professor-draghi\/#primaryimage"},"thumbnailUrl":"https:\/\/www.italiaeconomiaonline.it\/web\/wp-content\/uploads\/2019\/11\/impresa-lavoro-ufficio-banca.jpg","datePublished":"2021-02-04T15:11:56+00:00","dateModified":"2021-02-04T15:11:56+00:00","author":{"@id":"https:\/\/www.italiaeconomiaonline.it\/web\/#\/schema\/person\/909a49cce752523b020fbc37d5ab1c31"},"breadcrumb":{"@id":"https:\/\/www.italiaeconomiaonline.it\/web\/cna-soddisfatti-per-lincarico-affidato-al-professor-draghi\/#breadcrumb"},"inLanguage":"it-IT","potentialAction":[{"@type":"ReadAction","target":["https:\/\/www.italiaeconomiaonline.it\/web\/cna-soddisfatti-per-lincarico-affidato-al-professor-draghi\/"]}]},{"@type":"ImageObject","inLanguage":"it-IT","@id":"https:\/\/www.italiaeconomiaonline.it\/web\/cna-soddisfatti-per-lincarico-affidato-al-professor-draghi\/#primaryimage","url":"https:\/\/www.italiaeconomiaonline.it\/web\/wp-content\/uploads\/2019\/11\/impresa-lavoro-ufficio-banca.jpg","contentUrl":"https:\/\/www.italiaeconomiaonline.it\/web\/wp-content\/uploads\/2019\/11\/impresa-lavoro-ufficio-banca.jpg","width":960,"height":640},{"@type":"BreadcrumbList","@id":"https:\/\/www.italiaeconomiaonline.it\/web\/cna-soddisfatti-per-lincarico-affidato-al-professor-draghi\/#breadcrumb","itemListElement":[{"@type":"ListItem","position":1,"name":"Home","item":"https:\/\/www.italiaeconomiaonline.it\/web\/"},{"@type":"ListItem","position":2,"name":"CNA: \u201cSoddisfatti per l\u2019incarico affidato al professor Draghi&#8221;"}]},{"@type":"WebSite","@id":"https:\/\/www.italiaeconomiaonline.it\/web\/#website","url":"https:\/\/www.italiaeconomiaonline.it\/web\/","name":"ItaliaEconomiaOnline","description":"Quotidiano Economico Online","potentialAction":[{"@type":"SearchAction","target":{"@type":"EntryPoint","urlTemplate":"https:\/\/www.italiaeconomiaonline.it\/web\/?s={search_term_string}"},"query-input":"required name=search_term_string"}],"inLanguage":"it-IT"},{"@type":"Person","@id":"https:\/\/www.italiaeconomiaonline.it\/web\/#\/schema\/person\/909a49cce752523b020fbc37d5ab1c31","name":"ladyitaliaeconomia","image":{"@type":"ImageObject","inLanguage":"it-IT","@id":"https:\/\/www.italiaeconomiaonline.it\/web\/#\/schema\/person\/image\/","url":"https:\/\/secure.gravatar.com\/avatar\/cedca10ce7416a579b9fa6bce9c0a8f2?s=96&d=mm&r=g","contentUrl":"https:\/\/secure.gravatar.com\/avatar\/cedca10ce7416a579b9fa6bce9c0a8f2?s=96&d=mm&r=g","caption":"ladyitaliaeconomia"},"url":"https:\/\/www.italiaeconomiaonline.it\/web\/author\/ladyitaliaeconomia\/"}]}},"_links":{"self":[{"href":"https:\/\/www.italiaeconomiaonline.it\/web\/wp-json\/wp\/v2\/posts\/5303"}],"collection":[{"href":"https:\/\/www.italiaeconomiaonline.it\/web\/wp-json\/wp\/v2\/posts"}],"about":[{"href":"https:\/\/www.italiaeconomiaonline.it\/web\/wp-json\/wp\/v2\/types\/post"}],"author":[{"embeddable":true,"href":"https:\/\/www.italiaeconomiaonline.it\/web\/wp-json\/wp\/v2\/users\/1"}],"replies":[{"embeddable":true,"href":"https:\/\/www.italiaeconomiaonline.it\/web\/wp-json\/wp\/v2\/comments?post=5303"}],"version-history":[{"count":1,"href":"https:\/\/www.italiaeconomiaonline.it\/web\/wp-json\/wp\/v2\/posts\/5303\/revisions"}],"predecessor-version":[{"id":5304,"href":"https:\/\/www.italiaeconomiaonline.it\/web\/wp-json\/wp\/v2\/posts\/5303\/revisions\/5304"}],"wp:featuredmedia":[{"embeddable":true,"href":"https:\/\/www.italiaeconomiaonline.it\/web\/wp-json\/wp\/v2\/media\/2032"}],"wp:attachment":[{"href":"https:\/\/www.italiaeconomiaonline.it\/web\/wp-json\/wp\/v2\/media?parent=5303"}],"wp:term":[{"taxonomy":"category","embeddable":true,"href":"https:\/\/www.italiaeconomiaonline.it\/web\/wp-json\/wp\/v2\/categories?post=5303"},{"taxonomy":"post_tag","embeddable":true,"href":"https:\/\/www.italiaeconomiaonline.it\/web\/wp-json\/wp\/v2\/tags?post=5303"}],"curies":[{"name":"wp","href":"https:\/\/api.w.org\/{rel}","templated":true}]}}