{"id":5308,"date":"2021-02-04T16:24:22","date_gmt":"2021-02-04T15:24:22","guid":{"rendered":"http:\/\/www.italiaeconomiaonline.it\/web\/?p=5308"},"modified":"2021-02-04T16:25:47","modified_gmt":"2021-02-04T15:25:47","slug":"nasce-professionitaliane-oggi-la-firma-dello-statuto-che-sancisce-la-nascita-dellassociazione","status":"publish","type":"post","link":"https:\/\/www.italiaeconomiaonline.it\/web\/nasce-professionitaliane-oggi-la-firma-dello-statuto-che-sancisce-la-nascita-dellassociazione\/","title":{"rendered":"Nasce \u201cProfessionItaliane\u201d Oggi la firma dello Statuto che sancisce la nascita dell\u2019Associazione"},"content":{"rendered":"<p><span class=\"dropcap dropcap3\">\u00c8<\/span> nata oggi a Roma, con la firma dello Statuto avvenuta presso la sede del Consiglio Nazionale Ingegneri, l\u2019Associazione \u201cProfessionItaliane\u201d.<\/p>\n<p>Una iniziativa del Comitato unitario delle professioni (Cup) e della Rete delle professioni tecniche (Rpt) alla quale partecipano i Consigli Nazionali degli Ordini e dei Collegi e le Federazioni delle professioni ad essi aderenti.<\/p>\n<p>L\u2019Associazione nasce con lo scopo di rappresentare le istanze dei professionisti italiani e conseguire un pi\u00f9 efficace coordinamento della presenza e della partecipazione istituzionale degli Ordini e dei Collegi, considerando l\u2019importante ruolo che svolgono nella vita economica e sociale del Paese.<\/p>\n<p>\u201cProfessionItaliane\u201d realizzer\u00e0 iniziative unitarie, di rilievo nazionale ed internazionale, per la tutela e la promozione dei valori di libert\u00e0 propri e delle prerogative etiche e morali delle professioni. Ma anche per contribuire al progresso ed alla crescita sostenibile del Paese con le proprie conoscenze scientifiche, tecniche, sanitarie, giuridiche ed economiche. Promuover\u00e0, inoltre, la funzione sociale e sussidiaria di un comparto che contribuisce alla produzione del 12% del Pil.<\/p>\n<p>&#8220;Alla luce dell&#8217;attuale e delicata situazione politica, la firma di questo Statuto \u00e8 un atto importante e non solo simbolico per rivendicare la funzione economica, sociale e sussidiaria dei professionisti iscritti agli Ordini e ai Collegi. Mettiamo a disposizione le nostre competenze per la ripresa del Paese duramente colpito dalla crisi sanitaria ed economica&#8221;, spiegano Marina Calderone, Presidente del Cup, e Armando Zambrano, coordinatore di Rpt. &#8220;Dopo quasi un anno di emergenza, in cui sono state disattese le nostre richieste di essere parte attiva nella definizione delle misure per contrastare il Covid e di poter accedere a tutti gli strumenti di tutela del lavoro e della salute, con questa Associazione vogliamo rappresentare con forza e in maniera unitaria il contributo che \u00e8 in grado di dare chi conosce bene il tessuto produttivo, le sue difficolt\u00e0 e ha gli strumenti per favorire le semplificazioni necessarie.<\/p>\n<p>In vista delle prossime consultazioni con le parti sociali, siamo a disposizione del Presidente incaricato di formare il nuovo Governo, Mario Draghi, cui auguriamo buon lavoro&#8221;, concludono. \u201cProfessionItaliane\u201d realizzer\u00e0, inoltre, studi tematici negli ambiti di propria competenza e si far\u00e0 promotrice di una rinnovata attivit\u00e0 informativa sul ruolo delle professioni. Lo Statuto \u00e8 stato firmato da Marina Calderone per il CUP e da Armando Zambrano per la RPT. Armando Zambrano ha assunto la carica di \u201cPresidente di ProfessionItaliane\u201d e Marina Calderone quella di Vice Presidente.<\/p>\n","protected":false},"excerpt":{"rendered":"<p>\u00c8 nata oggi a Roma, con la firma dello Statuto avvenuta presso la sede del Consiglio Nazionale Ingegneri, l\u2019Associazione \u201cProfessionItaliane\u201d. Una iniziativa del Comitato unitario delle professioni (Cup) e della Rete delle professioni tecniche (Rpt) alla quale partecipano i Consigli Nazionali degli Ordini e dei Collegi e le Federazioni delle professioni ad essi aderenti. L\u2019Associazione [&hellip;]<\/p>\n","protected":false},"author":1,"featured_media":3716,"comment_status":"closed","ping_status":"open","sticky":false,"template":"","format":"standard","meta":{"footnotes":""},"categories":[1265],"tags":[],"yoast_head":"<!-- This site is optimized with the Yoast SEO plugin v22.2 - https:\/\/yoast.com\/wordpress\/plugins\/seo\/ -->\n<title>Nasce \u201cProfessionItaliane\u201d Oggi la firma dello Statuto che sancisce la nascita dell\u2019Associazione -<\/title>\n<meta name=\"robots\" content=\"index, follow, max-snippet:-1, max-image-preview:large, max-video-preview:-1\" \/>\n<link rel=\"canonical\" href=\"https:\/\/www.italiaeconomiaonline.it\/web\/nasce-professionitaliane-oggi-la-firma-dello-statuto-che-sancisce-la-nascita-dellassociazione\/\" \/>\n<meta property=\"og:locale\" content=\"it_IT\" \/>\n<meta property=\"og:type\" content=\"article\" \/>\n<meta property=\"og:title\" content=\"Nasce \u201cProfessionItaliane\u201d Oggi la firma dello Statuto che sancisce la nascita dell\u2019Associazione -\" \/>\n<meta property=\"og:description\" content=\"\u00c8 nata oggi a Roma, con la firma dello Statuto avvenuta presso la sede del Consiglio Nazionale Ingegneri, l\u2019Associazione \u201cProfessionItaliane\u201d. Una iniziativa del Comitato unitario delle professioni (Cup) e della Rete delle professioni tecniche (Rpt) alla quale partecipano i Consigli Nazionali degli Ordini e dei Collegi e le Federazioni delle professioni ad essi aderenti. L\u2019Associazione [&hellip;]\" \/>\n<meta property=\"og:url\" content=\"https:\/\/www.italiaeconomiaonline.it\/web\/nasce-professionitaliane-oggi-la-firma-dello-statuto-che-sancisce-la-nascita-dellassociazione\/\" \/>\n<meta property=\"og:site_name\" content=\"ItaliaEconomiaOnline\" \/>\n<meta property=\"article:published_time\" content=\"2021-02-04T15:24:22+00:00\" \/>\n<meta property=\"article:modified_time\" content=\"2021-02-04T15:25:47+00:00\" \/>\n<meta property=\"og:image\" content=\"https:\/\/www.italiaeconomiaonline.it\/web\/wp-content\/uploads\/2020\/07\/Schermata-2020-07-21-alle-12.05.30.png\" \/>\n\t<meta property=\"og:image:width\" content=\"1710\" \/>\n\t<meta property=\"og:image:height\" content=\"924\" \/>\n\t<meta property=\"og:image:type\" content=\"image\/png\" \/>\n<meta name=\"author\" content=\"ladyitaliaeconomia\" \/>\n<meta name=\"twitter:card\" content=\"summary_large_image\" \/>\n<meta name=\"twitter:label1\" content=\"Scritto da\" \/>\n\t<meta name=\"twitter:data1\" content=\"ladyitaliaeconomia\" \/>\n\t<meta name=\"twitter:label2\" content=\"Tempo di lettura stimato\" \/>\n\t<meta name=\"twitter:data2\" content=\"2 minuti\" \/>\n<script type=\"application\/ld+json\" class=\"yoast-schema-graph\">{\"@context\":\"https:\/\/schema.org\",\"@graph\":[{\"@type\":\"WebPage\",\"@id\":\"https:\/\/www.italiaeconomiaonline.it\/web\/nasce-professionitaliane-oggi-la-firma-dello-statuto-che-sancisce-la-nascita-dellassociazione\/\",\"url\":\"https:\/\/www.italiaeconomiaonline.it\/web\/nasce-professionitaliane-oggi-la-firma-dello-statuto-che-sancisce-la-nascita-dellassociazione\/\",\"name\":\"Nasce \u201cProfessionItaliane\u201d Oggi la firma dello Statuto che sancisce la nascita dell\u2019Associazione -\",\"isPartOf\":{\"@id\":\"https:\/\/www.italiaeconomiaonline.it\/web\/#website\"},\"primaryImageOfPage\":{\"@id\":\"https:\/\/www.italiaeconomiaonline.it\/web\/nasce-professionitaliane-oggi-la-firma-dello-statuto-che-sancisce-la-nascita-dellassociazione\/#primaryimage\"},\"image\":{\"@id\":\"https:\/\/www.italiaeconomiaonline.it\/web\/nasce-professionitaliane-oggi-la-firma-dello-statuto-che-sancisce-la-nascita-dellassociazione\/#primaryimage\"},\"thumbnailUrl\":\"https:\/\/www.italiaeconomiaonline.it\/web\/wp-content\/uploads\/2020\/07\/Schermata-2020-07-21-alle-12.05.30.png\",\"datePublished\":\"2021-02-04T15:24:22+00:00\",\"dateModified\":\"2021-02-04T15:25:47+00:00\",\"author\":{\"@id\":\"https:\/\/www.italiaeconomiaonline.it\/web\/#\/schema\/person\/909a49cce752523b020fbc37d5ab1c31\"},\"breadcrumb\":{\"@id\":\"https:\/\/www.italiaeconomiaonline.it\/web\/nasce-professionitaliane-oggi-la-firma-dello-statuto-che-sancisce-la-nascita-dellassociazione\/#breadcrumb\"},\"inLanguage\":\"it-IT\",\"potentialAction\":[{\"@type\":\"ReadAction\",\"target\":[\"https:\/\/www.italiaeconomiaonline.it\/web\/nasce-professionitaliane-oggi-la-firma-dello-statuto-che-sancisce-la-nascita-dellassociazione\/\"]}]},{\"@type\":\"ImageObject\",\"inLanguage\":\"it-IT\",\"@id\":\"https:\/\/www.italiaeconomiaonline.it\/web\/nasce-professionitaliane-oggi-la-firma-dello-statuto-che-sancisce-la-nascita-dellassociazione\/#primaryimage\",\"url\":\"https:\/\/www.italiaeconomiaonline.it\/web\/wp-content\/uploads\/2020\/07\/Schermata-2020-07-21-alle-12.05.30.png\",\"contentUrl\":\"https:\/\/www.italiaeconomiaonline.it\/web\/wp-content\/uploads\/2020\/07\/Schermata-2020-07-21-alle-12.05.30.png\",\"width\":1710,\"height\":924},{\"@type\":\"BreadcrumbList\",\"@id\":\"https:\/\/www.italiaeconomiaonline.it\/web\/nasce-professionitaliane-oggi-la-firma-dello-statuto-che-sancisce-la-nascita-dellassociazione\/#breadcrumb\",\"itemListElement\":[{\"@type\":\"ListItem\",\"position\":1,\"name\":\"Home\",\"item\":\"https:\/\/www.italiaeconomiaonline.it\/web\/\"},{\"@type\":\"ListItem\",\"position\":2,\"name\":\"Nasce \u201cProfessionItaliane\u201d Oggi la firma dello Statuto che sancisce la nascita dell\u2019Associazione\"}]},{\"@type\":\"WebSite\",\"@id\":\"https:\/\/www.italiaeconomiaonline.it\/web\/#website\",\"url\":\"https:\/\/www.italiaeconomiaonline.it\/web\/\",\"name\":\"ItaliaEconomiaOnline\",\"description\":\"Quotidiano Economico Online\",\"potentialAction\":[{\"@type\":\"SearchAction\",\"target\":{\"@type\":\"EntryPoint\",\"urlTemplate\":\"https:\/\/www.italiaeconomiaonline.it\/web\/?s={search_term_string}\"},\"query-input\":\"required name=search_term_string\"}],\"inLanguage\":\"it-IT\"},{\"@type\":\"Person\",\"@id\":\"https:\/\/www.italiaeconomiaonline.it\/web\/#\/schema\/person\/909a49cce752523b020fbc37d5ab1c31\",\"name\":\"ladyitaliaeconomia\",\"image\":{\"@type\":\"ImageObject\",\"inLanguage\":\"it-IT\",\"@id\":\"https:\/\/www.italiaeconomiaonline.it\/web\/#\/schema\/person\/image\/\",\"url\":\"https:\/\/secure.gravatar.com\/avatar\/cedca10ce7416a579b9fa6bce9c0a8f2?s=96&d=mm&r=g\",\"contentUrl\":\"https:\/\/secure.gravatar.com\/avatar\/cedca10ce7416a579b9fa6bce9c0a8f2?s=96&d=mm&r=g\",\"caption\":\"ladyitaliaeconomia\"},\"url\":\"https:\/\/www.italiaeconomiaonline.it\/web\/author\/ladyitaliaeconomia\/\"}]}<\/script>\n<!-- \/ Yoast SEO plugin. -->","yoast_head_json":{"title":"Nasce \u201cProfessionItaliane\u201d Oggi la firma dello Statuto che sancisce la nascita dell\u2019Associazione -","robots":{"index":"index","follow":"follow","max-snippet":"max-snippet:-1","max-image-preview":"max-image-preview:large","max-video-preview":"max-video-preview:-1"},"canonical":"https:\/\/www.italiaeconomiaonline.it\/web\/nasce-professionitaliane-oggi-la-firma-dello-statuto-che-sancisce-la-nascita-dellassociazione\/","og_locale":"it_IT","og_type":"article","og_title":"Nasce \u201cProfessionItaliane\u201d Oggi la firma dello Statuto che sancisce la nascita dell\u2019Associazione -","og_description":"\u00c8 nata oggi a Roma, con la firma dello Statuto avvenuta presso la sede del Consiglio Nazionale Ingegneri, l\u2019Associazione \u201cProfessionItaliane\u201d. Una iniziativa del Comitato unitario delle professioni (Cup) e della Rete delle professioni tecniche (Rpt) alla quale partecipano i Consigli Nazionali degli Ordini e dei Collegi e le Federazioni delle professioni ad essi aderenti. L\u2019Associazione [&hellip;]","og_url":"https:\/\/www.italiaeconomiaonline.it\/web\/nasce-professionitaliane-oggi-la-firma-dello-statuto-che-sancisce-la-nascita-dellassociazione\/","og_site_name":"ItaliaEconomiaOnline","article_published_time":"2021-02-04T15:24:22+00:00","article_modified_time":"2021-02-04T15:25:47+00:00","og_image":[{"width":1710,"height":924,"url":"https:\/\/www.italiaeconomiaonline.it\/web\/wp-content\/uploads\/2020\/07\/Schermata-2020-07-21-alle-12.05.30.png","type":"image\/png"}],"author":"ladyitaliaeconomia","twitter_card":"summary_large_image","twitter_misc":{"Scritto da":"ladyitaliaeconomia","Tempo di lettura stimato":"2 minuti"},"schema":{"@context":"https:\/\/schema.org","@graph":[{"@type":"WebPage","@id":"https:\/\/www.italiaeconomiaonline.it\/web\/nasce-professionitaliane-oggi-la-firma-dello-statuto-che-sancisce-la-nascita-dellassociazione\/","url":"https:\/\/www.italiaeconomiaonline.it\/web\/nasce-professionitaliane-oggi-la-firma-dello-statuto-che-sancisce-la-nascita-dellassociazione\/","name":"Nasce \u201cProfessionItaliane\u201d Oggi la firma dello Statuto che sancisce la nascita dell\u2019Associazione -","isPartOf":{"@id":"https:\/\/www.italiaeconomiaonline.it\/web\/#website"},"primaryImageOfPage":{"@id":"https:\/\/www.italiaeconomiaonline.it\/web\/nasce-professionitaliane-oggi-la-firma-dello-statuto-che-sancisce-la-nascita-dellassociazione\/#primaryimage"},"image":{"@id":"https:\/\/www.italiaeconomiaonline.it\/web\/nasce-professionitaliane-oggi-la-firma-dello-statuto-che-sancisce-la-nascita-dellassociazione\/#primaryimage"},"thumbnailUrl":"https:\/\/www.italiaeconomiaonline.it\/web\/wp-content\/uploads\/2020\/07\/Schermata-2020-07-21-alle-12.05.30.png","datePublished":"2021-02-04T15:24:22+00:00","dateModified":"2021-02-04T15:25:47+00:00","author":{"@id":"https:\/\/www.italiaeconomiaonline.it\/web\/#\/schema\/person\/909a49cce752523b020fbc37d5ab1c31"},"breadcrumb":{"@id":"https:\/\/www.italiaeconomiaonline.it\/web\/nasce-professionitaliane-oggi-la-firma-dello-statuto-che-sancisce-la-nascita-dellassociazione\/#breadcrumb"},"inLanguage":"it-IT","potentialAction":[{"@type":"ReadAction","target":["https:\/\/www.italiaeconomiaonline.it\/web\/nasce-professionitaliane-oggi-la-firma-dello-statuto-che-sancisce-la-nascita-dellassociazione\/"]}]},{"@type":"ImageObject","inLanguage":"it-IT","@id":"https:\/\/www.italiaeconomiaonline.it\/web\/nasce-professionitaliane-oggi-la-firma-dello-statuto-che-sancisce-la-nascita-dellassociazione\/#primaryimage","url":"https:\/\/www.italiaeconomiaonline.it\/web\/wp-content\/uploads\/2020\/07\/Schermata-2020-07-21-alle-12.05.30.png","contentUrl":"https:\/\/www.italiaeconomiaonline.it\/web\/wp-content\/uploads\/2020\/07\/Schermata-2020-07-21-alle-12.05.30.png","width":1710,"height":924},{"@type":"BreadcrumbList","@id":"https:\/\/www.italiaeconomiaonline.it\/web\/nasce-professionitaliane-oggi-la-firma-dello-statuto-che-sancisce-la-nascita-dellassociazione\/#breadcrumb","itemListElement":[{"@type":"ListItem","position":1,"name":"Home","item":"https:\/\/www.italiaeconomiaonline.it\/web\/"},{"@type":"ListItem","position":2,"name":"Nasce \u201cProfessionItaliane\u201d Oggi la firma dello Statuto che sancisce la nascita dell\u2019Associazione"}]},{"@type":"WebSite","@id":"https:\/\/www.italiaeconomiaonline.it\/web\/#website","url":"https:\/\/www.italiaeconomiaonline.it\/web\/","name":"ItaliaEconomiaOnline","description":"Quotidiano Economico Online","potentialAction":[{"@type":"SearchAction","target":{"@type":"EntryPoint","urlTemplate":"https:\/\/www.italiaeconomiaonline.it\/web\/?s={search_term_string}"},"query-input":"required name=search_term_string"}],"inLanguage":"it-IT"},{"@type":"Person","@id":"https:\/\/www.italiaeconomiaonline.it\/web\/#\/schema\/person\/909a49cce752523b020fbc37d5ab1c31","name":"ladyitaliaeconomia","image":{"@type":"ImageObject","inLanguage":"it-IT","@id":"https:\/\/www.italiaeconomiaonline.it\/web\/#\/schema\/person\/image\/","url":"https:\/\/secure.gravatar.com\/avatar\/cedca10ce7416a579b9fa6bce9c0a8f2?s=96&d=mm&r=g","contentUrl":"https:\/\/secure.gravatar.com\/avatar\/cedca10ce7416a579b9fa6bce9c0a8f2?s=96&d=mm&r=g","caption":"ladyitaliaeconomia"},"url":"https:\/\/www.italiaeconomiaonline.it\/web\/author\/ladyitaliaeconomia\/"}]}},"_links":{"self":[{"href":"https:\/\/www.italiaeconomiaonline.it\/web\/wp-json\/wp\/v2\/posts\/5308"}],"collection":[{"href":"https:\/\/www.italiaeconomiaonline.it\/web\/wp-json\/wp\/v2\/posts"}],"about":[{"href":"https:\/\/www.italiaeconomiaonline.it\/web\/wp-json\/wp\/v2\/types\/post"}],"author":[{"embeddable":true,"href":"https:\/\/www.italiaeconomiaonline.it\/web\/wp-json\/wp\/v2\/users\/1"}],"replies":[{"embeddable":true,"href":"https:\/\/www.italiaeconomiaonline.it\/web\/wp-json\/wp\/v2\/comments?post=5308"}],"version-history":[{"count":1,"href":"https:\/\/www.italiaeconomiaonline.it\/web\/wp-json\/wp\/v2\/posts\/5308\/revisions"}],"predecessor-version":[{"id":5309,"href":"https:\/\/www.italiaeconomiaonline.it\/web\/wp-json\/wp\/v2\/posts\/5308\/revisions\/5309"}],"wp:featuredmedia":[{"embeddable":true,"href":"https:\/\/www.italiaeconomiaonline.it\/web\/wp-json\/wp\/v2\/media\/3716"}],"wp:attachment":[{"href":"https:\/\/www.italiaeconomiaonline.it\/web\/wp-json\/wp\/v2\/media?parent=5308"}],"wp:term":[{"taxonomy":"category","embeddable":true,"href":"https:\/\/www.italiaeconomiaonline.it\/web\/wp-json\/wp\/v2\/categories?post=5308"},{"taxonomy":"post_tag","embeddable":true,"href":"https:\/\/www.italiaeconomiaonline.it\/web\/wp-json\/wp\/v2\/tags?post=5308"}],"curies":[{"name":"wp","href":"https:\/\/api.w.org\/{rel}","templated":true}]}}