{"id":5310,"date":"2021-02-05T10:26:12","date_gmt":"2021-02-05T09:26:12","guid":{"rendered":"http:\/\/www.italiaeconomiaonline.it\/web\/?p=5310"},"modified":"2021-02-05T10:26:12","modified_gmt":"2021-02-05T09:26:12","slug":"riders-cisl-3000-assunzioni-con-contratto-subordinato-da-marzo","status":"publish","type":"post","link":"https:\/\/www.italiaeconomiaonline.it\/web\/riders-cisl-3000-assunzioni-con-contratto-subordinato-da-marzo\/","title":{"rendered":"Riders, Cisl: 3000 assunzioni con contratto subordinato da marzo"},"content":{"rendered":"<div align=\"left\"><span style=\"color: #000000; font-family: Geneva;\"><span class=\"dropcap dropcap3\">S<\/span>aranno circa 3000 le assunzioni di riders con contratto di lavoro subordinato che inizieranno gi\u00e0 nel mese di marzo, sia a pieno tempo che part-time. Ma bisogna prima trovare un punto di incontro attraverso il quale stabilire regole chiare e adeguate tutele per i lavoratori\u201d. <\/span><\/div>\n<div align=\"left\"><\/div>\n<div align=\"left\"><span style=\"color: #000000; font-family: Geneva;\">\u00c8 quanto dichiara la Cisl in una nota sul confronto di <a class=\"matchTooltip\">oggi<\/a> tra JUST EAT, CGIL, CISL, UIL, ed alcune rappresentanze dei RIDERS , sul nuovo modello organizzativo Scoober, che di fatto ha aperto la trattativa per un raggiungere un accordo aziendale che definisca il quadro dei trattamenti economici e normativi. <\/span><\/div>\n<div align=\"left\"><\/div>\n<div align=\"left\"><span style=\"color: #000000; font-family: Geneva;\">\u201cL\u2019azienda si \u00e8 impegnata a presentare al sindacato un documento di lavoro che sar\u00e0 discusso nelle prossime settimane\u201d, sottolinea la Cisl. \u201cLa CISL ha posto in termini chiari che il confronto deve partire da un quadro di riferimento certo e riconoscibile di applicazione del Contratto Ccnl della Logistica e delle Merci, un sistema di Relazioni Industriali che sia partecipativo ed il riconoscimento dei diritti sindacali e di rappresentanza previsti dall\u2019Accordo Interconfederale del Testo Unico. <\/span><\/div>\n<div align=\"left\"><\/div>\n<div align=\"left\"><span style=\"color: #000000; font-family: Geneva;\">Il CCNL logistica offre gi\u00e0 riferimenti certi e coperture per le lavoratrici e i lavoratori ad esempio su ferie, malattia e infortunio, maternit\u00e0\/paternit\u00e0, ed ha sviluppato Accordi nazionali specifici che gi\u00e0 inquadrano la figura del ciclo-fattorino e i compensi minimi e gli orari di lavoro. La CISL ritiene positivo il nuovo modello Scoober basato sul rapporto di lavoro subordinato, ma perch\u00e9 possa essere condiviso bisogna trovare le condizioni che si adattino alla specificit\u00e0 del settore ed alle esigenze dei lavoratori, alla flessibilit\u00e0 dei tempi di lavoro, alle tipologie contrattuali, alle questioni della salute e sicurezza, del sistema degli incentivi economici, le indennit\u00e0 accessorie e per i mezzi di trasporto. <\/span><\/div>\n<div align=\"left\"><\/div>\n<div align=\"left\"><span style=\"color: #000000; font-family: Geneva;\">La trattativa \u00e8 aperta e i tempi relativamente brevi impegneranno sindacato e impresa in un confronto serrato, che richiede un coerente impegno basato sulla correttezza e sulla trasparenza, evitando fughe in avanti nel pieno rispetto delle Relazioni Sindacali\u201d.\u2019<\/span><\/div>\n","protected":false},"excerpt":{"rendered":"<p>Saranno circa 3000 le assunzioni di riders con contratto di lavoro subordinato che inizieranno gi\u00e0 nel mese di marzo, sia a pieno tempo che part-time. Ma bisogna prima trovare un punto di incontro attraverso il quale stabilire regole chiare e adeguate tutele per i lavoratori\u201d. \u00c8 quanto dichiara la Cisl in una nota sul confronto [&hellip;]<\/p>\n","protected":false},"author":1,"featured_media":5311,"comment_status":"closed","ping_status":"open","sticky":false,"template":"","format":"standard","meta":{"footnotes":""},"categories":[28],"tags":[1575,1577,1576],"yoast_head":"<!-- This site is optimized with the Yoast SEO plugin v22.2 - https:\/\/yoast.com\/wordpress\/plugins\/seo\/ -->\n<title>Riders, Cisl: 3000 assunzioni con contratto subordinato da marzo -<\/title>\n<meta name=\"robots\" content=\"index, follow, max-snippet:-1, max-image-preview:large, max-video-preview:-1\" \/>\n<link rel=\"canonical\" href=\"https:\/\/www.italiaeconomiaonline.it\/web\/riders-cisl-3000-assunzioni-con-contratto-subordinato-da-marzo\/\" \/>\n<meta property=\"og:locale\" content=\"it_IT\" \/>\n<meta property=\"og:type\" content=\"article\" \/>\n<meta property=\"og:title\" content=\"Riders, Cisl: 3000 assunzioni con contratto subordinato da marzo -\" \/>\n<meta property=\"og:description\" content=\"Saranno circa 3000 le assunzioni di riders con contratto di lavoro subordinato che inizieranno gi\u00e0 nel mese di marzo, sia a pieno tempo che part-time. Ma bisogna prima trovare un punto di incontro attraverso il quale stabilire regole chiare e adeguate tutele per i lavoratori\u201d. \u00c8 quanto dichiara la Cisl in una nota sul confronto [&hellip;]\" \/>\n<meta property=\"og:url\" content=\"https:\/\/www.italiaeconomiaonline.it\/web\/riders-cisl-3000-assunzioni-con-contratto-subordinato-da-marzo\/\" \/>\n<meta property=\"og:site_name\" content=\"ItaliaEconomiaOnline\" \/>\n<meta property=\"article:published_time\" content=\"2021-02-05T09:26:12+00:00\" \/>\n<meta property=\"og:image\" content=\"https:\/\/www.italiaeconomiaonline.it\/web\/wp-content\/uploads\/2021\/02\/Schermata-2021-02-05-alle-10.25.50.png\" \/>\n\t<meta property=\"og:image:width\" content=\"936\" \/>\n\t<meta property=\"og:image:height\" content=\"586\" \/>\n\t<meta property=\"og:image:type\" content=\"image\/png\" \/>\n<meta name=\"author\" content=\"ladyitaliaeconomia\" \/>\n<meta name=\"twitter:card\" content=\"summary_large_image\" \/>\n<meta name=\"twitter:label1\" content=\"Scritto da\" \/>\n\t<meta name=\"twitter:data1\" content=\"ladyitaliaeconomia\" \/>\n\t<meta name=\"twitter:label2\" content=\"Tempo di lettura stimato\" \/>\n\t<meta name=\"twitter:data2\" content=\"2 minuti\" \/>\n<script type=\"application\/ld+json\" class=\"yoast-schema-graph\">{\"@context\":\"https:\/\/schema.org\",\"@graph\":[{\"@type\":\"WebPage\",\"@id\":\"https:\/\/www.italiaeconomiaonline.it\/web\/riders-cisl-3000-assunzioni-con-contratto-subordinato-da-marzo\/\",\"url\":\"https:\/\/www.italiaeconomiaonline.it\/web\/riders-cisl-3000-assunzioni-con-contratto-subordinato-da-marzo\/\",\"name\":\"Riders, Cisl: 3000 assunzioni con contratto subordinato da marzo -\",\"isPartOf\":{\"@id\":\"https:\/\/www.italiaeconomiaonline.it\/web\/#website\"},\"primaryImageOfPage\":{\"@id\":\"https:\/\/www.italiaeconomiaonline.it\/web\/riders-cisl-3000-assunzioni-con-contratto-subordinato-da-marzo\/#primaryimage\"},\"image\":{\"@id\":\"https:\/\/www.italiaeconomiaonline.it\/web\/riders-cisl-3000-assunzioni-con-contratto-subordinato-da-marzo\/#primaryimage\"},\"thumbnailUrl\":\"https:\/\/www.italiaeconomiaonline.it\/web\/wp-content\/uploads\/2021\/02\/Schermata-2021-02-05-alle-10.25.50.png\",\"datePublished\":\"2021-02-05T09:26:12+00:00\",\"dateModified\":\"2021-02-05T09:26:12+00:00\",\"author\":{\"@id\":\"https:\/\/www.italiaeconomiaonline.it\/web\/#\/schema\/person\/909a49cce752523b020fbc37d5ab1c31\"},\"breadcrumb\":{\"@id\":\"https:\/\/www.italiaeconomiaonline.it\/web\/riders-cisl-3000-assunzioni-con-contratto-subordinato-da-marzo\/#breadcrumb\"},\"inLanguage\":\"it-IT\",\"potentialAction\":[{\"@type\":\"ReadAction\",\"target\":[\"https:\/\/www.italiaeconomiaonline.it\/web\/riders-cisl-3000-assunzioni-con-contratto-subordinato-da-marzo\/\"]}]},{\"@type\":\"ImageObject\",\"inLanguage\":\"it-IT\",\"@id\":\"https:\/\/www.italiaeconomiaonline.it\/web\/riders-cisl-3000-assunzioni-con-contratto-subordinato-da-marzo\/#primaryimage\",\"url\":\"https:\/\/www.italiaeconomiaonline.it\/web\/wp-content\/uploads\/2021\/02\/Schermata-2021-02-05-alle-10.25.50.png\",\"contentUrl\":\"https:\/\/www.italiaeconomiaonline.it\/web\/wp-content\/uploads\/2021\/02\/Schermata-2021-02-05-alle-10.25.50.png\",\"width\":936,\"height\":586},{\"@type\":\"BreadcrumbList\",\"@id\":\"https:\/\/www.italiaeconomiaonline.it\/web\/riders-cisl-3000-assunzioni-con-contratto-subordinato-da-marzo\/#breadcrumb\",\"itemListElement\":[{\"@type\":\"ListItem\",\"position\":1,\"name\":\"Home\",\"item\":\"https:\/\/www.italiaeconomiaonline.it\/web\/\"},{\"@type\":\"ListItem\",\"position\":2,\"name\":\"Riders, Cisl: 3000 assunzioni con contratto subordinato da marzo\"}]},{\"@type\":\"WebSite\",\"@id\":\"https:\/\/www.italiaeconomiaonline.it\/web\/#website\",\"url\":\"https:\/\/www.italiaeconomiaonline.it\/web\/\",\"name\":\"ItaliaEconomiaOnline\",\"description\":\"Quotidiano Economico Online\",\"potentialAction\":[{\"@type\":\"SearchAction\",\"target\":{\"@type\":\"EntryPoint\",\"urlTemplate\":\"https:\/\/www.italiaeconomiaonline.it\/web\/?s={search_term_string}\"},\"query-input\":\"required name=search_term_string\"}],\"inLanguage\":\"it-IT\"},{\"@type\":\"Person\",\"@id\":\"https:\/\/www.italiaeconomiaonline.it\/web\/#\/schema\/person\/909a49cce752523b020fbc37d5ab1c31\",\"name\":\"ladyitaliaeconomia\",\"image\":{\"@type\":\"ImageObject\",\"inLanguage\":\"it-IT\",\"@id\":\"https:\/\/www.italiaeconomiaonline.it\/web\/#\/schema\/person\/image\/\",\"url\":\"https:\/\/secure.gravatar.com\/avatar\/cedca10ce7416a579b9fa6bce9c0a8f2?s=96&d=mm&r=g\",\"contentUrl\":\"https:\/\/secure.gravatar.com\/avatar\/cedca10ce7416a579b9fa6bce9c0a8f2?s=96&d=mm&r=g\",\"caption\":\"ladyitaliaeconomia\"},\"url\":\"https:\/\/www.italiaeconomiaonline.it\/web\/author\/ladyitaliaeconomia\/\"}]}<\/script>\n<!-- \/ Yoast SEO plugin. -->","yoast_head_json":{"title":"Riders, Cisl: 3000 assunzioni con contratto subordinato da marzo -","robots":{"index":"index","follow":"follow","max-snippet":"max-snippet:-1","max-image-preview":"max-image-preview:large","max-video-preview":"max-video-preview:-1"},"canonical":"https:\/\/www.italiaeconomiaonline.it\/web\/riders-cisl-3000-assunzioni-con-contratto-subordinato-da-marzo\/","og_locale":"it_IT","og_type":"article","og_title":"Riders, Cisl: 3000 assunzioni con contratto subordinato da marzo -","og_description":"Saranno circa 3000 le assunzioni di riders con contratto di lavoro subordinato che inizieranno gi\u00e0 nel mese di marzo, sia a pieno tempo che part-time. Ma bisogna prima trovare un punto di incontro attraverso il quale stabilire regole chiare e adeguate tutele per i lavoratori\u201d. \u00c8 quanto dichiara la Cisl in una nota sul confronto [&hellip;]","og_url":"https:\/\/www.italiaeconomiaonline.it\/web\/riders-cisl-3000-assunzioni-con-contratto-subordinato-da-marzo\/","og_site_name":"ItaliaEconomiaOnline","article_published_time":"2021-02-05T09:26:12+00:00","og_image":[{"width":936,"height":586,"url":"https:\/\/www.italiaeconomiaonline.it\/web\/wp-content\/uploads\/2021\/02\/Schermata-2021-02-05-alle-10.25.50.png","type":"image\/png"}],"author":"ladyitaliaeconomia","twitter_card":"summary_large_image","twitter_misc":{"Scritto da":"ladyitaliaeconomia","Tempo di lettura stimato":"2 minuti"},"schema":{"@context":"https:\/\/schema.org","@graph":[{"@type":"WebPage","@id":"https:\/\/www.italiaeconomiaonline.it\/web\/riders-cisl-3000-assunzioni-con-contratto-subordinato-da-marzo\/","url":"https:\/\/www.italiaeconomiaonline.it\/web\/riders-cisl-3000-assunzioni-con-contratto-subordinato-da-marzo\/","name":"Riders, Cisl: 3000 assunzioni con contratto subordinato da marzo -","isPartOf":{"@id":"https:\/\/www.italiaeconomiaonline.it\/web\/#website"},"primaryImageOfPage":{"@id":"https:\/\/www.italiaeconomiaonline.it\/web\/riders-cisl-3000-assunzioni-con-contratto-subordinato-da-marzo\/#primaryimage"},"image":{"@id":"https:\/\/www.italiaeconomiaonline.it\/web\/riders-cisl-3000-assunzioni-con-contratto-subordinato-da-marzo\/#primaryimage"},"thumbnailUrl":"https:\/\/www.italiaeconomiaonline.it\/web\/wp-content\/uploads\/2021\/02\/Schermata-2021-02-05-alle-10.25.50.png","datePublished":"2021-02-05T09:26:12+00:00","dateModified":"2021-02-05T09:26:12+00:00","author":{"@id":"https:\/\/www.italiaeconomiaonline.it\/web\/#\/schema\/person\/909a49cce752523b020fbc37d5ab1c31"},"breadcrumb":{"@id":"https:\/\/www.italiaeconomiaonline.it\/web\/riders-cisl-3000-assunzioni-con-contratto-subordinato-da-marzo\/#breadcrumb"},"inLanguage":"it-IT","potentialAction":[{"@type":"ReadAction","target":["https:\/\/www.italiaeconomiaonline.it\/web\/riders-cisl-3000-assunzioni-con-contratto-subordinato-da-marzo\/"]}]},{"@type":"ImageObject","inLanguage":"it-IT","@id":"https:\/\/www.italiaeconomiaonline.it\/web\/riders-cisl-3000-assunzioni-con-contratto-subordinato-da-marzo\/#primaryimage","url":"https:\/\/www.italiaeconomiaonline.it\/web\/wp-content\/uploads\/2021\/02\/Schermata-2021-02-05-alle-10.25.50.png","contentUrl":"https:\/\/www.italiaeconomiaonline.it\/web\/wp-content\/uploads\/2021\/02\/Schermata-2021-02-05-alle-10.25.50.png","width":936,"height":586},{"@type":"BreadcrumbList","@id":"https:\/\/www.italiaeconomiaonline.it\/web\/riders-cisl-3000-assunzioni-con-contratto-subordinato-da-marzo\/#breadcrumb","itemListElement":[{"@type":"ListItem","position":1,"name":"Home","item":"https:\/\/www.italiaeconomiaonline.it\/web\/"},{"@type":"ListItem","position":2,"name":"Riders, Cisl: 3000 assunzioni con contratto subordinato da marzo"}]},{"@type":"WebSite","@id":"https:\/\/www.italiaeconomiaonline.it\/web\/#website","url":"https:\/\/www.italiaeconomiaonline.it\/web\/","name":"ItaliaEconomiaOnline","description":"Quotidiano Economico Online","potentialAction":[{"@type":"SearchAction","target":{"@type":"EntryPoint","urlTemplate":"https:\/\/www.italiaeconomiaonline.it\/web\/?s={search_term_string}"},"query-input":"required name=search_term_string"}],"inLanguage":"it-IT"},{"@type":"Person","@id":"https:\/\/www.italiaeconomiaonline.it\/web\/#\/schema\/person\/909a49cce752523b020fbc37d5ab1c31","name":"ladyitaliaeconomia","image":{"@type":"ImageObject","inLanguage":"it-IT","@id":"https:\/\/www.italiaeconomiaonline.it\/web\/#\/schema\/person\/image\/","url":"https:\/\/secure.gravatar.com\/avatar\/cedca10ce7416a579b9fa6bce9c0a8f2?s=96&d=mm&r=g","contentUrl":"https:\/\/secure.gravatar.com\/avatar\/cedca10ce7416a579b9fa6bce9c0a8f2?s=96&d=mm&r=g","caption":"ladyitaliaeconomia"},"url":"https:\/\/www.italiaeconomiaonline.it\/web\/author\/ladyitaliaeconomia\/"}]}},"_links":{"self":[{"href":"https:\/\/www.italiaeconomiaonline.it\/web\/wp-json\/wp\/v2\/posts\/5310"}],"collection":[{"href":"https:\/\/www.italiaeconomiaonline.it\/web\/wp-json\/wp\/v2\/posts"}],"about":[{"href":"https:\/\/www.italiaeconomiaonline.it\/web\/wp-json\/wp\/v2\/types\/post"}],"author":[{"embeddable":true,"href":"https:\/\/www.italiaeconomiaonline.it\/web\/wp-json\/wp\/v2\/users\/1"}],"replies":[{"embeddable":true,"href":"https:\/\/www.italiaeconomiaonline.it\/web\/wp-json\/wp\/v2\/comments?post=5310"}],"version-history":[{"count":1,"href":"https:\/\/www.italiaeconomiaonline.it\/web\/wp-json\/wp\/v2\/posts\/5310\/revisions"}],"predecessor-version":[{"id":5312,"href":"https:\/\/www.italiaeconomiaonline.it\/web\/wp-json\/wp\/v2\/posts\/5310\/revisions\/5312"}],"wp:featuredmedia":[{"embeddable":true,"href":"https:\/\/www.italiaeconomiaonline.it\/web\/wp-json\/wp\/v2\/media\/5311"}],"wp:attachment":[{"href":"https:\/\/www.italiaeconomiaonline.it\/web\/wp-json\/wp\/v2\/media?parent=5310"}],"wp:term":[{"taxonomy":"category","embeddable":true,"href":"https:\/\/www.italiaeconomiaonline.it\/web\/wp-json\/wp\/v2\/categories?post=5310"},{"taxonomy":"post_tag","embeddable":true,"href":"https:\/\/www.italiaeconomiaonline.it\/web\/wp-json\/wp\/v2\/tags?post=5310"}],"curies":[{"name":"wp","href":"https:\/\/api.w.org\/{rel}","templated":true}]}}