{"id":5323,"date":"2021-02-07T17:02:16","date_gmt":"2021-02-07T16:02:16","guid":{"rendered":"http:\/\/www.italiaeconomiaonline.it\/web\/?p=5323"},"modified":"2021-02-07T17:03:24","modified_gmt":"2021-02-07T16:03:24","slug":"tpl-sindacati-confermato-sciopero-8-febbraio-da-parti-datoriali-nessuna-apertura","status":"publish","type":"post","link":"https:\/\/www.italiaeconomiaonline.it\/web\/tpl-sindacati-confermato-sciopero-8-febbraio-da-parti-datoriali-nessuna-apertura\/","title":{"rendered":"Tpl, sindacati: confermato sciopero 8 febbraio. Da parti datoriali nessuna apertura"},"content":{"rendered":"<div dir=\"ltr\">\n<p><span class=\"dropcap dropcap3\">C<\/span>onfermato, luned\u00ec 8 febbraio, lo sciopero nazionale di 4 ore nel trasporto pubblico locale\u201d. E\u2019 quanto riferiscono unitariamente Filt Cgil, Fit Cisl, Uiltrasporti, Faisa Cisal e Ugl Fna, spiegando che \u201c\u00e8 una protesta inevitabile visto che le associazioni datoriali del settore Asstra, Agens e Anav, non hanno raccolto i nostri appelli e si ostinano a non riprendere il confronto sul contratto nazionale scaduto da pi\u00f9 di tre anni, non rimuovendo la pregiudiziale sul riconoscimento economico del triennio scaduto\u201d.<\/p>\n<p>\u201cLo sciopero nazionale &#8211; sottolineano le organizzazioni sindacali &#8211; \u00e8 stato proclamato rispettando dove possibile lo scaglionamento degli orari per il riavvio ordinato dell\u2019anno scolastico. Un servizio garantito alle scuole da quegli stessi lavoratori che chiedono il rinnovo del contratto\u201d.<\/p>\n<p>\u201cServe definire &#8211; spiegano Filt Cgil, Fit Cisl, Uiltrasporti, Faisa Cisal e Ugl Fna \u2013 il necessario strumento di tutela del lavoro e di regolazione dei processi di trasformazione della mobilit\u00e0 indotti dalla pandemia, riconoscendo il fondamentale contributo del lavoro, garantendo un servizio pi\u00f9 sicuro e pi\u00f9 dignitoso che abbia in giusta considerazione la professionalit\u00e0 e la responsabilit\u00e0 delle lavoratrici e dei lavoratori del trasporto pubblico. Lo sciopero inoltre \u00e8 a supporto di una riorganizzazione del settore che favorisca aggregazioni e fusioni d\u2019impresa (ad <a class=\"matchTooltip\">oggi<\/a> si contano circa mille aziende) che dovr\u00e0 essere coerente con una nuova forma di domanda di mobilit\u00e0 ed offrire un servizio di trasporto pubblico organizzato ed efficiente a tutti gli utenti\u201d.<\/p>\n<p>\u201cRivendichiamo &#8211; aggiungono le organizzazioni sindacali \u2013 tra le priorit\u00e0 del nuovo Governo una determinazione politica che si riappropri e pratichi la responsabilit\u00e0 della programmazione pubblica, accompagnata dalle necessarie risorse economiche per il settore con l\u2019opportunit\u00e0 dei fondi europei del PNRR \u201d.<\/p>\n<p>\u201cNel caso in cui questo sciopero non dovesse sbloccare la trattativa \u00e8 chiaro &#8211; concludono i sindacati &#8211; che la mobilitazione proseguir\u00e0\u201d.<\/p>\n<\/div>\n<div dir=\"ltr\"><\/div>\n<div dir=\"ltr\">\n<div align=\"left\"><span style=\"color: #000000; font-family: Arial;\">\u00a0<\/span><\/div>\n<\/div>\n","protected":false},"excerpt":{"rendered":"<p>Confermato, luned\u00ec 8 febbraio, lo sciopero nazionale di 4 ore nel trasporto pubblico locale\u201d. E\u2019 quanto riferiscono unitariamente Filt Cgil, Fit Cisl, Uiltrasporti, Faisa Cisal e Ugl Fna, spiegando che \u201c\u00e8 una protesta inevitabile visto che le associazioni datoriali del settore Asstra, Agens e Anav, non hanno raccolto i nostri appelli e si ostinano a [&hellip;]<\/p>\n","protected":false},"author":1,"featured_media":5324,"comment_status":"closed","ping_status":"open","sticky":false,"template":"","format":"standard","meta":{"footnotes":""},"categories":[56],"tags":[],"yoast_head":"<!-- This site is optimized with the Yoast SEO plugin v22.2 - https:\/\/yoast.com\/wordpress\/plugins\/seo\/ -->\n<title>Tpl, sindacati: confermato sciopero 8 febbraio. Da parti datoriali nessuna apertura -<\/title>\n<meta name=\"robots\" content=\"index, follow, max-snippet:-1, max-image-preview:large, max-video-preview:-1\" \/>\n<link rel=\"canonical\" href=\"https:\/\/www.italiaeconomiaonline.it\/web\/tpl-sindacati-confermato-sciopero-8-febbraio-da-parti-datoriali-nessuna-apertura\/\" \/>\n<meta property=\"og:locale\" content=\"it_IT\" \/>\n<meta property=\"og:type\" content=\"article\" \/>\n<meta property=\"og:title\" content=\"Tpl, sindacati: confermato sciopero 8 febbraio. Da parti datoriali nessuna apertura -\" \/>\n<meta property=\"og:description\" content=\"Confermato, luned\u00ec 8 febbraio, lo sciopero nazionale di 4 ore nel trasporto pubblico locale\u201d. E\u2019 quanto riferiscono unitariamente Filt Cgil, Fit Cisl, Uiltrasporti, Faisa Cisal e Ugl Fna, spiegando che \u201c\u00e8 una protesta inevitabile visto che le associazioni datoriali del settore Asstra, Agens e Anav, non hanno raccolto i nostri appelli e si ostinano a [&hellip;]\" \/>\n<meta property=\"og:url\" content=\"https:\/\/www.italiaeconomiaonline.it\/web\/tpl-sindacati-confermato-sciopero-8-febbraio-da-parti-datoriali-nessuna-apertura\/\" \/>\n<meta property=\"og:site_name\" content=\"ItaliaEconomiaOnline\" \/>\n<meta property=\"article:published_time\" content=\"2021-02-07T16:02:16+00:00\" \/>\n<meta property=\"article:modified_time\" content=\"2021-02-07T16:03:24+00:00\" \/>\n<meta property=\"og:image\" content=\"https:\/\/www.italiaeconomiaonline.it\/web\/wp-content\/uploads\/2021\/02\/Schermata-2021-02-07-alle-17.01.21-1024x650.png\" \/>\n\t<meta property=\"og:image:width\" content=\"1024\" \/>\n\t<meta property=\"og:image:height\" content=\"650\" \/>\n\t<meta property=\"og:image:type\" content=\"image\/png\" \/>\n<meta name=\"author\" content=\"ladyitaliaeconomia\" \/>\n<meta name=\"twitter:card\" content=\"summary_large_image\" \/>\n<meta name=\"twitter:label1\" content=\"Scritto da\" \/>\n\t<meta name=\"twitter:data1\" content=\"ladyitaliaeconomia\" \/>\n\t<meta name=\"twitter:label2\" content=\"Tempo di lettura stimato\" \/>\n\t<meta name=\"twitter:data2\" content=\"2 minuti\" \/>\n<script type=\"application\/ld+json\" class=\"yoast-schema-graph\">{\"@context\":\"https:\/\/schema.org\",\"@graph\":[{\"@type\":\"WebPage\",\"@id\":\"https:\/\/www.italiaeconomiaonline.it\/web\/tpl-sindacati-confermato-sciopero-8-febbraio-da-parti-datoriali-nessuna-apertura\/\",\"url\":\"https:\/\/www.italiaeconomiaonline.it\/web\/tpl-sindacati-confermato-sciopero-8-febbraio-da-parti-datoriali-nessuna-apertura\/\",\"name\":\"Tpl, sindacati: confermato sciopero 8 febbraio. Da parti datoriali nessuna apertura -\",\"isPartOf\":{\"@id\":\"https:\/\/www.italiaeconomiaonline.it\/web\/#website\"},\"primaryImageOfPage\":{\"@id\":\"https:\/\/www.italiaeconomiaonline.it\/web\/tpl-sindacati-confermato-sciopero-8-febbraio-da-parti-datoriali-nessuna-apertura\/#primaryimage\"},\"image\":{\"@id\":\"https:\/\/www.italiaeconomiaonline.it\/web\/tpl-sindacati-confermato-sciopero-8-febbraio-da-parti-datoriali-nessuna-apertura\/#primaryimage\"},\"thumbnailUrl\":\"https:\/\/www.italiaeconomiaonline.it\/web\/wp-content\/uploads\/2021\/02\/Schermata-2021-02-07-alle-17.01.21.png\",\"datePublished\":\"2021-02-07T16:02:16+00:00\",\"dateModified\":\"2021-02-07T16:03:24+00:00\",\"author\":{\"@id\":\"https:\/\/www.italiaeconomiaonline.it\/web\/#\/schema\/person\/909a49cce752523b020fbc37d5ab1c31\"},\"breadcrumb\":{\"@id\":\"https:\/\/www.italiaeconomiaonline.it\/web\/tpl-sindacati-confermato-sciopero-8-febbraio-da-parti-datoriali-nessuna-apertura\/#breadcrumb\"},\"inLanguage\":\"it-IT\",\"potentialAction\":[{\"@type\":\"ReadAction\",\"target\":[\"https:\/\/www.italiaeconomiaonline.it\/web\/tpl-sindacati-confermato-sciopero-8-febbraio-da-parti-datoriali-nessuna-apertura\/\"]}]},{\"@type\":\"ImageObject\",\"inLanguage\":\"it-IT\",\"@id\":\"https:\/\/www.italiaeconomiaonline.it\/web\/tpl-sindacati-confermato-sciopero-8-febbraio-da-parti-datoriali-nessuna-apertura\/#primaryimage\",\"url\":\"https:\/\/www.italiaeconomiaonline.it\/web\/wp-content\/uploads\/2021\/02\/Schermata-2021-02-07-alle-17.01.21.png\",\"contentUrl\":\"https:\/\/www.italiaeconomiaonline.it\/web\/wp-content\/uploads\/2021\/02\/Schermata-2021-02-07-alle-17.01.21.png\",\"width\":1280,\"height\":812},{\"@type\":\"BreadcrumbList\",\"@id\":\"https:\/\/www.italiaeconomiaonline.it\/web\/tpl-sindacati-confermato-sciopero-8-febbraio-da-parti-datoriali-nessuna-apertura\/#breadcrumb\",\"itemListElement\":[{\"@type\":\"ListItem\",\"position\":1,\"name\":\"Home\",\"item\":\"https:\/\/www.italiaeconomiaonline.it\/web\/\"},{\"@type\":\"ListItem\",\"position\":2,\"name\":\"Tpl, sindacati: confermato sciopero 8 febbraio. Da parti datoriali nessuna apertura\"}]},{\"@type\":\"WebSite\",\"@id\":\"https:\/\/www.italiaeconomiaonline.it\/web\/#website\",\"url\":\"https:\/\/www.italiaeconomiaonline.it\/web\/\",\"name\":\"ItaliaEconomiaOnline\",\"description\":\"Quotidiano Economico Online\",\"potentialAction\":[{\"@type\":\"SearchAction\",\"target\":{\"@type\":\"EntryPoint\",\"urlTemplate\":\"https:\/\/www.italiaeconomiaonline.it\/web\/?s={search_term_string}\"},\"query-input\":\"required name=search_term_string\"}],\"inLanguage\":\"it-IT\"},{\"@type\":\"Person\",\"@id\":\"https:\/\/www.italiaeconomiaonline.it\/web\/#\/schema\/person\/909a49cce752523b020fbc37d5ab1c31\",\"name\":\"ladyitaliaeconomia\",\"image\":{\"@type\":\"ImageObject\",\"inLanguage\":\"it-IT\",\"@id\":\"https:\/\/www.italiaeconomiaonline.it\/web\/#\/schema\/person\/image\/\",\"url\":\"https:\/\/secure.gravatar.com\/avatar\/cedca10ce7416a579b9fa6bce9c0a8f2?s=96&d=mm&r=g\",\"contentUrl\":\"https:\/\/secure.gravatar.com\/avatar\/cedca10ce7416a579b9fa6bce9c0a8f2?s=96&d=mm&r=g\",\"caption\":\"ladyitaliaeconomia\"},\"url\":\"https:\/\/www.italiaeconomiaonline.it\/web\/author\/ladyitaliaeconomia\/\"}]}<\/script>\n<!-- \/ Yoast SEO plugin. -->","yoast_head_json":{"title":"Tpl, sindacati: confermato sciopero 8 febbraio. Da parti datoriali nessuna apertura -","robots":{"index":"index","follow":"follow","max-snippet":"max-snippet:-1","max-image-preview":"max-image-preview:large","max-video-preview":"max-video-preview:-1"},"canonical":"https:\/\/www.italiaeconomiaonline.it\/web\/tpl-sindacati-confermato-sciopero-8-febbraio-da-parti-datoriali-nessuna-apertura\/","og_locale":"it_IT","og_type":"article","og_title":"Tpl, sindacati: confermato sciopero 8 febbraio. Da parti datoriali nessuna apertura -","og_description":"Confermato, luned\u00ec 8 febbraio, lo sciopero nazionale di 4 ore nel trasporto pubblico locale\u201d. E\u2019 quanto riferiscono unitariamente Filt Cgil, Fit Cisl, Uiltrasporti, Faisa Cisal e Ugl Fna, spiegando che \u201c\u00e8 una protesta inevitabile visto che le associazioni datoriali del settore Asstra, Agens e Anav, non hanno raccolto i nostri appelli e si ostinano a [&hellip;]","og_url":"https:\/\/www.italiaeconomiaonline.it\/web\/tpl-sindacati-confermato-sciopero-8-febbraio-da-parti-datoriali-nessuna-apertura\/","og_site_name":"ItaliaEconomiaOnline","article_published_time":"2021-02-07T16:02:16+00:00","article_modified_time":"2021-02-07T16:03:24+00:00","og_image":[{"width":1024,"height":650,"url":"https:\/\/www.italiaeconomiaonline.it\/web\/wp-content\/uploads\/2021\/02\/Schermata-2021-02-07-alle-17.01.21-1024x650.png","type":"image\/png"}],"author":"ladyitaliaeconomia","twitter_card":"summary_large_image","twitter_misc":{"Scritto da":"ladyitaliaeconomia","Tempo di lettura stimato":"2 minuti"},"schema":{"@context":"https:\/\/schema.org","@graph":[{"@type":"WebPage","@id":"https:\/\/www.italiaeconomiaonline.it\/web\/tpl-sindacati-confermato-sciopero-8-febbraio-da-parti-datoriali-nessuna-apertura\/","url":"https:\/\/www.italiaeconomiaonline.it\/web\/tpl-sindacati-confermato-sciopero-8-febbraio-da-parti-datoriali-nessuna-apertura\/","name":"Tpl, sindacati: confermato sciopero 8 febbraio. Da parti datoriali nessuna apertura -","isPartOf":{"@id":"https:\/\/www.italiaeconomiaonline.it\/web\/#website"},"primaryImageOfPage":{"@id":"https:\/\/www.italiaeconomiaonline.it\/web\/tpl-sindacati-confermato-sciopero-8-febbraio-da-parti-datoriali-nessuna-apertura\/#primaryimage"},"image":{"@id":"https:\/\/www.italiaeconomiaonline.it\/web\/tpl-sindacati-confermato-sciopero-8-febbraio-da-parti-datoriali-nessuna-apertura\/#primaryimage"},"thumbnailUrl":"https:\/\/www.italiaeconomiaonline.it\/web\/wp-content\/uploads\/2021\/02\/Schermata-2021-02-07-alle-17.01.21.png","datePublished":"2021-02-07T16:02:16+00:00","dateModified":"2021-02-07T16:03:24+00:00","author":{"@id":"https:\/\/www.italiaeconomiaonline.it\/web\/#\/schema\/person\/909a49cce752523b020fbc37d5ab1c31"},"breadcrumb":{"@id":"https:\/\/www.italiaeconomiaonline.it\/web\/tpl-sindacati-confermato-sciopero-8-febbraio-da-parti-datoriali-nessuna-apertura\/#breadcrumb"},"inLanguage":"it-IT","potentialAction":[{"@type":"ReadAction","target":["https:\/\/www.italiaeconomiaonline.it\/web\/tpl-sindacati-confermato-sciopero-8-febbraio-da-parti-datoriali-nessuna-apertura\/"]}]},{"@type":"ImageObject","inLanguage":"it-IT","@id":"https:\/\/www.italiaeconomiaonline.it\/web\/tpl-sindacati-confermato-sciopero-8-febbraio-da-parti-datoriali-nessuna-apertura\/#primaryimage","url":"https:\/\/www.italiaeconomiaonline.it\/web\/wp-content\/uploads\/2021\/02\/Schermata-2021-02-07-alle-17.01.21.png","contentUrl":"https:\/\/www.italiaeconomiaonline.it\/web\/wp-content\/uploads\/2021\/02\/Schermata-2021-02-07-alle-17.01.21.png","width":1280,"height":812},{"@type":"BreadcrumbList","@id":"https:\/\/www.italiaeconomiaonline.it\/web\/tpl-sindacati-confermato-sciopero-8-febbraio-da-parti-datoriali-nessuna-apertura\/#breadcrumb","itemListElement":[{"@type":"ListItem","position":1,"name":"Home","item":"https:\/\/www.italiaeconomiaonline.it\/web\/"},{"@type":"ListItem","position":2,"name":"Tpl, sindacati: confermato sciopero 8 febbraio. Da parti datoriali nessuna apertura"}]},{"@type":"WebSite","@id":"https:\/\/www.italiaeconomiaonline.it\/web\/#website","url":"https:\/\/www.italiaeconomiaonline.it\/web\/","name":"ItaliaEconomiaOnline","description":"Quotidiano Economico Online","potentialAction":[{"@type":"SearchAction","target":{"@type":"EntryPoint","urlTemplate":"https:\/\/www.italiaeconomiaonline.it\/web\/?s={search_term_string}"},"query-input":"required name=search_term_string"}],"inLanguage":"it-IT"},{"@type":"Person","@id":"https:\/\/www.italiaeconomiaonline.it\/web\/#\/schema\/person\/909a49cce752523b020fbc37d5ab1c31","name":"ladyitaliaeconomia","image":{"@type":"ImageObject","inLanguage":"it-IT","@id":"https:\/\/www.italiaeconomiaonline.it\/web\/#\/schema\/person\/image\/","url":"https:\/\/secure.gravatar.com\/avatar\/cedca10ce7416a579b9fa6bce9c0a8f2?s=96&d=mm&r=g","contentUrl":"https:\/\/secure.gravatar.com\/avatar\/cedca10ce7416a579b9fa6bce9c0a8f2?s=96&d=mm&r=g","caption":"ladyitaliaeconomia"},"url":"https:\/\/www.italiaeconomiaonline.it\/web\/author\/ladyitaliaeconomia\/"}]}},"_links":{"self":[{"href":"https:\/\/www.italiaeconomiaonline.it\/web\/wp-json\/wp\/v2\/posts\/5323"}],"collection":[{"href":"https:\/\/www.italiaeconomiaonline.it\/web\/wp-json\/wp\/v2\/posts"}],"about":[{"href":"https:\/\/www.italiaeconomiaonline.it\/web\/wp-json\/wp\/v2\/types\/post"}],"author":[{"embeddable":true,"href":"https:\/\/www.italiaeconomiaonline.it\/web\/wp-json\/wp\/v2\/users\/1"}],"replies":[{"embeddable":true,"href":"https:\/\/www.italiaeconomiaonline.it\/web\/wp-json\/wp\/v2\/comments?post=5323"}],"version-history":[{"count":2,"href":"https:\/\/www.italiaeconomiaonline.it\/web\/wp-json\/wp\/v2\/posts\/5323\/revisions"}],"predecessor-version":[{"id":5326,"href":"https:\/\/www.italiaeconomiaonline.it\/web\/wp-json\/wp\/v2\/posts\/5323\/revisions\/5326"}],"wp:featuredmedia":[{"embeddable":true,"href":"https:\/\/www.italiaeconomiaonline.it\/web\/wp-json\/wp\/v2\/media\/5324"}],"wp:attachment":[{"href":"https:\/\/www.italiaeconomiaonline.it\/web\/wp-json\/wp\/v2\/media?parent=5323"}],"wp:term":[{"taxonomy":"category","embeddable":true,"href":"https:\/\/www.italiaeconomiaonline.it\/web\/wp-json\/wp\/v2\/categories?post=5323"},{"taxonomy":"post_tag","embeddable":true,"href":"https:\/\/www.italiaeconomiaonline.it\/web\/wp-json\/wp\/v2\/tags?post=5323"}],"curies":[{"name":"wp","href":"https:\/\/api.w.org\/{rel}","templated":true}]}}