{"id":5329,"date":"2021-02-08T10:16:46","date_gmt":"2021-02-08T09:16:46","guid":{"rendered":"http:\/\/www.italiaeconomiaonline.it\/web\/?p=5329"},"modified":"2021-02-08T10:16:46","modified_gmt":"2021-02-08T09:16:46","slug":"maltempo-coldiretti-9-comuni-su-10-a-rischio-frane","status":"publish","type":"post","link":"https:\/\/www.italiaeconomiaonline.it\/web\/maltempo-coldiretti-9-comuni-su-10-a-rischio-frane\/","title":{"rendered":"Maltempo, Coldiretti: 9 comuni su 10 a rischio frane"},"content":{"rendered":"<p><span class=\"dropcap dropcap3\">L<\/span>e precipitazioni sempre pi\u00f9 intense e frequenti con vere e proprie bombe d\u2019acqua si abbattono su un territorio reso fragile dalla cementificazione e dall\u2019abbandono con pi\u00f9 di nove comuni su dieci a rischio per frane o alluvioni (91,1%).<\/p>\n<p>E\u2019 quanto afferma la Coldiretti in riferimento alle frane che hanno interessato la penisola dalla strada del Bellunese a Forno di Zoldo fino a in provincia di Salerno a Pellezzano.<\/p>\n<p>&nbsp;<\/p>\n<p>Sono infatti saliti a 7275 i comuni \u2013 sottolinea la Coldiretti \u2013 con parte del territorio in pericolo di dissesto idrogeologico dove \u2013 sottolinea la Coldiretti \u2013 sono 7 milioni gli italiani che vivono in aree a rischio frane, alluvioni ed esondazioni di fiumi in una situazione di incertezza determinata dall\u2019andamento meteorologico che condiziona la vita e il lavoro.<\/p>\n<p>Su un territorio fragile si abbattono i cambiamenti climatici in un 2021 segnato fino ad ora in Italia da ben 43 eventi estremi tra grandinate, tornado, nevicate anomale, valanghe e bombe d\u2019acqua che hanno colpito lungo tutta la Penisola provocando vittime e danni nelle citt\u00e0 e nelle campagne. Siamo di fronte in Italia alle conseguenze dei cambiamenti climatici con una tendenza alla tropicalizzazione e il moltiplicarsi di eventi estremi con una pi\u00f9 elevata frequenza di manifestazioni violente, sfasamenti stagionali, precipitazioni brevi e intense ed il rapido passaggio dal sole al maltempo che ha fatto perdere \u2013 conclude la Coldiretti \u2013 oltre 14 miliardi di euro in un decennio, tra cali della produzione agricola nazionale e danni alle strutture e alle infrastrutture nelle campagne con allagamenti, frane e smottamenti.<\/p>\n<p>A questa situazione non \u00e8 certamente estraneo il fatto che il territorio \u00e8 stato reso pi\u00f9 fragile dalla cementificazione e dall\u2019abbandono che negli ultimi 25 anni ha fatto sparire oltre \u00bc della terra coltivata (-28%) con la superficie agricola utilizzabile in Italia che si \u00e8 ridotta ad appena 12,8 milioni di ettari.\u00a0 Per questo \u2013 conclude la Coldiretti \u2013 l\u2019Italia deve difendere il proprio patrimonio agricolo e la propria disponibilit\u00e0 di terra fertile con un adeguato riconoscimento sociale, culturale ed economico del ruolo dell\u2019attivit\u00e0 nelle campagne.<\/p>\n<p>&nbsp;<\/p>\n<p>&nbsp;<\/p>\n","protected":false},"excerpt":{"rendered":"<p>Le precipitazioni sempre pi\u00f9 intense e frequenti con vere e proprie bombe d\u2019acqua si abbattono su un territorio reso fragile dalla cementificazione e dall\u2019abbandono con pi\u00f9 di nove comuni su dieci a rischio per frane o alluvioni (91,1%). E\u2019 quanto afferma la Coldiretti in riferimento alle frane che hanno interessato la penisola dalla strada del [&hellip;]<\/p>\n","protected":false},"author":1,"featured_media":1988,"comment_status":"closed","ping_status":"open","sticky":false,"template":"","format":"standard","meta":{"footnotes":""},"categories":[795],"tags":[158,796],"yoast_head":"<!-- This site is optimized with the Yoast SEO plugin v22.2 - https:\/\/yoast.com\/wordpress\/plugins\/seo\/ -->\n<title>Maltempo, Coldiretti: 9 comuni su 10 a rischio frane -<\/title>\n<meta name=\"robots\" content=\"index, follow, max-snippet:-1, max-image-preview:large, max-video-preview:-1\" \/>\n<link rel=\"canonical\" href=\"https:\/\/www.italiaeconomiaonline.it\/web\/maltempo-coldiretti-9-comuni-su-10-a-rischio-frane\/\" \/>\n<meta property=\"og:locale\" content=\"it_IT\" \/>\n<meta property=\"og:type\" content=\"article\" \/>\n<meta property=\"og:title\" content=\"Maltempo, Coldiretti: 9 comuni su 10 a rischio frane -\" \/>\n<meta property=\"og:description\" content=\"Le precipitazioni sempre pi\u00f9 intense e frequenti con vere e proprie bombe d\u2019acqua si abbattono su un territorio reso fragile dalla cementificazione e dall\u2019abbandono con pi\u00f9 di nove comuni su dieci a rischio per frane o alluvioni (91,1%). E\u2019 quanto afferma la Coldiretti in riferimento alle frane che hanno interessato la penisola dalla strada del [&hellip;]\" \/>\n<meta property=\"og:url\" content=\"https:\/\/www.italiaeconomiaonline.it\/web\/maltempo-coldiretti-9-comuni-su-10-a-rischio-frane\/\" \/>\n<meta property=\"og:site_name\" content=\"ItaliaEconomiaOnline\" \/>\n<meta property=\"article:published_time\" content=\"2021-02-08T09:16:46+00:00\" \/>\n<meta property=\"og:image\" content=\"https:\/\/www.italiaeconomiaonline.it\/web\/wp-content\/uploads\/2019\/11\/temporale-maltempo-pioggia.jpg\" \/>\n\t<meta property=\"og:image:width\" content=\"960\" \/>\n\t<meta property=\"og:image:height\" content=\"540\" \/>\n\t<meta property=\"og:image:type\" content=\"image\/jpeg\" \/>\n<meta name=\"author\" content=\"ladyitaliaeconomia\" \/>\n<meta name=\"twitter:card\" content=\"summary_large_image\" \/>\n<meta name=\"twitter:label1\" content=\"Scritto da\" \/>\n\t<meta name=\"twitter:data1\" content=\"ladyitaliaeconomia\" \/>\n\t<meta name=\"twitter:label2\" content=\"Tempo di lettura stimato\" \/>\n\t<meta name=\"twitter:data2\" content=\"2 minuti\" \/>\n<script type=\"application\/ld+json\" class=\"yoast-schema-graph\">{\"@context\":\"https:\/\/schema.org\",\"@graph\":[{\"@type\":\"WebPage\",\"@id\":\"https:\/\/www.italiaeconomiaonline.it\/web\/maltempo-coldiretti-9-comuni-su-10-a-rischio-frane\/\",\"url\":\"https:\/\/www.italiaeconomiaonline.it\/web\/maltempo-coldiretti-9-comuni-su-10-a-rischio-frane\/\",\"name\":\"Maltempo, Coldiretti: 9 comuni su 10 a rischio frane -\",\"isPartOf\":{\"@id\":\"https:\/\/www.italiaeconomiaonline.it\/web\/#website\"},\"primaryImageOfPage\":{\"@id\":\"https:\/\/www.italiaeconomiaonline.it\/web\/maltempo-coldiretti-9-comuni-su-10-a-rischio-frane\/#primaryimage\"},\"image\":{\"@id\":\"https:\/\/www.italiaeconomiaonline.it\/web\/maltempo-coldiretti-9-comuni-su-10-a-rischio-frane\/#primaryimage\"},\"thumbnailUrl\":\"https:\/\/www.italiaeconomiaonline.it\/web\/wp-content\/uploads\/2019\/11\/temporale-maltempo-pioggia.jpg\",\"datePublished\":\"2021-02-08T09:16:46+00:00\",\"dateModified\":\"2021-02-08T09:16:46+00:00\",\"author\":{\"@id\":\"https:\/\/www.italiaeconomiaonline.it\/web\/#\/schema\/person\/909a49cce752523b020fbc37d5ab1c31\"},\"breadcrumb\":{\"@id\":\"https:\/\/www.italiaeconomiaonline.it\/web\/maltempo-coldiretti-9-comuni-su-10-a-rischio-frane\/#breadcrumb\"},\"inLanguage\":\"it-IT\",\"potentialAction\":[{\"@type\":\"ReadAction\",\"target\":[\"https:\/\/www.italiaeconomiaonline.it\/web\/maltempo-coldiretti-9-comuni-su-10-a-rischio-frane\/\"]}]},{\"@type\":\"ImageObject\",\"inLanguage\":\"it-IT\",\"@id\":\"https:\/\/www.italiaeconomiaonline.it\/web\/maltempo-coldiretti-9-comuni-su-10-a-rischio-frane\/#primaryimage\",\"url\":\"https:\/\/www.italiaeconomiaonline.it\/web\/wp-content\/uploads\/2019\/11\/temporale-maltempo-pioggia.jpg\",\"contentUrl\":\"https:\/\/www.italiaeconomiaonline.it\/web\/wp-content\/uploads\/2019\/11\/temporale-maltempo-pioggia.jpg\",\"width\":960,\"height\":540},{\"@type\":\"BreadcrumbList\",\"@id\":\"https:\/\/www.italiaeconomiaonline.it\/web\/maltempo-coldiretti-9-comuni-su-10-a-rischio-frane\/#breadcrumb\",\"itemListElement\":[{\"@type\":\"ListItem\",\"position\":1,\"name\":\"Home\",\"item\":\"https:\/\/www.italiaeconomiaonline.it\/web\/\"},{\"@type\":\"ListItem\",\"position\":2,\"name\":\"Maltempo, Coldiretti: 9 comuni su 10 a rischio frane\"}]},{\"@type\":\"WebSite\",\"@id\":\"https:\/\/www.italiaeconomiaonline.it\/web\/#website\",\"url\":\"https:\/\/www.italiaeconomiaonline.it\/web\/\",\"name\":\"ItaliaEconomiaOnline\",\"description\":\"Quotidiano Economico Online\",\"potentialAction\":[{\"@type\":\"SearchAction\",\"target\":{\"@type\":\"EntryPoint\",\"urlTemplate\":\"https:\/\/www.italiaeconomiaonline.it\/web\/?s={search_term_string}\"},\"query-input\":\"required name=search_term_string\"}],\"inLanguage\":\"it-IT\"},{\"@type\":\"Person\",\"@id\":\"https:\/\/www.italiaeconomiaonline.it\/web\/#\/schema\/person\/909a49cce752523b020fbc37d5ab1c31\",\"name\":\"ladyitaliaeconomia\",\"image\":{\"@type\":\"ImageObject\",\"inLanguage\":\"it-IT\",\"@id\":\"https:\/\/www.italiaeconomiaonline.it\/web\/#\/schema\/person\/image\/\",\"url\":\"https:\/\/secure.gravatar.com\/avatar\/cedca10ce7416a579b9fa6bce9c0a8f2?s=96&d=mm&r=g\",\"contentUrl\":\"https:\/\/secure.gravatar.com\/avatar\/cedca10ce7416a579b9fa6bce9c0a8f2?s=96&d=mm&r=g\",\"caption\":\"ladyitaliaeconomia\"},\"url\":\"https:\/\/www.italiaeconomiaonline.it\/web\/author\/ladyitaliaeconomia\/\"}]}<\/script>\n<!-- \/ Yoast SEO plugin. -->","yoast_head_json":{"title":"Maltempo, Coldiretti: 9 comuni su 10 a rischio frane -","robots":{"index":"index","follow":"follow","max-snippet":"max-snippet:-1","max-image-preview":"max-image-preview:large","max-video-preview":"max-video-preview:-1"},"canonical":"https:\/\/www.italiaeconomiaonline.it\/web\/maltempo-coldiretti-9-comuni-su-10-a-rischio-frane\/","og_locale":"it_IT","og_type":"article","og_title":"Maltempo, Coldiretti: 9 comuni su 10 a rischio frane -","og_description":"Le precipitazioni sempre pi\u00f9 intense e frequenti con vere e proprie bombe d\u2019acqua si abbattono su un territorio reso fragile dalla cementificazione e dall\u2019abbandono con pi\u00f9 di nove comuni su dieci a rischio per frane o alluvioni (91,1%). E\u2019 quanto afferma la Coldiretti in riferimento alle frane che hanno interessato la penisola dalla strada del [&hellip;]","og_url":"https:\/\/www.italiaeconomiaonline.it\/web\/maltempo-coldiretti-9-comuni-su-10-a-rischio-frane\/","og_site_name":"ItaliaEconomiaOnline","article_published_time":"2021-02-08T09:16:46+00:00","og_image":[{"width":960,"height":540,"url":"https:\/\/www.italiaeconomiaonline.it\/web\/wp-content\/uploads\/2019\/11\/temporale-maltempo-pioggia.jpg","type":"image\/jpeg"}],"author":"ladyitaliaeconomia","twitter_card":"summary_large_image","twitter_misc":{"Scritto da":"ladyitaliaeconomia","Tempo di lettura stimato":"2 minuti"},"schema":{"@context":"https:\/\/schema.org","@graph":[{"@type":"WebPage","@id":"https:\/\/www.italiaeconomiaonline.it\/web\/maltempo-coldiretti-9-comuni-su-10-a-rischio-frane\/","url":"https:\/\/www.italiaeconomiaonline.it\/web\/maltempo-coldiretti-9-comuni-su-10-a-rischio-frane\/","name":"Maltempo, Coldiretti: 9 comuni su 10 a rischio frane -","isPartOf":{"@id":"https:\/\/www.italiaeconomiaonline.it\/web\/#website"},"primaryImageOfPage":{"@id":"https:\/\/www.italiaeconomiaonline.it\/web\/maltempo-coldiretti-9-comuni-su-10-a-rischio-frane\/#primaryimage"},"image":{"@id":"https:\/\/www.italiaeconomiaonline.it\/web\/maltempo-coldiretti-9-comuni-su-10-a-rischio-frane\/#primaryimage"},"thumbnailUrl":"https:\/\/www.italiaeconomiaonline.it\/web\/wp-content\/uploads\/2019\/11\/temporale-maltempo-pioggia.jpg","datePublished":"2021-02-08T09:16:46+00:00","dateModified":"2021-02-08T09:16:46+00:00","author":{"@id":"https:\/\/www.italiaeconomiaonline.it\/web\/#\/schema\/person\/909a49cce752523b020fbc37d5ab1c31"},"breadcrumb":{"@id":"https:\/\/www.italiaeconomiaonline.it\/web\/maltempo-coldiretti-9-comuni-su-10-a-rischio-frane\/#breadcrumb"},"inLanguage":"it-IT","potentialAction":[{"@type":"ReadAction","target":["https:\/\/www.italiaeconomiaonline.it\/web\/maltempo-coldiretti-9-comuni-su-10-a-rischio-frane\/"]}]},{"@type":"ImageObject","inLanguage":"it-IT","@id":"https:\/\/www.italiaeconomiaonline.it\/web\/maltempo-coldiretti-9-comuni-su-10-a-rischio-frane\/#primaryimage","url":"https:\/\/www.italiaeconomiaonline.it\/web\/wp-content\/uploads\/2019\/11\/temporale-maltempo-pioggia.jpg","contentUrl":"https:\/\/www.italiaeconomiaonline.it\/web\/wp-content\/uploads\/2019\/11\/temporale-maltempo-pioggia.jpg","width":960,"height":540},{"@type":"BreadcrumbList","@id":"https:\/\/www.italiaeconomiaonline.it\/web\/maltempo-coldiretti-9-comuni-su-10-a-rischio-frane\/#breadcrumb","itemListElement":[{"@type":"ListItem","position":1,"name":"Home","item":"https:\/\/www.italiaeconomiaonline.it\/web\/"},{"@type":"ListItem","position":2,"name":"Maltempo, Coldiretti: 9 comuni su 10 a rischio frane"}]},{"@type":"WebSite","@id":"https:\/\/www.italiaeconomiaonline.it\/web\/#website","url":"https:\/\/www.italiaeconomiaonline.it\/web\/","name":"ItaliaEconomiaOnline","description":"Quotidiano Economico Online","potentialAction":[{"@type":"SearchAction","target":{"@type":"EntryPoint","urlTemplate":"https:\/\/www.italiaeconomiaonline.it\/web\/?s={search_term_string}"},"query-input":"required name=search_term_string"}],"inLanguage":"it-IT"},{"@type":"Person","@id":"https:\/\/www.italiaeconomiaonline.it\/web\/#\/schema\/person\/909a49cce752523b020fbc37d5ab1c31","name":"ladyitaliaeconomia","image":{"@type":"ImageObject","inLanguage":"it-IT","@id":"https:\/\/www.italiaeconomiaonline.it\/web\/#\/schema\/person\/image\/","url":"https:\/\/secure.gravatar.com\/avatar\/cedca10ce7416a579b9fa6bce9c0a8f2?s=96&d=mm&r=g","contentUrl":"https:\/\/secure.gravatar.com\/avatar\/cedca10ce7416a579b9fa6bce9c0a8f2?s=96&d=mm&r=g","caption":"ladyitaliaeconomia"},"url":"https:\/\/www.italiaeconomiaonline.it\/web\/author\/ladyitaliaeconomia\/"}]}},"_links":{"self":[{"href":"https:\/\/www.italiaeconomiaonline.it\/web\/wp-json\/wp\/v2\/posts\/5329"}],"collection":[{"href":"https:\/\/www.italiaeconomiaonline.it\/web\/wp-json\/wp\/v2\/posts"}],"about":[{"href":"https:\/\/www.italiaeconomiaonline.it\/web\/wp-json\/wp\/v2\/types\/post"}],"author":[{"embeddable":true,"href":"https:\/\/www.italiaeconomiaonline.it\/web\/wp-json\/wp\/v2\/users\/1"}],"replies":[{"embeddable":true,"href":"https:\/\/www.italiaeconomiaonline.it\/web\/wp-json\/wp\/v2\/comments?post=5329"}],"version-history":[{"count":1,"href":"https:\/\/www.italiaeconomiaonline.it\/web\/wp-json\/wp\/v2\/posts\/5329\/revisions"}],"predecessor-version":[{"id":5330,"href":"https:\/\/www.italiaeconomiaonline.it\/web\/wp-json\/wp\/v2\/posts\/5329\/revisions\/5330"}],"wp:featuredmedia":[{"embeddable":true,"href":"https:\/\/www.italiaeconomiaonline.it\/web\/wp-json\/wp\/v2\/media\/1988"}],"wp:attachment":[{"href":"https:\/\/www.italiaeconomiaonline.it\/web\/wp-json\/wp\/v2\/media?parent=5329"}],"wp:term":[{"taxonomy":"category","embeddable":true,"href":"https:\/\/www.italiaeconomiaonline.it\/web\/wp-json\/wp\/v2\/categories?post=5329"},{"taxonomy":"post_tag","embeddable":true,"href":"https:\/\/www.italiaeconomiaonline.it\/web\/wp-json\/wp\/v2\/tags?post=5329"}],"curies":[{"name":"wp","href":"https:\/\/api.w.org\/{rel}","templated":true}]}}