{"id":5339,"date":"2021-02-09T18:12:46","date_gmt":"2021-02-09T17:12:46","guid":{"rendered":"http:\/\/www.italiaeconomiaonline.it\/web\/?p=5339"},"modified":"2021-02-09T18:15:04","modified_gmt":"2021-02-09T17:15:04","slug":"accordo-confagricoltura-cifo-campi-vetrina-delle-produzioni-formazione-e-tavoli-di-confronto","status":"publish","type":"post","link":"https:\/\/www.italiaeconomiaonline.it\/web\/accordo-confagricoltura-cifo-campi-vetrina-delle-produzioni-formazione-e-tavoli-di-confronto\/","title":{"rendered":"Accordo Confagricoltura, Cifo: &#8220;Campi vetrina delle produzioni, formazione e tavoli di confronto&#8221;"},"content":{"rendered":"<p><span class=\"dropcap dropcap3\">I<\/span>l presidente di Confagricoltura, Massimiliano Giansanti, ed il Consigliere Delegato di Cifo, Pierluigi Picciani, hanno firmato <a class=\"matchTooltip\">oggi<\/a> a Roma, a Palazzo della Valle, un accordo volto a migliorare la sostenibilit\u00e0 delle produzioni agricole nell\u2019ottica del contenimento dei costi, del miglioramento della qualit\u00e0, della riduzione dell&#8217;impatto ambientale.<\/p>\n<p>&nbsp;<\/p>\n<p>L\u2019organizzazione degli imprenditori agricoli e il gruppo agroindustriale avviano una serie di iniziative finalizzate all\u2019informazione e alla divulgazione. In particolare, con l\u2019accordo hanno concordato di dar vita a \u201ccampi vetrina\u201d su colture emergenti o di interesse nazionale. Si tratter\u00e0 di campus in cui gli agricoltori associati a Confagricoltura potranno conoscere, provare in campo e approfondire tecniche agronomiche innovative su tre livelli: per gli agricoltori, che potranno ottenere una maggiore redditivit\u00e0; per il consumatore, che potr\u00e0 beneficiare di prodotti di migliore qualit\u00e0 e pi\u00f9 salubri; per l\u2019ambiente, visti gli impatti minimi dei formulati utilizzati. Iniziative che saranno supportate da programmi congiunti di formazione e tavoli di confronto tra tecnici e agricoltori.<\/p>\n<p>&nbsp;<\/p>\n<p>\u201cTra i nostri obiettivi \u00e8 prioritario \u2013 ha detto il presidente di Confagricoltura Massimiliano Giansanti \u2013 il rafforzamento della competitivit\u00e0 delle imprese agricole e delle filiere agroalimentari (che producono, commercializzano e vendono i loro prodotti), anche con un rinnovato impegno per l\u2019ambiente, la sicurezza alimentare, la salute e il benessere, rispondendo ai precisi obiettivi che si \u00e8 data l\u2019ONU &#8211; nella direzione tracciata da Agenda 2030 \u2013 e l\u2019Unione Europea con Green New Deal e la specifica strategia Farm To Fork.<\/p>\n<p>&nbsp;<\/p>\n<p>\u201cCifo \u00e8 un partner di grande esperienza, che ha la stessa nostra visione e mission per il progresso dell\u2019agricoltura \u2013 ha aggiunto Giansanti -. Insieme vogliamo lavorare per far s\u00ec che le imprese possano ottimizzare le produzioni agricole tramite le pi\u00f9 recenti tecnologie e metodologie e che vengano realizzate filiere coese a monte e a valle del momento produttivo\u201d. In quest\u2019ottica, \u00e8 essenziale il contributo di ricerca e innovazione\u201d.<\/p>\n<p>&nbsp;<\/p>\n<p>\u201cSiamo orgogliosi di essere partner di Confagricoltura in questo importante progetto \u2013 ha dichiarato Pierluigi Picciani, consigliere delegato Cifo \u2013 Da sempre, infatti, siamo impegnati nella ricerca di nuovi prodotti e di nuove soluzioni tecniche in grado di risolvere i problemi dei nostri clienti finali, gli agricoltori, e di soddisfare i requisiti di un mercato sempre pi\u00f9 esigente. Siamo quindi ben lieti di poter condividere con gli associati di Confagricoltura le nostre conoscenze, frutto della nostra esperienza in laboratorio e su campo, per favorire un\u2019agricoltura sempre pi\u00f9 sostenibile e di eccellenza\u201d.<\/p>\n<p>&nbsp;<\/p>\n<p>&#8212;&#8212;&#8212;&#8212;&#8212;&#8212;-<\/p>\n<p>&nbsp;<\/p>\n","protected":false},"excerpt":{"rendered":"<p>Il presidente di Confagricoltura, Massimiliano Giansanti, ed il Consigliere Delegato di Cifo, Pierluigi Picciani, hanno firmato oggi a Roma, a Palazzo della Valle, un accordo volto a migliorare la sostenibilit\u00e0 delle produzioni agricole nell\u2019ottica del contenimento dei costi, del miglioramento della qualit\u00e0, della riduzione dell&#8217;impatto ambientale. &nbsp; L\u2019organizzazione degli imprenditori agricoli e il gruppo agroindustriale [&hellip;]<\/p>\n","protected":false},"author":1,"featured_media":5342,"comment_status":"closed","ping_status":"open","sticky":false,"template":"","format":"standard","meta":{"footnotes":""},"categories":[537],"tags":[],"yoast_head":"<!-- This site is optimized with the Yoast SEO plugin v22.2 - https:\/\/yoast.com\/wordpress\/plugins\/seo\/ -->\n<title>Accordo Confagricoltura, Cifo: &quot;Campi vetrina delle produzioni, formazione e tavoli di confronto&quot; -<\/title>\n<meta name=\"robots\" content=\"index, follow, max-snippet:-1, max-image-preview:large, max-video-preview:-1\" \/>\n<link rel=\"canonical\" href=\"https:\/\/www.italiaeconomiaonline.it\/web\/accordo-confagricoltura-cifo-campi-vetrina-delle-produzioni-formazione-e-tavoli-di-confronto\/\" \/>\n<meta property=\"og:locale\" content=\"it_IT\" \/>\n<meta property=\"og:type\" content=\"article\" \/>\n<meta property=\"og:title\" content=\"Accordo Confagricoltura, Cifo: &quot;Campi vetrina delle produzioni, formazione e tavoli di confronto&quot; -\" \/>\n<meta property=\"og:description\" content=\"Il presidente di Confagricoltura, Massimiliano Giansanti, ed il Consigliere Delegato di Cifo, Pierluigi Picciani, hanno firmato oggi a Roma, a Palazzo della Valle, un accordo volto a migliorare la sostenibilit\u00e0 delle produzioni agricole nell\u2019ottica del contenimento dei costi, del miglioramento della qualit\u00e0, della riduzione dell&#8217;impatto ambientale. &nbsp; L\u2019organizzazione degli imprenditori agricoli e il gruppo agroindustriale [&hellip;]\" \/>\n<meta property=\"og:url\" content=\"https:\/\/www.italiaeconomiaonline.it\/web\/accordo-confagricoltura-cifo-campi-vetrina-delle-produzioni-formazione-e-tavoli-di-confronto\/\" \/>\n<meta property=\"og:site_name\" content=\"ItaliaEconomiaOnline\" \/>\n<meta property=\"article:published_time\" content=\"2021-02-09T17:12:46+00:00\" \/>\n<meta property=\"article:modified_time\" content=\"2021-02-09T17:15:04+00:00\" \/>\n<meta property=\"og:image\" content=\"https:\/\/www.italiaeconomiaonline.it\/web\/wp-content\/uploads\/2021\/02\/Schermata-2021-02-09-alle-18.14.28.png\" \/>\n\t<meta property=\"og:image:width\" content=\"1110\" \/>\n\t<meta property=\"og:image:height\" content=\"724\" \/>\n\t<meta property=\"og:image:type\" content=\"image\/png\" \/>\n<meta name=\"author\" content=\"ladyitaliaeconomia\" \/>\n<meta name=\"twitter:card\" content=\"summary_large_image\" \/>\n<meta name=\"twitter:label1\" content=\"Scritto da\" \/>\n\t<meta name=\"twitter:data1\" content=\"ladyitaliaeconomia\" \/>\n\t<meta name=\"twitter:label2\" content=\"Tempo di lettura stimato\" \/>\n\t<meta name=\"twitter:data2\" content=\"2 minuti\" \/>\n<script type=\"application\/ld+json\" class=\"yoast-schema-graph\">{\"@context\":\"https:\/\/schema.org\",\"@graph\":[{\"@type\":\"WebPage\",\"@id\":\"https:\/\/www.italiaeconomiaonline.it\/web\/accordo-confagricoltura-cifo-campi-vetrina-delle-produzioni-formazione-e-tavoli-di-confronto\/\",\"url\":\"https:\/\/www.italiaeconomiaonline.it\/web\/accordo-confagricoltura-cifo-campi-vetrina-delle-produzioni-formazione-e-tavoli-di-confronto\/\",\"name\":\"Accordo Confagricoltura, Cifo: \\\"Campi vetrina delle produzioni, formazione e tavoli di confronto\\\" -\",\"isPartOf\":{\"@id\":\"https:\/\/www.italiaeconomiaonline.it\/web\/#website\"},\"primaryImageOfPage\":{\"@id\":\"https:\/\/www.italiaeconomiaonline.it\/web\/accordo-confagricoltura-cifo-campi-vetrina-delle-produzioni-formazione-e-tavoli-di-confronto\/#primaryimage\"},\"image\":{\"@id\":\"https:\/\/www.italiaeconomiaonline.it\/web\/accordo-confagricoltura-cifo-campi-vetrina-delle-produzioni-formazione-e-tavoli-di-confronto\/#primaryimage\"},\"thumbnailUrl\":\"https:\/\/www.italiaeconomiaonline.it\/web\/wp-content\/uploads\/2021\/02\/Schermata-2021-02-09-alle-18.14.28.png\",\"datePublished\":\"2021-02-09T17:12:46+00:00\",\"dateModified\":\"2021-02-09T17:15:04+00:00\",\"author\":{\"@id\":\"https:\/\/www.italiaeconomiaonline.it\/web\/#\/schema\/person\/909a49cce752523b020fbc37d5ab1c31\"},\"breadcrumb\":{\"@id\":\"https:\/\/www.italiaeconomiaonline.it\/web\/accordo-confagricoltura-cifo-campi-vetrina-delle-produzioni-formazione-e-tavoli-di-confronto\/#breadcrumb\"},\"inLanguage\":\"it-IT\",\"potentialAction\":[{\"@type\":\"ReadAction\",\"target\":[\"https:\/\/www.italiaeconomiaonline.it\/web\/accordo-confagricoltura-cifo-campi-vetrina-delle-produzioni-formazione-e-tavoli-di-confronto\/\"]}]},{\"@type\":\"ImageObject\",\"inLanguage\":\"it-IT\",\"@id\":\"https:\/\/www.italiaeconomiaonline.it\/web\/accordo-confagricoltura-cifo-campi-vetrina-delle-produzioni-formazione-e-tavoli-di-confronto\/#primaryimage\",\"url\":\"https:\/\/www.italiaeconomiaonline.it\/web\/wp-content\/uploads\/2021\/02\/Schermata-2021-02-09-alle-18.14.28.png\",\"contentUrl\":\"https:\/\/www.italiaeconomiaonline.it\/web\/wp-content\/uploads\/2021\/02\/Schermata-2021-02-09-alle-18.14.28.png\",\"width\":1110,\"height\":724},{\"@type\":\"BreadcrumbList\",\"@id\":\"https:\/\/www.italiaeconomiaonline.it\/web\/accordo-confagricoltura-cifo-campi-vetrina-delle-produzioni-formazione-e-tavoli-di-confronto\/#breadcrumb\",\"itemListElement\":[{\"@type\":\"ListItem\",\"position\":1,\"name\":\"Home\",\"item\":\"https:\/\/www.italiaeconomiaonline.it\/web\/\"},{\"@type\":\"ListItem\",\"position\":2,\"name\":\"Accordo Confagricoltura, Cifo: &#8220;Campi vetrina delle produzioni, formazione e tavoli di confronto&#8221;\"}]},{\"@type\":\"WebSite\",\"@id\":\"https:\/\/www.italiaeconomiaonline.it\/web\/#website\",\"url\":\"https:\/\/www.italiaeconomiaonline.it\/web\/\",\"name\":\"ItaliaEconomiaOnline\",\"description\":\"Quotidiano Economico Online\",\"potentialAction\":[{\"@type\":\"SearchAction\",\"target\":{\"@type\":\"EntryPoint\",\"urlTemplate\":\"https:\/\/www.italiaeconomiaonline.it\/web\/?s={search_term_string}\"},\"query-input\":\"required name=search_term_string\"}],\"inLanguage\":\"it-IT\"},{\"@type\":\"Person\",\"@id\":\"https:\/\/www.italiaeconomiaonline.it\/web\/#\/schema\/person\/909a49cce752523b020fbc37d5ab1c31\",\"name\":\"ladyitaliaeconomia\",\"image\":{\"@type\":\"ImageObject\",\"inLanguage\":\"it-IT\",\"@id\":\"https:\/\/www.italiaeconomiaonline.it\/web\/#\/schema\/person\/image\/\",\"url\":\"https:\/\/secure.gravatar.com\/avatar\/cedca10ce7416a579b9fa6bce9c0a8f2?s=96&d=mm&r=g\",\"contentUrl\":\"https:\/\/secure.gravatar.com\/avatar\/cedca10ce7416a579b9fa6bce9c0a8f2?s=96&d=mm&r=g\",\"caption\":\"ladyitaliaeconomia\"},\"url\":\"https:\/\/www.italiaeconomiaonline.it\/web\/author\/ladyitaliaeconomia\/\"}]}<\/script>\n<!-- \/ Yoast SEO plugin. -->","yoast_head_json":{"title":"Accordo Confagricoltura, Cifo: \"Campi vetrina delle produzioni, formazione e tavoli di confronto\" -","robots":{"index":"index","follow":"follow","max-snippet":"max-snippet:-1","max-image-preview":"max-image-preview:large","max-video-preview":"max-video-preview:-1"},"canonical":"https:\/\/www.italiaeconomiaonline.it\/web\/accordo-confagricoltura-cifo-campi-vetrina-delle-produzioni-formazione-e-tavoli-di-confronto\/","og_locale":"it_IT","og_type":"article","og_title":"Accordo Confagricoltura, Cifo: \"Campi vetrina delle produzioni, formazione e tavoli di confronto\" -","og_description":"Il presidente di Confagricoltura, Massimiliano Giansanti, ed il Consigliere Delegato di Cifo, Pierluigi Picciani, hanno firmato oggi a Roma, a Palazzo della Valle, un accordo volto a migliorare la sostenibilit\u00e0 delle produzioni agricole nell\u2019ottica del contenimento dei costi, del miglioramento della qualit\u00e0, della riduzione dell&#8217;impatto ambientale. &nbsp; L\u2019organizzazione degli imprenditori agricoli e il gruppo agroindustriale [&hellip;]","og_url":"https:\/\/www.italiaeconomiaonline.it\/web\/accordo-confagricoltura-cifo-campi-vetrina-delle-produzioni-formazione-e-tavoli-di-confronto\/","og_site_name":"ItaliaEconomiaOnline","article_published_time":"2021-02-09T17:12:46+00:00","article_modified_time":"2021-02-09T17:15:04+00:00","og_image":[{"width":1110,"height":724,"url":"https:\/\/www.italiaeconomiaonline.it\/web\/wp-content\/uploads\/2021\/02\/Schermata-2021-02-09-alle-18.14.28.png","type":"image\/png"}],"author":"ladyitaliaeconomia","twitter_card":"summary_large_image","twitter_misc":{"Scritto da":"ladyitaliaeconomia","Tempo di lettura stimato":"2 minuti"},"schema":{"@context":"https:\/\/schema.org","@graph":[{"@type":"WebPage","@id":"https:\/\/www.italiaeconomiaonline.it\/web\/accordo-confagricoltura-cifo-campi-vetrina-delle-produzioni-formazione-e-tavoli-di-confronto\/","url":"https:\/\/www.italiaeconomiaonline.it\/web\/accordo-confagricoltura-cifo-campi-vetrina-delle-produzioni-formazione-e-tavoli-di-confronto\/","name":"Accordo Confagricoltura, Cifo: \"Campi vetrina delle produzioni, formazione e tavoli di confronto\" -","isPartOf":{"@id":"https:\/\/www.italiaeconomiaonline.it\/web\/#website"},"primaryImageOfPage":{"@id":"https:\/\/www.italiaeconomiaonline.it\/web\/accordo-confagricoltura-cifo-campi-vetrina-delle-produzioni-formazione-e-tavoli-di-confronto\/#primaryimage"},"image":{"@id":"https:\/\/www.italiaeconomiaonline.it\/web\/accordo-confagricoltura-cifo-campi-vetrina-delle-produzioni-formazione-e-tavoli-di-confronto\/#primaryimage"},"thumbnailUrl":"https:\/\/www.italiaeconomiaonline.it\/web\/wp-content\/uploads\/2021\/02\/Schermata-2021-02-09-alle-18.14.28.png","datePublished":"2021-02-09T17:12:46+00:00","dateModified":"2021-02-09T17:15:04+00:00","author":{"@id":"https:\/\/www.italiaeconomiaonline.it\/web\/#\/schema\/person\/909a49cce752523b020fbc37d5ab1c31"},"breadcrumb":{"@id":"https:\/\/www.italiaeconomiaonline.it\/web\/accordo-confagricoltura-cifo-campi-vetrina-delle-produzioni-formazione-e-tavoli-di-confronto\/#breadcrumb"},"inLanguage":"it-IT","potentialAction":[{"@type":"ReadAction","target":["https:\/\/www.italiaeconomiaonline.it\/web\/accordo-confagricoltura-cifo-campi-vetrina-delle-produzioni-formazione-e-tavoli-di-confronto\/"]}]},{"@type":"ImageObject","inLanguage":"it-IT","@id":"https:\/\/www.italiaeconomiaonline.it\/web\/accordo-confagricoltura-cifo-campi-vetrina-delle-produzioni-formazione-e-tavoli-di-confronto\/#primaryimage","url":"https:\/\/www.italiaeconomiaonline.it\/web\/wp-content\/uploads\/2021\/02\/Schermata-2021-02-09-alle-18.14.28.png","contentUrl":"https:\/\/www.italiaeconomiaonline.it\/web\/wp-content\/uploads\/2021\/02\/Schermata-2021-02-09-alle-18.14.28.png","width":1110,"height":724},{"@type":"BreadcrumbList","@id":"https:\/\/www.italiaeconomiaonline.it\/web\/accordo-confagricoltura-cifo-campi-vetrina-delle-produzioni-formazione-e-tavoli-di-confronto\/#breadcrumb","itemListElement":[{"@type":"ListItem","position":1,"name":"Home","item":"https:\/\/www.italiaeconomiaonline.it\/web\/"},{"@type":"ListItem","position":2,"name":"Accordo Confagricoltura, Cifo: &#8220;Campi vetrina delle produzioni, formazione e tavoli di confronto&#8221;"}]},{"@type":"WebSite","@id":"https:\/\/www.italiaeconomiaonline.it\/web\/#website","url":"https:\/\/www.italiaeconomiaonline.it\/web\/","name":"ItaliaEconomiaOnline","description":"Quotidiano Economico Online","potentialAction":[{"@type":"SearchAction","target":{"@type":"EntryPoint","urlTemplate":"https:\/\/www.italiaeconomiaonline.it\/web\/?s={search_term_string}"},"query-input":"required name=search_term_string"}],"inLanguage":"it-IT"},{"@type":"Person","@id":"https:\/\/www.italiaeconomiaonline.it\/web\/#\/schema\/person\/909a49cce752523b020fbc37d5ab1c31","name":"ladyitaliaeconomia","image":{"@type":"ImageObject","inLanguage":"it-IT","@id":"https:\/\/www.italiaeconomiaonline.it\/web\/#\/schema\/person\/image\/","url":"https:\/\/secure.gravatar.com\/avatar\/cedca10ce7416a579b9fa6bce9c0a8f2?s=96&d=mm&r=g","contentUrl":"https:\/\/secure.gravatar.com\/avatar\/cedca10ce7416a579b9fa6bce9c0a8f2?s=96&d=mm&r=g","caption":"ladyitaliaeconomia"},"url":"https:\/\/www.italiaeconomiaonline.it\/web\/author\/ladyitaliaeconomia\/"}]}},"_links":{"self":[{"href":"https:\/\/www.italiaeconomiaonline.it\/web\/wp-json\/wp\/v2\/posts\/5339"}],"collection":[{"href":"https:\/\/www.italiaeconomiaonline.it\/web\/wp-json\/wp\/v2\/posts"}],"about":[{"href":"https:\/\/www.italiaeconomiaonline.it\/web\/wp-json\/wp\/v2\/types\/post"}],"author":[{"embeddable":true,"href":"https:\/\/www.italiaeconomiaonline.it\/web\/wp-json\/wp\/v2\/users\/1"}],"replies":[{"embeddable":true,"href":"https:\/\/www.italiaeconomiaonline.it\/web\/wp-json\/wp\/v2\/comments?post=5339"}],"version-history":[{"count":1,"href":"https:\/\/www.italiaeconomiaonline.it\/web\/wp-json\/wp\/v2\/posts\/5339\/revisions"}],"predecessor-version":[{"id":5340,"href":"https:\/\/www.italiaeconomiaonline.it\/web\/wp-json\/wp\/v2\/posts\/5339\/revisions\/5340"}],"wp:featuredmedia":[{"embeddable":true,"href":"https:\/\/www.italiaeconomiaonline.it\/web\/wp-json\/wp\/v2\/media\/5342"}],"wp:attachment":[{"href":"https:\/\/www.italiaeconomiaonline.it\/web\/wp-json\/wp\/v2\/media?parent=5339"}],"wp:term":[{"taxonomy":"category","embeddable":true,"href":"https:\/\/www.italiaeconomiaonline.it\/web\/wp-json\/wp\/v2\/categories?post=5339"},{"taxonomy":"post_tag","embeddable":true,"href":"https:\/\/www.italiaeconomiaonline.it\/web\/wp-json\/wp\/v2\/tags?post=5339"}],"curies":[{"name":"wp","href":"https:\/\/api.w.org\/{rel}","templated":true}]}}