{"id":535,"date":"2019-04-25T13:21:03","date_gmt":"2019-04-25T11:21:03","guid":{"rendered":"http:\/\/www.italiaeconomiaonline.it\/web\/?p=535"},"modified":"2019-04-25T15:28:41","modified_gmt":"2019-04-25T13:28:41","slug":"fondimpresa-per-il-legno-arredo-oltre-9mila-lavoratori-formati-nel-2018","status":"publish","type":"post","link":"https:\/\/www.italiaeconomiaonline.it\/web\/fondimpresa-per-il-legno-arredo-oltre-9mila-lavoratori-formati-nel-2018\/","title":{"rendered":"Fondimpresa: per il legno arredo oltre 9mila lavoratori formati nel 2018"},"content":{"rendered":"<p>\u201cSolo nel 2018 Fondimpresa ha coinvolto in attivit\u00e0 formative oltre 600 aziende del Legno e dell\u2019Arredo, formando oltre 9.300 lavoratori.\u00a0Nel corso del 2018\u00a0sono state erogate 49.036 ore di formazione, di cui 17.056 attraverso avvisi del Conto di Sistema, 9.302 attraverso avvisi con Contributo aggiuntivo e 22.678 attraverso Piani ordinari.\u201d<\/p>\n<div>A dichiararlo \u00e8 il Presidente di Fondimpresa <strong>Bruno Scuotto<\/strong>.<\/div>\n<div>Fondimpresa \u00e8 il Fondo interprofessionale per la formazione continua di Confindustria, Cgil, Cisl e Uil. \u00c8 il pi\u00f9 importante in Italia con quasi 197mila imprese aderenti e 4 milioni e 600 mila lavoratori.<\/div>\n<div><\/div>\n<blockquote class=\"td_pull_quote td_pull_center\">\n<blockquote class=\"td_quote_box td_box_center\">\n<div>Le regioni\u2013 continua Scuotto &#8211;\u00a0\u00a0pi\u00f9 performanti sono state il Veneto, la Lombardia, le Marche, il Friuli Venezia Giulia e il Piemonte.\u00a0 Risulta evidente una prevalenza degli uomini coinvolti (oltre 7.000, per una percentuale del 75,52%), in larga parte nella fascia d\u2019et\u00e0 35-54 anni.<\/div>\n<\/blockquote>\n<\/blockquote>\n<div><\/div>\n<div dir=\"ltr\">\n<div>Le tematiche di maggiore interesse sono salute e sicurezza sul luogo di lavoro, gestione aziendale ed amministrazione, lingue ed abilit\u00e0 personali, informatica e marketing e vendite. Sono numeri importanti per aziende e lavoratori,\u00a0 basti pensare\u00a0 a come la Digital Trasformation sta cambiando le regole del gioco, introducendo nuovi modelli organizzativi e formativi fondamentali per sostenere la domanda di competenze e di nuove professionalit\u00e0.\u00a0<\/span><\/div>\n<div><\/div>\n<div><span style=\"font-family: garamond, serif; font-size: large;\">Il nostro fondo intende sostenere le aziende in questa sfida complessa, perch\u00e9 per eliminare il mismatch tra domanda e offerta di lavoro \u00e8 necessario rimettere al centro le imprese, quelle che creano ricchezza e valore per tutti.\u00a0<\/span><\/div>\n<div><\/div>\n<div><span style=\"font-family: garamond, serif; font-size: large;\">Questo per noi di Fondimpresa significa puntare ad una formazione basata sulle competenze digitali\u201d.<\/span><\/div>\n<\/div>\n","protected":false},"excerpt":{"rendered":"<p>\u201cSolo nel 2018 Fondimpresa ha coinvolto in attivit\u00e0 formative oltre 600 aziende del Legno e dell\u2019Arredo, formando oltre 9.300 lavoratori.\u00a0Nel corso del 2018\u00a0sono state erogate 49.036 ore di formazione, di cui 17.056 attraverso avvisi del Conto di Sistema, 9.302 attraverso avvisi con Contributo aggiuntivo e 22.678 attraverso Piani ordinari.\u201d A dichiararlo \u00e8 il Presidente di [&hellip;]<\/p>\n","protected":false},"author":1,"featured_media":538,"comment_status":"closed","ping_status":"open","sticky":false,"template":"","format":"standard","meta":{"footnotes":""},"categories":[133],"tags":[202,201,248],"yoast_head":"<!-- This site is optimized with the Yoast SEO plugin v22.2 - https:\/\/yoast.com\/wordpress\/plugins\/seo\/ -->\n<title>Fondimpresa: per il legno arredo oltre 9mila lavoratori formati nel 2018 -<\/title>\n<meta name=\"robots\" content=\"index, follow, max-snippet:-1, max-image-preview:large, max-video-preview:-1\" \/>\n<link rel=\"canonical\" href=\"https:\/\/www.italiaeconomiaonline.it\/web\/fondimpresa-per-il-legno-arredo-oltre-9mila-lavoratori-formati-nel-2018\/\" \/>\n<meta property=\"og:locale\" content=\"it_IT\" \/>\n<meta property=\"og:type\" content=\"article\" \/>\n<meta property=\"og:title\" content=\"Fondimpresa: per il legno arredo oltre 9mila lavoratori formati nel 2018 -\" \/>\n<meta property=\"og:description\" content=\"\u201cSolo nel 2018 Fondimpresa ha coinvolto in attivit\u00e0 formative oltre 600 aziende del Legno e dell\u2019Arredo, formando oltre 9.300 lavoratori.\u00a0Nel corso del 2018\u00a0sono state erogate 49.036 ore di formazione, di cui 17.056 attraverso avvisi del Conto di Sistema, 9.302 attraverso avvisi con Contributo aggiuntivo e 22.678 attraverso Piani ordinari.\u201d A dichiararlo \u00e8 il Presidente di [&hellip;]\" \/>\n<meta property=\"og:url\" content=\"https:\/\/www.italiaeconomiaonline.it\/web\/fondimpresa-per-il-legno-arredo-oltre-9mila-lavoratori-formati-nel-2018\/\" \/>\n<meta property=\"og:site_name\" content=\"ItaliaEconomiaOnline\" \/>\n<meta property=\"article:published_time\" content=\"2019-04-25T11:21:03+00:00\" \/>\n<meta property=\"article:modified_time\" content=\"2019-04-25T13:28:41+00:00\" \/>\n<meta property=\"og:image\" content=\"https:\/\/www.italiaeconomiaonline.it\/web\/wp-content\/uploads\/2019\/04\/FONDIMPRESA-003-1024x683.jpg\" \/>\n\t<meta property=\"og:image:width\" content=\"1024\" \/>\n\t<meta property=\"og:image:height\" content=\"683\" \/>\n\t<meta property=\"og:image:type\" content=\"image\/jpeg\" \/>\n<meta name=\"author\" content=\"ladyitaliaeconomia\" \/>\n<meta name=\"twitter:card\" content=\"summary_large_image\" \/>\n<meta name=\"twitter:label1\" content=\"Scritto da\" \/>\n\t<meta name=\"twitter:data1\" content=\"ladyitaliaeconomia\" \/>\n\t<meta name=\"twitter:label2\" content=\"Tempo di lettura stimato\" \/>\n\t<meta name=\"twitter:data2\" content=\"1 minuto\" \/>\n<script type=\"application\/ld+json\" class=\"yoast-schema-graph\">{\"@context\":\"https:\/\/schema.org\",\"@graph\":[{\"@type\":\"WebPage\",\"@id\":\"https:\/\/www.italiaeconomiaonline.it\/web\/fondimpresa-per-il-legno-arredo-oltre-9mila-lavoratori-formati-nel-2018\/\",\"url\":\"https:\/\/www.italiaeconomiaonline.it\/web\/fondimpresa-per-il-legno-arredo-oltre-9mila-lavoratori-formati-nel-2018\/\",\"name\":\"Fondimpresa: per il legno arredo oltre 9mila lavoratori formati nel 2018 -\",\"isPartOf\":{\"@id\":\"https:\/\/www.italiaeconomiaonline.it\/web\/#website\"},\"primaryImageOfPage\":{\"@id\":\"https:\/\/www.italiaeconomiaonline.it\/web\/fondimpresa-per-il-legno-arredo-oltre-9mila-lavoratori-formati-nel-2018\/#primaryimage\"},\"image\":{\"@id\":\"https:\/\/www.italiaeconomiaonline.it\/web\/fondimpresa-per-il-legno-arredo-oltre-9mila-lavoratori-formati-nel-2018\/#primaryimage\"},\"thumbnailUrl\":\"https:\/\/www.italiaeconomiaonline.it\/web\/wp-content\/uploads\/2019\/04\/FONDIMPRESA-003.jpg\",\"datePublished\":\"2019-04-25T11:21:03+00:00\",\"dateModified\":\"2019-04-25T13:28:41+00:00\",\"author\":{\"@id\":\"https:\/\/www.italiaeconomiaonline.it\/web\/#\/schema\/person\/909a49cce752523b020fbc37d5ab1c31\"},\"breadcrumb\":{\"@id\":\"https:\/\/www.italiaeconomiaonline.it\/web\/fondimpresa-per-il-legno-arredo-oltre-9mila-lavoratori-formati-nel-2018\/#breadcrumb\"},\"inLanguage\":\"it-IT\",\"potentialAction\":[{\"@type\":\"ReadAction\",\"target\":[\"https:\/\/www.italiaeconomiaonline.it\/web\/fondimpresa-per-il-legno-arredo-oltre-9mila-lavoratori-formati-nel-2018\/\"]}]},{\"@type\":\"ImageObject\",\"inLanguage\":\"it-IT\",\"@id\":\"https:\/\/www.italiaeconomiaonline.it\/web\/fondimpresa-per-il-legno-arredo-oltre-9mila-lavoratori-formati-nel-2018\/#primaryimage\",\"url\":\"https:\/\/www.italiaeconomiaonline.it\/web\/wp-content\/uploads\/2019\/04\/FONDIMPRESA-003.jpg\",\"contentUrl\":\"https:\/\/www.italiaeconomiaonline.it\/web\/wp-content\/uploads\/2019\/04\/FONDIMPRESA-003.jpg\",\"width\":7360,\"height\":4912},{\"@type\":\"BreadcrumbList\",\"@id\":\"https:\/\/www.italiaeconomiaonline.it\/web\/fondimpresa-per-il-legno-arredo-oltre-9mila-lavoratori-formati-nel-2018\/#breadcrumb\",\"itemListElement\":[{\"@type\":\"ListItem\",\"position\":1,\"name\":\"Home\",\"item\":\"https:\/\/www.italiaeconomiaonline.it\/web\/\"},{\"@type\":\"ListItem\",\"position\":2,\"name\":\"Fondimpresa: per il legno arredo oltre 9mila lavoratori formati nel 2018\"}]},{\"@type\":\"WebSite\",\"@id\":\"https:\/\/www.italiaeconomiaonline.it\/web\/#website\",\"url\":\"https:\/\/www.italiaeconomiaonline.it\/web\/\",\"name\":\"ItaliaEconomiaOnline\",\"description\":\"Quotidiano Economico Online\",\"potentialAction\":[{\"@type\":\"SearchAction\",\"target\":{\"@type\":\"EntryPoint\",\"urlTemplate\":\"https:\/\/www.italiaeconomiaonline.it\/web\/?s={search_term_string}\"},\"query-input\":\"required name=search_term_string\"}],\"inLanguage\":\"it-IT\"},{\"@type\":\"Person\",\"@id\":\"https:\/\/www.italiaeconomiaonline.it\/web\/#\/schema\/person\/909a49cce752523b020fbc37d5ab1c31\",\"name\":\"ladyitaliaeconomia\",\"image\":{\"@type\":\"ImageObject\",\"inLanguage\":\"it-IT\",\"@id\":\"https:\/\/www.italiaeconomiaonline.it\/web\/#\/schema\/person\/image\/\",\"url\":\"https:\/\/secure.gravatar.com\/avatar\/cedca10ce7416a579b9fa6bce9c0a8f2?s=96&d=mm&r=g\",\"contentUrl\":\"https:\/\/secure.gravatar.com\/avatar\/cedca10ce7416a579b9fa6bce9c0a8f2?s=96&d=mm&r=g\",\"caption\":\"ladyitaliaeconomia\"},\"url\":\"https:\/\/www.italiaeconomiaonline.it\/web\/author\/ladyitaliaeconomia\/\"}]}<\/script>\n<!-- \/ Yoast SEO plugin. -->","yoast_head_json":{"title":"Fondimpresa: per il legno arredo oltre 9mila lavoratori formati nel 2018 -","robots":{"index":"index","follow":"follow","max-snippet":"max-snippet:-1","max-image-preview":"max-image-preview:large","max-video-preview":"max-video-preview:-1"},"canonical":"https:\/\/www.italiaeconomiaonline.it\/web\/fondimpresa-per-il-legno-arredo-oltre-9mila-lavoratori-formati-nel-2018\/","og_locale":"it_IT","og_type":"article","og_title":"Fondimpresa: per il legno arredo oltre 9mila lavoratori formati nel 2018 -","og_description":"\u201cSolo nel 2018 Fondimpresa ha coinvolto in attivit\u00e0 formative oltre 600 aziende del Legno e dell\u2019Arredo, formando oltre 9.300 lavoratori.\u00a0Nel corso del 2018\u00a0sono state erogate 49.036 ore di formazione, di cui 17.056 attraverso avvisi del Conto di Sistema, 9.302 attraverso avvisi con Contributo aggiuntivo e 22.678 attraverso Piani ordinari.\u201d A dichiararlo \u00e8 il Presidente di [&hellip;]","og_url":"https:\/\/www.italiaeconomiaonline.it\/web\/fondimpresa-per-il-legno-arredo-oltre-9mila-lavoratori-formati-nel-2018\/","og_site_name":"ItaliaEconomiaOnline","article_published_time":"2019-04-25T11:21:03+00:00","article_modified_time":"2019-04-25T13:28:41+00:00","og_image":[{"width":1024,"height":683,"url":"https:\/\/www.italiaeconomiaonline.it\/web\/wp-content\/uploads\/2019\/04\/FONDIMPRESA-003-1024x683.jpg","type":"image\/jpeg"}],"author":"ladyitaliaeconomia","twitter_card":"summary_large_image","twitter_misc":{"Scritto da":"ladyitaliaeconomia","Tempo di lettura stimato":"1 minuto"},"schema":{"@context":"https:\/\/schema.org","@graph":[{"@type":"WebPage","@id":"https:\/\/www.italiaeconomiaonline.it\/web\/fondimpresa-per-il-legno-arredo-oltre-9mila-lavoratori-formati-nel-2018\/","url":"https:\/\/www.italiaeconomiaonline.it\/web\/fondimpresa-per-il-legno-arredo-oltre-9mila-lavoratori-formati-nel-2018\/","name":"Fondimpresa: per il legno arredo oltre 9mila lavoratori formati nel 2018 -","isPartOf":{"@id":"https:\/\/www.italiaeconomiaonline.it\/web\/#website"},"primaryImageOfPage":{"@id":"https:\/\/www.italiaeconomiaonline.it\/web\/fondimpresa-per-il-legno-arredo-oltre-9mila-lavoratori-formati-nel-2018\/#primaryimage"},"image":{"@id":"https:\/\/www.italiaeconomiaonline.it\/web\/fondimpresa-per-il-legno-arredo-oltre-9mila-lavoratori-formati-nel-2018\/#primaryimage"},"thumbnailUrl":"https:\/\/www.italiaeconomiaonline.it\/web\/wp-content\/uploads\/2019\/04\/FONDIMPRESA-003.jpg","datePublished":"2019-04-25T11:21:03+00:00","dateModified":"2019-04-25T13:28:41+00:00","author":{"@id":"https:\/\/www.italiaeconomiaonline.it\/web\/#\/schema\/person\/909a49cce752523b020fbc37d5ab1c31"},"breadcrumb":{"@id":"https:\/\/www.italiaeconomiaonline.it\/web\/fondimpresa-per-il-legno-arredo-oltre-9mila-lavoratori-formati-nel-2018\/#breadcrumb"},"inLanguage":"it-IT","potentialAction":[{"@type":"ReadAction","target":["https:\/\/www.italiaeconomiaonline.it\/web\/fondimpresa-per-il-legno-arredo-oltre-9mila-lavoratori-formati-nel-2018\/"]}]},{"@type":"ImageObject","inLanguage":"it-IT","@id":"https:\/\/www.italiaeconomiaonline.it\/web\/fondimpresa-per-il-legno-arredo-oltre-9mila-lavoratori-formati-nel-2018\/#primaryimage","url":"https:\/\/www.italiaeconomiaonline.it\/web\/wp-content\/uploads\/2019\/04\/FONDIMPRESA-003.jpg","contentUrl":"https:\/\/www.italiaeconomiaonline.it\/web\/wp-content\/uploads\/2019\/04\/FONDIMPRESA-003.jpg","width":7360,"height":4912},{"@type":"BreadcrumbList","@id":"https:\/\/www.italiaeconomiaonline.it\/web\/fondimpresa-per-il-legno-arredo-oltre-9mila-lavoratori-formati-nel-2018\/#breadcrumb","itemListElement":[{"@type":"ListItem","position":1,"name":"Home","item":"https:\/\/www.italiaeconomiaonline.it\/web\/"},{"@type":"ListItem","position":2,"name":"Fondimpresa: per il legno arredo oltre 9mila lavoratori formati nel 2018"}]},{"@type":"WebSite","@id":"https:\/\/www.italiaeconomiaonline.it\/web\/#website","url":"https:\/\/www.italiaeconomiaonline.it\/web\/","name":"ItaliaEconomiaOnline","description":"Quotidiano Economico Online","potentialAction":[{"@type":"SearchAction","target":{"@type":"EntryPoint","urlTemplate":"https:\/\/www.italiaeconomiaonline.it\/web\/?s={search_term_string}"},"query-input":"required name=search_term_string"}],"inLanguage":"it-IT"},{"@type":"Person","@id":"https:\/\/www.italiaeconomiaonline.it\/web\/#\/schema\/person\/909a49cce752523b020fbc37d5ab1c31","name":"ladyitaliaeconomia","image":{"@type":"ImageObject","inLanguage":"it-IT","@id":"https:\/\/www.italiaeconomiaonline.it\/web\/#\/schema\/person\/image\/","url":"https:\/\/secure.gravatar.com\/avatar\/cedca10ce7416a579b9fa6bce9c0a8f2?s=96&d=mm&r=g","contentUrl":"https:\/\/secure.gravatar.com\/avatar\/cedca10ce7416a579b9fa6bce9c0a8f2?s=96&d=mm&r=g","caption":"ladyitaliaeconomia"},"url":"https:\/\/www.italiaeconomiaonline.it\/web\/author\/ladyitaliaeconomia\/"}]}},"_links":{"self":[{"href":"https:\/\/www.italiaeconomiaonline.it\/web\/wp-json\/wp\/v2\/posts\/535"}],"collection":[{"href":"https:\/\/www.italiaeconomiaonline.it\/web\/wp-json\/wp\/v2\/posts"}],"about":[{"href":"https:\/\/www.italiaeconomiaonline.it\/web\/wp-json\/wp\/v2\/types\/post"}],"author":[{"embeddable":true,"href":"https:\/\/www.italiaeconomiaonline.it\/web\/wp-json\/wp\/v2\/users\/1"}],"replies":[{"embeddable":true,"href":"https:\/\/www.italiaeconomiaonline.it\/web\/wp-json\/wp\/v2\/comments?post=535"}],"version-history":[{"count":5,"href":"https:\/\/www.italiaeconomiaonline.it\/web\/wp-json\/wp\/v2\/posts\/535\/revisions"}],"predecessor-version":[{"id":542,"href":"https:\/\/www.italiaeconomiaonline.it\/web\/wp-json\/wp\/v2\/posts\/535\/revisions\/542"}],"wp:featuredmedia":[{"embeddable":true,"href":"https:\/\/www.italiaeconomiaonline.it\/web\/wp-json\/wp\/v2\/media\/538"}],"wp:attachment":[{"href":"https:\/\/www.italiaeconomiaonline.it\/web\/wp-json\/wp\/v2\/media?parent=535"}],"wp:term":[{"taxonomy":"category","embeddable":true,"href":"https:\/\/www.italiaeconomiaonline.it\/web\/wp-json\/wp\/v2\/categories?post=535"},{"taxonomy":"post_tag","embeddable":true,"href":"https:\/\/www.italiaeconomiaonline.it\/web\/wp-json\/wp\/v2\/tags?post=535"}],"curies":[{"name":"wp","href":"https:\/\/api.w.org\/{rel}","templated":true}]}}