{"id":5379,"date":"2021-02-12T17:55:24","date_gmt":"2021-02-12T16:55:24","guid":{"rendered":"http:\/\/www.italiaeconomiaonline.it\/web\/?p=5379"},"modified":"2021-02-12T17:55:24","modified_gmt":"2021-02-12T16:55:24","slug":"mipaaf-firmato-il-decreto-sui-nuovi-programmi-di-sostegno-al-comparto-olivicolo-oleario","status":"publish","type":"post","link":"https:\/\/www.italiaeconomiaonline.it\/web\/mipaaf-firmato-il-decreto-sui-nuovi-programmi-di-sostegno-al-comparto-olivicolo-oleario\/","title":{"rendered":"Mipaaf: firmato il decreto sui nuovi programmi di sostegno al comparto olivicolo-oleario"},"content":{"rendered":"<p><span class=\"dropcap dropcap3\">D<\/span>opo aver raggiunto l\u2019intesa nell\u2019ultima seduta della Conferenza Stato-Regioni, il Presidente nonch\u00e9 ministro ad interim Giuseppe Conte ha firmato il decreto del Ministero delle Politiche Agricole \u201cDisposizioni nazionali concernenti i programmi di sostegno al settore dell\u2019olio di oliva e delle olive da tavola\u201d per il periodo transitorio in vista della nuova PAC.<\/p>\n<p>Ad annunciarlo il sottosegretario alle Politiche Agricole Giuseppe L\u2019Abbate.\u00a0I programmi, che partiranno il prossimo 1\u00b0 aprile e si concluderanno entro il 31 dicembre 2022, potranno contare su una dotazione complessiva pari a 69,2 milioni di euro di cui\u00a034,59 milioni quale contributo comunitario.<\/p>\n<p>Di tale plafond almeno il 20% potr\u00e0 essere utilizzato per interventi sul miglioramento dell\u2019impatto ambientale dell\u2019olivicoltura, almeno il 30% destinato al miglioramento della qualit\u00e0 della produzione e almeno il 15% per interventi sul sistema della tracciabilit\u00e0, della certificazione e della tutela della qualit\u00e0 dell\u2019olio di oliva e delle olive da tavola, in particolare il controllo degli olii venduti ai consumatori finali.<\/p>\n<p>\u201cRingrazio il ministro ad interim Conte: con la firma del decreto poniamo le basi per l\u2019avvio della nuova programmazione di sostegno al comparto olivicolo-oleario per il prossimo biennio che ci traghetter\u00e0 nella nuova PAC\u00a0\u2013\u00a0dichiara il Sottosegretario alle Politiche Agricole, Giuseppe L\u2019Abbate, che ha partecipato per il Mipaaf alla Conferenza Stato-Regioni\u00a0\u2013\u00a0Un uso sapiente delle risorse da parte delle Organizzazioni dei Produttori e delle loro associazioni nazionali potr\u00e0 permettere al comparto di innovarsi in maniera adeguata per le nuove sfide che lo attendono, oltre il difficile periodo delle chiusure all\u2019Ho.re.ca legate alla pandemia Covid-19 che hanno inevitabilmente avuto ricadute negative sulle vendite\u201d.<\/p>\n<p>Per interventi sul\u00a0miglioramento dell\u2019impatto ambientale dell\u2019olivicoltura\u00a0si intendono le operazioni di mantenimento degli oliveti ad alto valore ambientale e paesaggistico e a rischio abbandono, ubicati per lo pi\u00f9 in aree dalla situazione orografica difficile, l\u2019elaborazione di buone pratiche agricole per l\u2019olivicoltura basate sui criteri ambientali adattati alle condizioni locali nonch\u00e9 loro diffusione e monitoraggio, la dimostrazione pratica di tecniche alternative all\u2019impiego di prodotti chimici per la lotta alla mosca dell\u2019olivo e di tecniche olivicole finalizzate alla protezione dell\u2019ambiente e al mantenimento del paesaggio quali la coltivazione biologica, la coltivazione a bassi consumi intermedi, la protezione del suolo limitando l\u2019erosione o la coltivazione integrata nonch\u00e9 le iniziative per la protezione delle variet\u00e0 rustiche e delle variet\u00e0 a rischio estinzione.\u00a0Gli interventi per il miglioramento della competitivit\u00e0 dell\u2019olivicoltura attraverso la modernizzazione\u00a0saranno tesi all\u2019innovazione dei sistemi di irrigazione e delle tecniche colturali con introduzione di sistemi digitalizzati, la sostituzione degli olivi poco produttivi con nuovi olivi, la formazione dei produttori sulle nuove tecniche colturali e le iniziative di formazione e comunicazione.<\/p>\n<p>Sulla\u00a0qualit\u00e0 della produzione, gli interventi mireranno al miglioramento delle condizioni di coltivazione, raccolta e magazzinaggio delle olive prima della trasformazione e connessa assistenza tecnica, al miglioramento varietale degli oliveti e alla valorizzazione dei residui della produzione, all\u2019assistenza tecnica all\u2019industria di trasformazione oleicola, alla costituzione e miglioramento dei laboratori di analisi delle caratteristiche organolettiche e fisico-chimiche degli olivi di oliva vergini nonch\u00e9 alla formazione di panel di assaggiatori per l\u2019analisi sensoriale.<\/p>\n<p>Infine, saranno finanziati interventi per la progettazione e la realizzazione di sistemi di tracciabilit\u00e0 di filiera certificati, la realizzazione e la applicazione pratica di sistemi di certificazione volontaria della qualit\u00e0 basati su un sistema di analisi del rischio e di punti critici di controllo nonch\u00e9 la progettazione, realizzazione e gestione di sistemi di controllo del rispetto delle norme di autenticit\u00e0, qualit\u00e0 e commercializzazione dell\u2019olio di oliva e delle olive da mensa immessi sul mercato.<\/p>\n","protected":false},"excerpt":{"rendered":"<p>Dopo aver raggiunto l\u2019intesa nell\u2019ultima seduta della Conferenza Stato-Regioni, il Presidente nonch\u00e9 ministro ad interim Giuseppe Conte ha firmato il decreto del Ministero delle Politiche Agricole \u201cDisposizioni nazionali concernenti i programmi di sostegno al settore dell\u2019olio di oliva e delle olive da tavola\u201d per il periodo transitorio in vista della nuova PAC. Ad annunciarlo il [&hellip;]<\/p>\n","protected":false},"author":1,"featured_media":1971,"comment_status":"closed","ping_status":"open","sticky":false,"template":"","format":"standard","meta":{"footnotes":""},"categories":[17],"tags":[1153,992],"yoast_head":"<!-- This site is optimized with the Yoast SEO plugin v22.2 - https:\/\/yoast.com\/wordpress\/plugins\/seo\/ -->\n<title>Mipaaf: firmato il decreto sui nuovi programmi di sostegno al comparto olivicolo-oleario -<\/title>\n<meta name=\"robots\" content=\"index, follow, max-snippet:-1, max-image-preview:large, max-video-preview:-1\" \/>\n<link rel=\"canonical\" href=\"https:\/\/www.italiaeconomiaonline.it\/web\/mipaaf-firmato-il-decreto-sui-nuovi-programmi-di-sostegno-al-comparto-olivicolo-oleario\/\" \/>\n<meta property=\"og:locale\" content=\"it_IT\" \/>\n<meta property=\"og:type\" content=\"article\" \/>\n<meta property=\"og:title\" content=\"Mipaaf: firmato il decreto sui nuovi programmi di sostegno al comparto olivicolo-oleario -\" \/>\n<meta property=\"og:description\" content=\"Dopo aver raggiunto l\u2019intesa nell\u2019ultima seduta della Conferenza Stato-Regioni, il Presidente nonch\u00e9 ministro ad interim Giuseppe Conte ha firmato il decreto del Ministero delle Politiche Agricole \u201cDisposizioni nazionali concernenti i programmi di sostegno al settore dell\u2019olio di oliva e delle olive da tavola\u201d per il periodo transitorio in vista della nuova PAC. Ad annunciarlo il [&hellip;]\" \/>\n<meta property=\"og:url\" content=\"https:\/\/www.italiaeconomiaonline.it\/web\/mipaaf-firmato-il-decreto-sui-nuovi-programmi-di-sostegno-al-comparto-olivicolo-oleario\/\" \/>\n<meta property=\"og:site_name\" content=\"ItaliaEconomiaOnline\" \/>\n<meta property=\"article:published_time\" content=\"2021-02-12T16:55:24+00:00\" \/>\n<meta property=\"og:image\" content=\"https:\/\/www.italiaeconomiaonline.it\/web\/wp-content\/uploads\/2019\/10\/olio-oliva.jpg\" \/>\n\t<meta property=\"og:image:width\" content=\"960\" \/>\n\t<meta property=\"og:image:height\" content=\"630\" \/>\n\t<meta property=\"og:image:type\" content=\"image\/jpeg\" \/>\n<meta name=\"author\" content=\"ladyitaliaeconomia\" \/>\n<meta name=\"twitter:card\" content=\"summary_large_image\" \/>\n<meta name=\"twitter:label1\" content=\"Scritto da\" \/>\n\t<meta name=\"twitter:data1\" content=\"ladyitaliaeconomia\" \/>\n\t<meta name=\"twitter:label2\" content=\"Tempo di lettura stimato\" \/>\n\t<meta name=\"twitter:data2\" content=\"3 minuti\" \/>\n<script type=\"application\/ld+json\" class=\"yoast-schema-graph\">{\"@context\":\"https:\/\/schema.org\",\"@graph\":[{\"@type\":\"WebPage\",\"@id\":\"https:\/\/www.italiaeconomiaonline.it\/web\/mipaaf-firmato-il-decreto-sui-nuovi-programmi-di-sostegno-al-comparto-olivicolo-oleario\/\",\"url\":\"https:\/\/www.italiaeconomiaonline.it\/web\/mipaaf-firmato-il-decreto-sui-nuovi-programmi-di-sostegno-al-comparto-olivicolo-oleario\/\",\"name\":\"Mipaaf: firmato il decreto sui nuovi programmi di sostegno al comparto olivicolo-oleario -\",\"isPartOf\":{\"@id\":\"https:\/\/www.italiaeconomiaonline.it\/web\/#website\"},\"primaryImageOfPage\":{\"@id\":\"https:\/\/www.italiaeconomiaonline.it\/web\/mipaaf-firmato-il-decreto-sui-nuovi-programmi-di-sostegno-al-comparto-olivicolo-oleario\/#primaryimage\"},\"image\":{\"@id\":\"https:\/\/www.italiaeconomiaonline.it\/web\/mipaaf-firmato-il-decreto-sui-nuovi-programmi-di-sostegno-al-comparto-olivicolo-oleario\/#primaryimage\"},\"thumbnailUrl\":\"https:\/\/www.italiaeconomiaonline.it\/web\/wp-content\/uploads\/2019\/10\/olio-oliva.jpg\",\"datePublished\":\"2021-02-12T16:55:24+00:00\",\"dateModified\":\"2021-02-12T16:55:24+00:00\",\"author\":{\"@id\":\"https:\/\/www.italiaeconomiaonline.it\/web\/#\/schema\/person\/909a49cce752523b020fbc37d5ab1c31\"},\"breadcrumb\":{\"@id\":\"https:\/\/www.italiaeconomiaonline.it\/web\/mipaaf-firmato-il-decreto-sui-nuovi-programmi-di-sostegno-al-comparto-olivicolo-oleario\/#breadcrumb\"},\"inLanguage\":\"it-IT\",\"potentialAction\":[{\"@type\":\"ReadAction\",\"target\":[\"https:\/\/www.italiaeconomiaonline.it\/web\/mipaaf-firmato-il-decreto-sui-nuovi-programmi-di-sostegno-al-comparto-olivicolo-oleario\/\"]}]},{\"@type\":\"ImageObject\",\"inLanguage\":\"it-IT\",\"@id\":\"https:\/\/www.italiaeconomiaonline.it\/web\/mipaaf-firmato-il-decreto-sui-nuovi-programmi-di-sostegno-al-comparto-olivicolo-oleario\/#primaryimage\",\"url\":\"https:\/\/www.italiaeconomiaonline.it\/web\/wp-content\/uploads\/2019\/10\/olio-oliva.jpg\",\"contentUrl\":\"https:\/\/www.italiaeconomiaonline.it\/web\/wp-content\/uploads\/2019\/10\/olio-oliva.jpg\",\"width\":960,\"height\":630},{\"@type\":\"BreadcrumbList\",\"@id\":\"https:\/\/www.italiaeconomiaonline.it\/web\/mipaaf-firmato-il-decreto-sui-nuovi-programmi-di-sostegno-al-comparto-olivicolo-oleario\/#breadcrumb\",\"itemListElement\":[{\"@type\":\"ListItem\",\"position\":1,\"name\":\"Home\",\"item\":\"https:\/\/www.italiaeconomiaonline.it\/web\/\"},{\"@type\":\"ListItem\",\"position\":2,\"name\":\"Mipaaf: firmato il decreto sui nuovi programmi di sostegno al comparto olivicolo-oleario\"}]},{\"@type\":\"WebSite\",\"@id\":\"https:\/\/www.italiaeconomiaonline.it\/web\/#website\",\"url\":\"https:\/\/www.italiaeconomiaonline.it\/web\/\",\"name\":\"ItaliaEconomiaOnline\",\"description\":\"Quotidiano Economico Online\",\"potentialAction\":[{\"@type\":\"SearchAction\",\"target\":{\"@type\":\"EntryPoint\",\"urlTemplate\":\"https:\/\/www.italiaeconomiaonline.it\/web\/?s={search_term_string}\"},\"query-input\":\"required name=search_term_string\"}],\"inLanguage\":\"it-IT\"},{\"@type\":\"Person\",\"@id\":\"https:\/\/www.italiaeconomiaonline.it\/web\/#\/schema\/person\/909a49cce752523b020fbc37d5ab1c31\",\"name\":\"ladyitaliaeconomia\",\"image\":{\"@type\":\"ImageObject\",\"inLanguage\":\"it-IT\",\"@id\":\"https:\/\/www.italiaeconomiaonline.it\/web\/#\/schema\/person\/image\/\",\"url\":\"https:\/\/secure.gravatar.com\/avatar\/cedca10ce7416a579b9fa6bce9c0a8f2?s=96&d=mm&r=g\",\"contentUrl\":\"https:\/\/secure.gravatar.com\/avatar\/cedca10ce7416a579b9fa6bce9c0a8f2?s=96&d=mm&r=g\",\"caption\":\"ladyitaliaeconomia\"},\"url\":\"https:\/\/www.italiaeconomiaonline.it\/web\/author\/ladyitaliaeconomia\/\"}]}<\/script>\n<!-- \/ Yoast SEO plugin. -->","yoast_head_json":{"title":"Mipaaf: firmato il decreto sui nuovi programmi di sostegno al comparto olivicolo-oleario -","robots":{"index":"index","follow":"follow","max-snippet":"max-snippet:-1","max-image-preview":"max-image-preview:large","max-video-preview":"max-video-preview:-1"},"canonical":"https:\/\/www.italiaeconomiaonline.it\/web\/mipaaf-firmato-il-decreto-sui-nuovi-programmi-di-sostegno-al-comparto-olivicolo-oleario\/","og_locale":"it_IT","og_type":"article","og_title":"Mipaaf: firmato il decreto sui nuovi programmi di sostegno al comparto olivicolo-oleario -","og_description":"Dopo aver raggiunto l\u2019intesa nell\u2019ultima seduta della Conferenza Stato-Regioni, il Presidente nonch\u00e9 ministro ad interim Giuseppe Conte ha firmato il decreto del Ministero delle Politiche Agricole \u201cDisposizioni nazionali concernenti i programmi di sostegno al settore dell\u2019olio di oliva e delle olive da tavola\u201d per il periodo transitorio in vista della nuova PAC. Ad annunciarlo il [&hellip;]","og_url":"https:\/\/www.italiaeconomiaonline.it\/web\/mipaaf-firmato-il-decreto-sui-nuovi-programmi-di-sostegno-al-comparto-olivicolo-oleario\/","og_site_name":"ItaliaEconomiaOnline","article_published_time":"2021-02-12T16:55:24+00:00","og_image":[{"width":960,"height":630,"url":"https:\/\/www.italiaeconomiaonline.it\/web\/wp-content\/uploads\/2019\/10\/olio-oliva.jpg","type":"image\/jpeg"}],"author":"ladyitaliaeconomia","twitter_card":"summary_large_image","twitter_misc":{"Scritto da":"ladyitaliaeconomia","Tempo di lettura stimato":"3 minuti"},"schema":{"@context":"https:\/\/schema.org","@graph":[{"@type":"WebPage","@id":"https:\/\/www.italiaeconomiaonline.it\/web\/mipaaf-firmato-il-decreto-sui-nuovi-programmi-di-sostegno-al-comparto-olivicolo-oleario\/","url":"https:\/\/www.italiaeconomiaonline.it\/web\/mipaaf-firmato-il-decreto-sui-nuovi-programmi-di-sostegno-al-comparto-olivicolo-oleario\/","name":"Mipaaf: firmato il decreto sui nuovi programmi di sostegno al comparto olivicolo-oleario -","isPartOf":{"@id":"https:\/\/www.italiaeconomiaonline.it\/web\/#website"},"primaryImageOfPage":{"@id":"https:\/\/www.italiaeconomiaonline.it\/web\/mipaaf-firmato-il-decreto-sui-nuovi-programmi-di-sostegno-al-comparto-olivicolo-oleario\/#primaryimage"},"image":{"@id":"https:\/\/www.italiaeconomiaonline.it\/web\/mipaaf-firmato-il-decreto-sui-nuovi-programmi-di-sostegno-al-comparto-olivicolo-oleario\/#primaryimage"},"thumbnailUrl":"https:\/\/www.italiaeconomiaonline.it\/web\/wp-content\/uploads\/2019\/10\/olio-oliva.jpg","datePublished":"2021-02-12T16:55:24+00:00","dateModified":"2021-02-12T16:55:24+00:00","author":{"@id":"https:\/\/www.italiaeconomiaonline.it\/web\/#\/schema\/person\/909a49cce752523b020fbc37d5ab1c31"},"breadcrumb":{"@id":"https:\/\/www.italiaeconomiaonline.it\/web\/mipaaf-firmato-il-decreto-sui-nuovi-programmi-di-sostegno-al-comparto-olivicolo-oleario\/#breadcrumb"},"inLanguage":"it-IT","potentialAction":[{"@type":"ReadAction","target":["https:\/\/www.italiaeconomiaonline.it\/web\/mipaaf-firmato-il-decreto-sui-nuovi-programmi-di-sostegno-al-comparto-olivicolo-oleario\/"]}]},{"@type":"ImageObject","inLanguage":"it-IT","@id":"https:\/\/www.italiaeconomiaonline.it\/web\/mipaaf-firmato-il-decreto-sui-nuovi-programmi-di-sostegno-al-comparto-olivicolo-oleario\/#primaryimage","url":"https:\/\/www.italiaeconomiaonline.it\/web\/wp-content\/uploads\/2019\/10\/olio-oliva.jpg","contentUrl":"https:\/\/www.italiaeconomiaonline.it\/web\/wp-content\/uploads\/2019\/10\/olio-oliva.jpg","width":960,"height":630},{"@type":"BreadcrumbList","@id":"https:\/\/www.italiaeconomiaonline.it\/web\/mipaaf-firmato-il-decreto-sui-nuovi-programmi-di-sostegno-al-comparto-olivicolo-oleario\/#breadcrumb","itemListElement":[{"@type":"ListItem","position":1,"name":"Home","item":"https:\/\/www.italiaeconomiaonline.it\/web\/"},{"@type":"ListItem","position":2,"name":"Mipaaf: firmato il decreto sui nuovi programmi di sostegno al comparto olivicolo-oleario"}]},{"@type":"WebSite","@id":"https:\/\/www.italiaeconomiaonline.it\/web\/#website","url":"https:\/\/www.italiaeconomiaonline.it\/web\/","name":"ItaliaEconomiaOnline","description":"Quotidiano Economico Online","potentialAction":[{"@type":"SearchAction","target":{"@type":"EntryPoint","urlTemplate":"https:\/\/www.italiaeconomiaonline.it\/web\/?s={search_term_string}"},"query-input":"required name=search_term_string"}],"inLanguage":"it-IT"},{"@type":"Person","@id":"https:\/\/www.italiaeconomiaonline.it\/web\/#\/schema\/person\/909a49cce752523b020fbc37d5ab1c31","name":"ladyitaliaeconomia","image":{"@type":"ImageObject","inLanguage":"it-IT","@id":"https:\/\/www.italiaeconomiaonline.it\/web\/#\/schema\/person\/image\/","url":"https:\/\/secure.gravatar.com\/avatar\/cedca10ce7416a579b9fa6bce9c0a8f2?s=96&d=mm&r=g","contentUrl":"https:\/\/secure.gravatar.com\/avatar\/cedca10ce7416a579b9fa6bce9c0a8f2?s=96&d=mm&r=g","caption":"ladyitaliaeconomia"},"url":"https:\/\/www.italiaeconomiaonline.it\/web\/author\/ladyitaliaeconomia\/"}]}},"_links":{"self":[{"href":"https:\/\/www.italiaeconomiaonline.it\/web\/wp-json\/wp\/v2\/posts\/5379"}],"collection":[{"href":"https:\/\/www.italiaeconomiaonline.it\/web\/wp-json\/wp\/v2\/posts"}],"about":[{"href":"https:\/\/www.italiaeconomiaonline.it\/web\/wp-json\/wp\/v2\/types\/post"}],"author":[{"embeddable":true,"href":"https:\/\/www.italiaeconomiaonline.it\/web\/wp-json\/wp\/v2\/users\/1"}],"replies":[{"embeddable":true,"href":"https:\/\/www.italiaeconomiaonline.it\/web\/wp-json\/wp\/v2\/comments?post=5379"}],"version-history":[{"count":2,"href":"https:\/\/www.italiaeconomiaonline.it\/web\/wp-json\/wp\/v2\/posts\/5379\/revisions"}],"predecessor-version":[{"id":5381,"href":"https:\/\/www.italiaeconomiaonline.it\/web\/wp-json\/wp\/v2\/posts\/5379\/revisions\/5381"}],"wp:featuredmedia":[{"embeddable":true,"href":"https:\/\/www.italiaeconomiaonline.it\/web\/wp-json\/wp\/v2\/media\/1971"}],"wp:attachment":[{"href":"https:\/\/www.italiaeconomiaonline.it\/web\/wp-json\/wp\/v2\/media?parent=5379"}],"wp:term":[{"taxonomy":"category","embeddable":true,"href":"https:\/\/www.italiaeconomiaonline.it\/web\/wp-json\/wp\/v2\/categories?post=5379"},{"taxonomy":"post_tag","embeddable":true,"href":"https:\/\/www.italiaeconomiaonline.it\/web\/wp-json\/wp\/v2\/tags?post=5379"}],"curies":[{"name":"wp","href":"https:\/\/api.w.org\/{rel}","templated":true}]}}