{"id":5382,"date":"2021-02-13T10:46:18","date_gmt":"2021-02-13T09:46:18","guid":{"rendered":"http:\/\/www.italiaeconomiaonline.it\/web\/?p=5382"},"modified":"2021-02-13T10:46:18","modified_gmt":"2021-02-13T09:46:18","slug":"decontribuzione-sud-da-inps-nessun-errore-su-attivazione-ma-rispetto-delle-procedure-europee","status":"publish","type":"post","link":"https:\/\/www.italiaeconomiaonline.it\/web\/decontribuzione-sud-da-inps-nessun-errore-su-attivazione-ma-rispetto-delle-procedure-europee\/","title":{"rendered":"Decontribuzione Sud, da Inps nessun errore su attivazione ma rispetto delle procedure europee"},"content":{"rendered":"<p><span class=\"dropcap dropcap3\">S<\/span>i rende noto che l\u2019Inps attiver\u00e0, appena ricever\u00e0 il nulla osta ministeriale, la possibilit\u00e0 per le aziende di accedere alla cosiddetta decontribuzione Sud stabilita con la Legge di Bilancio 2021. L\u2019Istituto \u00e8 in attesa dei necessari passaggi con la Commissione Europea.<\/p>\n<p>Si ricorda infatti che per le misure che si configurino come aiuti di Stato \u00e8 necessario il perfezionarsi dell\u2019iter previsto dalla normativa europea, ed \u00e8 dunque infondata ogni ipotesi di errori dell\u2019Inps sull\u2019attivazione della misura.<\/p>\n<p>&nbsp;<\/p>\n","protected":false},"excerpt":{"rendered":"<p>Si rende noto che l\u2019Inps attiver\u00e0, appena ricever\u00e0 il nulla osta ministeriale, la possibilit\u00e0 per le aziende di accedere alla cosiddetta decontribuzione Sud stabilita con la Legge di Bilancio 2021. L\u2019Istituto \u00e8 in attesa dei necessari passaggi con la Commissione Europea. Si ricorda infatti che per le misure che si configurino come aiuti di Stato [&hellip;]<\/p>\n","protected":false},"author":1,"featured_media":1600,"comment_status":"closed","ping_status":"open","sticky":false,"template":"","format":"standard","meta":{"footnotes":""},"categories":[490],"tags":[],"yoast_head":"<!-- This site is optimized with the Yoast SEO plugin v22.2 - https:\/\/yoast.com\/wordpress\/plugins\/seo\/ -->\n<title>Decontribuzione Sud, da Inps nessun errore su attivazione ma rispetto delle procedure europee -<\/title>\n<meta name=\"robots\" content=\"index, follow, max-snippet:-1, max-image-preview:large, max-video-preview:-1\" \/>\n<link rel=\"canonical\" href=\"https:\/\/www.italiaeconomiaonline.it\/web\/decontribuzione-sud-da-inps-nessun-errore-su-attivazione-ma-rispetto-delle-procedure-europee\/\" \/>\n<meta property=\"og:locale\" content=\"it_IT\" \/>\n<meta property=\"og:type\" content=\"article\" \/>\n<meta property=\"og:title\" content=\"Decontribuzione Sud, da Inps nessun errore su attivazione ma rispetto delle procedure europee -\" \/>\n<meta property=\"og:description\" content=\"Si rende noto che l\u2019Inps attiver\u00e0, appena ricever\u00e0 il nulla osta ministeriale, la possibilit\u00e0 per le aziende di accedere alla cosiddetta decontribuzione Sud stabilita con la Legge di Bilancio 2021. L\u2019Istituto \u00e8 in attesa dei necessari passaggi con la Commissione Europea. Si ricorda infatti che per le misure che si configurino come aiuti di Stato [&hellip;]\" \/>\n<meta property=\"og:url\" content=\"https:\/\/www.italiaeconomiaonline.it\/web\/decontribuzione-sud-da-inps-nessun-errore-su-attivazione-ma-rispetto-delle-procedure-europee\/\" \/>\n<meta property=\"og:site_name\" content=\"ItaliaEconomiaOnline\" \/>\n<meta property=\"article:published_time\" content=\"2021-02-13T09:46:18+00:00\" \/>\n<meta property=\"og:image\" content=\"https:\/\/www.italiaeconomiaonline.it\/web\/wp-content\/uploads\/2019\/08\/Lavoro5.jpg\" \/>\n\t<meta property=\"og:image:width\" content=\"510\" \/>\n\t<meta property=\"og:image:height\" content=\"340\" \/>\n\t<meta property=\"og:image:type\" content=\"image\/jpeg\" \/>\n<meta name=\"author\" content=\"ladyitaliaeconomia\" \/>\n<meta name=\"twitter:card\" content=\"summary_large_image\" \/>\n<meta name=\"twitter:label1\" content=\"Scritto da\" \/>\n\t<meta name=\"twitter:data1\" content=\"ladyitaliaeconomia\" \/>\n\t<meta name=\"twitter:label2\" content=\"Tempo di lettura stimato\" \/>\n\t<meta name=\"twitter:data2\" content=\"1 minuto\" \/>\n<script type=\"application\/ld+json\" class=\"yoast-schema-graph\">{\"@context\":\"https:\/\/schema.org\",\"@graph\":[{\"@type\":\"WebPage\",\"@id\":\"https:\/\/www.italiaeconomiaonline.it\/web\/decontribuzione-sud-da-inps-nessun-errore-su-attivazione-ma-rispetto-delle-procedure-europee\/\",\"url\":\"https:\/\/www.italiaeconomiaonline.it\/web\/decontribuzione-sud-da-inps-nessun-errore-su-attivazione-ma-rispetto-delle-procedure-europee\/\",\"name\":\"Decontribuzione Sud, da Inps nessun errore su attivazione ma rispetto delle procedure europee -\",\"isPartOf\":{\"@id\":\"https:\/\/www.italiaeconomiaonline.it\/web\/#website\"},\"primaryImageOfPage\":{\"@id\":\"https:\/\/www.italiaeconomiaonline.it\/web\/decontribuzione-sud-da-inps-nessun-errore-su-attivazione-ma-rispetto-delle-procedure-europee\/#primaryimage\"},\"image\":{\"@id\":\"https:\/\/www.italiaeconomiaonline.it\/web\/decontribuzione-sud-da-inps-nessun-errore-su-attivazione-ma-rispetto-delle-procedure-europee\/#primaryimage\"},\"thumbnailUrl\":\"https:\/\/www.italiaeconomiaonline.it\/web\/wp-content\/uploads\/2019\/08\/Lavoro5.jpg\",\"datePublished\":\"2021-02-13T09:46:18+00:00\",\"dateModified\":\"2021-02-13T09:46:18+00:00\",\"author\":{\"@id\":\"https:\/\/www.italiaeconomiaonline.it\/web\/#\/schema\/person\/909a49cce752523b020fbc37d5ab1c31\"},\"breadcrumb\":{\"@id\":\"https:\/\/www.italiaeconomiaonline.it\/web\/decontribuzione-sud-da-inps-nessun-errore-su-attivazione-ma-rispetto-delle-procedure-europee\/#breadcrumb\"},\"inLanguage\":\"it-IT\",\"potentialAction\":[{\"@type\":\"ReadAction\",\"target\":[\"https:\/\/www.italiaeconomiaonline.it\/web\/decontribuzione-sud-da-inps-nessun-errore-su-attivazione-ma-rispetto-delle-procedure-europee\/\"]}]},{\"@type\":\"ImageObject\",\"inLanguage\":\"it-IT\",\"@id\":\"https:\/\/www.italiaeconomiaonline.it\/web\/decontribuzione-sud-da-inps-nessun-errore-su-attivazione-ma-rispetto-delle-procedure-europee\/#primaryimage\",\"url\":\"https:\/\/www.italiaeconomiaonline.it\/web\/wp-content\/uploads\/2019\/08\/Lavoro5.jpg\",\"contentUrl\":\"https:\/\/www.italiaeconomiaonline.it\/web\/wp-content\/uploads\/2019\/08\/Lavoro5.jpg\",\"width\":510,\"height\":340},{\"@type\":\"BreadcrumbList\",\"@id\":\"https:\/\/www.italiaeconomiaonline.it\/web\/decontribuzione-sud-da-inps-nessun-errore-su-attivazione-ma-rispetto-delle-procedure-europee\/#breadcrumb\",\"itemListElement\":[{\"@type\":\"ListItem\",\"position\":1,\"name\":\"Home\",\"item\":\"https:\/\/www.italiaeconomiaonline.it\/web\/\"},{\"@type\":\"ListItem\",\"position\":2,\"name\":\"Decontribuzione Sud, da Inps nessun errore su attivazione ma rispetto delle procedure europee\"}]},{\"@type\":\"WebSite\",\"@id\":\"https:\/\/www.italiaeconomiaonline.it\/web\/#website\",\"url\":\"https:\/\/www.italiaeconomiaonline.it\/web\/\",\"name\":\"ItaliaEconomiaOnline\",\"description\":\"Quotidiano Economico Online\",\"potentialAction\":[{\"@type\":\"SearchAction\",\"target\":{\"@type\":\"EntryPoint\",\"urlTemplate\":\"https:\/\/www.italiaeconomiaonline.it\/web\/?s={search_term_string}\"},\"query-input\":\"required name=search_term_string\"}],\"inLanguage\":\"it-IT\"},{\"@type\":\"Person\",\"@id\":\"https:\/\/www.italiaeconomiaonline.it\/web\/#\/schema\/person\/909a49cce752523b020fbc37d5ab1c31\",\"name\":\"ladyitaliaeconomia\",\"image\":{\"@type\":\"ImageObject\",\"inLanguage\":\"it-IT\",\"@id\":\"https:\/\/www.italiaeconomiaonline.it\/web\/#\/schema\/person\/image\/\",\"url\":\"https:\/\/secure.gravatar.com\/avatar\/cedca10ce7416a579b9fa6bce9c0a8f2?s=96&d=mm&r=g\",\"contentUrl\":\"https:\/\/secure.gravatar.com\/avatar\/cedca10ce7416a579b9fa6bce9c0a8f2?s=96&d=mm&r=g\",\"caption\":\"ladyitaliaeconomia\"},\"url\":\"https:\/\/www.italiaeconomiaonline.it\/web\/author\/ladyitaliaeconomia\/\"}]}<\/script>\n<!-- \/ Yoast SEO plugin. -->","yoast_head_json":{"title":"Decontribuzione Sud, da Inps nessun errore su attivazione ma rispetto delle procedure europee -","robots":{"index":"index","follow":"follow","max-snippet":"max-snippet:-1","max-image-preview":"max-image-preview:large","max-video-preview":"max-video-preview:-1"},"canonical":"https:\/\/www.italiaeconomiaonline.it\/web\/decontribuzione-sud-da-inps-nessun-errore-su-attivazione-ma-rispetto-delle-procedure-europee\/","og_locale":"it_IT","og_type":"article","og_title":"Decontribuzione Sud, da Inps nessun errore su attivazione ma rispetto delle procedure europee -","og_description":"Si rende noto che l\u2019Inps attiver\u00e0, appena ricever\u00e0 il nulla osta ministeriale, la possibilit\u00e0 per le aziende di accedere alla cosiddetta decontribuzione Sud stabilita con la Legge di Bilancio 2021. L\u2019Istituto \u00e8 in attesa dei necessari passaggi con la Commissione Europea. Si ricorda infatti che per le misure che si configurino come aiuti di Stato [&hellip;]","og_url":"https:\/\/www.italiaeconomiaonline.it\/web\/decontribuzione-sud-da-inps-nessun-errore-su-attivazione-ma-rispetto-delle-procedure-europee\/","og_site_name":"ItaliaEconomiaOnline","article_published_time":"2021-02-13T09:46:18+00:00","og_image":[{"width":510,"height":340,"url":"https:\/\/www.italiaeconomiaonline.it\/web\/wp-content\/uploads\/2019\/08\/Lavoro5.jpg","type":"image\/jpeg"}],"author":"ladyitaliaeconomia","twitter_card":"summary_large_image","twitter_misc":{"Scritto da":"ladyitaliaeconomia","Tempo di lettura stimato":"1 minuto"},"schema":{"@context":"https:\/\/schema.org","@graph":[{"@type":"WebPage","@id":"https:\/\/www.italiaeconomiaonline.it\/web\/decontribuzione-sud-da-inps-nessun-errore-su-attivazione-ma-rispetto-delle-procedure-europee\/","url":"https:\/\/www.italiaeconomiaonline.it\/web\/decontribuzione-sud-da-inps-nessun-errore-su-attivazione-ma-rispetto-delle-procedure-europee\/","name":"Decontribuzione Sud, da Inps nessun errore su attivazione ma rispetto delle procedure europee -","isPartOf":{"@id":"https:\/\/www.italiaeconomiaonline.it\/web\/#website"},"primaryImageOfPage":{"@id":"https:\/\/www.italiaeconomiaonline.it\/web\/decontribuzione-sud-da-inps-nessun-errore-su-attivazione-ma-rispetto-delle-procedure-europee\/#primaryimage"},"image":{"@id":"https:\/\/www.italiaeconomiaonline.it\/web\/decontribuzione-sud-da-inps-nessun-errore-su-attivazione-ma-rispetto-delle-procedure-europee\/#primaryimage"},"thumbnailUrl":"https:\/\/www.italiaeconomiaonline.it\/web\/wp-content\/uploads\/2019\/08\/Lavoro5.jpg","datePublished":"2021-02-13T09:46:18+00:00","dateModified":"2021-02-13T09:46:18+00:00","author":{"@id":"https:\/\/www.italiaeconomiaonline.it\/web\/#\/schema\/person\/909a49cce752523b020fbc37d5ab1c31"},"breadcrumb":{"@id":"https:\/\/www.italiaeconomiaonline.it\/web\/decontribuzione-sud-da-inps-nessun-errore-su-attivazione-ma-rispetto-delle-procedure-europee\/#breadcrumb"},"inLanguage":"it-IT","potentialAction":[{"@type":"ReadAction","target":["https:\/\/www.italiaeconomiaonline.it\/web\/decontribuzione-sud-da-inps-nessun-errore-su-attivazione-ma-rispetto-delle-procedure-europee\/"]}]},{"@type":"ImageObject","inLanguage":"it-IT","@id":"https:\/\/www.italiaeconomiaonline.it\/web\/decontribuzione-sud-da-inps-nessun-errore-su-attivazione-ma-rispetto-delle-procedure-europee\/#primaryimage","url":"https:\/\/www.italiaeconomiaonline.it\/web\/wp-content\/uploads\/2019\/08\/Lavoro5.jpg","contentUrl":"https:\/\/www.italiaeconomiaonline.it\/web\/wp-content\/uploads\/2019\/08\/Lavoro5.jpg","width":510,"height":340},{"@type":"BreadcrumbList","@id":"https:\/\/www.italiaeconomiaonline.it\/web\/decontribuzione-sud-da-inps-nessun-errore-su-attivazione-ma-rispetto-delle-procedure-europee\/#breadcrumb","itemListElement":[{"@type":"ListItem","position":1,"name":"Home","item":"https:\/\/www.italiaeconomiaonline.it\/web\/"},{"@type":"ListItem","position":2,"name":"Decontribuzione Sud, da Inps nessun errore su attivazione ma rispetto delle procedure europee"}]},{"@type":"WebSite","@id":"https:\/\/www.italiaeconomiaonline.it\/web\/#website","url":"https:\/\/www.italiaeconomiaonline.it\/web\/","name":"ItaliaEconomiaOnline","description":"Quotidiano Economico Online","potentialAction":[{"@type":"SearchAction","target":{"@type":"EntryPoint","urlTemplate":"https:\/\/www.italiaeconomiaonline.it\/web\/?s={search_term_string}"},"query-input":"required name=search_term_string"}],"inLanguage":"it-IT"},{"@type":"Person","@id":"https:\/\/www.italiaeconomiaonline.it\/web\/#\/schema\/person\/909a49cce752523b020fbc37d5ab1c31","name":"ladyitaliaeconomia","image":{"@type":"ImageObject","inLanguage":"it-IT","@id":"https:\/\/www.italiaeconomiaonline.it\/web\/#\/schema\/person\/image\/","url":"https:\/\/secure.gravatar.com\/avatar\/cedca10ce7416a579b9fa6bce9c0a8f2?s=96&d=mm&r=g","contentUrl":"https:\/\/secure.gravatar.com\/avatar\/cedca10ce7416a579b9fa6bce9c0a8f2?s=96&d=mm&r=g","caption":"ladyitaliaeconomia"},"url":"https:\/\/www.italiaeconomiaonline.it\/web\/author\/ladyitaliaeconomia\/"}]}},"_links":{"self":[{"href":"https:\/\/www.italiaeconomiaonline.it\/web\/wp-json\/wp\/v2\/posts\/5382"}],"collection":[{"href":"https:\/\/www.italiaeconomiaonline.it\/web\/wp-json\/wp\/v2\/posts"}],"about":[{"href":"https:\/\/www.italiaeconomiaonline.it\/web\/wp-json\/wp\/v2\/types\/post"}],"author":[{"embeddable":true,"href":"https:\/\/www.italiaeconomiaonline.it\/web\/wp-json\/wp\/v2\/users\/1"}],"replies":[{"embeddable":true,"href":"https:\/\/www.italiaeconomiaonline.it\/web\/wp-json\/wp\/v2\/comments?post=5382"}],"version-history":[{"count":1,"href":"https:\/\/www.italiaeconomiaonline.it\/web\/wp-json\/wp\/v2\/posts\/5382\/revisions"}],"predecessor-version":[{"id":5383,"href":"https:\/\/www.italiaeconomiaonline.it\/web\/wp-json\/wp\/v2\/posts\/5382\/revisions\/5383"}],"wp:featuredmedia":[{"embeddable":true,"href":"https:\/\/www.italiaeconomiaonline.it\/web\/wp-json\/wp\/v2\/media\/1600"}],"wp:attachment":[{"href":"https:\/\/www.italiaeconomiaonline.it\/web\/wp-json\/wp\/v2\/media?parent=5382"}],"wp:term":[{"taxonomy":"category","embeddable":true,"href":"https:\/\/www.italiaeconomiaonline.it\/web\/wp-json\/wp\/v2\/categories?post=5382"},{"taxonomy":"post_tag","embeddable":true,"href":"https:\/\/www.italiaeconomiaonline.it\/web\/wp-json\/wp\/v2\/tags?post=5382"}],"curies":[{"name":"wp","href":"https:\/\/api.w.org\/{rel}","templated":true}]}}