{"id":5388,"date":"2021-02-14T22:45:30","date_gmt":"2021-02-14T21:45:30","guid":{"rendered":"http:\/\/www.italiaeconomiaonline.it\/web\/?p=5388"},"modified":"2021-02-14T22:45:30","modified_gmt":"2021-02-14T21:45:30","slug":"furlan-cisl-incontro-positivo-con-ministro-orlando","status":"publish","type":"post","link":"https:\/\/www.italiaeconomiaonline.it\/web\/furlan-cisl-incontro-positivo-con-ministro-orlando\/","title":{"rendered":"Furlan (Cisl):  Incontro positivo con Ministro Orlando"},"content":{"rendered":"<div align=\"left\"><span style=\"color: #000000; font-family: Geneva;\">\u00c8 stato un incontro positivo ed un segnale importante di attenzione nei confronti delle parti sociali, in particolare del sindacato. Abbiamo espresso al Ministro Orlando che le cose da fare sono tante e che si pu\u00f2 immediatamente lavorare insieme sulle gravi emergenze <a class=\"matchTooltip\">oggi<\/a> presenti nel mondo del lavoro.<\/span><\/div>\n<div align=\"left\"><\/div>\n<div align=\"left\"><span style=\"color: #000000; font-family: Geneva;\">Occorre accelerare la proroga della cassa covid ed il blocco dei licenziamenti, coprire nel prossimo decreto ristori i lavoratori precari ed atipici che erano rimasti fuori dai precedenti provvedimenti, aprire immediatamente i tavoli per la rivisitazione degli ammortizzatori sociali per dare le giuste tutele ai quei lavoratori <a class=\"matchTooltip\">oggi<\/a> esclusi. Nello stesso tempo occorre subito avviare il confronto sul rilancio delle politiche attive del lavoro, <a class=\"matchTooltip\">oggi<\/a> praticamente assenti nel nostro paese, con l\u2019obiettivo di costruire una sinergia tra i centri pubblici per l\u2019impiego e le strutture private, in un rapporto nuovo tra territorio, scuola, universit\u00e0 ed imprese. \u00c8 importante in tal senso che il Ministro Orlando si sia impegnato gi\u00e0 <a class=\"matchTooltip\">oggi<\/a> a portare entro la fine del mese una proposta del Governo sulla riforma degli ammortizzatori \u00a0sociali e di scenario sulle politiche attive, oltre che una agenda sulle altre questioni aperte a partire dal tema dell\u2019occupazione delle donne e dei giovani. \u00a0<\/span><\/div>\n<div align=\"left\"><\/div>\n<div align=\"left\"><span style=\"color: #000000; font-family: Geneva;\">Abbiamo altres\u00ec chiesto al Ministro l\u2019apertura di un confronto sulle pensioni ed in particolare sulla necessaria flessibilit\u00e0 in uscita, vista la scadenza a fine anno di quota 100. Infine abbiamo sottolineato la nostra contrariet\u00e0 al salario minimo per legge, che potrebbe significare un indebolimento della contrattazione ed una via facile per le imprese per diminuire i salari, affrontando il vero tema che \u00e8 quello di estendere le coperture a quella parte di \u00a0lavoratori <a class=\"matchTooltip\">oggi<\/a> non coperti dalla contrattazione nazionale\u201d.<\/span><\/div>\n","protected":false},"excerpt":{"rendered":"<p>\u00c8 stato un incontro positivo ed un segnale importante di attenzione nei confronti delle parti sociali, in particolare del sindacato. Abbiamo espresso al Ministro Orlando che le cose da fare sono tante e che si pu\u00f2 immediatamente lavorare insieme sulle gravi emergenze oggi presenti nel mondo del lavoro. Occorre accelerare la proroga della cassa covid [&hellip;]<\/p>\n","protected":false},"author":1,"featured_media":1417,"comment_status":"closed","ping_status":"open","sticky":false,"template":"","format":"standard","meta":{"footnotes":""},"categories":[28],"tags":[],"yoast_head":"<!-- This site is optimized with the Yoast SEO plugin v22.2 - https:\/\/yoast.com\/wordpress\/plugins\/seo\/ -->\n<title>Furlan (Cisl): Incontro positivo con Ministro Orlando -<\/title>\n<meta name=\"robots\" content=\"index, follow, max-snippet:-1, max-image-preview:large, max-video-preview:-1\" \/>\n<link rel=\"canonical\" href=\"https:\/\/www.italiaeconomiaonline.it\/web\/furlan-cisl-incontro-positivo-con-ministro-orlando\/\" \/>\n<meta property=\"og:locale\" content=\"it_IT\" \/>\n<meta property=\"og:type\" content=\"article\" \/>\n<meta property=\"og:title\" content=\"Furlan (Cisl): Incontro positivo con Ministro Orlando -\" \/>\n<meta property=\"og:description\" content=\"\u00c8 stato un incontro positivo ed un segnale importante di attenzione nei confronti delle parti sociali, in particolare del sindacato. Abbiamo espresso al Ministro Orlando che le cose da fare sono tante e che si pu\u00f2 immediatamente lavorare insieme sulle gravi emergenze oggi presenti nel mondo del lavoro. Occorre accelerare la proroga della cassa covid [&hellip;]\" \/>\n<meta property=\"og:url\" content=\"https:\/\/www.italiaeconomiaonline.it\/web\/furlan-cisl-incontro-positivo-con-ministro-orlando\/\" \/>\n<meta property=\"og:site_name\" content=\"ItaliaEconomiaOnline\" \/>\n<meta property=\"article:published_time\" content=\"2021-02-14T21:45:30+00:00\" \/>\n<meta property=\"og:image\" content=\"https:\/\/www.italiaeconomiaonline.it\/web\/wp-content\/uploads\/2019\/07\/Schermata-2019-07-27-alle-12.31.34.png\" \/>\n\t<meta property=\"og:image:width\" content=\"511\" \/>\n\t<meta property=\"og:image:height\" content=\"407\" \/>\n\t<meta property=\"og:image:type\" content=\"image\/png\" \/>\n<meta name=\"author\" content=\"ladyitaliaeconomia\" \/>\n<meta name=\"twitter:card\" content=\"summary_large_image\" \/>\n<meta name=\"twitter:label1\" content=\"Scritto da\" \/>\n\t<meta name=\"twitter:data1\" content=\"ladyitaliaeconomia\" \/>\n\t<meta name=\"twitter:label2\" content=\"Tempo di lettura stimato\" \/>\n\t<meta name=\"twitter:data2\" content=\"2 minuti\" \/>\n<script type=\"application\/ld+json\" class=\"yoast-schema-graph\">{\"@context\":\"https:\/\/schema.org\",\"@graph\":[{\"@type\":\"WebPage\",\"@id\":\"https:\/\/www.italiaeconomiaonline.it\/web\/furlan-cisl-incontro-positivo-con-ministro-orlando\/\",\"url\":\"https:\/\/www.italiaeconomiaonline.it\/web\/furlan-cisl-incontro-positivo-con-ministro-orlando\/\",\"name\":\"Furlan (Cisl): Incontro positivo con Ministro Orlando -\",\"isPartOf\":{\"@id\":\"https:\/\/www.italiaeconomiaonline.it\/web\/#website\"},\"primaryImageOfPage\":{\"@id\":\"https:\/\/www.italiaeconomiaonline.it\/web\/furlan-cisl-incontro-positivo-con-ministro-orlando\/#primaryimage\"},\"image\":{\"@id\":\"https:\/\/www.italiaeconomiaonline.it\/web\/furlan-cisl-incontro-positivo-con-ministro-orlando\/#primaryimage\"},\"thumbnailUrl\":\"https:\/\/www.italiaeconomiaonline.it\/web\/wp-content\/uploads\/2019\/07\/Schermata-2019-07-27-alle-12.31.34.png\",\"datePublished\":\"2021-02-14T21:45:30+00:00\",\"dateModified\":\"2021-02-14T21:45:30+00:00\",\"author\":{\"@id\":\"https:\/\/www.italiaeconomiaonline.it\/web\/#\/schema\/person\/909a49cce752523b020fbc37d5ab1c31\"},\"breadcrumb\":{\"@id\":\"https:\/\/www.italiaeconomiaonline.it\/web\/furlan-cisl-incontro-positivo-con-ministro-orlando\/#breadcrumb\"},\"inLanguage\":\"it-IT\",\"potentialAction\":[{\"@type\":\"ReadAction\",\"target\":[\"https:\/\/www.italiaeconomiaonline.it\/web\/furlan-cisl-incontro-positivo-con-ministro-orlando\/\"]}]},{\"@type\":\"ImageObject\",\"inLanguage\":\"it-IT\",\"@id\":\"https:\/\/www.italiaeconomiaonline.it\/web\/furlan-cisl-incontro-positivo-con-ministro-orlando\/#primaryimage\",\"url\":\"https:\/\/www.italiaeconomiaonline.it\/web\/wp-content\/uploads\/2019\/07\/Schermata-2019-07-27-alle-12.31.34.png\",\"contentUrl\":\"https:\/\/www.italiaeconomiaonline.it\/web\/wp-content\/uploads\/2019\/07\/Schermata-2019-07-27-alle-12.31.34.png\",\"width\":511,\"height\":407,\"caption\":\"Annamaria Furlan\"},{\"@type\":\"BreadcrumbList\",\"@id\":\"https:\/\/www.italiaeconomiaonline.it\/web\/furlan-cisl-incontro-positivo-con-ministro-orlando\/#breadcrumb\",\"itemListElement\":[{\"@type\":\"ListItem\",\"position\":1,\"name\":\"Home\",\"item\":\"https:\/\/www.italiaeconomiaonline.it\/web\/\"},{\"@type\":\"ListItem\",\"position\":2,\"name\":\"Furlan (Cisl): Incontro positivo con Ministro Orlando\"}]},{\"@type\":\"WebSite\",\"@id\":\"https:\/\/www.italiaeconomiaonline.it\/web\/#website\",\"url\":\"https:\/\/www.italiaeconomiaonline.it\/web\/\",\"name\":\"ItaliaEconomiaOnline\",\"description\":\"Quotidiano Economico Online\",\"potentialAction\":[{\"@type\":\"SearchAction\",\"target\":{\"@type\":\"EntryPoint\",\"urlTemplate\":\"https:\/\/www.italiaeconomiaonline.it\/web\/?s={search_term_string}\"},\"query-input\":\"required name=search_term_string\"}],\"inLanguage\":\"it-IT\"},{\"@type\":\"Person\",\"@id\":\"https:\/\/www.italiaeconomiaonline.it\/web\/#\/schema\/person\/909a49cce752523b020fbc37d5ab1c31\",\"name\":\"ladyitaliaeconomia\",\"image\":{\"@type\":\"ImageObject\",\"inLanguage\":\"it-IT\",\"@id\":\"https:\/\/www.italiaeconomiaonline.it\/web\/#\/schema\/person\/image\/\",\"url\":\"https:\/\/secure.gravatar.com\/avatar\/cedca10ce7416a579b9fa6bce9c0a8f2?s=96&d=mm&r=g\",\"contentUrl\":\"https:\/\/secure.gravatar.com\/avatar\/cedca10ce7416a579b9fa6bce9c0a8f2?s=96&d=mm&r=g\",\"caption\":\"ladyitaliaeconomia\"},\"url\":\"https:\/\/www.italiaeconomiaonline.it\/web\/author\/ladyitaliaeconomia\/\"}]}<\/script>\n<!-- \/ Yoast SEO plugin. -->","yoast_head_json":{"title":"Furlan (Cisl): Incontro positivo con Ministro Orlando -","robots":{"index":"index","follow":"follow","max-snippet":"max-snippet:-1","max-image-preview":"max-image-preview:large","max-video-preview":"max-video-preview:-1"},"canonical":"https:\/\/www.italiaeconomiaonline.it\/web\/furlan-cisl-incontro-positivo-con-ministro-orlando\/","og_locale":"it_IT","og_type":"article","og_title":"Furlan (Cisl): Incontro positivo con Ministro Orlando -","og_description":"\u00c8 stato un incontro positivo ed un segnale importante di attenzione nei confronti delle parti sociali, in particolare del sindacato. Abbiamo espresso al Ministro Orlando che le cose da fare sono tante e che si pu\u00f2 immediatamente lavorare insieme sulle gravi emergenze oggi presenti nel mondo del lavoro. Occorre accelerare la proroga della cassa covid [&hellip;]","og_url":"https:\/\/www.italiaeconomiaonline.it\/web\/furlan-cisl-incontro-positivo-con-ministro-orlando\/","og_site_name":"ItaliaEconomiaOnline","article_published_time":"2021-02-14T21:45:30+00:00","og_image":[{"width":511,"height":407,"url":"https:\/\/www.italiaeconomiaonline.it\/web\/wp-content\/uploads\/2019\/07\/Schermata-2019-07-27-alle-12.31.34.png","type":"image\/png"}],"author":"ladyitaliaeconomia","twitter_card":"summary_large_image","twitter_misc":{"Scritto da":"ladyitaliaeconomia","Tempo di lettura stimato":"2 minuti"},"schema":{"@context":"https:\/\/schema.org","@graph":[{"@type":"WebPage","@id":"https:\/\/www.italiaeconomiaonline.it\/web\/furlan-cisl-incontro-positivo-con-ministro-orlando\/","url":"https:\/\/www.italiaeconomiaonline.it\/web\/furlan-cisl-incontro-positivo-con-ministro-orlando\/","name":"Furlan (Cisl): Incontro positivo con Ministro Orlando -","isPartOf":{"@id":"https:\/\/www.italiaeconomiaonline.it\/web\/#website"},"primaryImageOfPage":{"@id":"https:\/\/www.italiaeconomiaonline.it\/web\/furlan-cisl-incontro-positivo-con-ministro-orlando\/#primaryimage"},"image":{"@id":"https:\/\/www.italiaeconomiaonline.it\/web\/furlan-cisl-incontro-positivo-con-ministro-orlando\/#primaryimage"},"thumbnailUrl":"https:\/\/www.italiaeconomiaonline.it\/web\/wp-content\/uploads\/2019\/07\/Schermata-2019-07-27-alle-12.31.34.png","datePublished":"2021-02-14T21:45:30+00:00","dateModified":"2021-02-14T21:45:30+00:00","author":{"@id":"https:\/\/www.italiaeconomiaonline.it\/web\/#\/schema\/person\/909a49cce752523b020fbc37d5ab1c31"},"breadcrumb":{"@id":"https:\/\/www.italiaeconomiaonline.it\/web\/furlan-cisl-incontro-positivo-con-ministro-orlando\/#breadcrumb"},"inLanguage":"it-IT","potentialAction":[{"@type":"ReadAction","target":["https:\/\/www.italiaeconomiaonline.it\/web\/furlan-cisl-incontro-positivo-con-ministro-orlando\/"]}]},{"@type":"ImageObject","inLanguage":"it-IT","@id":"https:\/\/www.italiaeconomiaonline.it\/web\/furlan-cisl-incontro-positivo-con-ministro-orlando\/#primaryimage","url":"https:\/\/www.italiaeconomiaonline.it\/web\/wp-content\/uploads\/2019\/07\/Schermata-2019-07-27-alle-12.31.34.png","contentUrl":"https:\/\/www.italiaeconomiaonline.it\/web\/wp-content\/uploads\/2019\/07\/Schermata-2019-07-27-alle-12.31.34.png","width":511,"height":407,"caption":"Annamaria Furlan"},{"@type":"BreadcrumbList","@id":"https:\/\/www.italiaeconomiaonline.it\/web\/furlan-cisl-incontro-positivo-con-ministro-orlando\/#breadcrumb","itemListElement":[{"@type":"ListItem","position":1,"name":"Home","item":"https:\/\/www.italiaeconomiaonline.it\/web\/"},{"@type":"ListItem","position":2,"name":"Furlan (Cisl): Incontro positivo con Ministro Orlando"}]},{"@type":"WebSite","@id":"https:\/\/www.italiaeconomiaonline.it\/web\/#website","url":"https:\/\/www.italiaeconomiaonline.it\/web\/","name":"ItaliaEconomiaOnline","description":"Quotidiano Economico Online","potentialAction":[{"@type":"SearchAction","target":{"@type":"EntryPoint","urlTemplate":"https:\/\/www.italiaeconomiaonline.it\/web\/?s={search_term_string}"},"query-input":"required name=search_term_string"}],"inLanguage":"it-IT"},{"@type":"Person","@id":"https:\/\/www.italiaeconomiaonline.it\/web\/#\/schema\/person\/909a49cce752523b020fbc37d5ab1c31","name":"ladyitaliaeconomia","image":{"@type":"ImageObject","inLanguage":"it-IT","@id":"https:\/\/www.italiaeconomiaonline.it\/web\/#\/schema\/person\/image\/","url":"https:\/\/secure.gravatar.com\/avatar\/cedca10ce7416a579b9fa6bce9c0a8f2?s=96&d=mm&r=g","contentUrl":"https:\/\/secure.gravatar.com\/avatar\/cedca10ce7416a579b9fa6bce9c0a8f2?s=96&d=mm&r=g","caption":"ladyitaliaeconomia"},"url":"https:\/\/www.italiaeconomiaonline.it\/web\/author\/ladyitaliaeconomia\/"}]}},"_links":{"self":[{"href":"https:\/\/www.italiaeconomiaonline.it\/web\/wp-json\/wp\/v2\/posts\/5388"}],"collection":[{"href":"https:\/\/www.italiaeconomiaonline.it\/web\/wp-json\/wp\/v2\/posts"}],"about":[{"href":"https:\/\/www.italiaeconomiaonline.it\/web\/wp-json\/wp\/v2\/types\/post"}],"author":[{"embeddable":true,"href":"https:\/\/www.italiaeconomiaonline.it\/web\/wp-json\/wp\/v2\/users\/1"}],"replies":[{"embeddable":true,"href":"https:\/\/www.italiaeconomiaonline.it\/web\/wp-json\/wp\/v2\/comments?post=5388"}],"version-history":[{"count":1,"href":"https:\/\/www.italiaeconomiaonline.it\/web\/wp-json\/wp\/v2\/posts\/5388\/revisions"}],"predecessor-version":[{"id":5389,"href":"https:\/\/www.italiaeconomiaonline.it\/web\/wp-json\/wp\/v2\/posts\/5388\/revisions\/5389"}],"wp:featuredmedia":[{"embeddable":true,"href":"https:\/\/www.italiaeconomiaonline.it\/web\/wp-json\/wp\/v2\/media\/1417"}],"wp:attachment":[{"href":"https:\/\/www.italiaeconomiaonline.it\/web\/wp-json\/wp\/v2\/media?parent=5388"}],"wp:term":[{"taxonomy":"category","embeddable":true,"href":"https:\/\/www.italiaeconomiaonline.it\/web\/wp-json\/wp\/v2\/categories?post=5388"},{"taxonomy":"post_tag","embeddable":true,"href":"https:\/\/www.italiaeconomiaonline.it\/web\/wp-json\/wp\/v2\/tags?post=5388"}],"curies":[{"name":"wp","href":"https:\/\/api.w.org\/{rel}","templated":true}]}}