{"id":5405,"date":"2021-02-15T15:28:56","date_gmt":"2021-02-15T14:28:56","guid":{"rendered":"http:\/\/www.italiaeconomiaonline.it\/web\/?p=5405"},"modified":"2021-02-15T15:28:56","modified_gmt":"2021-02-15T14:28:56","slug":"crea-insediato-il-nuovo-cda-carlo-gaudio-presidente","status":"publish","type":"post","link":"https:\/\/www.italiaeconomiaonline.it\/web\/crea-insediato-il-nuovo-cda-carlo-gaudio-presidente\/","title":{"rendered":"Crea: insediato il nuovo Cda, Carlo Gaudio presidente"},"content":{"rendered":"<div>\n<p class=\"x_MsoNormal\"><i><span class=\"dropcap dropcap3\">A<\/span>gricoltura, ambiente ed alimentazione sono settori sempre pi\u00f9 importanti per l\u2019Economia e per la Societ\u00e0 italiana e la ricerca scientifica, l\u2019innovazione, la formazione e la divulgazione in questi ambiti \u00a0vedono nel CREA il naturale riferimento nazionale, per la notevole competenza del suo personale, tanto \u00e8 vero che il CREA sta coordinando due dei pi\u00f9 importanti progetti di ricerca scientifica in materia: il BIOTECH, con l\u2019obiettivo di produrre piante di pi\u00f9 elevata qualit\u00e0 e con maggior tolleranza a stress biotici e abiotici e l\u2019AGRIDIGIT, per un\u2019agricoltura di precisione, mediante la digitalizzazione dei sistemi, consentendo di analizzare la realt\u00e0 agricola e naturale nel dettaglio, supportando il monitoraggio e prevedendone le evoluzioni\u201d.<\/i><\/p>\n<p class=\"x_MsoNormal\">Cos\u00ec il <b>neopresidente CREA Carlo Gaudio<\/b> <b>all\u2019insediamento del cda avvenuto <a class=\"matchTooltip\">oggi<\/a><\/b> e che chiude la lunga fase di gestione commissariale, durata oltre un anno e mezzo .<\/p>\n<p class=\"x_MsoNormal\">\n<p class=\"x_MsoNormal\">Sono ricostituiti, dunque, gli organi del pi\u00f9 importante ente italiano di ricerca sull\u2019agroalimentare italiano CREA e si torna ad una gestione ordinaria che permette di guardare al futuro.<\/p>\n<p class=\"x_MsoNormal\">Il Cda, presieduto appunto da <b>Carlo Gaudio<\/b>, professore ordinario della Sapienza di Roma e fino a ieri subcommissario dell&#8217;Ente per l&#8217;attivit\u00e0 scientifica e per il coordinamento con i centri di ricerca, \u00e8 composto da: <b>Alberto Basset<\/b>, professore ordinario di Ecologia presso l&#8217;Universit\u00e0 del Salento di Lecce e presidente della Societ\u00e0 Italiana di Ecologia; <b>Stefania De Pascale<\/b>, professore ordinario di Orticoltura e floricoltura presso l&#8217;Universit\u00e0 Federico II di Napoli e componente del Consiglio scientifico del Crea; <b>Enrica Onorati<\/b>, Assessore all&#8217;Agricoltura della Regione Lazio (designata dalla Conferenza Stato Regioni); <b>Domenico Perrone<\/b>, I tecnologo Crea Difesa e Certificazione (eletto dai ricercatori e tecnologi CREA).<\/p>\n<p class=\"x_MsoNormal\">\n<p class=\"x_MsoNormal\">\u00a0Un segnale indubbiamente positivo per il Crea che pu\u00f2 lavorare, con pi\u00f9 serenit\u00e0 e con prospettive di pi\u00f9 ampio respiro, per un forte rilancio della ricerca in ambito agroalimentare.<\/p>\n<p><b><\/b><\/div>\n","protected":false},"excerpt":{"rendered":"<p>Agricoltura, ambiente ed alimentazione sono settori sempre pi\u00f9 importanti per l\u2019Economia e per la Societ\u00e0 italiana e la ricerca scientifica, l\u2019innovazione, la formazione e la divulgazione in questi ambiti \u00a0vedono nel CREA il naturale riferimento nazionale, per la notevole competenza del suo personale, tanto \u00e8 vero che il CREA sta coordinando due dei pi\u00f9 importanti [&hellip;]<\/p>\n","protected":false},"author":1,"featured_media":1039,"comment_status":"closed","ping_status":"open","sticky":false,"template":"","format":"standard","meta":{"footnotes":""},"categories":[17],"tags":[],"yoast_head":"<!-- This site is optimized with the Yoast SEO plugin v22.2 - https:\/\/yoast.com\/wordpress\/plugins\/seo\/ -->\n<title>Crea: insediato il nuovo Cda, Carlo Gaudio presidente -<\/title>\n<meta name=\"robots\" content=\"index, follow, max-snippet:-1, max-image-preview:large, max-video-preview:-1\" \/>\n<link rel=\"canonical\" href=\"https:\/\/www.italiaeconomiaonline.it\/web\/crea-insediato-il-nuovo-cda-carlo-gaudio-presidente\/\" \/>\n<meta property=\"og:locale\" content=\"it_IT\" \/>\n<meta property=\"og:type\" content=\"article\" \/>\n<meta property=\"og:title\" content=\"Crea: insediato il nuovo Cda, Carlo Gaudio presidente -\" \/>\n<meta property=\"og:description\" content=\"Agricoltura, ambiente ed alimentazione sono settori sempre pi\u00f9 importanti per l\u2019Economia e per la Societ\u00e0 italiana e la ricerca scientifica, l\u2019innovazione, la formazione e la divulgazione in questi ambiti \u00a0vedono nel CREA il naturale riferimento nazionale, per la notevole competenza del suo personale, tanto \u00e8 vero che il CREA sta coordinando due dei pi\u00f9 importanti [&hellip;]\" \/>\n<meta property=\"og:url\" content=\"https:\/\/www.italiaeconomiaonline.it\/web\/crea-insediato-il-nuovo-cda-carlo-gaudio-presidente\/\" \/>\n<meta property=\"og:site_name\" content=\"ItaliaEconomiaOnline\" \/>\n<meta property=\"article:published_time\" content=\"2021-02-15T14:28:56+00:00\" \/>\n<meta property=\"og:image\" content=\"https:\/\/www.italiaeconomiaonline.it\/web\/wp-content\/uploads\/2019\/06\/biodiversita.jpg\" \/>\n\t<meta property=\"og:image:width\" content=\"960\" \/>\n\t<meta property=\"og:image:height\" content=\"593\" \/>\n\t<meta property=\"og:image:type\" content=\"image\/jpeg\" \/>\n<meta name=\"author\" content=\"ladyitaliaeconomia\" \/>\n<meta name=\"twitter:card\" content=\"summary_large_image\" \/>\n<meta name=\"twitter:label1\" content=\"Scritto da\" \/>\n\t<meta name=\"twitter:data1\" content=\"ladyitaliaeconomia\" \/>\n\t<meta name=\"twitter:label2\" content=\"Tempo di lettura stimato\" \/>\n\t<meta name=\"twitter:data2\" content=\"2 minuti\" \/>\n<script type=\"application\/ld+json\" class=\"yoast-schema-graph\">{\"@context\":\"https:\/\/schema.org\",\"@graph\":[{\"@type\":\"WebPage\",\"@id\":\"https:\/\/www.italiaeconomiaonline.it\/web\/crea-insediato-il-nuovo-cda-carlo-gaudio-presidente\/\",\"url\":\"https:\/\/www.italiaeconomiaonline.it\/web\/crea-insediato-il-nuovo-cda-carlo-gaudio-presidente\/\",\"name\":\"Crea: insediato il nuovo Cda, Carlo Gaudio presidente -\",\"isPartOf\":{\"@id\":\"https:\/\/www.italiaeconomiaonline.it\/web\/#website\"},\"primaryImageOfPage\":{\"@id\":\"https:\/\/www.italiaeconomiaonline.it\/web\/crea-insediato-il-nuovo-cda-carlo-gaudio-presidente\/#primaryimage\"},\"image\":{\"@id\":\"https:\/\/www.italiaeconomiaonline.it\/web\/crea-insediato-il-nuovo-cda-carlo-gaudio-presidente\/#primaryimage\"},\"thumbnailUrl\":\"https:\/\/www.italiaeconomiaonline.it\/web\/wp-content\/uploads\/2019\/06\/biodiversita.jpg\",\"datePublished\":\"2021-02-15T14:28:56+00:00\",\"dateModified\":\"2021-02-15T14:28:56+00:00\",\"author\":{\"@id\":\"https:\/\/www.italiaeconomiaonline.it\/web\/#\/schema\/person\/909a49cce752523b020fbc37d5ab1c31\"},\"breadcrumb\":{\"@id\":\"https:\/\/www.italiaeconomiaonline.it\/web\/crea-insediato-il-nuovo-cda-carlo-gaudio-presidente\/#breadcrumb\"},\"inLanguage\":\"it-IT\",\"potentialAction\":[{\"@type\":\"ReadAction\",\"target\":[\"https:\/\/www.italiaeconomiaonline.it\/web\/crea-insediato-il-nuovo-cda-carlo-gaudio-presidente\/\"]}]},{\"@type\":\"ImageObject\",\"inLanguage\":\"it-IT\",\"@id\":\"https:\/\/www.italiaeconomiaonline.it\/web\/crea-insediato-il-nuovo-cda-carlo-gaudio-presidente\/#primaryimage\",\"url\":\"https:\/\/www.italiaeconomiaonline.it\/web\/wp-content\/uploads\/2019\/06\/biodiversita.jpg\",\"contentUrl\":\"https:\/\/www.italiaeconomiaonline.it\/web\/wp-content\/uploads\/2019\/06\/biodiversita.jpg\",\"width\":960,\"height\":593},{\"@type\":\"BreadcrumbList\",\"@id\":\"https:\/\/www.italiaeconomiaonline.it\/web\/crea-insediato-il-nuovo-cda-carlo-gaudio-presidente\/#breadcrumb\",\"itemListElement\":[{\"@type\":\"ListItem\",\"position\":1,\"name\":\"Home\",\"item\":\"https:\/\/www.italiaeconomiaonline.it\/web\/\"},{\"@type\":\"ListItem\",\"position\":2,\"name\":\"Crea: insediato il nuovo Cda, Carlo Gaudio presidente\"}]},{\"@type\":\"WebSite\",\"@id\":\"https:\/\/www.italiaeconomiaonline.it\/web\/#website\",\"url\":\"https:\/\/www.italiaeconomiaonline.it\/web\/\",\"name\":\"ItaliaEconomiaOnline\",\"description\":\"Quotidiano Economico Online\",\"potentialAction\":[{\"@type\":\"SearchAction\",\"target\":{\"@type\":\"EntryPoint\",\"urlTemplate\":\"https:\/\/www.italiaeconomiaonline.it\/web\/?s={search_term_string}\"},\"query-input\":\"required name=search_term_string\"}],\"inLanguage\":\"it-IT\"},{\"@type\":\"Person\",\"@id\":\"https:\/\/www.italiaeconomiaonline.it\/web\/#\/schema\/person\/909a49cce752523b020fbc37d5ab1c31\",\"name\":\"ladyitaliaeconomia\",\"image\":{\"@type\":\"ImageObject\",\"inLanguage\":\"it-IT\",\"@id\":\"https:\/\/www.italiaeconomiaonline.it\/web\/#\/schema\/person\/image\/\",\"url\":\"https:\/\/secure.gravatar.com\/avatar\/cedca10ce7416a579b9fa6bce9c0a8f2?s=96&d=mm&r=g\",\"contentUrl\":\"https:\/\/secure.gravatar.com\/avatar\/cedca10ce7416a579b9fa6bce9c0a8f2?s=96&d=mm&r=g\",\"caption\":\"ladyitaliaeconomia\"},\"url\":\"https:\/\/www.italiaeconomiaonline.it\/web\/author\/ladyitaliaeconomia\/\"}]}<\/script>\n<!-- \/ Yoast SEO plugin. -->","yoast_head_json":{"title":"Crea: insediato il nuovo Cda, Carlo Gaudio presidente -","robots":{"index":"index","follow":"follow","max-snippet":"max-snippet:-1","max-image-preview":"max-image-preview:large","max-video-preview":"max-video-preview:-1"},"canonical":"https:\/\/www.italiaeconomiaonline.it\/web\/crea-insediato-il-nuovo-cda-carlo-gaudio-presidente\/","og_locale":"it_IT","og_type":"article","og_title":"Crea: insediato il nuovo Cda, Carlo Gaudio presidente -","og_description":"Agricoltura, ambiente ed alimentazione sono settori sempre pi\u00f9 importanti per l\u2019Economia e per la Societ\u00e0 italiana e la ricerca scientifica, l\u2019innovazione, la formazione e la divulgazione in questi ambiti \u00a0vedono nel CREA il naturale riferimento nazionale, per la notevole competenza del suo personale, tanto \u00e8 vero che il CREA sta coordinando due dei pi\u00f9 importanti [&hellip;]","og_url":"https:\/\/www.italiaeconomiaonline.it\/web\/crea-insediato-il-nuovo-cda-carlo-gaudio-presidente\/","og_site_name":"ItaliaEconomiaOnline","article_published_time":"2021-02-15T14:28:56+00:00","og_image":[{"width":960,"height":593,"url":"https:\/\/www.italiaeconomiaonline.it\/web\/wp-content\/uploads\/2019\/06\/biodiversita.jpg","type":"image\/jpeg"}],"author":"ladyitaliaeconomia","twitter_card":"summary_large_image","twitter_misc":{"Scritto da":"ladyitaliaeconomia","Tempo di lettura stimato":"2 minuti"},"schema":{"@context":"https:\/\/schema.org","@graph":[{"@type":"WebPage","@id":"https:\/\/www.italiaeconomiaonline.it\/web\/crea-insediato-il-nuovo-cda-carlo-gaudio-presidente\/","url":"https:\/\/www.italiaeconomiaonline.it\/web\/crea-insediato-il-nuovo-cda-carlo-gaudio-presidente\/","name":"Crea: insediato il nuovo Cda, Carlo Gaudio presidente -","isPartOf":{"@id":"https:\/\/www.italiaeconomiaonline.it\/web\/#website"},"primaryImageOfPage":{"@id":"https:\/\/www.italiaeconomiaonline.it\/web\/crea-insediato-il-nuovo-cda-carlo-gaudio-presidente\/#primaryimage"},"image":{"@id":"https:\/\/www.italiaeconomiaonline.it\/web\/crea-insediato-il-nuovo-cda-carlo-gaudio-presidente\/#primaryimage"},"thumbnailUrl":"https:\/\/www.italiaeconomiaonline.it\/web\/wp-content\/uploads\/2019\/06\/biodiversita.jpg","datePublished":"2021-02-15T14:28:56+00:00","dateModified":"2021-02-15T14:28:56+00:00","author":{"@id":"https:\/\/www.italiaeconomiaonline.it\/web\/#\/schema\/person\/909a49cce752523b020fbc37d5ab1c31"},"breadcrumb":{"@id":"https:\/\/www.italiaeconomiaonline.it\/web\/crea-insediato-il-nuovo-cda-carlo-gaudio-presidente\/#breadcrumb"},"inLanguage":"it-IT","potentialAction":[{"@type":"ReadAction","target":["https:\/\/www.italiaeconomiaonline.it\/web\/crea-insediato-il-nuovo-cda-carlo-gaudio-presidente\/"]}]},{"@type":"ImageObject","inLanguage":"it-IT","@id":"https:\/\/www.italiaeconomiaonline.it\/web\/crea-insediato-il-nuovo-cda-carlo-gaudio-presidente\/#primaryimage","url":"https:\/\/www.italiaeconomiaonline.it\/web\/wp-content\/uploads\/2019\/06\/biodiversita.jpg","contentUrl":"https:\/\/www.italiaeconomiaonline.it\/web\/wp-content\/uploads\/2019\/06\/biodiversita.jpg","width":960,"height":593},{"@type":"BreadcrumbList","@id":"https:\/\/www.italiaeconomiaonline.it\/web\/crea-insediato-il-nuovo-cda-carlo-gaudio-presidente\/#breadcrumb","itemListElement":[{"@type":"ListItem","position":1,"name":"Home","item":"https:\/\/www.italiaeconomiaonline.it\/web\/"},{"@type":"ListItem","position":2,"name":"Crea: insediato il nuovo Cda, Carlo Gaudio presidente"}]},{"@type":"WebSite","@id":"https:\/\/www.italiaeconomiaonline.it\/web\/#website","url":"https:\/\/www.italiaeconomiaonline.it\/web\/","name":"ItaliaEconomiaOnline","description":"Quotidiano Economico Online","potentialAction":[{"@type":"SearchAction","target":{"@type":"EntryPoint","urlTemplate":"https:\/\/www.italiaeconomiaonline.it\/web\/?s={search_term_string}"},"query-input":"required name=search_term_string"}],"inLanguage":"it-IT"},{"@type":"Person","@id":"https:\/\/www.italiaeconomiaonline.it\/web\/#\/schema\/person\/909a49cce752523b020fbc37d5ab1c31","name":"ladyitaliaeconomia","image":{"@type":"ImageObject","inLanguage":"it-IT","@id":"https:\/\/www.italiaeconomiaonline.it\/web\/#\/schema\/person\/image\/","url":"https:\/\/secure.gravatar.com\/avatar\/cedca10ce7416a579b9fa6bce9c0a8f2?s=96&d=mm&r=g","contentUrl":"https:\/\/secure.gravatar.com\/avatar\/cedca10ce7416a579b9fa6bce9c0a8f2?s=96&d=mm&r=g","caption":"ladyitaliaeconomia"},"url":"https:\/\/www.italiaeconomiaonline.it\/web\/author\/ladyitaliaeconomia\/"}]}},"_links":{"self":[{"href":"https:\/\/www.italiaeconomiaonline.it\/web\/wp-json\/wp\/v2\/posts\/5405"}],"collection":[{"href":"https:\/\/www.italiaeconomiaonline.it\/web\/wp-json\/wp\/v2\/posts"}],"about":[{"href":"https:\/\/www.italiaeconomiaonline.it\/web\/wp-json\/wp\/v2\/types\/post"}],"author":[{"embeddable":true,"href":"https:\/\/www.italiaeconomiaonline.it\/web\/wp-json\/wp\/v2\/users\/1"}],"replies":[{"embeddable":true,"href":"https:\/\/www.italiaeconomiaonline.it\/web\/wp-json\/wp\/v2\/comments?post=5405"}],"version-history":[{"count":1,"href":"https:\/\/www.italiaeconomiaonline.it\/web\/wp-json\/wp\/v2\/posts\/5405\/revisions"}],"predecessor-version":[{"id":5406,"href":"https:\/\/www.italiaeconomiaonline.it\/web\/wp-json\/wp\/v2\/posts\/5405\/revisions\/5406"}],"wp:featuredmedia":[{"embeddable":true,"href":"https:\/\/www.italiaeconomiaonline.it\/web\/wp-json\/wp\/v2\/media\/1039"}],"wp:attachment":[{"href":"https:\/\/www.italiaeconomiaonline.it\/web\/wp-json\/wp\/v2\/media?parent=5405"}],"wp:term":[{"taxonomy":"category","embeddable":true,"href":"https:\/\/www.italiaeconomiaonline.it\/web\/wp-json\/wp\/v2\/categories?post=5405"},{"taxonomy":"post_tag","embeddable":true,"href":"https:\/\/www.italiaeconomiaonline.it\/web\/wp-json\/wp\/v2\/tags?post=5405"}],"curies":[{"name":"wp","href":"https:\/\/api.w.org\/{rel}","templated":true}]}}