{"id":5418,"date":"2021-02-17T16:03:48","date_gmt":"2021-02-17T15:03:48","guid":{"rendered":"http:\/\/www.italiaeconomiaonline.it\/web\/?p=5418"},"modified":"2021-02-17T16:03:48","modified_gmt":"2021-02-17T15:03:48","slug":"uecoop-balzo-benzina-115-e-diesel-123","status":"publish","type":"post","link":"https:\/\/www.italiaeconomiaonline.it\/web\/uecoop-balzo-benzina-115-e-diesel-123\/","title":{"rendered":"Uecoop: balzo benzina (+11,5%) e diesel (+12,3%)"},"content":{"rendered":"<p><span class=\"dropcap dropcap3\">I<\/span>l balzo dei prezzi della benzina (+11,5%) e del diesel (+12,3%) in sette giorni \u00e8 una notizia preoccupante per famiglie e aziende gi\u00e0 alle prese con gli effetti sull\u2019economia dell\u2019emergenza Covid. E\u2019 quanto emerge da un\u2019elaborazione dell\u2019Unione europea delle cooperative (Uecoop), su dati del Ministero dello Sviluppo economico sulla seconda settimana di febbraio in riferimento alla nuova fiammata del virus con i contagi in risalita, favoriti dalle varianti pi\u00f9 aggressive, mentre si moltiplicano le zone rosse per circoscrivere i principali focolai evitando un lockdown generalizzato.<\/p>\n<p>&nbsp;<\/p>\n<p>Con l\u2019Italia che \u00e8 nella top ten europea e mondiale per il costo pi\u00f9 alto di benzina e diesel, la spesa per i carburanti segue sempre in maniera rapidissima l\u2019aumento del prezzo mondiale del petrolio mentre \u2013 sottolinea Uecoop &#8211; non altrettanto velocemente retrocede quando le quotazioni dell\u2019oro nero scendono. Una situazione che \u2013 continua Uecoop &#8211; ha pesanti ripercussioni sui bilanci di imprese e famiglie e rappresenta un freno alle possibilit\u00e0 di rilancio del Paese gi\u00e0 alle prese con il crollo del Pil, i problemi sull\u2019occupazione e la brusca frenata delle esportazioni in tutti i settori ad eccezione di agroalimentare e farmaci.<\/p>\n<p>&nbsp;<\/p>\n<p>I prezzi del pieno al dettaglio da nord a sud della Penisola possono variare \u2013 evidenzia Uecoop \u2013 a seconda che si vada in una pompa servita o self service, che ci si trovi dentro la rete autostradale oppure che si faccia rifornimento in una cosiddetta pompa bianca, ossia fuori dalla rete delle grandi aziende petrolifere. Pi\u00f9 di 6 imprese su 10 (65%) sono convinte che bisogner\u00e0 aspettare almeno la seconda met\u00e0 del 2021per una ripresa dell\u2019economia italiana mentre una quota minoritaria (14%) pensa che il Paese potrebbe ripartire gi\u00e0 entro il primo semestre secondo l\u2019indagine di Uecoop su un campione di aziende da nord a sud dell\u2019Italia.<\/p>\n<p>&nbsp;<\/p>\n<p>&nbsp;<\/p>\n","protected":false},"excerpt":{"rendered":"<p>Il balzo dei prezzi della benzina (+11,5%) e del diesel (+12,3%) in sette giorni \u00e8 una notizia preoccupante per famiglie e aziende gi\u00e0 alle prese con gli effetti sull\u2019economia dell\u2019emergenza Covid. E\u2019 quanto emerge da un\u2019elaborazione dell\u2019Unione europea delle cooperative (Uecoop), su dati del Ministero dello Sviluppo economico sulla seconda settimana di febbraio in riferimento [&hellip;]<\/p>\n","protected":false},"author":1,"featured_media":2366,"comment_status":"closed","ping_status":"open","sticky":false,"template":"","format":"standard","meta":{"footnotes":""},"categories":[56],"tags":[],"yoast_head":"<!-- This site is optimized with the Yoast SEO plugin v22.2 - https:\/\/yoast.com\/wordpress\/plugins\/seo\/ -->\n<title>Uecoop: balzo benzina (+11,5%) e diesel (+12,3%) -<\/title>\n<meta name=\"robots\" content=\"index, follow, max-snippet:-1, max-image-preview:large, max-video-preview:-1\" \/>\n<link rel=\"canonical\" href=\"https:\/\/www.italiaeconomiaonline.it\/web\/uecoop-balzo-benzina-115-e-diesel-123\/\" \/>\n<meta property=\"og:locale\" content=\"it_IT\" \/>\n<meta property=\"og:type\" content=\"article\" \/>\n<meta property=\"og:title\" content=\"Uecoop: balzo benzina (+11,5%) e diesel (+12,3%) -\" \/>\n<meta property=\"og:description\" content=\"Il balzo dei prezzi della benzina (+11,5%) e del diesel (+12,3%) in sette giorni \u00e8 una notizia preoccupante per famiglie e aziende gi\u00e0 alle prese con gli effetti sull\u2019economia dell\u2019emergenza Covid. E\u2019 quanto emerge da un\u2019elaborazione dell\u2019Unione europea delle cooperative (Uecoop), su dati del Ministero dello Sviluppo economico sulla seconda settimana di febbraio in riferimento [&hellip;]\" \/>\n<meta property=\"og:url\" content=\"https:\/\/www.italiaeconomiaonline.it\/web\/uecoop-balzo-benzina-115-e-diesel-123\/\" \/>\n<meta property=\"og:site_name\" content=\"ItaliaEconomiaOnline\" \/>\n<meta property=\"article:published_time\" content=\"2021-02-17T15:03:48+00:00\" \/>\n<meta property=\"og:image\" content=\"https:\/\/www.italiaeconomiaonline.it\/web\/wp-content\/uploads\/2020\/01\/car-1149997_1280.jpg\" \/>\n\t<meta property=\"og:image:width\" content=\"1280\" \/>\n\t<meta property=\"og:image:height\" content=\"853\" \/>\n\t<meta property=\"og:image:type\" content=\"image\/jpeg\" \/>\n<meta name=\"author\" content=\"ladyitaliaeconomia\" \/>\n<meta name=\"twitter:card\" content=\"summary_large_image\" \/>\n<meta name=\"twitter:label1\" content=\"Scritto da\" \/>\n\t<meta name=\"twitter:data1\" content=\"ladyitaliaeconomia\" \/>\n\t<meta name=\"twitter:label2\" content=\"Tempo di lettura stimato\" \/>\n\t<meta name=\"twitter:data2\" content=\"2 minuti\" \/>\n<script type=\"application\/ld+json\" class=\"yoast-schema-graph\">{\"@context\":\"https:\/\/schema.org\",\"@graph\":[{\"@type\":\"WebPage\",\"@id\":\"https:\/\/www.italiaeconomiaonline.it\/web\/uecoop-balzo-benzina-115-e-diesel-123\/\",\"url\":\"https:\/\/www.italiaeconomiaonline.it\/web\/uecoop-balzo-benzina-115-e-diesel-123\/\",\"name\":\"Uecoop: balzo benzina (+11,5%) e diesel (+12,3%) -\",\"isPartOf\":{\"@id\":\"https:\/\/www.italiaeconomiaonline.it\/web\/#website\"},\"primaryImageOfPage\":{\"@id\":\"https:\/\/www.italiaeconomiaonline.it\/web\/uecoop-balzo-benzina-115-e-diesel-123\/#primaryimage\"},\"image\":{\"@id\":\"https:\/\/www.italiaeconomiaonline.it\/web\/uecoop-balzo-benzina-115-e-diesel-123\/#primaryimage\"},\"thumbnailUrl\":\"https:\/\/www.italiaeconomiaonline.it\/web\/wp-content\/uploads\/2020\/01\/car-1149997_1280.jpg\",\"datePublished\":\"2021-02-17T15:03:48+00:00\",\"dateModified\":\"2021-02-17T15:03:48+00:00\",\"author\":{\"@id\":\"https:\/\/www.italiaeconomiaonline.it\/web\/#\/schema\/person\/909a49cce752523b020fbc37d5ab1c31\"},\"breadcrumb\":{\"@id\":\"https:\/\/www.italiaeconomiaonline.it\/web\/uecoop-balzo-benzina-115-e-diesel-123\/#breadcrumb\"},\"inLanguage\":\"it-IT\",\"potentialAction\":[{\"@type\":\"ReadAction\",\"target\":[\"https:\/\/www.italiaeconomiaonline.it\/web\/uecoop-balzo-benzina-115-e-diesel-123\/\"]}]},{\"@type\":\"ImageObject\",\"inLanguage\":\"it-IT\",\"@id\":\"https:\/\/www.italiaeconomiaonline.it\/web\/uecoop-balzo-benzina-115-e-diesel-123\/#primaryimage\",\"url\":\"https:\/\/www.italiaeconomiaonline.it\/web\/wp-content\/uploads\/2020\/01\/car-1149997_1280.jpg\",\"contentUrl\":\"https:\/\/www.italiaeconomiaonline.it\/web\/wp-content\/uploads\/2020\/01\/car-1149997_1280.jpg\",\"width\":1280,\"height\":853},{\"@type\":\"BreadcrumbList\",\"@id\":\"https:\/\/www.italiaeconomiaonline.it\/web\/uecoop-balzo-benzina-115-e-diesel-123\/#breadcrumb\",\"itemListElement\":[{\"@type\":\"ListItem\",\"position\":1,\"name\":\"Home\",\"item\":\"https:\/\/www.italiaeconomiaonline.it\/web\/\"},{\"@type\":\"ListItem\",\"position\":2,\"name\":\"Uecoop: balzo benzina (+11,5%) e diesel (+12,3%)\"}]},{\"@type\":\"WebSite\",\"@id\":\"https:\/\/www.italiaeconomiaonline.it\/web\/#website\",\"url\":\"https:\/\/www.italiaeconomiaonline.it\/web\/\",\"name\":\"ItaliaEconomiaOnline\",\"description\":\"Quotidiano Economico Online\",\"potentialAction\":[{\"@type\":\"SearchAction\",\"target\":{\"@type\":\"EntryPoint\",\"urlTemplate\":\"https:\/\/www.italiaeconomiaonline.it\/web\/?s={search_term_string}\"},\"query-input\":\"required name=search_term_string\"}],\"inLanguage\":\"it-IT\"},{\"@type\":\"Person\",\"@id\":\"https:\/\/www.italiaeconomiaonline.it\/web\/#\/schema\/person\/909a49cce752523b020fbc37d5ab1c31\",\"name\":\"ladyitaliaeconomia\",\"image\":{\"@type\":\"ImageObject\",\"inLanguage\":\"it-IT\",\"@id\":\"https:\/\/www.italiaeconomiaonline.it\/web\/#\/schema\/person\/image\/\",\"url\":\"https:\/\/secure.gravatar.com\/avatar\/cedca10ce7416a579b9fa6bce9c0a8f2?s=96&d=mm&r=g\",\"contentUrl\":\"https:\/\/secure.gravatar.com\/avatar\/cedca10ce7416a579b9fa6bce9c0a8f2?s=96&d=mm&r=g\",\"caption\":\"ladyitaliaeconomia\"},\"url\":\"https:\/\/www.italiaeconomiaonline.it\/web\/author\/ladyitaliaeconomia\/\"}]}<\/script>\n<!-- \/ Yoast SEO plugin. -->","yoast_head_json":{"title":"Uecoop: balzo benzina (+11,5%) e diesel (+12,3%) -","robots":{"index":"index","follow":"follow","max-snippet":"max-snippet:-1","max-image-preview":"max-image-preview:large","max-video-preview":"max-video-preview:-1"},"canonical":"https:\/\/www.italiaeconomiaonline.it\/web\/uecoop-balzo-benzina-115-e-diesel-123\/","og_locale":"it_IT","og_type":"article","og_title":"Uecoop: balzo benzina (+11,5%) e diesel (+12,3%) -","og_description":"Il balzo dei prezzi della benzina (+11,5%) e del diesel (+12,3%) in sette giorni \u00e8 una notizia preoccupante per famiglie e aziende gi\u00e0 alle prese con gli effetti sull\u2019economia dell\u2019emergenza Covid. E\u2019 quanto emerge da un\u2019elaborazione dell\u2019Unione europea delle cooperative (Uecoop), su dati del Ministero dello Sviluppo economico sulla seconda settimana di febbraio in riferimento [&hellip;]","og_url":"https:\/\/www.italiaeconomiaonline.it\/web\/uecoop-balzo-benzina-115-e-diesel-123\/","og_site_name":"ItaliaEconomiaOnline","article_published_time":"2021-02-17T15:03:48+00:00","og_image":[{"width":1280,"height":853,"url":"https:\/\/www.italiaeconomiaonline.it\/web\/wp-content\/uploads\/2020\/01\/car-1149997_1280.jpg","type":"image\/jpeg"}],"author":"ladyitaliaeconomia","twitter_card":"summary_large_image","twitter_misc":{"Scritto da":"ladyitaliaeconomia","Tempo di lettura stimato":"2 minuti"},"schema":{"@context":"https:\/\/schema.org","@graph":[{"@type":"WebPage","@id":"https:\/\/www.italiaeconomiaonline.it\/web\/uecoop-balzo-benzina-115-e-diesel-123\/","url":"https:\/\/www.italiaeconomiaonline.it\/web\/uecoop-balzo-benzina-115-e-diesel-123\/","name":"Uecoop: balzo benzina (+11,5%) e diesel (+12,3%) -","isPartOf":{"@id":"https:\/\/www.italiaeconomiaonline.it\/web\/#website"},"primaryImageOfPage":{"@id":"https:\/\/www.italiaeconomiaonline.it\/web\/uecoop-balzo-benzina-115-e-diesel-123\/#primaryimage"},"image":{"@id":"https:\/\/www.italiaeconomiaonline.it\/web\/uecoop-balzo-benzina-115-e-diesel-123\/#primaryimage"},"thumbnailUrl":"https:\/\/www.italiaeconomiaonline.it\/web\/wp-content\/uploads\/2020\/01\/car-1149997_1280.jpg","datePublished":"2021-02-17T15:03:48+00:00","dateModified":"2021-02-17T15:03:48+00:00","author":{"@id":"https:\/\/www.italiaeconomiaonline.it\/web\/#\/schema\/person\/909a49cce752523b020fbc37d5ab1c31"},"breadcrumb":{"@id":"https:\/\/www.italiaeconomiaonline.it\/web\/uecoop-balzo-benzina-115-e-diesel-123\/#breadcrumb"},"inLanguage":"it-IT","potentialAction":[{"@type":"ReadAction","target":["https:\/\/www.italiaeconomiaonline.it\/web\/uecoop-balzo-benzina-115-e-diesel-123\/"]}]},{"@type":"ImageObject","inLanguage":"it-IT","@id":"https:\/\/www.italiaeconomiaonline.it\/web\/uecoop-balzo-benzina-115-e-diesel-123\/#primaryimage","url":"https:\/\/www.italiaeconomiaonline.it\/web\/wp-content\/uploads\/2020\/01\/car-1149997_1280.jpg","contentUrl":"https:\/\/www.italiaeconomiaonline.it\/web\/wp-content\/uploads\/2020\/01\/car-1149997_1280.jpg","width":1280,"height":853},{"@type":"BreadcrumbList","@id":"https:\/\/www.italiaeconomiaonline.it\/web\/uecoop-balzo-benzina-115-e-diesel-123\/#breadcrumb","itemListElement":[{"@type":"ListItem","position":1,"name":"Home","item":"https:\/\/www.italiaeconomiaonline.it\/web\/"},{"@type":"ListItem","position":2,"name":"Uecoop: balzo benzina (+11,5%) e diesel (+12,3%)"}]},{"@type":"WebSite","@id":"https:\/\/www.italiaeconomiaonline.it\/web\/#website","url":"https:\/\/www.italiaeconomiaonline.it\/web\/","name":"ItaliaEconomiaOnline","description":"Quotidiano Economico Online","potentialAction":[{"@type":"SearchAction","target":{"@type":"EntryPoint","urlTemplate":"https:\/\/www.italiaeconomiaonline.it\/web\/?s={search_term_string}"},"query-input":"required name=search_term_string"}],"inLanguage":"it-IT"},{"@type":"Person","@id":"https:\/\/www.italiaeconomiaonline.it\/web\/#\/schema\/person\/909a49cce752523b020fbc37d5ab1c31","name":"ladyitaliaeconomia","image":{"@type":"ImageObject","inLanguage":"it-IT","@id":"https:\/\/www.italiaeconomiaonline.it\/web\/#\/schema\/person\/image\/","url":"https:\/\/secure.gravatar.com\/avatar\/cedca10ce7416a579b9fa6bce9c0a8f2?s=96&d=mm&r=g","contentUrl":"https:\/\/secure.gravatar.com\/avatar\/cedca10ce7416a579b9fa6bce9c0a8f2?s=96&d=mm&r=g","caption":"ladyitaliaeconomia"},"url":"https:\/\/www.italiaeconomiaonline.it\/web\/author\/ladyitaliaeconomia\/"}]}},"_links":{"self":[{"href":"https:\/\/www.italiaeconomiaonline.it\/web\/wp-json\/wp\/v2\/posts\/5418"}],"collection":[{"href":"https:\/\/www.italiaeconomiaonline.it\/web\/wp-json\/wp\/v2\/posts"}],"about":[{"href":"https:\/\/www.italiaeconomiaonline.it\/web\/wp-json\/wp\/v2\/types\/post"}],"author":[{"embeddable":true,"href":"https:\/\/www.italiaeconomiaonline.it\/web\/wp-json\/wp\/v2\/users\/1"}],"replies":[{"embeddable":true,"href":"https:\/\/www.italiaeconomiaonline.it\/web\/wp-json\/wp\/v2\/comments?post=5418"}],"version-history":[{"count":1,"href":"https:\/\/www.italiaeconomiaonline.it\/web\/wp-json\/wp\/v2\/posts\/5418\/revisions"}],"predecessor-version":[{"id":5419,"href":"https:\/\/www.italiaeconomiaonline.it\/web\/wp-json\/wp\/v2\/posts\/5418\/revisions\/5419"}],"wp:featuredmedia":[{"embeddable":true,"href":"https:\/\/www.italiaeconomiaonline.it\/web\/wp-json\/wp\/v2\/media\/2366"}],"wp:attachment":[{"href":"https:\/\/www.italiaeconomiaonline.it\/web\/wp-json\/wp\/v2\/media?parent=5418"}],"wp:term":[{"taxonomy":"category","embeddable":true,"href":"https:\/\/www.italiaeconomiaonline.it\/web\/wp-json\/wp\/v2\/categories?post=5418"},{"taxonomy":"post_tag","embeddable":true,"href":"https:\/\/www.italiaeconomiaonline.it\/web\/wp-json\/wp\/v2\/tags?post=5418"}],"curies":[{"name":"wp","href":"https:\/\/api.w.org\/{rel}","templated":true}]}}