{"id":5443,"date":"2021-02-19T11:51:55","date_gmt":"2021-02-19T10:51:55","guid":{"rendered":"http:\/\/www.italiaeconomiaonline.it\/web\/?p=5443"},"modified":"2021-02-19T11:51:55","modified_gmt":"2021-02-19T10:51:55","slug":"adiconsum-la-poverta-energetica-e-un-problema-reale-e-complesso-che-va-affrontato-con-urgenza","status":"publish","type":"post","link":"https:\/\/www.italiaeconomiaonline.it\/web\/adiconsum-la-poverta-energetica-e-un-problema-reale-e-complesso-che-va-affrontato-con-urgenza\/","title":{"rendered":"Adiconsum: La povert\u00e0 energetica \u00e8 un problema reale e complesso, che va affrontato con urgenza"},"content":{"rendered":"<p><em><span class=\"dropcap dropcap3\">L<\/span>a povert\u00e0 energetica \u00e8 un problema che colpisce 1,4 miliardi di persone nel mondo, 50 milioni in Europa e 5 milioni nel nostro Paese, destinata, purtroppo, ad aggravarsi anche per il perdurare del Covid<\/em> \u2013 dichiara <strong>Carlo De Masi, Presidente di Adiconsum nazionale &#8211; <\/strong><em>Si tratta di numeri significativi che la dicono lunga sulla realt\u00e0 e sulla complessit\u00e0 del problema, tanto che la lotta alla povert\u00e0 energetica \u00e8 una delle priorit\u00e0 della Commissione europea, che ha istituito anche una Settimana europea dedicata, che quest\u2019anno si svolge dal 17 al 20 febbraio.<\/em><\/p>\n<p>&nbsp;<\/p>\n<p><em>\u00c8 tempo che le istituzioni politiche, imprenditoriali, sociali, affrontino con urgenza la problematica a 360 gradi, anche alla luce della transizione energetica in atto<\/em> \u2013 prosegue <strong>De Masi<\/strong> &#8211; <em>Non bastano, infatti, solo i comportamenti virtuosi del consumatore. Non servono solo sostegni economici, ma anche sostegni per interventi tecnologici, come \u00e8 emerso nel corso della Conferenza internazionale organizzata da Adiconsum per il progetto <a href=\"https:\/\/customer33573.musvc2.net\/e\/t?q=6%3dBYEZB%26H%3dA%26G%3dDbFV%26x%3daAU0a%265%3dA3PzL_1wcs_B7_2tbv_B9_1wcs_AB7P6.7nBlKxL4I.sM_1wcs_ABkE-3Qy-9r7x6x_NavY_XpBwE0BjPsOn_NavY_XpL3Az-Bw-Hk5xNkMxNs-7jH-6B5K-z81-Hy-L5EvNyLy-7r-O4KjPo0rA-3H2PoGr8sEr-LoK-u7-zH5A2Mj-Ax81CoMr9k_KZy4j7kZ_Uo%260%3dwN2RmU.wA4%26B2%3dcEXH\">STEP-IN<\/a> sulla povert\u00e0 energetica, nell\u2019ambito del Programma europeo \u201cHorizon 2020\u201d.<\/em><\/p>\n<p>&nbsp;<\/p>\n<p><em>La collaborazione tra i vari stakeholders quale strategia per condurre in modo efficace la lotta alla povert\u00e0 energetica \u00e8 fondamentale ed \u00e8 stata anche richiamata nella Raccomandazione pubblicata lo scorso ottobre dalla Commissione europea<\/em> \u2013 continua <strong>De Masi<\/strong> &#8211; <em>Nel documento, la Commissione, infatti, oltre ad indicare gli strumenti per misurare la povert\u00e0 energetica e per definire che cosa si deve intendere per \u201cnumero significativo di famiglie in povert\u00e0 energetica\u201d, ha anche invitato gli Stati membri ad affrontare la problematica in stretta cooperazione con tutti i livelli (amministrativo, sociale, istituzionale, ecc.) e a condividere le best practice ottenute tra i vari Paesi.<\/em><\/p>\n<p>&nbsp;<\/p>\n<p><em>Infine, e non ultimo,<\/em> &#8211; conclude <strong>De Masi<\/strong> &#8211; <em>non viene mai sottolineato abbastanza che la povert\u00e0 energetica non ha risvolti solo di carattere economico sul consumatore, ma ha ripercussioni anche sulla sua sfera sociale e sulla sua salute mentale e fisica. Per scongiurarli, i costi della transizione energetica non devono ricadere sui consumatori. Nessuno deve rimanere escluso dall\u2019accesso all\u2019energia.<\/em><\/p>\n<p><strong>\u00a0<\/strong><\/p>\n","protected":false},"excerpt":{"rendered":"<p>La povert\u00e0 energetica \u00e8 un problema che colpisce 1,4 miliardi di persone nel mondo, 50 milioni in Europa e 5 milioni nel nostro Paese, destinata, purtroppo, ad aggravarsi anche per il perdurare del Covid \u2013 dichiara Carlo De Masi, Presidente di Adiconsum nazionale &#8211; Si tratta di numeri significativi che la dicono lunga sulla realt\u00e0 [&hellip;]<\/p>\n","protected":false},"author":1,"featured_media":2192,"comment_status":"closed","ping_status":"open","sticky":false,"template":"","format":"standard","meta":{"footnotes":""},"categories":[56],"tags":[],"yoast_head":"<!-- This site is optimized with the Yoast SEO plugin v22.2 - https:\/\/yoast.com\/wordpress\/plugins\/seo\/ -->\n<title>Adiconsum: La povert\u00e0 energetica \u00e8 un problema reale e complesso, che va affrontato con urgenza -<\/title>\n<meta name=\"robots\" content=\"index, follow, max-snippet:-1, max-image-preview:large, max-video-preview:-1\" \/>\n<link rel=\"canonical\" href=\"https:\/\/www.italiaeconomiaonline.it\/web\/adiconsum-la-poverta-energetica-e-un-problema-reale-e-complesso-che-va-affrontato-con-urgenza\/\" \/>\n<meta property=\"og:locale\" content=\"it_IT\" \/>\n<meta property=\"og:type\" content=\"article\" \/>\n<meta property=\"og:title\" content=\"Adiconsum: La povert\u00e0 energetica \u00e8 un problema reale e complesso, che va affrontato con urgenza -\" \/>\n<meta property=\"og:description\" content=\"La povert\u00e0 energetica \u00e8 un problema che colpisce 1,4 miliardi di persone nel mondo, 50 milioni in Europa e 5 milioni nel nostro Paese, destinata, purtroppo, ad aggravarsi anche per il perdurare del Covid \u2013 dichiara Carlo De Masi, Presidente di Adiconsum nazionale &#8211; Si tratta di numeri significativi che la dicono lunga sulla realt\u00e0 [&hellip;]\" \/>\n<meta property=\"og:url\" content=\"https:\/\/www.italiaeconomiaonline.it\/web\/adiconsum-la-poverta-energetica-e-un-problema-reale-e-complesso-che-va-affrontato-con-urgenza\/\" \/>\n<meta property=\"og:site_name\" content=\"ItaliaEconomiaOnline\" \/>\n<meta property=\"article:published_time\" content=\"2021-02-19T10:51:55+00:00\" \/>\n<meta property=\"og:image\" content=\"https:\/\/www.italiaeconomiaonline.it\/web\/wp-content\/uploads\/2019\/12\/lampadina.jpg\" \/>\n\t<meta property=\"og:image:width\" content=\"960\" \/>\n\t<meta property=\"og:image:height\" content=\"540\" \/>\n\t<meta property=\"og:image:type\" content=\"image\/jpeg\" \/>\n<meta name=\"author\" content=\"ladyitaliaeconomia\" \/>\n<meta name=\"twitter:card\" content=\"summary_large_image\" \/>\n<meta name=\"twitter:label1\" content=\"Scritto da\" \/>\n\t<meta name=\"twitter:data1\" content=\"ladyitaliaeconomia\" \/>\n\t<meta name=\"twitter:label2\" content=\"Tempo di lettura stimato\" \/>\n\t<meta name=\"twitter:data2\" content=\"2 minuti\" \/>\n<script type=\"application\/ld+json\" class=\"yoast-schema-graph\">{\"@context\":\"https:\/\/schema.org\",\"@graph\":[{\"@type\":\"WebPage\",\"@id\":\"https:\/\/www.italiaeconomiaonline.it\/web\/adiconsum-la-poverta-energetica-e-un-problema-reale-e-complesso-che-va-affrontato-con-urgenza\/\",\"url\":\"https:\/\/www.italiaeconomiaonline.it\/web\/adiconsum-la-poverta-energetica-e-un-problema-reale-e-complesso-che-va-affrontato-con-urgenza\/\",\"name\":\"Adiconsum: La povert\u00e0 energetica \u00e8 un problema reale e complesso, che va affrontato con urgenza -\",\"isPartOf\":{\"@id\":\"https:\/\/www.italiaeconomiaonline.it\/web\/#website\"},\"primaryImageOfPage\":{\"@id\":\"https:\/\/www.italiaeconomiaonline.it\/web\/adiconsum-la-poverta-energetica-e-un-problema-reale-e-complesso-che-va-affrontato-con-urgenza\/#primaryimage\"},\"image\":{\"@id\":\"https:\/\/www.italiaeconomiaonline.it\/web\/adiconsum-la-poverta-energetica-e-un-problema-reale-e-complesso-che-va-affrontato-con-urgenza\/#primaryimage\"},\"thumbnailUrl\":\"https:\/\/www.italiaeconomiaonline.it\/web\/wp-content\/uploads\/2019\/12\/lampadina.jpg\",\"datePublished\":\"2021-02-19T10:51:55+00:00\",\"dateModified\":\"2021-02-19T10:51:55+00:00\",\"author\":{\"@id\":\"https:\/\/www.italiaeconomiaonline.it\/web\/#\/schema\/person\/909a49cce752523b020fbc37d5ab1c31\"},\"breadcrumb\":{\"@id\":\"https:\/\/www.italiaeconomiaonline.it\/web\/adiconsum-la-poverta-energetica-e-un-problema-reale-e-complesso-che-va-affrontato-con-urgenza\/#breadcrumb\"},\"inLanguage\":\"it-IT\",\"potentialAction\":[{\"@type\":\"ReadAction\",\"target\":[\"https:\/\/www.italiaeconomiaonline.it\/web\/adiconsum-la-poverta-energetica-e-un-problema-reale-e-complesso-che-va-affrontato-con-urgenza\/\"]}]},{\"@type\":\"ImageObject\",\"inLanguage\":\"it-IT\",\"@id\":\"https:\/\/www.italiaeconomiaonline.it\/web\/adiconsum-la-poverta-energetica-e-un-problema-reale-e-complesso-che-va-affrontato-con-urgenza\/#primaryimage\",\"url\":\"https:\/\/www.italiaeconomiaonline.it\/web\/wp-content\/uploads\/2019\/12\/lampadina.jpg\",\"contentUrl\":\"https:\/\/www.italiaeconomiaonline.it\/web\/wp-content\/uploads\/2019\/12\/lampadina.jpg\",\"width\":960,\"height\":540},{\"@type\":\"BreadcrumbList\",\"@id\":\"https:\/\/www.italiaeconomiaonline.it\/web\/adiconsum-la-poverta-energetica-e-un-problema-reale-e-complesso-che-va-affrontato-con-urgenza\/#breadcrumb\",\"itemListElement\":[{\"@type\":\"ListItem\",\"position\":1,\"name\":\"Home\",\"item\":\"https:\/\/www.italiaeconomiaonline.it\/web\/\"},{\"@type\":\"ListItem\",\"position\":2,\"name\":\"Adiconsum: La povert\u00e0 energetica \u00e8 un problema reale e complesso, che va affrontato con urgenza\"}]},{\"@type\":\"WebSite\",\"@id\":\"https:\/\/www.italiaeconomiaonline.it\/web\/#website\",\"url\":\"https:\/\/www.italiaeconomiaonline.it\/web\/\",\"name\":\"ItaliaEconomiaOnline\",\"description\":\"Quotidiano Economico Online\",\"potentialAction\":[{\"@type\":\"SearchAction\",\"target\":{\"@type\":\"EntryPoint\",\"urlTemplate\":\"https:\/\/www.italiaeconomiaonline.it\/web\/?s={search_term_string}\"},\"query-input\":\"required name=search_term_string\"}],\"inLanguage\":\"it-IT\"},{\"@type\":\"Person\",\"@id\":\"https:\/\/www.italiaeconomiaonline.it\/web\/#\/schema\/person\/909a49cce752523b020fbc37d5ab1c31\",\"name\":\"ladyitaliaeconomia\",\"image\":{\"@type\":\"ImageObject\",\"inLanguage\":\"it-IT\",\"@id\":\"https:\/\/www.italiaeconomiaonline.it\/web\/#\/schema\/person\/image\/\",\"url\":\"https:\/\/secure.gravatar.com\/avatar\/cedca10ce7416a579b9fa6bce9c0a8f2?s=96&d=mm&r=g\",\"contentUrl\":\"https:\/\/secure.gravatar.com\/avatar\/cedca10ce7416a579b9fa6bce9c0a8f2?s=96&d=mm&r=g\",\"caption\":\"ladyitaliaeconomia\"},\"url\":\"https:\/\/www.italiaeconomiaonline.it\/web\/author\/ladyitaliaeconomia\/\"}]}<\/script>\n<!-- \/ Yoast SEO plugin. -->","yoast_head_json":{"title":"Adiconsum: La povert\u00e0 energetica \u00e8 un problema reale e complesso, che va affrontato con urgenza -","robots":{"index":"index","follow":"follow","max-snippet":"max-snippet:-1","max-image-preview":"max-image-preview:large","max-video-preview":"max-video-preview:-1"},"canonical":"https:\/\/www.italiaeconomiaonline.it\/web\/adiconsum-la-poverta-energetica-e-un-problema-reale-e-complesso-che-va-affrontato-con-urgenza\/","og_locale":"it_IT","og_type":"article","og_title":"Adiconsum: La povert\u00e0 energetica \u00e8 un problema reale e complesso, che va affrontato con urgenza -","og_description":"La povert\u00e0 energetica \u00e8 un problema che colpisce 1,4 miliardi di persone nel mondo, 50 milioni in Europa e 5 milioni nel nostro Paese, destinata, purtroppo, ad aggravarsi anche per il perdurare del Covid \u2013 dichiara Carlo De Masi, Presidente di Adiconsum nazionale &#8211; Si tratta di numeri significativi che la dicono lunga sulla realt\u00e0 [&hellip;]","og_url":"https:\/\/www.italiaeconomiaonline.it\/web\/adiconsum-la-poverta-energetica-e-un-problema-reale-e-complesso-che-va-affrontato-con-urgenza\/","og_site_name":"ItaliaEconomiaOnline","article_published_time":"2021-02-19T10:51:55+00:00","og_image":[{"width":960,"height":540,"url":"https:\/\/www.italiaeconomiaonline.it\/web\/wp-content\/uploads\/2019\/12\/lampadina.jpg","type":"image\/jpeg"}],"author":"ladyitaliaeconomia","twitter_card":"summary_large_image","twitter_misc":{"Scritto da":"ladyitaliaeconomia","Tempo di lettura stimato":"2 minuti"},"schema":{"@context":"https:\/\/schema.org","@graph":[{"@type":"WebPage","@id":"https:\/\/www.italiaeconomiaonline.it\/web\/adiconsum-la-poverta-energetica-e-un-problema-reale-e-complesso-che-va-affrontato-con-urgenza\/","url":"https:\/\/www.italiaeconomiaonline.it\/web\/adiconsum-la-poverta-energetica-e-un-problema-reale-e-complesso-che-va-affrontato-con-urgenza\/","name":"Adiconsum: La povert\u00e0 energetica \u00e8 un problema reale e complesso, che va affrontato con urgenza -","isPartOf":{"@id":"https:\/\/www.italiaeconomiaonline.it\/web\/#website"},"primaryImageOfPage":{"@id":"https:\/\/www.italiaeconomiaonline.it\/web\/adiconsum-la-poverta-energetica-e-un-problema-reale-e-complesso-che-va-affrontato-con-urgenza\/#primaryimage"},"image":{"@id":"https:\/\/www.italiaeconomiaonline.it\/web\/adiconsum-la-poverta-energetica-e-un-problema-reale-e-complesso-che-va-affrontato-con-urgenza\/#primaryimage"},"thumbnailUrl":"https:\/\/www.italiaeconomiaonline.it\/web\/wp-content\/uploads\/2019\/12\/lampadina.jpg","datePublished":"2021-02-19T10:51:55+00:00","dateModified":"2021-02-19T10:51:55+00:00","author":{"@id":"https:\/\/www.italiaeconomiaonline.it\/web\/#\/schema\/person\/909a49cce752523b020fbc37d5ab1c31"},"breadcrumb":{"@id":"https:\/\/www.italiaeconomiaonline.it\/web\/adiconsum-la-poverta-energetica-e-un-problema-reale-e-complesso-che-va-affrontato-con-urgenza\/#breadcrumb"},"inLanguage":"it-IT","potentialAction":[{"@type":"ReadAction","target":["https:\/\/www.italiaeconomiaonline.it\/web\/adiconsum-la-poverta-energetica-e-un-problema-reale-e-complesso-che-va-affrontato-con-urgenza\/"]}]},{"@type":"ImageObject","inLanguage":"it-IT","@id":"https:\/\/www.italiaeconomiaonline.it\/web\/adiconsum-la-poverta-energetica-e-un-problema-reale-e-complesso-che-va-affrontato-con-urgenza\/#primaryimage","url":"https:\/\/www.italiaeconomiaonline.it\/web\/wp-content\/uploads\/2019\/12\/lampadina.jpg","contentUrl":"https:\/\/www.italiaeconomiaonline.it\/web\/wp-content\/uploads\/2019\/12\/lampadina.jpg","width":960,"height":540},{"@type":"BreadcrumbList","@id":"https:\/\/www.italiaeconomiaonline.it\/web\/adiconsum-la-poverta-energetica-e-un-problema-reale-e-complesso-che-va-affrontato-con-urgenza\/#breadcrumb","itemListElement":[{"@type":"ListItem","position":1,"name":"Home","item":"https:\/\/www.italiaeconomiaonline.it\/web\/"},{"@type":"ListItem","position":2,"name":"Adiconsum: La povert\u00e0 energetica \u00e8 un problema reale e complesso, che va affrontato con urgenza"}]},{"@type":"WebSite","@id":"https:\/\/www.italiaeconomiaonline.it\/web\/#website","url":"https:\/\/www.italiaeconomiaonline.it\/web\/","name":"ItaliaEconomiaOnline","description":"Quotidiano Economico Online","potentialAction":[{"@type":"SearchAction","target":{"@type":"EntryPoint","urlTemplate":"https:\/\/www.italiaeconomiaonline.it\/web\/?s={search_term_string}"},"query-input":"required name=search_term_string"}],"inLanguage":"it-IT"},{"@type":"Person","@id":"https:\/\/www.italiaeconomiaonline.it\/web\/#\/schema\/person\/909a49cce752523b020fbc37d5ab1c31","name":"ladyitaliaeconomia","image":{"@type":"ImageObject","inLanguage":"it-IT","@id":"https:\/\/www.italiaeconomiaonline.it\/web\/#\/schema\/person\/image\/","url":"https:\/\/secure.gravatar.com\/avatar\/cedca10ce7416a579b9fa6bce9c0a8f2?s=96&d=mm&r=g","contentUrl":"https:\/\/secure.gravatar.com\/avatar\/cedca10ce7416a579b9fa6bce9c0a8f2?s=96&d=mm&r=g","caption":"ladyitaliaeconomia"},"url":"https:\/\/www.italiaeconomiaonline.it\/web\/author\/ladyitaliaeconomia\/"}]}},"_links":{"self":[{"href":"https:\/\/www.italiaeconomiaonline.it\/web\/wp-json\/wp\/v2\/posts\/5443"}],"collection":[{"href":"https:\/\/www.italiaeconomiaonline.it\/web\/wp-json\/wp\/v2\/posts"}],"about":[{"href":"https:\/\/www.italiaeconomiaonline.it\/web\/wp-json\/wp\/v2\/types\/post"}],"author":[{"embeddable":true,"href":"https:\/\/www.italiaeconomiaonline.it\/web\/wp-json\/wp\/v2\/users\/1"}],"replies":[{"embeddable":true,"href":"https:\/\/www.italiaeconomiaonline.it\/web\/wp-json\/wp\/v2\/comments?post=5443"}],"version-history":[{"count":1,"href":"https:\/\/www.italiaeconomiaonline.it\/web\/wp-json\/wp\/v2\/posts\/5443\/revisions"}],"predecessor-version":[{"id":5444,"href":"https:\/\/www.italiaeconomiaonline.it\/web\/wp-json\/wp\/v2\/posts\/5443\/revisions\/5444"}],"wp:featuredmedia":[{"embeddable":true,"href":"https:\/\/www.italiaeconomiaonline.it\/web\/wp-json\/wp\/v2\/media\/2192"}],"wp:attachment":[{"href":"https:\/\/www.italiaeconomiaonline.it\/web\/wp-json\/wp\/v2\/media?parent=5443"}],"wp:term":[{"taxonomy":"category","embeddable":true,"href":"https:\/\/www.italiaeconomiaonline.it\/web\/wp-json\/wp\/v2\/categories?post=5443"},{"taxonomy":"post_tag","embeddable":true,"href":"https:\/\/www.italiaeconomiaonline.it\/web\/wp-json\/wp\/v2\/tags?post=5443"}],"curies":[{"name":"wp","href":"https:\/\/api.w.org\/{rel}","templated":true}]}}