{"id":5445,"date":"2021-02-19T15:56:58","date_gmt":"2021-02-19T14:56:58","guid":{"rendered":"http:\/\/www.italiaeconomiaonline.it\/web\/?p=5445"},"modified":"2021-02-19T15:56:58","modified_gmt":"2021-02-19T14:56:58","slug":"federcontribuenti-dal-1-marzo-riprende-la-riscossione-per-50-mln-di-atti","status":"publish","type":"post","link":"https:\/\/www.italiaeconomiaonline.it\/web\/federcontribuenti-dal-1-marzo-riprende-la-riscossione-per-50-mln-di-atti\/","title":{"rendered":"Federcontribuenti: Dal 1\u00b0 marzo riprende la riscossione per 50 mln di atti"},"content":{"rendered":"<p><span class=\"dropcap dropcap3\">D<\/span>al 1\u00b0 marzo partiranno 34 milioni di <strong>cartelle esattoriali<\/strong> e 16 milioni di avvisi dell\u2019Agenzia delle Entrate. <strong>Federcontribuenti:<\/strong> &#8221;senza un intervento da parte del governo Draghi il <strong>60% di tutte le P. Iva <\/strong>abbasser\u00e0 definitivamente la saracinesca.<\/p>\n<p>Occorre utilizzare parte della somma destinata alla riforma fiscale, <strong>2 miliardi<\/strong> di euro, per la <strong>cancellazione<\/strong> totale di questo monte debiti per tutte quelle attivit\u00e0 che non hanno assolutamente potuto lavorare in questi ultimi 12 mesi e nella misura del 50% per chi ha lavorato a singhiozzo ( apri\/chiudi e con gravi limitazioni nel servizio). Ogni P. Iva ha accumulato circa 5 mila euro di debiti con il fisco e altrettanto con le banche nel solo 2020.<\/p>\n<div>\n<article class=\"post-6761 post type-post status-publish format-standard has-post-thumbnail hentry category-economia-e-fisco category-news tag-fondi-strutturali-europei tag-regime-fiscale tag-riscossione-forzata tag-truffa-ai-contribuenti nl-item\">\n<div class=\"news-summary has-feature-image\">\n<p>Nella proposta di <strong>Piano nazionale di ripresa e resilienza<\/strong> si afferma l\u2019intenzione di attuare una <strong>riforma del sistema tributario<\/strong>, in particolare dell\u2019<strong>Irpef<\/strong>, finalizzata alla semplificazione e alla trasparenza, al miglioramento dell\u2019equit\u00e0, dell\u2019efficienza e al contrasto dell\u2019evasione. Tra gli obiettivi, la riduzione delle aliquote effettive sui redditi da lavoro, dipendente e autonomo, in particolare per i contribuenti con redditi bassi e medio-bassi, in modo da aumentare il tasso di occupazione, ridurre il lavoro sommerso e incentivare l\u2019occupazione. Allo stato attuale per la riforma fiscale sono disponibili tra i 2 e 3 miliardi nel 2022 e tra 1 e 2 miliardi dal 2023.<\/p>\n<p>Marco <strong>Paccagnella<\/strong> presidente di <strong>Federcontribuenti<\/strong>: &#8221;certo che bisogna riformare questo modello di tassazione attualmente ibrido e che crea <strong>profonda diseguaglianza<\/strong>, ma sarebbe inutile riformare il modello di tassazione condannando a morte certa gli stessi lavoratori. Chi pagherebbe le tasse? Chi creerebbe occupazione? Chi finanzierebbe lo Stato?&#8221;.<\/p>\n<p>L&#8217;attuale sistema di tassazione si \u00e8 definitivamente allontanato dal modello omnicomprensivo, dove il complesso dei redditi \u00e8 sottoposto a un\u2019unica forma di tassazione di tipo progressivo e dove i redditi da lavoro sono tassati con imposta progressiva e quelli da capitale con aliquota proporzionale, generalmente uguale all\u2019aliquota pi\u00f9 bassa del sistema progressivo. Quindi diventa determinante un modello di tassazione per stabilire la misura della capacit\u00e0 contributiva e <strong>tassarla in maniera adeguata<\/strong>. &#8221;Le<strong> tasse devono poterle pagare tutti<\/strong> e pi\u00f9 si amplia la platea dei contribuenti paganti pi\u00f9 l&#8217;Italia avr\u00e0 risorse per sanare le pendenze gravi \u2013 sanit\u00e0, pensioni basse, istruzione \u2013 e pensare al futuro, &#8211; green, infrastrutture, lotta all&#8217;evasione fiscale, digitalizzazione. Basti pensare che i<strong>l 57,72% degli italiani<\/strong> versa solo l\u2019<strong>8,98% di tutta l\u2019IRPEF,<\/strong> praticamente ogni contribuente pagante ne sostiene 2 del tutto a carico dello Stato. Occorre monitorare ogni singolo cittadino sconosciuto al fisco e che non versa un solo euro di tasse domandandosi, di cosa vive? Occorre incrociare tutti i dati in possesso: abitazione, auto, stile di vita e stanziamenti ricevuti. Verificare attentamente chi dichiara solo 15 mila euro di ricavi. Non \u00e8 pi\u00f9 pensabile stanziare fondi e bonus a pioggia senza interrogarsi sul numero di paganti reali.<\/p>\n<p>&#8221;<strong>Ci aspettiamo da Draghi un drastico cambio di rotta<\/strong>, il dovere della Federcontribuenti \u00e8 tutelare e rappresentare chi, tra mille difficolt\u00e0, non viene meno al proprio dovere di versare le tasse ma, dobbiamo anche ribadire che costringere migliaia di autonomi al fallimento piegherebbe ulteriormente il numero di contribuenti in favore di chi costantemente, evade le tasse nascondendosi dietro false dichiarazioni&#8221;.<\/p>\n<h3><a href=\"https:\/\/www.mailant.it\/c.aspx?idp=31359&amp;idn=136008&amp;url=https%3a%2f%2fwww.federcontribuenti.it%2f45-mld-di-fondi-europei-inutilizzati-uno-scandalo-che-rasenta-una-truffa-ai-contribuenti%2f&amp;h=555DADF557D72A61B9917C4B88673B7ECABCA5781ED847C7B99DB28166976884\" target=\"_blank\" rel=\"noopener noreferrer\">\u00a0<\/a><\/h3>\n<hr \/>\n<h3><\/h3>\n<\/div>\n<\/article>\n<\/div>\n<div>\n<div class=\"entry-content\">\n<div class=\"entry-content\">\n<div class=\"entry-content\">\n<div class=\"entry-content\">\n<hr \/>\n<p>&nbsp;<\/p>\n<h3><\/h3>\n<\/div>\n<\/div>\n<\/div>\n<\/div>\n<\/div>\n","protected":false},"excerpt":{"rendered":"<p>Dal 1\u00b0 marzo partiranno 34 milioni di cartelle esattoriali e 16 milioni di avvisi dell\u2019Agenzia delle Entrate. Federcontribuenti: &#8221;senza un intervento da parte del governo Draghi il 60% di tutte le P. Iva abbasser\u00e0 definitivamente la saracinesca. Occorre utilizzare parte della somma destinata alla riforma fiscale, 2 miliardi di euro, per la cancellazione totale di [&hellip;]<\/p>\n","protected":false},"author":1,"featured_media":5446,"comment_status":"closed","ping_status":"open","sticky":false,"template":"","format":"standard","meta":{"footnotes":""},"categories":[41],"tags":[393,999,1638],"yoast_head":"<!-- This site is optimized with the Yoast SEO plugin v22.2 - https:\/\/yoast.com\/wordpress\/plugins\/seo\/ -->\n<title>Federcontribuenti: Dal 1\u00b0 marzo riprende la riscossione per 50 mln di atti -<\/title>\n<meta name=\"robots\" content=\"index, follow, max-snippet:-1, max-image-preview:large, max-video-preview:-1\" \/>\n<link rel=\"canonical\" href=\"https:\/\/www.italiaeconomiaonline.it\/web\/federcontribuenti-dal-1-marzo-riprende-la-riscossione-per-50-mln-di-atti\/\" \/>\n<meta property=\"og:locale\" content=\"it_IT\" \/>\n<meta property=\"og:type\" content=\"article\" \/>\n<meta property=\"og:title\" content=\"Federcontribuenti: Dal 1\u00b0 marzo riprende la riscossione per 50 mln di atti -\" \/>\n<meta property=\"og:description\" content=\"Dal 1\u00b0 marzo partiranno 34 milioni di cartelle esattoriali e 16 milioni di avvisi dell\u2019Agenzia delle Entrate. Federcontribuenti: &#8221;senza un intervento da parte del governo Draghi il 60% di tutte le P. Iva abbasser\u00e0 definitivamente la saracinesca. Occorre utilizzare parte della somma destinata alla riforma fiscale, 2 miliardi di euro, per la cancellazione totale di [&hellip;]\" \/>\n<meta property=\"og:url\" content=\"https:\/\/www.italiaeconomiaonline.it\/web\/federcontribuenti-dal-1-marzo-riprende-la-riscossione-per-50-mln-di-atti\/\" \/>\n<meta property=\"og:site_name\" content=\"ItaliaEconomiaOnline\" \/>\n<meta property=\"article:published_time\" content=\"2021-02-19T14:56:58+00:00\" \/>\n<meta property=\"og:image\" content=\"https:\/\/www.italiaeconomiaonline.it\/web\/wp-content\/uploads\/2021\/02\/Schermata-2021-02-19-alle-15.56.01.png\" \/>\n\t<meta property=\"og:image:width\" content=\"1548\" \/>\n\t<meta property=\"og:image:height\" content=\"880\" \/>\n\t<meta property=\"og:image:type\" content=\"image\/png\" \/>\n<meta name=\"author\" content=\"ladyitaliaeconomia\" \/>\n<meta name=\"twitter:card\" content=\"summary_large_image\" \/>\n<meta name=\"twitter:label1\" content=\"Scritto da\" \/>\n\t<meta name=\"twitter:data1\" content=\"ladyitaliaeconomia\" \/>\n\t<meta name=\"twitter:label2\" content=\"Tempo di lettura stimato\" \/>\n\t<meta name=\"twitter:data2\" content=\"3 minuti\" \/>\n<script type=\"application\/ld+json\" class=\"yoast-schema-graph\">{\"@context\":\"https:\/\/schema.org\",\"@graph\":[{\"@type\":\"WebPage\",\"@id\":\"https:\/\/www.italiaeconomiaonline.it\/web\/federcontribuenti-dal-1-marzo-riprende-la-riscossione-per-50-mln-di-atti\/\",\"url\":\"https:\/\/www.italiaeconomiaonline.it\/web\/federcontribuenti-dal-1-marzo-riprende-la-riscossione-per-50-mln-di-atti\/\",\"name\":\"Federcontribuenti: Dal 1\u00b0 marzo riprende la riscossione per 50 mln di atti -\",\"isPartOf\":{\"@id\":\"https:\/\/www.italiaeconomiaonline.it\/web\/#website\"},\"primaryImageOfPage\":{\"@id\":\"https:\/\/www.italiaeconomiaonline.it\/web\/federcontribuenti-dal-1-marzo-riprende-la-riscossione-per-50-mln-di-atti\/#primaryimage\"},\"image\":{\"@id\":\"https:\/\/www.italiaeconomiaonline.it\/web\/federcontribuenti-dal-1-marzo-riprende-la-riscossione-per-50-mln-di-atti\/#primaryimage\"},\"thumbnailUrl\":\"https:\/\/www.italiaeconomiaonline.it\/web\/wp-content\/uploads\/2021\/02\/Schermata-2021-02-19-alle-15.56.01.png\",\"datePublished\":\"2021-02-19T14:56:58+00:00\",\"dateModified\":\"2021-02-19T14:56:58+00:00\",\"author\":{\"@id\":\"https:\/\/www.italiaeconomiaonline.it\/web\/#\/schema\/person\/909a49cce752523b020fbc37d5ab1c31\"},\"breadcrumb\":{\"@id\":\"https:\/\/www.italiaeconomiaonline.it\/web\/federcontribuenti-dal-1-marzo-riprende-la-riscossione-per-50-mln-di-atti\/#breadcrumb\"},\"inLanguage\":\"it-IT\",\"potentialAction\":[{\"@type\":\"ReadAction\",\"target\":[\"https:\/\/www.italiaeconomiaonline.it\/web\/federcontribuenti-dal-1-marzo-riprende-la-riscossione-per-50-mln-di-atti\/\"]}]},{\"@type\":\"ImageObject\",\"inLanguage\":\"it-IT\",\"@id\":\"https:\/\/www.italiaeconomiaonline.it\/web\/federcontribuenti-dal-1-marzo-riprende-la-riscossione-per-50-mln-di-atti\/#primaryimage\",\"url\":\"https:\/\/www.italiaeconomiaonline.it\/web\/wp-content\/uploads\/2021\/02\/Schermata-2021-02-19-alle-15.56.01.png\",\"contentUrl\":\"https:\/\/www.italiaeconomiaonline.it\/web\/wp-content\/uploads\/2021\/02\/Schermata-2021-02-19-alle-15.56.01.png\",\"width\":1548,\"height\":880},{\"@type\":\"BreadcrumbList\",\"@id\":\"https:\/\/www.italiaeconomiaonline.it\/web\/federcontribuenti-dal-1-marzo-riprende-la-riscossione-per-50-mln-di-atti\/#breadcrumb\",\"itemListElement\":[{\"@type\":\"ListItem\",\"position\":1,\"name\":\"Home\",\"item\":\"https:\/\/www.italiaeconomiaonline.it\/web\/\"},{\"@type\":\"ListItem\",\"position\":2,\"name\":\"Federcontribuenti: Dal 1\u00b0 marzo riprende la riscossione per 50 mln di atti\"}]},{\"@type\":\"WebSite\",\"@id\":\"https:\/\/www.italiaeconomiaonline.it\/web\/#website\",\"url\":\"https:\/\/www.italiaeconomiaonline.it\/web\/\",\"name\":\"ItaliaEconomiaOnline\",\"description\":\"Quotidiano Economico Online\",\"potentialAction\":[{\"@type\":\"SearchAction\",\"target\":{\"@type\":\"EntryPoint\",\"urlTemplate\":\"https:\/\/www.italiaeconomiaonline.it\/web\/?s={search_term_string}\"},\"query-input\":\"required name=search_term_string\"}],\"inLanguage\":\"it-IT\"},{\"@type\":\"Person\",\"@id\":\"https:\/\/www.italiaeconomiaonline.it\/web\/#\/schema\/person\/909a49cce752523b020fbc37d5ab1c31\",\"name\":\"ladyitaliaeconomia\",\"image\":{\"@type\":\"ImageObject\",\"inLanguage\":\"it-IT\",\"@id\":\"https:\/\/www.italiaeconomiaonline.it\/web\/#\/schema\/person\/image\/\",\"url\":\"https:\/\/secure.gravatar.com\/avatar\/cedca10ce7416a579b9fa6bce9c0a8f2?s=96&d=mm&r=g\",\"contentUrl\":\"https:\/\/secure.gravatar.com\/avatar\/cedca10ce7416a579b9fa6bce9c0a8f2?s=96&d=mm&r=g\",\"caption\":\"ladyitaliaeconomia\"},\"url\":\"https:\/\/www.italiaeconomiaonline.it\/web\/author\/ladyitaliaeconomia\/\"}]}<\/script>\n<!-- \/ Yoast SEO plugin. -->","yoast_head_json":{"title":"Federcontribuenti: Dal 1\u00b0 marzo riprende la riscossione per 50 mln di atti -","robots":{"index":"index","follow":"follow","max-snippet":"max-snippet:-1","max-image-preview":"max-image-preview:large","max-video-preview":"max-video-preview:-1"},"canonical":"https:\/\/www.italiaeconomiaonline.it\/web\/federcontribuenti-dal-1-marzo-riprende-la-riscossione-per-50-mln-di-atti\/","og_locale":"it_IT","og_type":"article","og_title":"Federcontribuenti: Dal 1\u00b0 marzo riprende la riscossione per 50 mln di atti -","og_description":"Dal 1\u00b0 marzo partiranno 34 milioni di cartelle esattoriali e 16 milioni di avvisi dell\u2019Agenzia delle Entrate. Federcontribuenti: &#8221;senza un intervento da parte del governo Draghi il 60% di tutte le P. Iva abbasser\u00e0 definitivamente la saracinesca. Occorre utilizzare parte della somma destinata alla riforma fiscale, 2 miliardi di euro, per la cancellazione totale di [&hellip;]","og_url":"https:\/\/www.italiaeconomiaonline.it\/web\/federcontribuenti-dal-1-marzo-riprende-la-riscossione-per-50-mln-di-atti\/","og_site_name":"ItaliaEconomiaOnline","article_published_time":"2021-02-19T14:56:58+00:00","og_image":[{"width":1548,"height":880,"url":"https:\/\/www.italiaeconomiaonline.it\/web\/wp-content\/uploads\/2021\/02\/Schermata-2021-02-19-alle-15.56.01.png","type":"image\/png"}],"author":"ladyitaliaeconomia","twitter_card":"summary_large_image","twitter_misc":{"Scritto da":"ladyitaliaeconomia","Tempo di lettura stimato":"3 minuti"},"schema":{"@context":"https:\/\/schema.org","@graph":[{"@type":"WebPage","@id":"https:\/\/www.italiaeconomiaonline.it\/web\/federcontribuenti-dal-1-marzo-riprende-la-riscossione-per-50-mln-di-atti\/","url":"https:\/\/www.italiaeconomiaonline.it\/web\/federcontribuenti-dal-1-marzo-riprende-la-riscossione-per-50-mln-di-atti\/","name":"Federcontribuenti: Dal 1\u00b0 marzo riprende la riscossione per 50 mln di atti -","isPartOf":{"@id":"https:\/\/www.italiaeconomiaonline.it\/web\/#website"},"primaryImageOfPage":{"@id":"https:\/\/www.italiaeconomiaonline.it\/web\/federcontribuenti-dal-1-marzo-riprende-la-riscossione-per-50-mln-di-atti\/#primaryimage"},"image":{"@id":"https:\/\/www.italiaeconomiaonline.it\/web\/federcontribuenti-dal-1-marzo-riprende-la-riscossione-per-50-mln-di-atti\/#primaryimage"},"thumbnailUrl":"https:\/\/www.italiaeconomiaonline.it\/web\/wp-content\/uploads\/2021\/02\/Schermata-2021-02-19-alle-15.56.01.png","datePublished":"2021-02-19T14:56:58+00:00","dateModified":"2021-02-19T14:56:58+00:00","author":{"@id":"https:\/\/www.italiaeconomiaonline.it\/web\/#\/schema\/person\/909a49cce752523b020fbc37d5ab1c31"},"breadcrumb":{"@id":"https:\/\/www.italiaeconomiaonline.it\/web\/federcontribuenti-dal-1-marzo-riprende-la-riscossione-per-50-mln-di-atti\/#breadcrumb"},"inLanguage":"it-IT","potentialAction":[{"@type":"ReadAction","target":["https:\/\/www.italiaeconomiaonline.it\/web\/federcontribuenti-dal-1-marzo-riprende-la-riscossione-per-50-mln-di-atti\/"]}]},{"@type":"ImageObject","inLanguage":"it-IT","@id":"https:\/\/www.italiaeconomiaonline.it\/web\/federcontribuenti-dal-1-marzo-riprende-la-riscossione-per-50-mln-di-atti\/#primaryimage","url":"https:\/\/www.italiaeconomiaonline.it\/web\/wp-content\/uploads\/2021\/02\/Schermata-2021-02-19-alle-15.56.01.png","contentUrl":"https:\/\/www.italiaeconomiaonline.it\/web\/wp-content\/uploads\/2021\/02\/Schermata-2021-02-19-alle-15.56.01.png","width":1548,"height":880},{"@type":"BreadcrumbList","@id":"https:\/\/www.italiaeconomiaonline.it\/web\/federcontribuenti-dal-1-marzo-riprende-la-riscossione-per-50-mln-di-atti\/#breadcrumb","itemListElement":[{"@type":"ListItem","position":1,"name":"Home","item":"https:\/\/www.italiaeconomiaonline.it\/web\/"},{"@type":"ListItem","position":2,"name":"Federcontribuenti: Dal 1\u00b0 marzo riprende la riscossione per 50 mln di atti"}]},{"@type":"WebSite","@id":"https:\/\/www.italiaeconomiaonline.it\/web\/#website","url":"https:\/\/www.italiaeconomiaonline.it\/web\/","name":"ItaliaEconomiaOnline","description":"Quotidiano Economico Online","potentialAction":[{"@type":"SearchAction","target":{"@type":"EntryPoint","urlTemplate":"https:\/\/www.italiaeconomiaonline.it\/web\/?s={search_term_string}"},"query-input":"required name=search_term_string"}],"inLanguage":"it-IT"},{"@type":"Person","@id":"https:\/\/www.italiaeconomiaonline.it\/web\/#\/schema\/person\/909a49cce752523b020fbc37d5ab1c31","name":"ladyitaliaeconomia","image":{"@type":"ImageObject","inLanguage":"it-IT","@id":"https:\/\/www.italiaeconomiaonline.it\/web\/#\/schema\/person\/image\/","url":"https:\/\/secure.gravatar.com\/avatar\/cedca10ce7416a579b9fa6bce9c0a8f2?s=96&d=mm&r=g","contentUrl":"https:\/\/secure.gravatar.com\/avatar\/cedca10ce7416a579b9fa6bce9c0a8f2?s=96&d=mm&r=g","caption":"ladyitaliaeconomia"},"url":"https:\/\/www.italiaeconomiaonline.it\/web\/author\/ladyitaliaeconomia\/"}]}},"_links":{"self":[{"href":"https:\/\/www.italiaeconomiaonline.it\/web\/wp-json\/wp\/v2\/posts\/5445"}],"collection":[{"href":"https:\/\/www.italiaeconomiaonline.it\/web\/wp-json\/wp\/v2\/posts"}],"about":[{"href":"https:\/\/www.italiaeconomiaonline.it\/web\/wp-json\/wp\/v2\/types\/post"}],"author":[{"embeddable":true,"href":"https:\/\/www.italiaeconomiaonline.it\/web\/wp-json\/wp\/v2\/users\/1"}],"replies":[{"embeddable":true,"href":"https:\/\/www.italiaeconomiaonline.it\/web\/wp-json\/wp\/v2\/comments?post=5445"}],"version-history":[{"count":1,"href":"https:\/\/www.italiaeconomiaonline.it\/web\/wp-json\/wp\/v2\/posts\/5445\/revisions"}],"predecessor-version":[{"id":5447,"href":"https:\/\/www.italiaeconomiaonline.it\/web\/wp-json\/wp\/v2\/posts\/5445\/revisions\/5447"}],"wp:featuredmedia":[{"embeddable":true,"href":"https:\/\/www.italiaeconomiaonline.it\/web\/wp-json\/wp\/v2\/media\/5446"}],"wp:attachment":[{"href":"https:\/\/www.italiaeconomiaonline.it\/web\/wp-json\/wp\/v2\/media?parent=5445"}],"wp:term":[{"taxonomy":"category","embeddable":true,"href":"https:\/\/www.italiaeconomiaonline.it\/web\/wp-json\/wp\/v2\/categories?post=5445"},{"taxonomy":"post_tag","embeddable":true,"href":"https:\/\/www.italiaeconomiaonline.it\/web\/wp-json\/wp\/v2\/tags?post=5445"}],"curies":[{"name":"wp","href":"https:\/\/api.w.org\/{rel}","templated":true}]}}