{"id":5456,"date":"2021-02-22T09:36:35","date_gmt":"2021-02-22T08:36:35","guid":{"rendered":"http:\/\/www.italiaeconomiaonline.it\/web\/?p=5456"},"modified":"2021-02-22T09:36:35","modified_gmt":"2021-02-22T08:36:35","slug":"recovery-plan-furlan-cisl-non-avremo-unaltra-occasione-per-modernizzare-il-paese","status":"publish","type":"post","link":"https:\/\/www.italiaeconomiaonline.it\/web\/recovery-plan-furlan-cisl-non-avremo-unaltra-occasione-per-modernizzare-il-paese\/","title":{"rendered":"Recovery Plan, Furlan (Cisl): Non avremo un&#8217;altra occasione per modernizzare il paese"},"content":{"rendered":"<div align=\"left\"><span style=\"color: #000000; font-family: Geneva;\"><span class=\"dropcap dropcap3\">I<\/span>l virus del Covid \u00e8 stato preceduto da quello delle diseguaglianze sociali, della povert\u00e0, dei muri, delle divisioni, della concentrazione ulteriore della ricchezza in poche mani. Ora dobbiamo decisamente cambiare strada, ripartendo dai valori della fratellanza, della solidariet\u00e0, dell\u2019inclusione sociale\u201d. <\/span><\/div>\n<div align=\"left\"><\/div>\n<div align=\"left\"><span style=\"color: #000000; font-family: Geneva;\">Lo ha detto nel suo intervento al Congresso nazionale delle Acli, la Segretaria Generale della Cisl, Annamaria Furlan. \u201cL\u2019Enciclica \u201cFratelli tutti\u201d di Papa Francesco \u00e8 <a class=\"matchTooltip\">oggi <\/a>l nostro riferimento sociale e morale perch\u00e9 entra in profondit\u00e0 nei mali del nostro tempo con un pregio straordinario: quello di utilizzare un linguaggio semplice, universale, che sa evidenziare il nesso tra la dimensione spirituale ed i suoi risvolti umani e sociali- ha sottolineato nel suo intervento la leader della Cisl. <\/span><\/div>\n<div align=\"left\"><\/div>\n<div align=\"left\"><span style=\"color: #000000; font-family: Geneva;\">\u201cI valori dell\u2019Enciclica del Papa coincidono con quelli della Cisl. La fraternit\u00e0 e l\u2019amicizia sono l\u2019opposto dell\u2019individualismo sfrenato, del mercantilismo, del primato della finanza. L\u2019Europa ha compreso che affrontare la pandemia con l\u2019approccio dei vecchi strumenti finanziari ci avrebbe condotto nel baratro sovranista e nella dissoluzione sociale e comunitaria. Ha quindi cambiato passo, mettendo a disposizione risorse senza precedenti in assoluto e per l\u2019Italia in particolare. Ora tocca a noi saperle finalizzare al meglio.<\/span><\/div>\n<div align=\"left\"><\/div>\n<div align=\"left\"><span style=\"color: #000000; font-family: Geneva;\"> L\u2019occasione del Recovery Plan \u00e8 unica ed irrepetibile. Non ci sar\u00e0 una seconda chiamata. Abbiamo il dovere di investire quelle risorse al meglio per creare crescita, sviluppo, giustizia, speranza- ha aggiunto la leader Cisl. <\/span><\/div>\n<div align=\"left\"><\/div>\n<div align=\"left\"><span style=\"color: #000000; font-family: Geneva;\">\u201cEd \u00e8 un dovere etico farlo assieme, concertando le riforme, condividendone la responsabilit\u00e0, con un nuovo patto sociale. Dobbiamo sfruttare questa opportunit\u00e0 per modernizzare il nostro paese, valorizzando le nuove tecnologie che se ben governate possono essere una straordinaria fonte di inclusione. Non ci potr\u00e0 essere ripresa economica senza sicurezza sanitaria, giustizia sociale, se non creeremo buone opportunit\u00e0 di lavoro, ammortizzatori universali attivi e passivi, un sistema fiscale pi\u00f9 equo, progressivo ed amico del lavoro. Non ci potr\u00e0 essere crescita senza i necessari investimenti nella scuola, nelle infrastrutture, nell\u2019innovazione e nella ricerca. Non ci potr\u00e0 essere una vera unit\u00e0 del paese se non copriremo il divario crescente e le distanze storiche tra Nord e Sud\u201d.<\/span><\/div>\n","protected":false},"excerpt":{"rendered":"<p>Il virus del Covid \u00e8 stato preceduto da quello delle diseguaglianze sociali, della povert\u00e0, dei muri, delle divisioni, della concentrazione ulteriore della ricchezza in poche mani. Ora dobbiamo decisamente cambiare strada, ripartendo dai valori della fratellanza, della solidariet\u00e0, dell\u2019inclusione sociale\u201d. Lo ha detto nel suo intervento al Congresso nazionale delle Acli, la Segretaria Generale della [&hellip;]<\/p>\n","protected":false},"author":1,"featured_media":1417,"comment_status":"closed","ping_status":"open","sticky":false,"template":"","format":"standard","meta":{"footnotes":""},"categories":[56],"tags":[665,485,1642,1444],"yoast_head":"<!-- This site is optimized with the Yoast SEO plugin v22.2 - https:\/\/yoast.com\/wordpress\/plugins\/seo\/ -->\n<title>Recovery Plan, Furlan (Cisl): Non avremo un&#039;altra occasione per modernizzare il paese -<\/title>\n<meta name=\"robots\" content=\"index, follow, max-snippet:-1, max-image-preview:large, max-video-preview:-1\" \/>\n<link rel=\"canonical\" href=\"https:\/\/www.italiaeconomiaonline.it\/web\/recovery-plan-furlan-cisl-non-avremo-unaltra-occasione-per-modernizzare-il-paese\/\" \/>\n<meta property=\"og:locale\" content=\"it_IT\" \/>\n<meta property=\"og:type\" content=\"article\" \/>\n<meta property=\"og:title\" content=\"Recovery Plan, Furlan (Cisl): Non avremo un&#039;altra occasione per modernizzare il paese -\" \/>\n<meta property=\"og:description\" content=\"Il virus del Covid \u00e8 stato preceduto da quello delle diseguaglianze sociali, della povert\u00e0, dei muri, delle divisioni, della concentrazione ulteriore della ricchezza in poche mani. Ora dobbiamo decisamente cambiare strada, ripartendo dai valori della fratellanza, della solidariet\u00e0, dell\u2019inclusione sociale\u201d. Lo ha detto nel suo intervento al Congresso nazionale delle Acli, la Segretaria Generale della [&hellip;]\" \/>\n<meta property=\"og:url\" content=\"https:\/\/www.italiaeconomiaonline.it\/web\/recovery-plan-furlan-cisl-non-avremo-unaltra-occasione-per-modernizzare-il-paese\/\" \/>\n<meta property=\"og:site_name\" content=\"ItaliaEconomiaOnline\" \/>\n<meta property=\"article:published_time\" content=\"2021-02-22T08:36:35+00:00\" \/>\n<meta property=\"og:image\" content=\"https:\/\/www.italiaeconomiaonline.it\/web\/wp-content\/uploads\/2019\/07\/Schermata-2019-07-27-alle-12.31.34.png\" \/>\n\t<meta property=\"og:image:width\" content=\"511\" \/>\n\t<meta property=\"og:image:height\" content=\"407\" \/>\n\t<meta property=\"og:image:type\" content=\"image\/png\" \/>\n<meta name=\"author\" content=\"ladyitaliaeconomia\" \/>\n<meta name=\"twitter:card\" content=\"summary_large_image\" \/>\n<meta name=\"twitter:label1\" content=\"Scritto da\" \/>\n\t<meta name=\"twitter:data1\" content=\"ladyitaliaeconomia\" \/>\n\t<meta name=\"twitter:label2\" content=\"Tempo di lettura stimato\" \/>\n\t<meta name=\"twitter:data2\" content=\"2 minuti\" \/>\n<script type=\"application\/ld+json\" class=\"yoast-schema-graph\">{\"@context\":\"https:\/\/schema.org\",\"@graph\":[{\"@type\":\"WebPage\",\"@id\":\"https:\/\/www.italiaeconomiaonline.it\/web\/recovery-plan-furlan-cisl-non-avremo-unaltra-occasione-per-modernizzare-il-paese\/\",\"url\":\"https:\/\/www.italiaeconomiaonline.it\/web\/recovery-plan-furlan-cisl-non-avremo-unaltra-occasione-per-modernizzare-il-paese\/\",\"name\":\"Recovery Plan, Furlan (Cisl): Non avremo un'altra occasione per modernizzare il paese -\",\"isPartOf\":{\"@id\":\"https:\/\/www.italiaeconomiaonline.it\/web\/#website\"},\"primaryImageOfPage\":{\"@id\":\"https:\/\/www.italiaeconomiaonline.it\/web\/recovery-plan-furlan-cisl-non-avremo-unaltra-occasione-per-modernizzare-il-paese\/#primaryimage\"},\"image\":{\"@id\":\"https:\/\/www.italiaeconomiaonline.it\/web\/recovery-plan-furlan-cisl-non-avremo-unaltra-occasione-per-modernizzare-il-paese\/#primaryimage\"},\"thumbnailUrl\":\"https:\/\/www.italiaeconomiaonline.it\/web\/wp-content\/uploads\/2019\/07\/Schermata-2019-07-27-alle-12.31.34.png\",\"datePublished\":\"2021-02-22T08:36:35+00:00\",\"dateModified\":\"2021-02-22T08:36:35+00:00\",\"author\":{\"@id\":\"https:\/\/www.italiaeconomiaonline.it\/web\/#\/schema\/person\/909a49cce752523b020fbc37d5ab1c31\"},\"breadcrumb\":{\"@id\":\"https:\/\/www.italiaeconomiaonline.it\/web\/recovery-plan-furlan-cisl-non-avremo-unaltra-occasione-per-modernizzare-il-paese\/#breadcrumb\"},\"inLanguage\":\"it-IT\",\"potentialAction\":[{\"@type\":\"ReadAction\",\"target\":[\"https:\/\/www.italiaeconomiaonline.it\/web\/recovery-plan-furlan-cisl-non-avremo-unaltra-occasione-per-modernizzare-il-paese\/\"]}]},{\"@type\":\"ImageObject\",\"inLanguage\":\"it-IT\",\"@id\":\"https:\/\/www.italiaeconomiaonline.it\/web\/recovery-plan-furlan-cisl-non-avremo-unaltra-occasione-per-modernizzare-il-paese\/#primaryimage\",\"url\":\"https:\/\/www.italiaeconomiaonline.it\/web\/wp-content\/uploads\/2019\/07\/Schermata-2019-07-27-alle-12.31.34.png\",\"contentUrl\":\"https:\/\/www.italiaeconomiaonline.it\/web\/wp-content\/uploads\/2019\/07\/Schermata-2019-07-27-alle-12.31.34.png\",\"width\":511,\"height\":407,\"caption\":\"Annamaria Furlan\"},{\"@type\":\"BreadcrumbList\",\"@id\":\"https:\/\/www.italiaeconomiaonline.it\/web\/recovery-plan-furlan-cisl-non-avremo-unaltra-occasione-per-modernizzare-il-paese\/#breadcrumb\",\"itemListElement\":[{\"@type\":\"ListItem\",\"position\":1,\"name\":\"Home\",\"item\":\"https:\/\/www.italiaeconomiaonline.it\/web\/\"},{\"@type\":\"ListItem\",\"position\":2,\"name\":\"Recovery Plan, Furlan (Cisl): Non avremo un&#8217;altra occasione per modernizzare il paese\"}]},{\"@type\":\"WebSite\",\"@id\":\"https:\/\/www.italiaeconomiaonline.it\/web\/#website\",\"url\":\"https:\/\/www.italiaeconomiaonline.it\/web\/\",\"name\":\"ItaliaEconomiaOnline\",\"description\":\"Quotidiano Economico Online\",\"potentialAction\":[{\"@type\":\"SearchAction\",\"target\":{\"@type\":\"EntryPoint\",\"urlTemplate\":\"https:\/\/www.italiaeconomiaonline.it\/web\/?s={search_term_string}\"},\"query-input\":\"required name=search_term_string\"}],\"inLanguage\":\"it-IT\"},{\"@type\":\"Person\",\"@id\":\"https:\/\/www.italiaeconomiaonline.it\/web\/#\/schema\/person\/909a49cce752523b020fbc37d5ab1c31\",\"name\":\"ladyitaliaeconomia\",\"image\":{\"@type\":\"ImageObject\",\"inLanguage\":\"it-IT\",\"@id\":\"https:\/\/www.italiaeconomiaonline.it\/web\/#\/schema\/person\/image\/\",\"url\":\"https:\/\/secure.gravatar.com\/avatar\/cedca10ce7416a579b9fa6bce9c0a8f2?s=96&d=mm&r=g\",\"contentUrl\":\"https:\/\/secure.gravatar.com\/avatar\/cedca10ce7416a579b9fa6bce9c0a8f2?s=96&d=mm&r=g\",\"caption\":\"ladyitaliaeconomia\"},\"url\":\"https:\/\/www.italiaeconomiaonline.it\/web\/author\/ladyitaliaeconomia\/\"}]}<\/script>\n<!-- \/ Yoast SEO plugin. -->","yoast_head_json":{"title":"Recovery Plan, Furlan (Cisl): Non avremo un'altra occasione per modernizzare il paese -","robots":{"index":"index","follow":"follow","max-snippet":"max-snippet:-1","max-image-preview":"max-image-preview:large","max-video-preview":"max-video-preview:-1"},"canonical":"https:\/\/www.italiaeconomiaonline.it\/web\/recovery-plan-furlan-cisl-non-avremo-unaltra-occasione-per-modernizzare-il-paese\/","og_locale":"it_IT","og_type":"article","og_title":"Recovery Plan, Furlan (Cisl): Non avremo un'altra occasione per modernizzare il paese -","og_description":"Il virus del Covid \u00e8 stato preceduto da quello delle diseguaglianze sociali, della povert\u00e0, dei muri, delle divisioni, della concentrazione ulteriore della ricchezza in poche mani. Ora dobbiamo decisamente cambiare strada, ripartendo dai valori della fratellanza, della solidariet\u00e0, dell\u2019inclusione sociale\u201d. Lo ha detto nel suo intervento al Congresso nazionale delle Acli, la Segretaria Generale della [&hellip;]","og_url":"https:\/\/www.italiaeconomiaonline.it\/web\/recovery-plan-furlan-cisl-non-avremo-unaltra-occasione-per-modernizzare-il-paese\/","og_site_name":"ItaliaEconomiaOnline","article_published_time":"2021-02-22T08:36:35+00:00","og_image":[{"width":511,"height":407,"url":"https:\/\/www.italiaeconomiaonline.it\/web\/wp-content\/uploads\/2019\/07\/Schermata-2019-07-27-alle-12.31.34.png","type":"image\/png"}],"author":"ladyitaliaeconomia","twitter_card":"summary_large_image","twitter_misc":{"Scritto da":"ladyitaliaeconomia","Tempo di lettura stimato":"2 minuti"},"schema":{"@context":"https:\/\/schema.org","@graph":[{"@type":"WebPage","@id":"https:\/\/www.italiaeconomiaonline.it\/web\/recovery-plan-furlan-cisl-non-avremo-unaltra-occasione-per-modernizzare-il-paese\/","url":"https:\/\/www.italiaeconomiaonline.it\/web\/recovery-plan-furlan-cisl-non-avremo-unaltra-occasione-per-modernizzare-il-paese\/","name":"Recovery Plan, Furlan (Cisl): Non avremo un'altra occasione per modernizzare il paese -","isPartOf":{"@id":"https:\/\/www.italiaeconomiaonline.it\/web\/#website"},"primaryImageOfPage":{"@id":"https:\/\/www.italiaeconomiaonline.it\/web\/recovery-plan-furlan-cisl-non-avremo-unaltra-occasione-per-modernizzare-il-paese\/#primaryimage"},"image":{"@id":"https:\/\/www.italiaeconomiaonline.it\/web\/recovery-plan-furlan-cisl-non-avremo-unaltra-occasione-per-modernizzare-il-paese\/#primaryimage"},"thumbnailUrl":"https:\/\/www.italiaeconomiaonline.it\/web\/wp-content\/uploads\/2019\/07\/Schermata-2019-07-27-alle-12.31.34.png","datePublished":"2021-02-22T08:36:35+00:00","dateModified":"2021-02-22T08:36:35+00:00","author":{"@id":"https:\/\/www.italiaeconomiaonline.it\/web\/#\/schema\/person\/909a49cce752523b020fbc37d5ab1c31"},"breadcrumb":{"@id":"https:\/\/www.italiaeconomiaonline.it\/web\/recovery-plan-furlan-cisl-non-avremo-unaltra-occasione-per-modernizzare-il-paese\/#breadcrumb"},"inLanguage":"it-IT","potentialAction":[{"@type":"ReadAction","target":["https:\/\/www.italiaeconomiaonline.it\/web\/recovery-plan-furlan-cisl-non-avremo-unaltra-occasione-per-modernizzare-il-paese\/"]}]},{"@type":"ImageObject","inLanguage":"it-IT","@id":"https:\/\/www.italiaeconomiaonline.it\/web\/recovery-plan-furlan-cisl-non-avremo-unaltra-occasione-per-modernizzare-il-paese\/#primaryimage","url":"https:\/\/www.italiaeconomiaonline.it\/web\/wp-content\/uploads\/2019\/07\/Schermata-2019-07-27-alle-12.31.34.png","contentUrl":"https:\/\/www.italiaeconomiaonline.it\/web\/wp-content\/uploads\/2019\/07\/Schermata-2019-07-27-alle-12.31.34.png","width":511,"height":407,"caption":"Annamaria Furlan"},{"@type":"BreadcrumbList","@id":"https:\/\/www.italiaeconomiaonline.it\/web\/recovery-plan-furlan-cisl-non-avremo-unaltra-occasione-per-modernizzare-il-paese\/#breadcrumb","itemListElement":[{"@type":"ListItem","position":1,"name":"Home","item":"https:\/\/www.italiaeconomiaonline.it\/web\/"},{"@type":"ListItem","position":2,"name":"Recovery Plan, Furlan (Cisl): Non avremo un&#8217;altra occasione per modernizzare il paese"}]},{"@type":"WebSite","@id":"https:\/\/www.italiaeconomiaonline.it\/web\/#website","url":"https:\/\/www.italiaeconomiaonline.it\/web\/","name":"ItaliaEconomiaOnline","description":"Quotidiano Economico Online","potentialAction":[{"@type":"SearchAction","target":{"@type":"EntryPoint","urlTemplate":"https:\/\/www.italiaeconomiaonline.it\/web\/?s={search_term_string}"},"query-input":"required name=search_term_string"}],"inLanguage":"it-IT"},{"@type":"Person","@id":"https:\/\/www.italiaeconomiaonline.it\/web\/#\/schema\/person\/909a49cce752523b020fbc37d5ab1c31","name":"ladyitaliaeconomia","image":{"@type":"ImageObject","inLanguage":"it-IT","@id":"https:\/\/www.italiaeconomiaonline.it\/web\/#\/schema\/person\/image\/","url":"https:\/\/secure.gravatar.com\/avatar\/cedca10ce7416a579b9fa6bce9c0a8f2?s=96&d=mm&r=g","contentUrl":"https:\/\/secure.gravatar.com\/avatar\/cedca10ce7416a579b9fa6bce9c0a8f2?s=96&d=mm&r=g","caption":"ladyitaliaeconomia"},"url":"https:\/\/www.italiaeconomiaonline.it\/web\/author\/ladyitaliaeconomia\/"}]}},"_links":{"self":[{"href":"https:\/\/www.italiaeconomiaonline.it\/web\/wp-json\/wp\/v2\/posts\/5456"}],"collection":[{"href":"https:\/\/www.italiaeconomiaonline.it\/web\/wp-json\/wp\/v2\/posts"}],"about":[{"href":"https:\/\/www.italiaeconomiaonline.it\/web\/wp-json\/wp\/v2\/types\/post"}],"author":[{"embeddable":true,"href":"https:\/\/www.italiaeconomiaonline.it\/web\/wp-json\/wp\/v2\/users\/1"}],"replies":[{"embeddable":true,"href":"https:\/\/www.italiaeconomiaonline.it\/web\/wp-json\/wp\/v2\/comments?post=5456"}],"version-history":[{"count":1,"href":"https:\/\/www.italiaeconomiaonline.it\/web\/wp-json\/wp\/v2\/posts\/5456\/revisions"}],"predecessor-version":[{"id":5457,"href":"https:\/\/www.italiaeconomiaonline.it\/web\/wp-json\/wp\/v2\/posts\/5456\/revisions\/5457"}],"wp:featuredmedia":[{"embeddable":true,"href":"https:\/\/www.italiaeconomiaonline.it\/web\/wp-json\/wp\/v2\/media\/1417"}],"wp:attachment":[{"href":"https:\/\/www.italiaeconomiaonline.it\/web\/wp-json\/wp\/v2\/media?parent=5456"}],"wp:term":[{"taxonomy":"category","embeddable":true,"href":"https:\/\/www.italiaeconomiaonline.it\/web\/wp-json\/wp\/v2\/categories?post=5456"},{"taxonomy":"post_tag","embeddable":true,"href":"https:\/\/www.italiaeconomiaonline.it\/web\/wp-json\/wp\/v2\/tags?post=5456"}],"curies":[{"name":"wp","href":"https:\/\/api.w.org\/{rel}","templated":true}]}}