{"id":5492,"date":"2021-02-25T15:47:38","date_gmt":"2021-02-25T14:47:38","guid":{"rendered":"http:\/\/www.italiaeconomiaonline.it\/web\/?p=5492"},"modified":"2021-02-25T15:48:10","modified_gmt":"2021-02-25T14:48:10","slug":"covid-miani-vaccinare-anche-i-commercialisti","status":"publish","type":"post","link":"https:\/\/www.italiaeconomiaonline.it\/web\/covid-miani-vaccinare-anche-i-commercialisti\/","title":{"rendered":"Covid, Miani: &#8220;Vaccinare anche i commercialisti&#8221;"},"content":{"rendered":"<p class=\"p2\"><span class=\"dropcap dropcap3\">P<\/span>revedere\u00a0<b>l\u2019inserimento prioritario<\/b>\u00a0dei Commercialisti per le\u00a0<b>prenotazioni vaccinali<\/b>, alla stregua di altre categorie professionali, classificando il rischio pendente alla pari di quello previsto per altre fasce gi\u00e0 invitate a fruire del vaccino. E\u2019 la richiesta del presidente del Consiglio nazionale dei commercialisti,\u00a0<b>Massimo Miani<\/b>, contenuta in una missiva inviata <a class=\"matchTooltip\">oggi<\/a> al Ministro della Salute,\u00a0<b>Roberto Speranza<\/b>\u00a0e a tutti i presidenti di Regione.<span class=\"Apple-converted-space\">\u00a0<\/span><\/p>\n<p class=\"p2\">\u201cCon l\u2019avvio delle campagne di vaccinazione nelle diverse Regioni italiane e le comprensibili esigenze di definire linee di prioritarizzazione rispetto alle diverse fasce della popolazione a livello nazionale\u201d, scrive Miani, \u201cdesidero porre alla vostra attenzione la presenza dei commercialisti, fin dai primissimi giorni della pandemia, al costante servizio delle imprese e delle persone, tanto che la nostra categoria fu inclusa nel DPCM 22 marzo 2020 tra i\u00a0<b>servizi essenziali<\/b>\u201d.<span class=\"Apple-converted-space\">\u00a0<\/span><\/p>\n<p class=\"p2\">Nella lettera Miani ricorda come \u201cgli studi professionali, per la natura delle attivit\u00e0 di supporto tecnico professionale svolte su molteplici aspetti relativi alla\u00a0<b>gestione dell\u2019emergenza<\/b>\u00a0e le correlate\u00a0<b>scadenze perentorie<\/b>, non hanno mai chiuso, n\u00e9 hanno interrotto servizi essenziali, n\u00e9 hanno potuto commutare il supporto fornito in attivit\u00e0 da remoto, assicurando la\u00a0<b>presenza<\/b>\u00a0anche negli\u00a0<b>uffici giudiziari e nelle amministrazioni<\/b>\u00a0di riferimento in tutto questo lungo e faticosissimo anno. Le molteplici attivit\u00e0 ininterrotte generano ancora <a class=\"matchTooltip\">oggi<\/a>, inevitabilmente, una\u00a0<b>costante esposizione<\/b>\u00a0e un continuativo rapporto le persone interessate,\u00a0<b>aumentando esponenzialmente<\/b>\u00a0il rischio di contagio da virus Covid 19 e le varianti ora in crescente circolazione\u201d.<span class=\"Apple-converted-space\">\u00a0<\/span><\/p>\n<p class=\"p2\">Ribadendo la \u201cferma volont\u00e0 di proseguire con\u00a0<b>massimo senso di responsabilit\u00e0<\/b>\u00a0l\u2019attivit\u00e0 quotidiana al servizio dei\u00a0<b>cittadini<\/b>\u00a0e delle\u00a0<b>amministrazioni pubbliche<\/b>\u201d, Miani chiede di considerare \u201cla grave e crescente preoccupazione per il contagio\u201d dovuta all\u2019attivit\u00e0 degli iscritti alla categoria.<span class=\"Apple-converted-space\">\u00a0<\/span><\/p>\n","protected":false},"excerpt":{"rendered":"<p>Prevedere\u00a0l\u2019inserimento prioritario\u00a0dei Commercialisti per le\u00a0prenotazioni vaccinali, alla stregua di altre categorie professionali, classificando il rischio pendente alla pari di quello previsto per altre fasce gi\u00e0 invitate a fruire del vaccino. E\u2019 la richiesta del presidente del Consiglio nazionale dei commercialisti,\u00a0Massimo Miani, contenuta in una missiva inviata oggi al Ministro della Salute,\u00a0Roberto Speranza\u00a0e a tutti i [&hellip;]<\/p>\n","protected":false},"author":1,"featured_media":5043,"comment_status":"closed","ping_status":"open","sticky":false,"template":"","format":"standard","meta":{"footnotes":""},"categories":[128],"tags":[1653],"yoast_head":"<!-- This site is optimized with the Yoast SEO plugin v22.2 - https:\/\/yoast.com\/wordpress\/plugins\/seo\/ -->\n<title>Covid, Miani: &quot;Vaccinare anche i commercialisti&quot; -<\/title>\n<meta name=\"robots\" content=\"index, follow, max-snippet:-1, max-image-preview:large, max-video-preview:-1\" \/>\n<link rel=\"canonical\" href=\"https:\/\/www.italiaeconomiaonline.it\/web\/covid-miani-vaccinare-anche-i-commercialisti\/\" \/>\n<meta property=\"og:locale\" content=\"it_IT\" \/>\n<meta property=\"og:type\" content=\"article\" \/>\n<meta property=\"og:title\" content=\"Covid, Miani: &quot;Vaccinare anche i commercialisti&quot; -\" \/>\n<meta property=\"og:description\" content=\"Prevedere\u00a0l\u2019inserimento prioritario\u00a0dei Commercialisti per le\u00a0prenotazioni vaccinali, alla stregua di altre categorie professionali, classificando il rischio pendente alla pari di quello previsto per altre fasce gi\u00e0 invitate a fruire del vaccino. E\u2019 la richiesta del presidente del Consiglio nazionale dei commercialisti,\u00a0Massimo Miani, contenuta in una missiva inviata oggi al Ministro della Salute,\u00a0Roberto Speranza\u00a0e a tutti i [&hellip;]\" \/>\n<meta property=\"og:url\" content=\"https:\/\/www.italiaeconomiaonline.it\/web\/covid-miani-vaccinare-anche-i-commercialisti\/\" \/>\n<meta property=\"og:site_name\" content=\"ItaliaEconomiaOnline\" \/>\n<meta property=\"article:published_time\" content=\"2021-02-25T14:47:38+00:00\" \/>\n<meta property=\"article:modified_time\" content=\"2021-02-25T14:48:10+00:00\" \/>\n<meta property=\"og:image\" content=\"https:\/\/www.italiaeconomiaonline.it\/web\/wp-content\/uploads\/2021\/01\/vaccino-pfizer.jpg\" \/>\n\t<meta property=\"og:image:width\" content=\"639\" \/>\n\t<meta property=\"og:image:height\" content=\"423\" \/>\n\t<meta property=\"og:image:type\" content=\"image\/jpeg\" \/>\n<meta name=\"author\" content=\"ladyitaliaeconomia\" \/>\n<meta name=\"twitter:card\" content=\"summary_large_image\" \/>\n<meta name=\"twitter:label1\" content=\"Scritto da\" \/>\n\t<meta name=\"twitter:data1\" content=\"ladyitaliaeconomia\" \/>\n\t<meta name=\"twitter:label2\" content=\"Tempo di lettura stimato\" \/>\n\t<meta name=\"twitter:data2\" content=\"2 minuti\" \/>\n<script type=\"application\/ld+json\" class=\"yoast-schema-graph\">{\"@context\":\"https:\/\/schema.org\",\"@graph\":[{\"@type\":\"WebPage\",\"@id\":\"https:\/\/www.italiaeconomiaonline.it\/web\/covid-miani-vaccinare-anche-i-commercialisti\/\",\"url\":\"https:\/\/www.italiaeconomiaonline.it\/web\/covid-miani-vaccinare-anche-i-commercialisti\/\",\"name\":\"Covid, Miani: \\\"Vaccinare anche i commercialisti\\\" -\",\"isPartOf\":{\"@id\":\"https:\/\/www.italiaeconomiaonline.it\/web\/#website\"},\"primaryImageOfPage\":{\"@id\":\"https:\/\/www.italiaeconomiaonline.it\/web\/covid-miani-vaccinare-anche-i-commercialisti\/#primaryimage\"},\"image\":{\"@id\":\"https:\/\/www.italiaeconomiaonline.it\/web\/covid-miani-vaccinare-anche-i-commercialisti\/#primaryimage\"},\"thumbnailUrl\":\"https:\/\/www.italiaeconomiaonline.it\/web\/wp-content\/uploads\/2021\/01\/vaccino-pfizer.jpg\",\"datePublished\":\"2021-02-25T14:47:38+00:00\",\"dateModified\":\"2021-02-25T14:48:10+00:00\",\"author\":{\"@id\":\"https:\/\/www.italiaeconomiaonline.it\/web\/#\/schema\/person\/909a49cce752523b020fbc37d5ab1c31\"},\"breadcrumb\":{\"@id\":\"https:\/\/www.italiaeconomiaonline.it\/web\/covid-miani-vaccinare-anche-i-commercialisti\/#breadcrumb\"},\"inLanguage\":\"it-IT\",\"potentialAction\":[{\"@type\":\"ReadAction\",\"target\":[\"https:\/\/www.italiaeconomiaonline.it\/web\/covid-miani-vaccinare-anche-i-commercialisti\/\"]}]},{\"@type\":\"ImageObject\",\"inLanguage\":\"it-IT\",\"@id\":\"https:\/\/www.italiaeconomiaonline.it\/web\/covid-miani-vaccinare-anche-i-commercialisti\/#primaryimage\",\"url\":\"https:\/\/www.italiaeconomiaonline.it\/web\/wp-content\/uploads\/2021\/01\/vaccino-pfizer.jpg\",\"contentUrl\":\"https:\/\/www.italiaeconomiaonline.it\/web\/wp-content\/uploads\/2021\/01\/vaccino-pfizer.jpg\",\"width\":639,\"height\":423},{\"@type\":\"BreadcrumbList\",\"@id\":\"https:\/\/www.italiaeconomiaonline.it\/web\/covid-miani-vaccinare-anche-i-commercialisti\/#breadcrumb\",\"itemListElement\":[{\"@type\":\"ListItem\",\"position\":1,\"name\":\"Home\",\"item\":\"https:\/\/www.italiaeconomiaonline.it\/web\/\"},{\"@type\":\"ListItem\",\"position\":2,\"name\":\"Covid, Miani: &#8220;Vaccinare anche i commercialisti&#8221;\"}]},{\"@type\":\"WebSite\",\"@id\":\"https:\/\/www.italiaeconomiaonline.it\/web\/#website\",\"url\":\"https:\/\/www.italiaeconomiaonline.it\/web\/\",\"name\":\"ItaliaEconomiaOnline\",\"description\":\"Quotidiano Economico Online\",\"potentialAction\":[{\"@type\":\"SearchAction\",\"target\":{\"@type\":\"EntryPoint\",\"urlTemplate\":\"https:\/\/www.italiaeconomiaonline.it\/web\/?s={search_term_string}\"},\"query-input\":\"required name=search_term_string\"}],\"inLanguage\":\"it-IT\"},{\"@type\":\"Person\",\"@id\":\"https:\/\/www.italiaeconomiaonline.it\/web\/#\/schema\/person\/909a49cce752523b020fbc37d5ab1c31\",\"name\":\"ladyitaliaeconomia\",\"image\":{\"@type\":\"ImageObject\",\"inLanguage\":\"it-IT\",\"@id\":\"https:\/\/www.italiaeconomiaonline.it\/web\/#\/schema\/person\/image\/\",\"url\":\"https:\/\/secure.gravatar.com\/avatar\/cedca10ce7416a579b9fa6bce9c0a8f2?s=96&d=mm&r=g\",\"contentUrl\":\"https:\/\/secure.gravatar.com\/avatar\/cedca10ce7416a579b9fa6bce9c0a8f2?s=96&d=mm&r=g\",\"caption\":\"ladyitaliaeconomia\"},\"url\":\"https:\/\/www.italiaeconomiaonline.it\/web\/author\/ladyitaliaeconomia\/\"}]}<\/script>\n<!-- \/ Yoast SEO plugin. -->","yoast_head_json":{"title":"Covid, Miani: \"Vaccinare anche i commercialisti\" -","robots":{"index":"index","follow":"follow","max-snippet":"max-snippet:-1","max-image-preview":"max-image-preview:large","max-video-preview":"max-video-preview:-1"},"canonical":"https:\/\/www.italiaeconomiaonline.it\/web\/covid-miani-vaccinare-anche-i-commercialisti\/","og_locale":"it_IT","og_type":"article","og_title":"Covid, Miani: \"Vaccinare anche i commercialisti\" -","og_description":"Prevedere\u00a0l\u2019inserimento prioritario\u00a0dei Commercialisti per le\u00a0prenotazioni vaccinali, alla stregua di altre categorie professionali, classificando il rischio pendente alla pari di quello previsto per altre fasce gi\u00e0 invitate a fruire del vaccino. E\u2019 la richiesta del presidente del Consiglio nazionale dei commercialisti,\u00a0Massimo Miani, contenuta in una missiva inviata oggi al Ministro della Salute,\u00a0Roberto Speranza\u00a0e a tutti i [&hellip;]","og_url":"https:\/\/www.italiaeconomiaonline.it\/web\/covid-miani-vaccinare-anche-i-commercialisti\/","og_site_name":"ItaliaEconomiaOnline","article_published_time":"2021-02-25T14:47:38+00:00","article_modified_time":"2021-02-25T14:48:10+00:00","og_image":[{"width":639,"height":423,"url":"https:\/\/www.italiaeconomiaonline.it\/web\/wp-content\/uploads\/2021\/01\/vaccino-pfizer.jpg","type":"image\/jpeg"}],"author":"ladyitaliaeconomia","twitter_card":"summary_large_image","twitter_misc":{"Scritto da":"ladyitaliaeconomia","Tempo di lettura stimato":"2 minuti"},"schema":{"@context":"https:\/\/schema.org","@graph":[{"@type":"WebPage","@id":"https:\/\/www.italiaeconomiaonline.it\/web\/covid-miani-vaccinare-anche-i-commercialisti\/","url":"https:\/\/www.italiaeconomiaonline.it\/web\/covid-miani-vaccinare-anche-i-commercialisti\/","name":"Covid, Miani: \"Vaccinare anche i commercialisti\" -","isPartOf":{"@id":"https:\/\/www.italiaeconomiaonline.it\/web\/#website"},"primaryImageOfPage":{"@id":"https:\/\/www.italiaeconomiaonline.it\/web\/covid-miani-vaccinare-anche-i-commercialisti\/#primaryimage"},"image":{"@id":"https:\/\/www.italiaeconomiaonline.it\/web\/covid-miani-vaccinare-anche-i-commercialisti\/#primaryimage"},"thumbnailUrl":"https:\/\/www.italiaeconomiaonline.it\/web\/wp-content\/uploads\/2021\/01\/vaccino-pfizer.jpg","datePublished":"2021-02-25T14:47:38+00:00","dateModified":"2021-02-25T14:48:10+00:00","author":{"@id":"https:\/\/www.italiaeconomiaonline.it\/web\/#\/schema\/person\/909a49cce752523b020fbc37d5ab1c31"},"breadcrumb":{"@id":"https:\/\/www.italiaeconomiaonline.it\/web\/covid-miani-vaccinare-anche-i-commercialisti\/#breadcrumb"},"inLanguage":"it-IT","potentialAction":[{"@type":"ReadAction","target":["https:\/\/www.italiaeconomiaonline.it\/web\/covid-miani-vaccinare-anche-i-commercialisti\/"]}]},{"@type":"ImageObject","inLanguage":"it-IT","@id":"https:\/\/www.italiaeconomiaonline.it\/web\/covid-miani-vaccinare-anche-i-commercialisti\/#primaryimage","url":"https:\/\/www.italiaeconomiaonline.it\/web\/wp-content\/uploads\/2021\/01\/vaccino-pfizer.jpg","contentUrl":"https:\/\/www.italiaeconomiaonline.it\/web\/wp-content\/uploads\/2021\/01\/vaccino-pfizer.jpg","width":639,"height":423},{"@type":"BreadcrumbList","@id":"https:\/\/www.italiaeconomiaonline.it\/web\/covid-miani-vaccinare-anche-i-commercialisti\/#breadcrumb","itemListElement":[{"@type":"ListItem","position":1,"name":"Home","item":"https:\/\/www.italiaeconomiaonline.it\/web\/"},{"@type":"ListItem","position":2,"name":"Covid, Miani: &#8220;Vaccinare anche i commercialisti&#8221;"}]},{"@type":"WebSite","@id":"https:\/\/www.italiaeconomiaonline.it\/web\/#website","url":"https:\/\/www.italiaeconomiaonline.it\/web\/","name":"ItaliaEconomiaOnline","description":"Quotidiano Economico Online","potentialAction":[{"@type":"SearchAction","target":{"@type":"EntryPoint","urlTemplate":"https:\/\/www.italiaeconomiaonline.it\/web\/?s={search_term_string}"},"query-input":"required name=search_term_string"}],"inLanguage":"it-IT"},{"@type":"Person","@id":"https:\/\/www.italiaeconomiaonline.it\/web\/#\/schema\/person\/909a49cce752523b020fbc37d5ab1c31","name":"ladyitaliaeconomia","image":{"@type":"ImageObject","inLanguage":"it-IT","@id":"https:\/\/www.italiaeconomiaonline.it\/web\/#\/schema\/person\/image\/","url":"https:\/\/secure.gravatar.com\/avatar\/cedca10ce7416a579b9fa6bce9c0a8f2?s=96&d=mm&r=g","contentUrl":"https:\/\/secure.gravatar.com\/avatar\/cedca10ce7416a579b9fa6bce9c0a8f2?s=96&d=mm&r=g","caption":"ladyitaliaeconomia"},"url":"https:\/\/www.italiaeconomiaonline.it\/web\/author\/ladyitaliaeconomia\/"}]}},"_links":{"self":[{"href":"https:\/\/www.italiaeconomiaonline.it\/web\/wp-json\/wp\/v2\/posts\/5492"}],"collection":[{"href":"https:\/\/www.italiaeconomiaonline.it\/web\/wp-json\/wp\/v2\/posts"}],"about":[{"href":"https:\/\/www.italiaeconomiaonline.it\/web\/wp-json\/wp\/v2\/types\/post"}],"author":[{"embeddable":true,"href":"https:\/\/www.italiaeconomiaonline.it\/web\/wp-json\/wp\/v2\/users\/1"}],"replies":[{"embeddable":true,"href":"https:\/\/www.italiaeconomiaonline.it\/web\/wp-json\/wp\/v2\/comments?post=5492"}],"version-history":[{"count":1,"href":"https:\/\/www.italiaeconomiaonline.it\/web\/wp-json\/wp\/v2\/posts\/5492\/revisions"}],"predecessor-version":[{"id":5493,"href":"https:\/\/www.italiaeconomiaonline.it\/web\/wp-json\/wp\/v2\/posts\/5492\/revisions\/5493"}],"wp:featuredmedia":[{"embeddable":true,"href":"https:\/\/www.italiaeconomiaonline.it\/web\/wp-json\/wp\/v2\/media\/5043"}],"wp:attachment":[{"href":"https:\/\/www.italiaeconomiaonline.it\/web\/wp-json\/wp\/v2\/media?parent=5492"}],"wp:term":[{"taxonomy":"category","embeddable":true,"href":"https:\/\/www.italiaeconomiaonline.it\/web\/wp-json\/wp\/v2\/categories?post=5492"},{"taxonomy":"post_tag","embeddable":true,"href":"https:\/\/www.italiaeconomiaonline.it\/web\/wp-json\/wp\/v2\/tags?post=5492"}],"curies":[{"name":"wp","href":"https:\/\/api.w.org\/{rel}","templated":true}]}}