{"id":5500,"date":"2021-02-26T16:15:35","date_gmt":"2021-02-26T15:15:35","guid":{"rendered":"http:\/\/www.italiaeconomiaonline.it\/web\/?p=5500"},"modified":"2021-02-26T16:15:35","modified_gmt":"2021-02-26T15:15:35","slug":"confagricoltura-si-rafforza-la-sinergia-tra-il-mondo-sementiero-e-quello-agroalimentare","status":"publish","type":"post","link":"https:\/\/www.italiaeconomiaonline.it\/web\/confagricoltura-si-rafforza-la-sinergia-tra-il-mondo-sementiero-e-quello-agroalimentare\/","title":{"rendered":"Confagricoltura: Si rafforza la sinergia tra il mondo sementiero e quello agroalimentare"},"content":{"rendered":"<p><span class=\"dropcap dropcap3\">C<\/span>ia-Agricoltori italiani, Confagricoltura, Copagri, Alleanza delle Cooperative Agroalimentari e Assosementi aderiscono formalmente al Consorzio per la valorizzazione delle sementi CONVASE, che riunisce 23 aziende rappresentanti il 40% della produzione nazionale di sementi certificate di cereali a paglia, rafforzando cos\u00ec la sinergia tra il mondo sementiero e quello agroalimentare.<\/p>\n<p>L\u2019intesa \u00e8 stata annunciata <a class=\"matchTooltip\">oggi<\/a> durante l\u2019incontro \u201cIl settore sementiero e agricolo: sfide e opportunit\u00e0 nello scenario post-Covid\u201d.<\/p>\n<p>L\u2019adesione al CONVASE da parte delle organizzazioni dei produttori e delle cooperative agricole e di Assosementi rafforza la collaborazione tra aziende sementiere e agricoltori, con l\u2019obiettivo di valorizzare la qualit\u00e0 delle produzioni in un\u2019ottica interprofessionale e di stimolare un dialogo costruttivo capace di anticipare le esigenze del settore e qualificare l\u2019intera filiera.<\/p>\n<p>L\u2019intesa raggiunta, inoltre, permette di dare gambe alla creazione del disciplinare \u201cSeme di Qualit\u00e0\u201d, presentato un anno fa ed elaborato dal CONVASE, con il supporto Cia-Agricoltori Italiani, Confagricoltura, Copagri e Alleanza delle Cooperative Agroalimentari, per dare agli agricoltori la possibilit\u00e0 di conoscere le informazioni sulla tracciabilit\u00e0 delle sementi, offrendo garanzie sulla qualit\u00e0 del seme acquistato e indicazioni utili per il corretto impiego, con maggiori possibilit\u00e0 di ottenere produzioni elevate e di qualit\u00e0.<\/p>\n<p>La filiera agroalimentare, infatti &#8211; hanno sottolineato i rappresentanti di Cia-Agricoltori Italiani, Confagricoltura, Copagri e Alleanza delle Cooperative Agroalimentari &#8211; parte dal seme; non a caso gli agricoltori operano in stretto e costante contatto con i produttori di sementi, testando direttamente in campo i risultati del loro lavoro e indicando le richieste e le esigenze che arrivano dal mercato, con particolare riferimento alle problematiche agronomiche, fitosanitarie, di resa e di carattere qualitativo.<\/p>\n<p>Proprio per tali ragioni &#8211; aggiungono le sigle &#8211; \u00e8 fondamentale poter disporre di uno strumento in grado di assicurare la tracciabilit\u00e0, la sicurezza e la sostenibilit\u00e0 del processo produttivo sin dall&#8217;inizio del ciclo, partendo dalla semente, puntando su iniziative quali il progetto \u201cSeme di Qualit\u00e0\u201d, al quale gi\u00e0 lo scorso anno hanno aderito convintamente Cia-Agricoltori Italiani, Confagricoltura, Copagri e Alleanza delle Cooperative Agroalimentari e che <a class=\"matchTooltip\">oggi<\/a> viene ulteriormente rafforzato.<\/p>\n<p>Tale tracciabilit\u00e0 &#8211; \u00e8 stato ribadito durante l\u2019odierno confronto tra il mondo sementiero e quello agroalimentare &#8211; ha inizio dal seme, primo e fondamentale elemento per assicurare la qualit\u00e0 del prodotto al consumatore finale. Vale la pena di sottolineare, a tal proposito, che nel 2020, a fronte di un calo su base annua del 2% circa delle superfici produttive destinate alla coltivazione di grano duro, grano tenero e orzo, cresce sempre di pi\u00f9 l\u2019impiego di seme non certificato, che secondo un\u2019elaborazione di Assosementi ha superato anche nel 2020 il 50% delle superfici coltivate a grano duro.<\/p>\n<p>In tale contesto, l\u2019intesa raggiunta servir\u00e0 a rafforzare e confermare la volont\u00e0 dei principali attori di vincere le sfide comuni che il settore \u00e8 chiamato ad affrontare. La riduzione della burocratizzazione annunciata dal nuovo governo potr\u00e0 certamente contribuire ad agevolare il sistema della certificazione del seme, che negli ultimi cinquant\u2019anni non \u00e8 mai stato rivisto e adeguato.<\/p>\n<p>La valorizzazione delle produzioni non pu\u00f2 inoltre prescindere dal sostegno all\u2019innovazione, che pu\u00f2 aiutare l\u2019agricoltura a garantire rese stabili e produzioni pi\u00f9 sostenibili. Il settore sementiero \u00e8 un comparto altamente innovativo, in grado di investire sino al 20% dei suoi ricavi in attivit\u00e0 di ricerca e sviluppo per immettere sul mercato variet\u00e0 migliori. Tuttavia, secondo l\u2019indagine di Euroseeds, l\u2019associazione che rappresenta il settore sementiero a livello europeo, l\u2019incertezza della normativa sulle Tecniche di Evoluzione Assistita-TEA ha bloccato i programmi di innovazione del 40% delle aziende che investono in ricerca.<\/p>\n","protected":false},"excerpt":{"rendered":"<p>Cia-Agricoltori italiani, Confagricoltura, Copagri, Alleanza delle Cooperative Agroalimentari e Assosementi aderiscono formalmente al Consorzio per la valorizzazione delle sementi CONVASE, che riunisce 23 aziende rappresentanti il 40% della produzione nazionale di sementi certificate di cereali a paglia, rafforzando cos\u00ec la sinergia tra il mondo sementiero e quello agroalimentare. L\u2019intesa \u00e8 stata annunciata oggi durante l\u2019incontro [&hellip;]<\/p>\n","protected":false},"author":1,"featured_media":5501,"comment_status":"closed","ping_status":"open","sticky":false,"template":"","format":"standard","meta":{"footnotes":""},"categories":[537],"tags":[],"yoast_head":"<!-- This site is optimized with the Yoast SEO plugin v22.2 - https:\/\/yoast.com\/wordpress\/plugins\/seo\/ -->\n<title>Confagricoltura: Si rafforza la sinergia tra il mondo sementiero e quello agroalimentare -<\/title>\n<meta name=\"robots\" content=\"index, follow, max-snippet:-1, max-image-preview:large, max-video-preview:-1\" \/>\n<link rel=\"canonical\" href=\"https:\/\/www.italiaeconomiaonline.it\/web\/confagricoltura-si-rafforza-la-sinergia-tra-il-mondo-sementiero-e-quello-agroalimentare\/\" \/>\n<meta property=\"og:locale\" content=\"it_IT\" \/>\n<meta property=\"og:type\" content=\"article\" \/>\n<meta property=\"og:title\" content=\"Confagricoltura: Si rafforza la sinergia tra il mondo sementiero e quello agroalimentare -\" \/>\n<meta property=\"og:description\" content=\"Cia-Agricoltori italiani, Confagricoltura, Copagri, Alleanza delle Cooperative Agroalimentari e Assosementi aderiscono formalmente al Consorzio per la valorizzazione delle sementi CONVASE, che riunisce 23 aziende rappresentanti il 40% della produzione nazionale di sementi certificate di cereali a paglia, rafforzando cos\u00ec la sinergia tra il mondo sementiero e quello agroalimentare. L\u2019intesa \u00e8 stata annunciata oggi durante l\u2019incontro [&hellip;]\" \/>\n<meta property=\"og:url\" content=\"https:\/\/www.italiaeconomiaonline.it\/web\/confagricoltura-si-rafforza-la-sinergia-tra-il-mondo-sementiero-e-quello-agroalimentare\/\" \/>\n<meta property=\"og:site_name\" content=\"ItaliaEconomiaOnline\" \/>\n<meta property=\"article:published_time\" content=\"2021-02-26T15:15:35+00:00\" \/>\n<meta property=\"og:image\" content=\"https:\/\/www.italiaeconomiaonline.it\/web\/wp-content\/uploads\/2021\/02\/Schermata-2021-02-26-alle-12.40.03-1024x630.png\" \/>\n\t<meta property=\"og:image:width\" content=\"1024\" \/>\n\t<meta property=\"og:image:height\" content=\"630\" \/>\n\t<meta property=\"og:image:type\" content=\"image\/png\" \/>\n<meta name=\"author\" content=\"ladyitaliaeconomia\" \/>\n<meta name=\"twitter:card\" content=\"summary_large_image\" \/>\n<meta name=\"twitter:label1\" content=\"Scritto da\" \/>\n\t<meta name=\"twitter:data1\" content=\"ladyitaliaeconomia\" \/>\n\t<meta name=\"twitter:label2\" content=\"Tempo di lettura stimato\" \/>\n\t<meta name=\"twitter:data2\" content=\"3 minuti\" \/>\n<script type=\"application\/ld+json\" class=\"yoast-schema-graph\">{\"@context\":\"https:\/\/schema.org\",\"@graph\":[{\"@type\":\"WebPage\",\"@id\":\"https:\/\/www.italiaeconomiaonline.it\/web\/confagricoltura-si-rafforza-la-sinergia-tra-il-mondo-sementiero-e-quello-agroalimentare\/\",\"url\":\"https:\/\/www.italiaeconomiaonline.it\/web\/confagricoltura-si-rafforza-la-sinergia-tra-il-mondo-sementiero-e-quello-agroalimentare\/\",\"name\":\"Confagricoltura: Si rafforza la sinergia tra il mondo sementiero e quello agroalimentare -\",\"isPartOf\":{\"@id\":\"https:\/\/www.italiaeconomiaonline.it\/web\/#website\"},\"primaryImageOfPage\":{\"@id\":\"https:\/\/www.italiaeconomiaonline.it\/web\/confagricoltura-si-rafforza-la-sinergia-tra-il-mondo-sementiero-e-quello-agroalimentare\/#primaryimage\"},\"image\":{\"@id\":\"https:\/\/www.italiaeconomiaonline.it\/web\/confagricoltura-si-rafforza-la-sinergia-tra-il-mondo-sementiero-e-quello-agroalimentare\/#primaryimage\"},\"thumbnailUrl\":\"https:\/\/www.italiaeconomiaonline.it\/web\/wp-content\/uploads\/2021\/02\/Schermata-2021-02-26-alle-12.40.03.png\",\"datePublished\":\"2021-02-26T15:15:35+00:00\",\"dateModified\":\"2021-02-26T15:15:35+00:00\",\"author\":{\"@id\":\"https:\/\/www.italiaeconomiaonline.it\/web\/#\/schema\/person\/909a49cce752523b020fbc37d5ab1c31\"},\"breadcrumb\":{\"@id\":\"https:\/\/www.italiaeconomiaonline.it\/web\/confagricoltura-si-rafforza-la-sinergia-tra-il-mondo-sementiero-e-quello-agroalimentare\/#breadcrumb\"},\"inLanguage\":\"it-IT\",\"potentialAction\":[{\"@type\":\"ReadAction\",\"target\":[\"https:\/\/www.italiaeconomiaonline.it\/web\/confagricoltura-si-rafforza-la-sinergia-tra-il-mondo-sementiero-e-quello-agroalimentare\/\"]}]},{\"@type\":\"ImageObject\",\"inLanguage\":\"it-IT\",\"@id\":\"https:\/\/www.italiaeconomiaonline.it\/web\/confagricoltura-si-rafforza-la-sinergia-tra-il-mondo-sementiero-e-quello-agroalimentare\/#primaryimage\",\"url\":\"https:\/\/www.italiaeconomiaonline.it\/web\/wp-content\/uploads\/2021\/02\/Schermata-2021-02-26-alle-12.40.03.png\",\"contentUrl\":\"https:\/\/www.italiaeconomiaonline.it\/web\/wp-content\/uploads\/2021\/02\/Schermata-2021-02-26-alle-12.40.03.png\",\"width\":1310,\"height\":806},{\"@type\":\"BreadcrumbList\",\"@id\":\"https:\/\/www.italiaeconomiaonline.it\/web\/confagricoltura-si-rafforza-la-sinergia-tra-il-mondo-sementiero-e-quello-agroalimentare\/#breadcrumb\",\"itemListElement\":[{\"@type\":\"ListItem\",\"position\":1,\"name\":\"Home\",\"item\":\"https:\/\/www.italiaeconomiaonline.it\/web\/\"},{\"@type\":\"ListItem\",\"position\":2,\"name\":\"Confagricoltura: Si rafforza la sinergia tra il mondo sementiero e quello agroalimentare\"}]},{\"@type\":\"WebSite\",\"@id\":\"https:\/\/www.italiaeconomiaonline.it\/web\/#website\",\"url\":\"https:\/\/www.italiaeconomiaonline.it\/web\/\",\"name\":\"ItaliaEconomiaOnline\",\"description\":\"Quotidiano Economico Online\",\"potentialAction\":[{\"@type\":\"SearchAction\",\"target\":{\"@type\":\"EntryPoint\",\"urlTemplate\":\"https:\/\/www.italiaeconomiaonline.it\/web\/?s={search_term_string}\"},\"query-input\":\"required name=search_term_string\"}],\"inLanguage\":\"it-IT\"},{\"@type\":\"Person\",\"@id\":\"https:\/\/www.italiaeconomiaonline.it\/web\/#\/schema\/person\/909a49cce752523b020fbc37d5ab1c31\",\"name\":\"ladyitaliaeconomia\",\"image\":{\"@type\":\"ImageObject\",\"inLanguage\":\"it-IT\",\"@id\":\"https:\/\/www.italiaeconomiaonline.it\/web\/#\/schema\/person\/image\/\",\"url\":\"https:\/\/secure.gravatar.com\/avatar\/cedca10ce7416a579b9fa6bce9c0a8f2?s=96&d=mm&r=g\",\"contentUrl\":\"https:\/\/secure.gravatar.com\/avatar\/cedca10ce7416a579b9fa6bce9c0a8f2?s=96&d=mm&r=g\",\"caption\":\"ladyitaliaeconomia\"},\"url\":\"https:\/\/www.italiaeconomiaonline.it\/web\/author\/ladyitaliaeconomia\/\"}]}<\/script>\n<!-- \/ Yoast SEO plugin. -->","yoast_head_json":{"title":"Confagricoltura: Si rafforza la sinergia tra il mondo sementiero e quello agroalimentare -","robots":{"index":"index","follow":"follow","max-snippet":"max-snippet:-1","max-image-preview":"max-image-preview:large","max-video-preview":"max-video-preview:-1"},"canonical":"https:\/\/www.italiaeconomiaonline.it\/web\/confagricoltura-si-rafforza-la-sinergia-tra-il-mondo-sementiero-e-quello-agroalimentare\/","og_locale":"it_IT","og_type":"article","og_title":"Confagricoltura: Si rafforza la sinergia tra il mondo sementiero e quello agroalimentare -","og_description":"Cia-Agricoltori italiani, Confagricoltura, Copagri, Alleanza delle Cooperative Agroalimentari e Assosementi aderiscono formalmente al Consorzio per la valorizzazione delle sementi CONVASE, che riunisce 23 aziende rappresentanti il 40% della produzione nazionale di sementi certificate di cereali a paglia, rafforzando cos\u00ec la sinergia tra il mondo sementiero e quello agroalimentare. L\u2019intesa \u00e8 stata annunciata oggi durante l\u2019incontro [&hellip;]","og_url":"https:\/\/www.italiaeconomiaonline.it\/web\/confagricoltura-si-rafforza-la-sinergia-tra-il-mondo-sementiero-e-quello-agroalimentare\/","og_site_name":"ItaliaEconomiaOnline","article_published_time":"2021-02-26T15:15:35+00:00","og_image":[{"width":1024,"height":630,"url":"https:\/\/www.italiaeconomiaonline.it\/web\/wp-content\/uploads\/2021\/02\/Schermata-2021-02-26-alle-12.40.03-1024x630.png","type":"image\/png"}],"author":"ladyitaliaeconomia","twitter_card":"summary_large_image","twitter_misc":{"Scritto da":"ladyitaliaeconomia","Tempo di lettura stimato":"3 minuti"},"schema":{"@context":"https:\/\/schema.org","@graph":[{"@type":"WebPage","@id":"https:\/\/www.italiaeconomiaonline.it\/web\/confagricoltura-si-rafforza-la-sinergia-tra-il-mondo-sementiero-e-quello-agroalimentare\/","url":"https:\/\/www.italiaeconomiaonline.it\/web\/confagricoltura-si-rafforza-la-sinergia-tra-il-mondo-sementiero-e-quello-agroalimentare\/","name":"Confagricoltura: Si rafforza la sinergia tra il mondo sementiero e quello agroalimentare -","isPartOf":{"@id":"https:\/\/www.italiaeconomiaonline.it\/web\/#website"},"primaryImageOfPage":{"@id":"https:\/\/www.italiaeconomiaonline.it\/web\/confagricoltura-si-rafforza-la-sinergia-tra-il-mondo-sementiero-e-quello-agroalimentare\/#primaryimage"},"image":{"@id":"https:\/\/www.italiaeconomiaonline.it\/web\/confagricoltura-si-rafforza-la-sinergia-tra-il-mondo-sementiero-e-quello-agroalimentare\/#primaryimage"},"thumbnailUrl":"https:\/\/www.italiaeconomiaonline.it\/web\/wp-content\/uploads\/2021\/02\/Schermata-2021-02-26-alle-12.40.03.png","datePublished":"2021-02-26T15:15:35+00:00","dateModified":"2021-02-26T15:15:35+00:00","author":{"@id":"https:\/\/www.italiaeconomiaonline.it\/web\/#\/schema\/person\/909a49cce752523b020fbc37d5ab1c31"},"breadcrumb":{"@id":"https:\/\/www.italiaeconomiaonline.it\/web\/confagricoltura-si-rafforza-la-sinergia-tra-il-mondo-sementiero-e-quello-agroalimentare\/#breadcrumb"},"inLanguage":"it-IT","potentialAction":[{"@type":"ReadAction","target":["https:\/\/www.italiaeconomiaonline.it\/web\/confagricoltura-si-rafforza-la-sinergia-tra-il-mondo-sementiero-e-quello-agroalimentare\/"]}]},{"@type":"ImageObject","inLanguage":"it-IT","@id":"https:\/\/www.italiaeconomiaonline.it\/web\/confagricoltura-si-rafforza-la-sinergia-tra-il-mondo-sementiero-e-quello-agroalimentare\/#primaryimage","url":"https:\/\/www.italiaeconomiaonline.it\/web\/wp-content\/uploads\/2021\/02\/Schermata-2021-02-26-alle-12.40.03.png","contentUrl":"https:\/\/www.italiaeconomiaonline.it\/web\/wp-content\/uploads\/2021\/02\/Schermata-2021-02-26-alle-12.40.03.png","width":1310,"height":806},{"@type":"BreadcrumbList","@id":"https:\/\/www.italiaeconomiaonline.it\/web\/confagricoltura-si-rafforza-la-sinergia-tra-il-mondo-sementiero-e-quello-agroalimentare\/#breadcrumb","itemListElement":[{"@type":"ListItem","position":1,"name":"Home","item":"https:\/\/www.italiaeconomiaonline.it\/web\/"},{"@type":"ListItem","position":2,"name":"Confagricoltura: Si rafforza la sinergia tra il mondo sementiero e quello agroalimentare"}]},{"@type":"WebSite","@id":"https:\/\/www.italiaeconomiaonline.it\/web\/#website","url":"https:\/\/www.italiaeconomiaonline.it\/web\/","name":"ItaliaEconomiaOnline","description":"Quotidiano Economico Online","potentialAction":[{"@type":"SearchAction","target":{"@type":"EntryPoint","urlTemplate":"https:\/\/www.italiaeconomiaonline.it\/web\/?s={search_term_string}"},"query-input":"required name=search_term_string"}],"inLanguage":"it-IT"},{"@type":"Person","@id":"https:\/\/www.italiaeconomiaonline.it\/web\/#\/schema\/person\/909a49cce752523b020fbc37d5ab1c31","name":"ladyitaliaeconomia","image":{"@type":"ImageObject","inLanguage":"it-IT","@id":"https:\/\/www.italiaeconomiaonline.it\/web\/#\/schema\/person\/image\/","url":"https:\/\/secure.gravatar.com\/avatar\/cedca10ce7416a579b9fa6bce9c0a8f2?s=96&d=mm&r=g","contentUrl":"https:\/\/secure.gravatar.com\/avatar\/cedca10ce7416a579b9fa6bce9c0a8f2?s=96&d=mm&r=g","caption":"ladyitaliaeconomia"},"url":"https:\/\/www.italiaeconomiaonline.it\/web\/author\/ladyitaliaeconomia\/"}]}},"_links":{"self":[{"href":"https:\/\/www.italiaeconomiaonline.it\/web\/wp-json\/wp\/v2\/posts\/5500"}],"collection":[{"href":"https:\/\/www.italiaeconomiaonline.it\/web\/wp-json\/wp\/v2\/posts"}],"about":[{"href":"https:\/\/www.italiaeconomiaonline.it\/web\/wp-json\/wp\/v2\/types\/post"}],"author":[{"embeddable":true,"href":"https:\/\/www.italiaeconomiaonline.it\/web\/wp-json\/wp\/v2\/users\/1"}],"replies":[{"embeddable":true,"href":"https:\/\/www.italiaeconomiaonline.it\/web\/wp-json\/wp\/v2\/comments?post=5500"}],"version-history":[{"count":1,"href":"https:\/\/www.italiaeconomiaonline.it\/web\/wp-json\/wp\/v2\/posts\/5500\/revisions"}],"predecessor-version":[{"id":5502,"href":"https:\/\/www.italiaeconomiaonline.it\/web\/wp-json\/wp\/v2\/posts\/5500\/revisions\/5502"}],"wp:featuredmedia":[{"embeddable":true,"href":"https:\/\/www.italiaeconomiaonline.it\/web\/wp-json\/wp\/v2\/media\/5501"}],"wp:attachment":[{"href":"https:\/\/www.italiaeconomiaonline.it\/web\/wp-json\/wp\/v2\/media?parent=5500"}],"wp:term":[{"taxonomy":"category","embeddable":true,"href":"https:\/\/www.italiaeconomiaonline.it\/web\/wp-json\/wp\/v2\/categories?post=5500"},{"taxonomy":"post_tag","embeddable":true,"href":"https:\/\/www.italiaeconomiaonline.it\/web\/wp-json\/wp\/v2\/tags?post=5500"}],"curies":[{"name":"wp","href":"https:\/\/api.w.org\/{rel}","templated":true}]}}