{"id":5534,"date":"2021-03-06T08:29:39","date_gmt":"2021-03-06T07:29:39","guid":{"rendered":"http:\/\/www.italiaeconomiaonline.it\/web\/?p=5534"},"modified":"2021-03-06T08:30:31","modified_gmt":"2021-03-06T07:30:31","slug":"cna-disponibile-a-contribuire-alla-campagna-delle-vaccinazioni","status":"publish","type":"post","link":"https:\/\/www.italiaeconomiaonline.it\/web\/cna-disponibile-a-contribuire-alla-campagna-delle-vaccinazioni\/","title":{"rendered":"CNA disponibile a contribuire alla campagna delle vaccinazioni"},"content":{"rendered":"<p><span class=\"dropcap dropcap3\">D<\/span>isponibilit\u00e0 della CNA, con la sua presenza capillare sul territorio, a contribuire ad accelerare la campagna di vaccinazione del mondo del lavoro. E\u2019 quanto ha sottolineato il Presidente della CNA, Daniele Vaccarino, intervenendo all\u2019incontro in video con i ministri del lavoro, Andrea Orlando, della salute, Roberto Speranza, esponenti del Mise, il nuovo commissario per l\u2019emergenza Covid, Gen. Francesco Paolo Figliuolo.<\/p>\n<p><strong>\u00a0<\/strong><\/p>\n<p>Vaccarino ha anche affermato che non serve modificare i protocolli di sicurezza nei luoghi di lavoro, che hanno dimostrato di funzionare evidenziando che \u201cnon si pu\u00f2 chiedere alle imprese pi\u00f9 di quanto hanno fatto e continueranno a fare\u201d.<\/p>\n<p>&nbsp;<\/p>\n<p>I protocolli sottoscritti dalle parti sociali e gli oltre 20 codici di autoregolamentazione elaborati dalla CNA per ciascun settore hanno dimostrato di essere efficaci nel contrasto al Covid nei luoghi di lavoro: anche nei mesi pi\u00f9 difficili, hanno tutelato lavoratori e gli stessi imprenditori che, soprattutto nelle piccole imprese, lavorano l\u2019uno accanto all\u2019altro.<\/p>\n<p>&nbsp;<\/p>\n<p>\u201cI dati ci danno ragione sull\u2019impegno profuso; l\u2019INAIL stesso \u2013 ha evidenziato Vaccarino &#8211; dichiara che sette denunce di contagi sul lavoro da Covid su dieci riguardano il settore della sanit\u00e0, dell\u2019assistenza sociale e dell\u2019amministrazione pubblica\u201d. \u201cVoglio ricordare che i protocolli sono sempre stati operativi e le imprese non hanno mai smesso di rispettare regole e procedure\u201d. Vaccarino ha poi sottolineato che \u201cle imprese si sono attrezzate \u2013 con fatica e con ingenti costi &#8211; per adottare e rispettare le molte regole e per contrastare il diffondersi del Covid nei luoghi di lavoro. Tutto ci\u00f2, a fronte di scarse e tardive misure di sostegno: basti ricordare l\u2019insuccesso del credito di imposta introdotto dal decreto rilancio<em>\u201d<\/em>.<\/p>\n<p>&nbsp;<\/p>\n<p>Il presidente della CNA ha quindi indicato che oggi l\u2019elemento di grande novit\u00e0 \u00e8 finalmente la disponibilit\u00e0 dei vaccini. \u201cRiteniamo che l\u2019unico strumento per contrastare il proseguire di questa emergenza e frenarne l\u2019impatto pesantissimo sull\u2019economia, sia quello di intervenire massivamente con una veloce campagna vaccinale che aiuti le imprese e il Paese a riprendere progressivamente la normale attivit\u00e0. L\u2019uscita dell\u2019Italia dalla crisi dipende dall\u2019andamento della campagna vaccinale che per\u00f2 continua ad avere tempi troppo lunghi. Senza una decisa accelerazione, neanche le risorse aggiuntive stanziate per i ristori potranno compensare il permanere degli effetti drammatici sull\u2019economia\u201d.<\/p>\n<p>&nbsp;<\/p>\n<p>\u201cLa via maestra \u00e8 la rapida vaccinazione disponibile per tutti. Parallelamente, occorre che siano definite chiaramente le responsabilit\u00e0 che il tema della vaccinazione comporta su imprenditori e lavoratori\u201d. Certamente le imprese possono svolgere un ruolo proattivo di sensibilizzazione per una campagna di vaccinazione e della stessa somministrazione rivolta ai propri dipendenti, ma non assumersi la responsabilit\u00e0 di verificarne i comportamenti in merito all&#8217;effettuazione del vaccino,\u00a0perch\u00e9\u00a0non gli compete.<\/p>\n","protected":false},"excerpt":{"rendered":"<p>Disponibilit\u00e0 della CNA, con la sua presenza capillare sul territorio, a contribuire ad accelerare la campagna di vaccinazione del mondo del lavoro. E\u2019 quanto ha sottolineato il Presidente della CNA, Daniele Vaccarino, intervenendo all\u2019incontro in video con i ministri del lavoro, Andrea Orlando, della salute, Roberto Speranza, esponenti del Mise, il nuovo commissario per l\u2019emergenza [&hellip;]<\/p>\n","protected":false},"author":1,"featured_media":5043,"comment_status":"closed","ping_status":"open","sticky":false,"template":"","format":"standard","meta":{"footnotes":""},"categories":[128],"tags":[425,877,1662,1661],"yoast_head":"<!-- This site is optimized with the Yoast SEO plugin v22.2 - https:\/\/yoast.com\/wordpress\/plugins\/seo\/ -->\n<title>CNA disponibile a contribuire alla campagna delle vaccinazioni -<\/title>\n<meta name=\"robots\" content=\"index, follow, max-snippet:-1, max-image-preview:large, max-video-preview:-1\" \/>\n<link rel=\"canonical\" href=\"https:\/\/www.italiaeconomiaonline.it\/web\/cna-disponibile-a-contribuire-alla-campagna-delle-vaccinazioni\/\" \/>\n<meta property=\"og:locale\" content=\"it_IT\" \/>\n<meta property=\"og:type\" content=\"article\" \/>\n<meta property=\"og:title\" content=\"CNA disponibile a contribuire alla campagna delle vaccinazioni -\" \/>\n<meta property=\"og:description\" content=\"Disponibilit\u00e0 della CNA, con la sua presenza capillare sul territorio, a contribuire ad accelerare la campagna di vaccinazione del mondo del lavoro. E\u2019 quanto ha sottolineato il Presidente della CNA, Daniele Vaccarino, intervenendo all\u2019incontro in video con i ministri del lavoro, Andrea Orlando, della salute, Roberto Speranza, esponenti del Mise, il nuovo commissario per l\u2019emergenza [&hellip;]\" \/>\n<meta property=\"og:url\" content=\"https:\/\/www.italiaeconomiaonline.it\/web\/cna-disponibile-a-contribuire-alla-campagna-delle-vaccinazioni\/\" \/>\n<meta property=\"og:site_name\" content=\"ItaliaEconomiaOnline\" \/>\n<meta property=\"article:published_time\" content=\"2021-03-06T07:29:39+00:00\" \/>\n<meta property=\"article:modified_time\" content=\"2021-03-06T07:30:31+00:00\" \/>\n<meta property=\"og:image\" content=\"https:\/\/www.italiaeconomiaonline.it\/web\/wp-content\/uploads\/2021\/01\/vaccino-pfizer.jpg\" \/>\n\t<meta property=\"og:image:width\" content=\"639\" \/>\n\t<meta property=\"og:image:height\" content=\"423\" \/>\n\t<meta property=\"og:image:type\" content=\"image\/jpeg\" \/>\n<meta name=\"author\" content=\"ladyitaliaeconomia\" \/>\n<meta name=\"twitter:card\" content=\"summary_large_image\" \/>\n<meta name=\"twitter:label1\" content=\"Scritto da\" \/>\n\t<meta name=\"twitter:data1\" content=\"ladyitaliaeconomia\" \/>\n\t<meta name=\"twitter:label2\" content=\"Tempo di lettura stimato\" \/>\n\t<meta name=\"twitter:data2\" content=\"2 minuti\" \/>\n<script type=\"application\/ld+json\" class=\"yoast-schema-graph\">{\"@context\":\"https:\/\/schema.org\",\"@graph\":[{\"@type\":\"WebPage\",\"@id\":\"https:\/\/www.italiaeconomiaonline.it\/web\/cna-disponibile-a-contribuire-alla-campagna-delle-vaccinazioni\/\",\"url\":\"https:\/\/www.italiaeconomiaonline.it\/web\/cna-disponibile-a-contribuire-alla-campagna-delle-vaccinazioni\/\",\"name\":\"CNA disponibile a contribuire alla campagna delle vaccinazioni -\",\"isPartOf\":{\"@id\":\"https:\/\/www.italiaeconomiaonline.it\/web\/#website\"},\"primaryImageOfPage\":{\"@id\":\"https:\/\/www.italiaeconomiaonline.it\/web\/cna-disponibile-a-contribuire-alla-campagna-delle-vaccinazioni\/#primaryimage\"},\"image\":{\"@id\":\"https:\/\/www.italiaeconomiaonline.it\/web\/cna-disponibile-a-contribuire-alla-campagna-delle-vaccinazioni\/#primaryimage\"},\"thumbnailUrl\":\"https:\/\/www.italiaeconomiaonline.it\/web\/wp-content\/uploads\/2021\/01\/vaccino-pfizer.jpg\",\"datePublished\":\"2021-03-06T07:29:39+00:00\",\"dateModified\":\"2021-03-06T07:30:31+00:00\",\"author\":{\"@id\":\"https:\/\/www.italiaeconomiaonline.it\/web\/#\/schema\/person\/909a49cce752523b020fbc37d5ab1c31\"},\"breadcrumb\":{\"@id\":\"https:\/\/www.italiaeconomiaonline.it\/web\/cna-disponibile-a-contribuire-alla-campagna-delle-vaccinazioni\/#breadcrumb\"},\"inLanguage\":\"it-IT\",\"potentialAction\":[{\"@type\":\"ReadAction\",\"target\":[\"https:\/\/www.italiaeconomiaonline.it\/web\/cna-disponibile-a-contribuire-alla-campagna-delle-vaccinazioni\/\"]}]},{\"@type\":\"ImageObject\",\"inLanguage\":\"it-IT\",\"@id\":\"https:\/\/www.italiaeconomiaonline.it\/web\/cna-disponibile-a-contribuire-alla-campagna-delle-vaccinazioni\/#primaryimage\",\"url\":\"https:\/\/www.italiaeconomiaonline.it\/web\/wp-content\/uploads\/2021\/01\/vaccino-pfizer.jpg\",\"contentUrl\":\"https:\/\/www.italiaeconomiaonline.it\/web\/wp-content\/uploads\/2021\/01\/vaccino-pfizer.jpg\",\"width\":639,\"height\":423},{\"@type\":\"BreadcrumbList\",\"@id\":\"https:\/\/www.italiaeconomiaonline.it\/web\/cna-disponibile-a-contribuire-alla-campagna-delle-vaccinazioni\/#breadcrumb\",\"itemListElement\":[{\"@type\":\"ListItem\",\"position\":1,\"name\":\"Home\",\"item\":\"https:\/\/www.italiaeconomiaonline.it\/web\/\"},{\"@type\":\"ListItem\",\"position\":2,\"name\":\"CNA disponibile a contribuire alla campagna delle vaccinazioni\"}]},{\"@type\":\"WebSite\",\"@id\":\"https:\/\/www.italiaeconomiaonline.it\/web\/#website\",\"url\":\"https:\/\/www.italiaeconomiaonline.it\/web\/\",\"name\":\"ItaliaEconomiaOnline\",\"description\":\"Quotidiano Economico Online\",\"potentialAction\":[{\"@type\":\"SearchAction\",\"target\":{\"@type\":\"EntryPoint\",\"urlTemplate\":\"https:\/\/www.italiaeconomiaonline.it\/web\/?s={search_term_string}\"},\"query-input\":\"required name=search_term_string\"}],\"inLanguage\":\"it-IT\"},{\"@type\":\"Person\",\"@id\":\"https:\/\/www.italiaeconomiaonline.it\/web\/#\/schema\/person\/909a49cce752523b020fbc37d5ab1c31\",\"name\":\"ladyitaliaeconomia\",\"image\":{\"@type\":\"ImageObject\",\"inLanguage\":\"it-IT\",\"@id\":\"https:\/\/www.italiaeconomiaonline.it\/web\/#\/schema\/person\/image\/\",\"url\":\"https:\/\/secure.gravatar.com\/avatar\/cedca10ce7416a579b9fa6bce9c0a8f2?s=96&d=mm&r=g\",\"contentUrl\":\"https:\/\/secure.gravatar.com\/avatar\/cedca10ce7416a579b9fa6bce9c0a8f2?s=96&d=mm&r=g\",\"caption\":\"ladyitaliaeconomia\"},\"url\":\"https:\/\/www.italiaeconomiaonline.it\/web\/author\/ladyitaliaeconomia\/\"}]}<\/script>\n<!-- \/ Yoast SEO plugin. -->","yoast_head_json":{"title":"CNA disponibile a contribuire alla campagna delle vaccinazioni -","robots":{"index":"index","follow":"follow","max-snippet":"max-snippet:-1","max-image-preview":"max-image-preview:large","max-video-preview":"max-video-preview:-1"},"canonical":"https:\/\/www.italiaeconomiaonline.it\/web\/cna-disponibile-a-contribuire-alla-campagna-delle-vaccinazioni\/","og_locale":"it_IT","og_type":"article","og_title":"CNA disponibile a contribuire alla campagna delle vaccinazioni -","og_description":"Disponibilit\u00e0 della CNA, con la sua presenza capillare sul territorio, a contribuire ad accelerare la campagna di vaccinazione del mondo del lavoro. E\u2019 quanto ha sottolineato il Presidente della CNA, Daniele Vaccarino, intervenendo all\u2019incontro in video con i ministri del lavoro, Andrea Orlando, della salute, Roberto Speranza, esponenti del Mise, il nuovo commissario per l\u2019emergenza [&hellip;]","og_url":"https:\/\/www.italiaeconomiaonline.it\/web\/cna-disponibile-a-contribuire-alla-campagna-delle-vaccinazioni\/","og_site_name":"ItaliaEconomiaOnline","article_published_time":"2021-03-06T07:29:39+00:00","article_modified_time":"2021-03-06T07:30:31+00:00","og_image":[{"width":639,"height":423,"url":"https:\/\/www.italiaeconomiaonline.it\/web\/wp-content\/uploads\/2021\/01\/vaccino-pfizer.jpg","type":"image\/jpeg"}],"author":"ladyitaliaeconomia","twitter_card":"summary_large_image","twitter_misc":{"Scritto da":"ladyitaliaeconomia","Tempo di lettura stimato":"2 minuti"},"schema":{"@context":"https:\/\/schema.org","@graph":[{"@type":"WebPage","@id":"https:\/\/www.italiaeconomiaonline.it\/web\/cna-disponibile-a-contribuire-alla-campagna-delle-vaccinazioni\/","url":"https:\/\/www.italiaeconomiaonline.it\/web\/cna-disponibile-a-contribuire-alla-campagna-delle-vaccinazioni\/","name":"CNA disponibile a contribuire alla campagna delle vaccinazioni -","isPartOf":{"@id":"https:\/\/www.italiaeconomiaonline.it\/web\/#website"},"primaryImageOfPage":{"@id":"https:\/\/www.italiaeconomiaonline.it\/web\/cna-disponibile-a-contribuire-alla-campagna-delle-vaccinazioni\/#primaryimage"},"image":{"@id":"https:\/\/www.italiaeconomiaonline.it\/web\/cna-disponibile-a-contribuire-alla-campagna-delle-vaccinazioni\/#primaryimage"},"thumbnailUrl":"https:\/\/www.italiaeconomiaonline.it\/web\/wp-content\/uploads\/2021\/01\/vaccino-pfizer.jpg","datePublished":"2021-03-06T07:29:39+00:00","dateModified":"2021-03-06T07:30:31+00:00","author":{"@id":"https:\/\/www.italiaeconomiaonline.it\/web\/#\/schema\/person\/909a49cce752523b020fbc37d5ab1c31"},"breadcrumb":{"@id":"https:\/\/www.italiaeconomiaonline.it\/web\/cna-disponibile-a-contribuire-alla-campagna-delle-vaccinazioni\/#breadcrumb"},"inLanguage":"it-IT","potentialAction":[{"@type":"ReadAction","target":["https:\/\/www.italiaeconomiaonline.it\/web\/cna-disponibile-a-contribuire-alla-campagna-delle-vaccinazioni\/"]}]},{"@type":"ImageObject","inLanguage":"it-IT","@id":"https:\/\/www.italiaeconomiaonline.it\/web\/cna-disponibile-a-contribuire-alla-campagna-delle-vaccinazioni\/#primaryimage","url":"https:\/\/www.italiaeconomiaonline.it\/web\/wp-content\/uploads\/2021\/01\/vaccino-pfizer.jpg","contentUrl":"https:\/\/www.italiaeconomiaonline.it\/web\/wp-content\/uploads\/2021\/01\/vaccino-pfizer.jpg","width":639,"height":423},{"@type":"BreadcrumbList","@id":"https:\/\/www.italiaeconomiaonline.it\/web\/cna-disponibile-a-contribuire-alla-campagna-delle-vaccinazioni\/#breadcrumb","itemListElement":[{"@type":"ListItem","position":1,"name":"Home","item":"https:\/\/www.italiaeconomiaonline.it\/web\/"},{"@type":"ListItem","position":2,"name":"CNA disponibile a contribuire alla campagna delle vaccinazioni"}]},{"@type":"WebSite","@id":"https:\/\/www.italiaeconomiaonline.it\/web\/#website","url":"https:\/\/www.italiaeconomiaonline.it\/web\/","name":"ItaliaEconomiaOnline","description":"Quotidiano Economico Online","potentialAction":[{"@type":"SearchAction","target":{"@type":"EntryPoint","urlTemplate":"https:\/\/www.italiaeconomiaonline.it\/web\/?s={search_term_string}"},"query-input":"required name=search_term_string"}],"inLanguage":"it-IT"},{"@type":"Person","@id":"https:\/\/www.italiaeconomiaonline.it\/web\/#\/schema\/person\/909a49cce752523b020fbc37d5ab1c31","name":"ladyitaliaeconomia","image":{"@type":"ImageObject","inLanguage":"it-IT","@id":"https:\/\/www.italiaeconomiaonline.it\/web\/#\/schema\/person\/image\/","url":"https:\/\/secure.gravatar.com\/avatar\/cedca10ce7416a579b9fa6bce9c0a8f2?s=96&d=mm&r=g","contentUrl":"https:\/\/secure.gravatar.com\/avatar\/cedca10ce7416a579b9fa6bce9c0a8f2?s=96&d=mm&r=g","caption":"ladyitaliaeconomia"},"url":"https:\/\/www.italiaeconomiaonline.it\/web\/author\/ladyitaliaeconomia\/"}]}},"_links":{"self":[{"href":"https:\/\/www.italiaeconomiaonline.it\/web\/wp-json\/wp\/v2\/posts\/5534"}],"collection":[{"href":"https:\/\/www.italiaeconomiaonline.it\/web\/wp-json\/wp\/v2\/posts"}],"about":[{"href":"https:\/\/www.italiaeconomiaonline.it\/web\/wp-json\/wp\/v2\/types\/post"}],"author":[{"embeddable":true,"href":"https:\/\/www.italiaeconomiaonline.it\/web\/wp-json\/wp\/v2\/users\/1"}],"replies":[{"embeddable":true,"href":"https:\/\/www.italiaeconomiaonline.it\/web\/wp-json\/wp\/v2\/comments?post=5534"}],"version-history":[{"count":1,"href":"https:\/\/www.italiaeconomiaonline.it\/web\/wp-json\/wp\/v2\/posts\/5534\/revisions"}],"predecessor-version":[{"id":5535,"href":"https:\/\/www.italiaeconomiaonline.it\/web\/wp-json\/wp\/v2\/posts\/5534\/revisions\/5535"}],"wp:featuredmedia":[{"embeddable":true,"href":"https:\/\/www.italiaeconomiaonline.it\/web\/wp-json\/wp\/v2\/media\/5043"}],"wp:attachment":[{"href":"https:\/\/www.italiaeconomiaonline.it\/web\/wp-json\/wp\/v2\/media?parent=5534"}],"wp:term":[{"taxonomy":"category","embeddable":true,"href":"https:\/\/www.italiaeconomiaonline.it\/web\/wp-json\/wp\/v2\/categories?post=5534"},{"taxonomy":"post_tag","embeddable":true,"href":"https:\/\/www.italiaeconomiaonline.it\/web\/wp-json\/wp\/v2\/tags?post=5534"}],"curies":[{"name":"wp","href":"https:\/\/api.w.org\/{rel}","templated":true}]}}