{"id":5537,"date":"2021-03-06T08:32:13","date_gmt":"2021-03-06T07:32:13","guid":{"rendered":"http:\/\/www.italiaeconomiaonline.it\/web\/?p=5537"},"modified":"2021-03-06T08:32:13","modified_gmt":"2021-03-06T07:32:13","slug":"nuove-restrizioni-e-mancanza-di-sostegni-fnaarc-lancia-lallarme-per-gli-agenti-di-commercio","status":"publish","type":"post","link":"https:\/\/www.italiaeconomiaonline.it\/web\/nuove-restrizioni-e-mancanza-di-sostegni-fnaarc-lancia-lallarme-per-gli-agenti-di-commercio\/","title":{"rendered":"Nuove restrizioni e mancanza di sostegni. Fnaarc lancia l\u2019allarme per gli agenti di commercio"},"content":{"rendered":"<p><span class=\"dropcap dropcap3\">L<\/span>anciamo un grido di allarme per una categoria che coinvolge oltre 220.000 professionisti in Italia, che intermediano oltre il 70% del Pil nazionale e che risultano tra i pi\u00f9 colpiti dalle conseguenze economiche della pandemia\u201d. Lo fa FNAARC &#8211; Federazione Nazionale Associazioni Agenti e Rappresentanti di Commercio &#8211; attraverso la voce del suo presidente, Alberto Petranzan.<\/p>\n<p>La FNAARC, aderente a Confcommercio, \u00e8 l\u2019organizzazione pi\u00f9 rappresentativa della categoria e sottoscrive gli Accordi Economici Collettivi, che regolano i rapporti tra le aziende preponenti e gli agenti di commercio.<\/p>\n<p>\u201cNell\u2019ultimo anno la categoria \u00e8 stata flagellata da diverse dinamiche che hanno reso quasi impossibile per molti di noi lavorare e, allo stesso tempo, accedere ai ristori previsti per fronteggiare l\u2019emergenza Covid-19. Il sistema di sostegno messo in piedi dal precedente Governo, oltre a non coprire in maniera efficace la pluralit\u00e0 di settori per cui operano gli agenti di commercio, finora non ha tenuto conto del differimento del pagamento delle provvigioni\u201d. Petranzan aggiunge che negli scorsi mesi era stato aperto un tavolo di confronto con il Ministero dello Sviluppo Economico (MISE) su diverse tematiche strategiche per il settore, che \u00e8 stato per\u00f2 interrotto dal succedersi di nuovi esponenti alla guida dell\u2019esecutivo.<\/p>\n<p>\u201cOccorre dunque ripartire al pi\u00f9 presto poich\u00e9 \u2013 prosegue Petranzan \u2013 nel frattempo la situazione \u00e8 solo peggiorata: alle restrizioni sugli spostamenti, al drastico calo dei consumi e alla impossibilit\u00e0 di programmare la propria attivit\u00e0 lavorativa, si somma infatti l\u2019ulteriore aumento dei costi correlati allo svolgimento della nostra attivit\u00e0. Ad esempio, l\u2019aumento del prezzo della benzina, di cui non si parla, ma che negli ultimi mesi \u00e8 stato notevole\u201d.<\/p>\n<p>Gli Agenti e Rappresentanti di commercio sono uno dei principali motori per le piccole e medie imprese italiane: penalizzare la categoria vuol dire rallentare lo sviluppo economico della nazione.<\/p>\n<p>FNAARC proseguir\u00e0 nelle prossime settimane l\u2019attivit\u00e0 di sensibilizzazione nei confronti del Governo e dell\u2019opinione pubblica sulle problematiche che riguardano Agenti e Rappresentanti di commercio.<\/p>\n<p>&nbsp;<\/p>\n","protected":false},"excerpt":{"rendered":"<p>Lanciamo un grido di allarme per una categoria che coinvolge oltre 220.000 professionisti in Italia, che intermediano oltre il 70% del Pil nazionale e che risultano tra i pi\u00f9 colpiti dalle conseguenze economiche della pandemia\u201d. Lo fa FNAARC &#8211; Federazione Nazionale Associazioni Agenti e Rappresentanti di Commercio &#8211; attraverso la voce del suo presidente, Alberto [&hellip;]<\/p>\n","protected":false},"author":1,"featured_media":3716,"comment_status":"closed","ping_status":"open","sticky":false,"template":"","format":"standard","meta":{"footnotes":""},"categories":[56],"tags":[],"yoast_head":"<!-- This site is optimized with the Yoast SEO plugin v22.2 - https:\/\/yoast.com\/wordpress\/plugins\/seo\/ -->\n<title>Nuove restrizioni e mancanza di sostegni. Fnaarc lancia l\u2019allarme per gli agenti di commercio -<\/title>\n<meta name=\"robots\" content=\"index, follow, max-snippet:-1, max-image-preview:large, max-video-preview:-1\" \/>\n<link rel=\"canonical\" href=\"https:\/\/www.italiaeconomiaonline.it\/web\/nuove-restrizioni-e-mancanza-di-sostegni-fnaarc-lancia-lallarme-per-gli-agenti-di-commercio\/\" \/>\n<meta property=\"og:locale\" content=\"it_IT\" \/>\n<meta property=\"og:type\" content=\"article\" \/>\n<meta property=\"og:title\" content=\"Nuove restrizioni e mancanza di sostegni. Fnaarc lancia l\u2019allarme per gli agenti di commercio -\" \/>\n<meta property=\"og:description\" content=\"Lanciamo un grido di allarme per una categoria che coinvolge oltre 220.000 professionisti in Italia, che intermediano oltre il 70% del Pil nazionale e che risultano tra i pi\u00f9 colpiti dalle conseguenze economiche della pandemia\u201d. Lo fa FNAARC &#8211; Federazione Nazionale Associazioni Agenti e Rappresentanti di Commercio &#8211; attraverso la voce del suo presidente, Alberto [&hellip;]\" \/>\n<meta property=\"og:url\" content=\"https:\/\/www.italiaeconomiaonline.it\/web\/nuove-restrizioni-e-mancanza-di-sostegni-fnaarc-lancia-lallarme-per-gli-agenti-di-commercio\/\" \/>\n<meta property=\"og:site_name\" content=\"ItaliaEconomiaOnline\" \/>\n<meta property=\"article:published_time\" content=\"2021-03-06T07:32:13+00:00\" \/>\n<meta property=\"og:image\" content=\"https:\/\/www.italiaeconomiaonline.it\/web\/wp-content\/uploads\/2020\/07\/Schermata-2020-07-21-alle-12.05.30.png\" \/>\n\t<meta property=\"og:image:width\" content=\"1710\" \/>\n\t<meta property=\"og:image:height\" content=\"924\" \/>\n\t<meta property=\"og:image:type\" content=\"image\/png\" \/>\n<meta name=\"author\" content=\"ladyitaliaeconomia\" \/>\n<meta name=\"twitter:card\" content=\"summary_large_image\" \/>\n<meta name=\"twitter:label1\" content=\"Scritto da\" \/>\n\t<meta name=\"twitter:data1\" content=\"ladyitaliaeconomia\" \/>\n\t<meta name=\"twitter:label2\" content=\"Tempo di lettura stimato\" \/>\n\t<meta name=\"twitter:data2\" content=\"2 minuti\" \/>\n<script type=\"application\/ld+json\" class=\"yoast-schema-graph\">{\"@context\":\"https:\/\/schema.org\",\"@graph\":[{\"@type\":\"WebPage\",\"@id\":\"https:\/\/www.italiaeconomiaonline.it\/web\/nuove-restrizioni-e-mancanza-di-sostegni-fnaarc-lancia-lallarme-per-gli-agenti-di-commercio\/\",\"url\":\"https:\/\/www.italiaeconomiaonline.it\/web\/nuove-restrizioni-e-mancanza-di-sostegni-fnaarc-lancia-lallarme-per-gli-agenti-di-commercio\/\",\"name\":\"Nuove restrizioni e mancanza di sostegni. Fnaarc lancia l\u2019allarme per gli agenti di commercio -\",\"isPartOf\":{\"@id\":\"https:\/\/www.italiaeconomiaonline.it\/web\/#website\"},\"primaryImageOfPage\":{\"@id\":\"https:\/\/www.italiaeconomiaonline.it\/web\/nuove-restrizioni-e-mancanza-di-sostegni-fnaarc-lancia-lallarme-per-gli-agenti-di-commercio\/#primaryimage\"},\"image\":{\"@id\":\"https:\/\/www.italiaeconomiaonline.it\/web\/nuove-restrizioni-e-mancanza-di-sostegni-fnaarc-lancia-lallarme-per-gli-agenti-di-commercio\/#primaryimage\"},\"thumbnailUrl\":\"https:\/\/www.italiaeconomiaonline.it\/web\/wp-content\/uploads\/2020\/07\/Schermata-2020-07-21-alle-12.05.30.png\",\"datePublished\":\"2021-03-06T07:32:13+00:00\",\"dateModified\":\"2021-03-06T07:32:13+00:00\",\"author\":{\"@id\":\"https:\/\/www.italiaeconomiaonline.it\/web\/#\/schema\/person\/909a49cce752523b020fbc37d5ab1c31\"},\"breadcrumb\":{\"@id\":\"https:\/\/www.italiaeconomiaonline.it\/web\/nuove-restrizioni-e-mancanza-di-sostegni-fnaarc-lancia-lallarme-per-gli-agenti-di-commercio\/#breadcrumb\"},\"inLanguage\":\"it-IT\",\"potentialAction\":[{\"@type\":\"ReadAction\",\"target\":[\"https:\/\/www.italiaeconomiaonline.it\/web\/nuove-restrizioni-e-mancanza-di-sostegni-fnaarc-lancia-lallarme-per-gli-agenti-di-commercio\/\"]}]},{\"@type\":\"ImageObject\",\"inLanguage\":\"it-IT\",\"@id\":\"https:\/\/www.italiaeconomiaonline.it\/web\/nuove-restrizioni-e-mancanza-di-sostegni-fnaarc-lancia-lallarme-per-gli-agenti-di-commercio\/#primaryimage\",\"url\":\"https:\/\/www.italiaeconomiaonline.it\/web\/wp-content\/uploads\/2020\/07\/Schermata-2020-07-21-alle-12.05.30.png\",\"contentUrl\":\"https:\/\/www.italiaeconomiaonline.it\/web\/wp-content\/uploads\/2020\/07\/Schermata-2020-07-21-alle-12.05.30.png\",\"width\":1710,\"height\":924},{\"@type\":\"BreadcrumbList\",\"@id\":\"https:\/\/www.italiaeconomiaonline.it\/web\/nuove-restrizioni-e-mancanza-di-sostegni-fnaarc-lancia-lallarme-per-gli-agenti-di-commercio\/#breadcrumb\",\"itemListElement\":[{\"@type\":\"ListItem\",\"position\":1,\"name\":\"Home\",\"item\":\"https:\/\/www.italiaeconomiaonline.it\/web\/\"},{\"@type\":\"ListItem\",\"position\":2,\"name\":\"Nuove restrizioni e mancanza di sostegni. Fnaarc lancia l\u2019allarme per gli agenti di commercio\"}]},{\"@type\":\"WebSite\",\"@id\":\"https:\/\/www.italiaeconomiaonline.it\/web\/#website\",\"url\":\"https:\/\/www.italiaeconomiaonline.it\/web\/\",\"name\":\"ItaliaEconomiaOnline\",\"description\":\"Quotidiano Economico Online\",\"potentialAction\":[{\"@type\":\"SearchAction\",\"target\":{\"@type\":\"EntryPoint\",\"urlTemplate\":\"https:\/\/www.italiaeconomiaonline.it\/web\/?s={search_term_string}\"},\"query-input\":\"required name=search_term_string\"}],\"inLanguage\":\"it-IT\"},{\"@type\":\"Person\",\"@id\":\"https:\/\/www.italiaeconomiaonline.it\/web\/#\/schema\/person\/909a49cce752523b020fbc37d5ab1c31\",\"name\":\"ladyitaliaeconomia\",\"image\":{\"@type\":\"ImageObject\",\"inLanguage\":\"it-IT\",\"@id\":\"https:\/\/www.italiaeconomiaonline.it\/web\/#\/schema\/person\/image\/\",\"url\":\"https:\/\/secure.gravatar.com\/avatar\/cedca10ce7416a579b9fa6bce9c0a8f2?s=96&d=mm&r=g\",\"contentUrl\":\"https:\/\/secure.gravatar.com\/avatar\/cedca10ce7416a579b9fa6bce9c0a8f2?s=96&d=mm&r=g\",\"caption\":\"ladyitaliaeconomia\"},\"url\":\"https:\/\/www.italiaeconomiaonline.it\/web\/author\/ladyitaliaeconomia\/\"}]}<\/script>\n<!-- \/ Yoast SEO plugin. -->","yoast_head_json":{"title":"Nuove restrizioni e mancanza di sostegni. Fnaarc lancia l\u2019allarme per gli agenti di commercio -","robots":{"index":"index","follow":"follow","max-snippet":"max-snippet:-1","max-image-preview":"max-image-preview:large","max-video-preview":"max-video-preview:-1"},"canonical":"https:\/\/www.italiaeconomiaonline.it\/web\/nuove-restrizioni-e-mancanza-di-sostegni-fnaarc-lancia-lallarme-per-gli-agenti-di-commercio\/","og_locale":"it_IT","og_type":"article","og_title":"Nuove restrizioni e mancanza di sostegni. Fnaarc lancia l\u2019allarme per gli agenti di commercio -","og_description":"Lanciamo un grido di allarme per una categoria che coinvolge oltre 220.000 professionisti in Italia, che intermediano oltre il 70% del Pil nazionale e che risultano tra i pi\u00f9 colpiti dalle conseguenze economiche della pandemia\u201d. Lo fa FNAARC &#8211; Federazione Nazionale Associazioni Agenti e Rappresentanti di Commercio &#8211; attraverso la voce del suo presidente, Alberto [&hellip;]","og_url":"https:\/\/www.italiaeconomiaonline.it\/web\/nuove-restrizioni-e-mancanza-di-sostegni-fnaarc-lancia-lallarme-per-gli-agenti-di-commercio\/","og_site_name":"ItaliaEconomiaOnline","article_published_time":"2021-03-06T07:32:13+00:00","og_image":[{"width":1710,"height":924,"url":"https:\/\/www.italiaeconomiaonline.it\/web\/wp-content\/uploads\/2020\/07\/Schermata-2020-07-21-alle-12.05.30.png","type":"image\/png"}],"author":"ladyitaliaeconomia","twitter_card":"summary_large_image","twitter_misc":{"Scritto da":"ladyitaliaeconomia","Tempo di lettura stimato":"2 minuti"},"schema":{"@context":"https:\/\/schema.org","@graph":[{"@type":"WebPage","@id":"https:\/\/www.italiaeconomiaonline.it\/web\/nuove-restrizioni-e-mancanza-di-sostegni-fnaarc-lancia-lallarme-per-gli-agenti-di-commercio\/","url":"https:\/\/www.italiaeconomiaonline.it\/web\/nuove-restrizioni-e-mancanza-di-sostegni-fnaarc-lancia-lallarme-per-gli-agenti-di-commercio\/","name":"Nuove restrizioni e mancanza di sostegni. Fnaarc lancia l\u2019allarme per gli agenti di commercio -","isPartOf":{"@id":"https:\/\/www.italiaeconomiaonline.it\/web\/#website"},"primaryImageOfPage":{"@id":"https:\/\/www.italiaeconomiaonline.it\/web\/nuove-restrizioni-e-mancanza-di-sostegni-fnaarc-lancia-lallarme-per-gli-agenti-di-commercio\/#primaryimage"},"image":{"@id":"https:\/\/www.italiaeconomiaonline.it\/web\/nuove-restrizioni-e-mancanza-di-sostegni-fnaarc-lancia-lallarme-per-gli-agenti-di-commercio\/#primaryimage"},"thumbnailUrl":"https:\/\/www.italiaeconomiaonline.it\/web\/wp-content\/uploads\/2020\/07\/Schermata-2020-07-21-alle-12.05.30.png","datePublished":"2021-03-06T07:32:13+00:00","dateModified":"2021-03-06T07:32:13+00:00","author":{"@id":"https:\/\/www.italiaeconomiaonline.it\/web\/#\/schema\/person\/909a49cce752523b020fbc37d5ab1c31"},"breadcrumb":{"@id":"https:\/\/www.italiaeconomiaonline.it\/web\/nuove-restrizioni-e-mancanza-di-sostegni-fnaarc-lancia-lallarme-per-gli-agenti-di-commercio\/#breadcrumb"},"inLanguage":"it-IT","potentialAction":[{"@type":"ReadAction","target":["https:\/\/www.italiaeconomiaonline.it\/web\/nuove-restrizioni-e-mancanza-di-sostegni-fnaarc-lancia-lallarme-per-gli-agenti-di-commercio\/"]}]},{"@type":"ImageObject","inLanguage":"it-IT","@id":"https:\/\/www.italiaeconomiaonline.it\/web\/nuove-restrizioni-e-mancanza-di-sostegni-fnaarc-lancia-lallarme-per-gli-agenti-di-commercio\/#primaryimage","url":"https:\/\/www.italiaeconomiaonline.it\/web\/wp-content\/uploads\/2020\/07\/Schermata-2020-07-21-alle-12.05.30.png","contentUrl":"https:\/\/www.italiaeconomiaonline.it\/web\/wp-content\/uploads\/2020\/07\/Schermata-2020-07-21-alle-12.05.30.png","width":1710,"height":924},{"@type":"BreadcrumbList","@id":"https:\/\/www.italiaeconomiaonline.it\/web\/nuove-restrizioni-e-mancanza-di-sostegni-fnaarc-lancia-lallarme-per-gli-agenti-di-commercio\/#breadcrumb","itemListElement":[{"@type":"ListItem","position":1,"name":"Home","item":"https:\/\/www.italiaeconomiaonline.it\/web\/"},{"@type":"ListItem","position":2,"name":"Nuove restrizioni e mancanza di sostegni. Fnaarc lancia l\u2019allarme per gli agenti di commercio"}]},{"@type":"WebSite","@id":"https:\/\/www.italiaeconomiaonline.it\/web\/#website","url":"https:\/\/www.italiaeconomiaonline.it\/web\/","name":"ItaliaEconomiaOnline","description":"Quotidiano Economico Online","potentialAction":[{"@type":"SearchAction","target":{"@type":"EntryPoint","urlTemplate":"https:\/\/www.italiaeconomiaonline.it\/web\/?s={search_term_string}"},"query-input":"required name=search_term_string"}],"inLanguage":"it-IT"},{"@type":"Person","@id":"https:\/\/www.italiaeconomiaonline.it\/web\/#\/schema\/person\/909a49cce752523b020fbc37d5ab1c31","name":"ladyitaliaeconomia","image":{"@type":"ImageObject","inLanguage":"it-IT","@id":"https:\/\/www.italiaeconomiaonline.it\/web\/#\/schema\/person\/image\/","url":"https:\/\/secure.gravatar.com\/avatar\/cedca10ce7416a579b9fa6bce9c0a8f2?s=96&d=mm&r=g","contentUrl":"https:\/\/secure.gravatar.com\/avatar\/cedca10ce7416a579b9fa6bce9c0a8f2?s=96&d=mm&r=g","caption":"ladyitaliaeconomia"},"url":"https:\/\/www.italiaeconomiaonline.it\/web\/author\/ladyitaliaeconomia\/"}]}},"_links":{"self":[{"href":"https:\/\/www.italiaeconomiaonline.it\/web\/wp-json\/wp\/v2\/posts\/5537"}],"collection":[{"href":"https:\/\/www.italiaeconomiaonline.it\/web\/wp-json\/wp\/v2\/posts"}],"about":[{"href":"https:\/\/www.italiaeconomiaonline.it\/web\/wp-json\/wp\/v2\/types\/post"}],"author":[{"embeddable":true,"href":"https:\/\/www.italiaeconomiaonline.it\/web\/wp-json\/wp\/v2\/users\/1"}],"replies":[{"embeddable":true,"href":"https:\/\/www.italiaeconomiaonline.it\/web\/wp-json\/wp\/v2\/comments?post=5537"}],"version-history":[{"count":1,"href":"https:\/\/www.italiaeconomiaonline.it\/web\/wp-json\/wp\/v2\/posts\/5537\/revisions"}],"predecessor-version":[{"id":5538,"href":"https:\/\/www.italiaeconomiaonline.it\/web\/wp-json\/wp\/v2\/posts\/5537\/revisions\/5538"}],"wp:featuredmedia":[{"embeddable":true,"href":"https:\/\/www.italiaeconomiaonline.it\/web\/wp-json\/wp\/v2\/media\/3716"}],"wp:attachment":[{"href":"https:\/\/www.italiaeconomiaonline.it\/web\/wp-json\/wp\/v2\/media?parent=5537"}],"wp:term":[{"taxonomy":"category","embeddable":true,"href":"https:\/\/www.italiaeconomiaonline.it\/web\/wp-json\/wp\/v2\/categories?post=5537"},{"taxonomy":"post_tag","embeddable":true,"href":"https:\/\/www.italiaeconomiaonline.it\/web\/wp-json\/wp\/v2\/tags?post=5537"}],"curies":[{"name":"wp","href":"https:\/\/api.w.org\/{rel}","templated":true}]}}