{"id":5591,"date":"2021-03-16T09:52:45","date_gmt":"2021-03-16T08:52:45","guid":{"rendered":"http:\/\/www.italiaeconomiaonline.it\/web\/?p=5591"},"modified":"2021-03-16T09:52:45","modified_gmt":"2021-03-16T08:52:45","slug":"sud-cisl-positivo-incontro-con-carfagna","status":"publish","type":"post","link":"https:\/\/www.italiaeconomiaonline.it\/web\/sud-cisl-positivo-incontro-con-carfagna\/","title":{"rendered":"Sud, Cisl: positivo incontro con Carfagna"},"content":{"rendered":"<div align=\"left\"><span style=\"color: #000000; font-family: Geneva;\"><span class=\"dropcap dropcap3\">I<\/span>l PNRR, rispetto al Sud, assume una dimensione trasversale alle 6 missioni strategiche del Piano che secondo la Cisl necessita, ancora, di essere delineato nella traduzione applicativa, ossia quella dei progetti correlati e dei risultati da raggiungere\u201d. <\/span><\/div>\n<div align=\"left\"><\/div>\n<div align=\"left\"><span style=\"color: #000000; font-family: Geneva;\">Lo dichiarano in una nota i Segretari confederali della Cisl, Ignazio Ganga ed Angelo Colombini, che <a class=\"matchTooltip\">oggi<\/a> hanno partecipato al primo incontro fra la Ministra del Sud e coesione territoriale On.le Mara Carfagna su PNRR ed Accordo di Partenariato. Ganga e Colombini hanno ribadito come il tema dello sviluppo del Mezzogiorno sia materia essenziale nella politica economica del Paese in ordine ai finanziamenti per il Mezzogiorno. <\/span><\/div>\n<div align=\"left\"><\/div>\n<div align=\"left\"><span style=\"color: #000000; font-family: Geneva;\">La CISL ha chiesto una maggiore chiarezza sulla disponibilit\u00e0 e destinazione di tutte le risorse, sia di quelle del Fondo per la ripresa e resilienza sia quelle di competenza della programmazione nazionale e comunitaria. La Ministra ha chiarito che verranno esplicitate nel Piano le risorse destinate al territorio Meridionale. <\/span><\/div>\n<div align=\"left\"><\/div>\n<div align=\"left\"><span style=\"color: #000000; font-family: Geneva;\">La Cisl ha chiesto, inoltre, che su ogni singolo tema, dagli asili nido alla sanit\u00e0, dalle infrastrutture alla portualit\u00e0 al green, siano messi in evidenza nel PNRR non soltanto le risorse ma anche i risultati che si vogliono ottenere nel Mezzogiorno. Per fare questo sar\u00e0 necessario rafforzare la capacit\u00e0 della Pubblica amministrazione attraverso le assunzioni di personale esperto gi\u00e0 previste con il Piano Sud.<\/span><\/div>\n<div align=\"left\"><\/div>\n<div align=\"left\"><span style=\"color: #000000; font-family: Geneva;\"> Per tale ragione il Piano per la crescita del Mezzogiorno riconosce una prospettiva strategica agli interventi per la ripresa e per la crescita del Paese e per tale ragione va valorizzato ed aggiornato alla luce dei nuovi finanziamenti disponibili e della grave crisi in corso, potenziandone la portata. \u201cAbbiamo inoltre richiesto- aggiungono- di essere informati sui programmi che verranno elaborati con i nuovi Fondi europei attraverso un ampio coinvolgimento della rappresentanza sindacale fin dal momento della elaborazione dei programmi nazionali per rafforzare la capacit\u00e0 degli investimenti di creare sviluppo e lavoro in campo digitale, ambientale, per la scuola, l\u2019occupazione e l\u2019inclusione sociale\u201d. <\/span><\/div>\n<div align=\"left\"><\/div>\n<div align=\"left\"><span style=\"color: #000000; font-family: Geneva;\">La Ministra ha convenuto di mantenere attiva \u201cuna cabina di regia\u201d tramite incontri sui temi gi\u00e0 citati, ma anche con un focus sulle crisi aziendali del Sud, sulle Zone economiche speciali e sul reddito di cittadinanza. \u201cIl clima, caratterizzato da ampia disponibilit\u00e0 all\u2019ascolto ed al confronto- concludono- ci induce a dare un giudizio positivo dell\u2019incontro, un confronto finalizzato a migliorare ad innovare e accelerare gli interventi prevedendo anche un coinvolgimento a livello territoriale\u201d. <\/span><\/div>\n","protected":false},"excerpt":{"rendered":"<p>Il PNRR, rispetto al Sud, assume una dimensione trasversale alle 6 missioni strategiche del Piano che secondo la Cisl necessita, ancora, di essere delineato nella traduzione applicativa, ossia quella dei progetti correlati e dei risultati da raggiungere\u201d. Lo dichiarano in una nota i Segretari confederali della Cisl, Ignazio Ganga ed Angelo Colombini, che oggi hanno [&hellip;]<\/p>\n","protected":false},"author":1,"featured_media":4533,"comment_status":"closed","ping_status":"open","sticky":false,"template":"","format":"standard","meta":{"footnotes":""},"categories":[56],"tags":[],"yoast_head":"<!-- This site is optimized with the Yoast SEO plugin v22.2 - https:\/\/yoast.com\/wordpress\/plugins\/seo\/ -->\n<title>Sud, Cisl: positivo incontro con Carfagna -<\/title>\n<meta name=\"robots\" content=\"index, follow, max-snippet:-1, max-image-preview:large, max-video-preview:-1\" \/>\n<link rel=\"canonical\" href=\"https:\/\/www.italiaeconomiaonline.it\/web\/sud-cisl-positivo-incontro-con-carfagna\/\" \/>\n<meta property=\"og:locale\" content=\"it_IT\" \/>\n<meta property=\"og:type\" content=\"article\" \/>\n<meta property=\"og:title\" content=\"Sud, Cisl: positivo incontro con Carfagna -\" \/>\n<meta property=\"og:description\" content=\"Il PNRR, rispetto al Sud, assume una dimensione trasversale alle 6 missioni strategiche del Piano che secondo la Cisl necessita, ancora, di essere delineato nella traduzione applicativa, ossia quella dei progetti correlati e dei risultati da raggiungere\u201d. Lo dichiarano in una nota i Segretari confederali della Cisl, Ignazio Ganga ed Angelo Colombini, che oggi hanno [&hellip;]\" \/>\n<meta property=\"og:url\" content=\"https:\/\/www.italiaeconomiaonline.it\/web\/sud-cisl-positivo-incontro-con-carfagna\/\" \/>\n<meta property=\"og:site_name\" content=\"ItaliaEconomiaOnline\" \/>\n<meta property=\"article:published_time\" content=\"2021-03-16T08:52:45+00:00\" \/>\n<meta property=\"og:image\" content=\"https:\/\/www.italiaeconomiaonline.it\/web\/wp-content\/uploads\/2020\/11\/Schermata-2020-11-02-alle-16.10.44.png\" \/>\n\t<meta property=\"og:image:width\" content=\"1160\" \/>\n\t<meta property=\"og:image:height\" content=\"786\" \/>\n\t<meta property=\"og:image:type\" content=\"image\/png\" \/>\n<meta name=\"author\" content=\"ladyitaliaeconomia\" \/>\n<meta name=\"twitter:card\" content=\"summary_large_image\" \/>\n<meta name=\"twitter:label1\" content=\"Scritto da\" \/>\n\t<meta name=\"twitter:data1\" content=\"ladyitaliaeconomia\" \/>\n\t<meta name=\"twitter:label2\" content=\"Tempo di lettura stimato\" \/>\n\t<meta name=\"twitter:data2\" content=\"2 minuti\" \/>\n<script type=\"application\/ld+json\" class=\"yoast-schema-graph\">{\"@context\":\"https:\/\/schema.org\",\"@graph\":[{\"@type\":\"WebPage\",\"@id\":\"https:\/\/www.italiaeconomiaonline.it\/web\/sud-cisl-positivo-incontro-con-carfagna\/\",\"url\":\"https:\/\/www.italiaeconomiaonline.it\/web\/sud-cisl-positivo-incontro-con-carfagna\/\",\"name\":\"Sud, Cisl: positivo incontro con Carfagna -\",\"isPartOf\":{\"@id\":\"https:\/\/www.italiaeconomiaonline.it\/web\/#website\"},\"primaryImageOfPage\":{\"@id\":\"https:\/\/www.italiaeconomiaonline.it\/web\/sud-cisl-positivo-incontro-con-carfagna\/#primaryimage\"},\"image\":{\"@id\":\"https:\/\/www.italiaeconomiaonline.it\/web\/sud-cisl-positivo-incontro-con-carfagna\/#primaryimage\"},\"thumbnailUrl\":\"https:\/\/www.italiaeconomiaonline.it\/web\/wp-content\/uploads\/2020\/11\/Schermata-2020-11-02-alle-16.10.44.png\",\"datePublished\":\"2021-03-16T08:52:45+00:00\",\"dateModified\":\"2021-03-16T08:52:45+00:00\",\"author\":{\"@id\":\"https:\/\/www.italiaeconomiaonline.it\/web\/#\/schema\/person\/909a49cce752523b020fbc37d5ab1c31\"},\"breadcrumb\":{\"@id\":\"https:\/\/www.italiaeconomiaonline.it\/web\/sud-cisl-positivo-incontro-con-carfagna\/#breadcrumb\"},\"inLanguage\":\"it-IT\",\"potentialAction\":[{\"@type\":\"ReadAction\",\"target\":[\"https:\/\/www.italiaeconomiaonline.it\/web\/sud-cisl-positivo-incontro-con-carfagna\/\"]}]},{\"@type\":\"ImageObject\",\"inLanguage\":\"it-IT\",\"@id\":\"https:\/\/www.italiaeconomiaonline.it\/web\/sud-cisl-positivo-incontro-con-carfagna\/#primaryimage\",\"url\":\"https:\/\/www.italiaeconomiaonline.it\/web\/wp-content\/uploads\/2020\/11\/Schermata-2020-11-02-alle-16.10.44.png\",\"contentUrl\":\"https:\/\/www.italiaeconomiaonline.it\/web\/wp-content\/uploads\/2020\/11\/Schermata-2020-11-02-alle-16.10.44.png\",\"width\":1160,\"height\":786},{\"@type\":\"BreadcrumbList\",\"@id\":\"https:\/\/www.italiaeconomiaonline.it\/web\/sud-cisl-positivo-incontro-con-carfagna\/#breadcrumb\",\"itemListElement\":[{\"@type\":\"ListItem\",\"position\":1,\"name\":\"Home\",\"item\":\"https:\/\/www.italiaeconomiaonline.it\/web\/\"},{\"@type\":\"ListItem\",\"position\":2,\"name\":\"Sud, Cisl: positivo incontro con Carfagna\"}]},{\"@type\":\"WebSite\",\"@id\":\"https:\/\/www.italiaeconomiaonline.it\/web\/#website\",\"url\":\"https:\/\/www.italiaeconomiaonline.it\/web\/\",\"name\":\"ItaliaEconomiaOnline\",\"description\":\"Quotidiano Economico Online\",\"potentialAction\":[{\"@type\":\"SearchAction\",\"target\":{\"@type\":\"EntryPoint\",\"urlTemplate\":\"https:\/\/www.italiaeconomiaonline.it\/web\/?s={search_term_string}\"},\"query-input\":\"required name=search_term_string\"}],\"inLanguage\":\"it-IT\"},{\"@type\":\"Person\",\"@id\":\"https:\/\/www.italiaeconomiaonline.it\/web\/#\/schema\/person\/909a49cce752523b020fbc37d5ab1c31\",\"name\":\"ladyitaliaeconomia\",\"image\":{\"@type\":\"ImageObject\",\"inLanguage\":\"it-IT\",\"@id\":\"https:\/\/www.italiaeconomiaonline.it\/web\/#\/schema\/person\/image\/\",\"url\":\"https:\/\/secure.gravatar.com\/avatar\/cedca10ce7416a579b9fa6bce9c0a8f2?s=96&d=mm&r=g\",\"contentUrl\":\"https:\/\/secure.gravatar.com\/avatar\/cedca10ce7416a579b9fa6bce9c0a8f2?s=96&d=mm&r=g\",\"caption\":\"ladyitaliaeconomia\"},\"url\":\"https:\/\/www.italiaeconomiaonline.it\/web\/author\/ladyitaliaeconomia\/\"}]}<\/script>\n<!-- \/ Yoast SEO plugin. -->","yoast_head_json":{"title":"Sud, Cisl: positivo incontro con Carfagna -","robots":{"index":"index","follow":"follow","max-snippet":"max-snippet:-1","max-image-preview":"max-image-preview:large","max-video-preview":"max-video-preview:-1"},"canonical":"https:\/\/www.italiaeconomiaonline.it\/web\/sud-cisl-positivo-incontro-con-carfagna\/","og_locale":"it_IT","og_type":"article","og_title":"Sud, Cisl: positivo incontro con Carfagna -","og_description":"Il PNRR, rispetto al Sud, assume una dimensione trasversale alle 6 missioni strategiche del Piano che secondo la Cisl necessita, ancora, di essere delineato nella traduzione applicativa, ossia quella dei progetti correlati e dei risultati da raggiungere\u201d. Lo dichiarano in una nota i Segretari confederali della Cisl, Ignazio Ganga ed Angelo Colombini, che oggi hanno [&hellip;]","og_url":"https:\/\/www.italiaeconomiaonline.it\/web\/sud-cisl-positivo-incontro-con-carfagna\/","og_site_name":"ItaliaEconomiaOnline","article_published_time":"2021-03-16T08:52:45+00:00","og_image":[{"width":1160,"height":786,"url":"https:\/\/www.italiaeconomiaonline.it\/web\/wp-content\/uploads\/2020\/11\/Schermata-2020-11-02-alle-16.10.44.png","type":"image\/png"}],"author":"ladyitaliaeconomia","twitter_card":"summary_large_image","twitter_misc":{"Scritto da":"ladyitaliaeconomia","Tempo di lettura stimato":"2 minuti"},"schema":{"@context":"https:\/\/schema.org","@graph":[{"@type":"WebPage","@id":"https:\/\/www.italiaeconomiaonline.it\/web\/sud-cisl-positivo-incontro-con-carfagna\/","url":"https:\/\/www.italiaeconomiaonline.it\/web\/sud-cisl-positivo-incontro-con-carfagna\/","name":"Sud, Cisl: positivo incontro con Carfagna -","isPartOf":{"@id":"https:\/\/www.italiaeconomiaonline.it\/web\/#website"},"primaryImageOfPage":{"@id":"https:\/\/www.italiaeconomiaonline.it\/web\/sud-cisl-positivo-incontro-con-carfagna\/#primaryimage"},"image":{"@id":"https:\/\/www.italiaeconomiaonline.it\/web\/sud-cisl-positivo-incontro-con-carfagna\/#primaryimage"},"thumbnailUrl":"https:\/\/www.italiaeconomiaonline.it\/web\/wp-content\/uploads\/2020\/11\/Schermata-2020-11-02-alle-16.10.44.png","datePublished":"2021-03-16T08:52:45+00:00","dateModified":"2021-03-16T08:52:45+00:00","author":{"@id":"https:\/\/www.italiaeconomiaonline.it\/web\/#\/schema\/person\/909a49cce752523b020fbc37d5ab1c31"},"breadcrumb":{"@id":"https:\/\/www.italiaeconomiaonline.it\/web\/sud-cisl-positivo-incontro-con-carfagna\/#breadcrumb"},"inLanguage":"it-IT","potentialAction":[{"@type":"ReadAction","target":["https:\/\/www.italiaeconomiaonline.it\/web\/sud-cisl-positivo-incontro-con-carfagna\/"]}]},{"@type":"ImageObject","inLanguage":"it-IT","@id":"https:\/\/www.italiaeconomiaonline.it\/web\/sud-cisl-positivo-incontro-con-carfagna\/#primaryimage","url":"https:\/\/www.italiaeconomiaonline.it\/web\/wp-content\/uploads\/2020\/11\/Schermata-2020-11-02-alle-16.10.44.png","contentUrl":"https:\/\/www.italiaeconomiaonline.it\/web\/wp-content\/uploads\/2020\/11\/Schermata-2020-11-02-alle-16.10.44.png","width":1160,"height":786},{"@type":"BreadcrumbList","@id":"https:\/\/www.italiaeconomiaonline.it\/web\/sud-cisl-positivo-incontro-con-carfagna\/#breadcrumb","itemListElement":[{"@type":"ListItem","position":1,"name":"Home","item":"https:\/\/www.italiaeconomiaonline.it\/web\/"},{"@type":"ListItem","position":2,"name":"Sud, Cisl: positivo incontro con Carfagna"}]},{"@type":"WebSite","@id":"https:\/\/www.italiaeconomiaonline.it\/web\/#website","url":"https:\/\/www.italiaeconomiaonline.it\/web\/","name":"ItaliaEconomiaOnline","description":"Quotidiano Economico Online","potentialAction":[{"@type":"SearchAction","target":{"@type":"EntryPoint","urlTemplate":"https:\/\/www.italiaeconomiaonline.it\/web\/?s={search_term_string}"},"query-input":"required name=search_term_string"}],"inLanguage":"it-IT"},{"@type":"Person","@id":"https:\/\/www.italiaeconomiaonline.it\/web\/#\/schema\/person\/909a49cce752523b020fbc37d5ab1c31","name":"ladyitaliaeconomia","image":{"@type":"ImageObject","inLanguage":"it-IT","@id":"https:\/\/www.italiaeconomiaonline.it\/web\/#\/schema\/person\/image\/","url":"https:\/\/secure.gravatar.com\/avatar\/cedca10ce7416a579b9fa6bce9c0a8f2?s=96&d=mm&r=g","contentUrl":"https:\/\/secure.gravatar.com\/avatar\/cedca10ce7416a579b9fa6bce9c0a8f2?s=96&d=mm&r=g","caption":"ladyitaliaeconomia"},"url":"https:\/\/www.italiaeconomiaonline.it\/web\/author\/ladyitaliaeconomia\/"}]}},"_links":{"self":[{"href":"https:\/\/www.italiaeconomiaonline.it\/web\/wp-json\/wp\/v2\/posts\/5591"}],"collection":[{"href":"https:\/\/www.italiaeconomiaonline.it\/web\/wp-json\/wp\/v2\/posts"}],"about":[{"href":"https:\/\/www.italiaeconomiaonline.it\/web\/wp-json\/wp\/v2\/types\/post"}],"author":[{"embeddable":true,"href":"https:\/\/www.italiaeconomiaonline.it\/web\/wp-json\/wp\/v2\/users\/1"}],"replies":[{"embeddable":true,"href":"https:\/\/www.italiaeconomiaonline.it\/web\/wp-json\/wp\/v2\/comments?post=5591"}],"version-history":[{"count":1,"href":"https:\/\/www.italiaeconomiaonline.it\/web\/wp-json\/wp\/v2\/posts\/5591\/revisions"}],"predecessor-version":[{"id":5592,"href":"https:\/\/www.italiaeconomiaonline.it\/web\/wp-json\/wp\/v2\/posts\/5591\/revisions\/5592"}],"wp:featuredmedia":[{"embeddable":true,"href":"https:\/\/www.italiaeconomiaonline.it\/web\/wp-json\/wp\/v2\/media\/4533"}],"wp:attachment":[{"href":"https:\/\/www.italiaeconomiaonline.it\/web\/wp-json\/wp\/v2\/media?parent=5591"}],"wp:term":[{"taxonomy":"category","embeddable":true,"href":"https:\/\/www.italiaeconomiaonline.it\/web\/wp-json\/wp\/v2\/categories?post=5591"},{"taxonomy":"post_tag","embeddable":true,"href":"https:\/\/www.italiaeconomiaonline.it\/web\/wp-json\/wp\/v2\/tags?post=5591"}],"curies":[{"name":"wp","href":"https:\/\/api.w.org\/{rel}","templated":true}]}}