{"id":5616,"date":"2021-03-19T10:09:25","date_gmt":"2021-03-19T09:09:25","guid":{"rendered":"http:\/\/www.italiaeconomiaonline.it\/web\/?p=5616"},"modified":"2021-03-19T10:09:45","modified_gmt":"2021-03-19T09:09:45","slug":"giornata-mondiale-di-azione-per-il-clima-e-global-strike","status":"publish","type":"post","link":"https:\/\/www.italiaeconomiaonline.it\/web\/giornata-mondiale-di-azione-per-il-clima-e-global-strike\/","title":{"rendered":"Giornata mondiale\u00a0di\u00a0azione per il clima e global strike"},"content":{"rendered":"<p><span class=\"dropcap dropcap3\">L<\/span>a pandemia non ferma le proteste dei giovani in nome del clima. Oggi in tutto il mondo, attraverso una grande mobilitazione\u00a0mondiale, i ragazzi tornano a far sentire la propria voce al motto: \u201c<em>transizione ecologica: now or never<\/em>\u201d.<\/p>\n<p>Un appello che raccoglie anche\u00a0<strong>Legambiente<\/strong>\u00a0che, in occasione dello sciopero globale per il clima e della giornata mondiale di azione climatica, si mobilita dal nord al sud della Penisola insieme ai Fridays For Future e ai suoi giovani volontari con iniziative digitali come <em>\u201c#UnmuteClimateChange<\/em>\u00a0\u2013 il primo sciopero fatto completamente in Dad\u201d e\u00a0presidi territoriali organizzati nel pieno rispetto delle misure anticovid come quelli in programma\u00a0a Roma, Milano, Torino, Napoli, Palermo, Udine, Brescia, Bagheria, Pisa dove davanti al comune saranno organizzate delle performance artistiche, Firenze dove far\u00e0 tappa la campagna Clean Cities, Ancona dove gli studenti attaccheranno striscioni con lo slogan &#8220;ChangeClimateChange &#8211; Eni Enemy of the Planet&#8221;.\u00a0In Basilicata, si terr\u00e0 invece lo Youth Climate Meeting, un incontro online che vedr\u00e0 confrontarsi giovani attivisti da tutta la regione sul tema della decarbonizzazione e del volontariato e che vedr\u00e0 la partecipazione del presidente di Legambiente Stefano Ciafani.<\/p>\n<p>In questa giornata di mobilitazione per il clima, Legambiente <strong>torna a chiedere a gran voce al Governo un Piano Nazionale di Ripresa e Resilienza e un Piano Nazionale Integrato Energia e Clima pi\u00f9 ambiziosi, in linea con gli obiettivi globali dell\u2019Accordo di Parigi e con quelli europei di riduzione delle emissioni climalteranti. Per l&#8217;associazione ambientalista servono azioni concrete e riforme propedeutiche alla transizione ecologica<\/strong>\u00a0per non sprecare le risorse europee. In particolare sono <strong>cinque le riforme da cui partire<\/strong>: semplificare e velocizzare l\u2019iter autorizzativo dei progetti per la transizione ecologica, accrescere le competenze della pubblica amministrazione con nuove professionalit\u00e0 e un vasto programma di formazione, ridurre i conflitti territoriali con nuovi strumenti per la partecipazione dei cittadini e istituzioni locali a partire da una legge sul dibattito pubblico, potenziare i controlli pubblici del Sistema Nazionale per la Protezione dell\u2019Ambiente, avviare una riforma fiscale che preveda il graduale abbandono dei sussidi alle fonti fossili.<\/p>\n<p>Azioni e riforme al centro del\u00a0<strong>PNRR redatto da Legambiente e sintetizzate <\/strong><a href=\"https:\/\/youtu.be\/ggQm1e7ztYg\"><strong>nel video caricato sul canale youtube di Legambiente<\/strong><\/a>. Il faro che ha guidato l\u2019associazione ambientalista nella redazione del suo <a href=\"https:\/\/www.legambiente.it\/comunicati-stampa\/recovery-plan-ecco-il-pnrr-di-legambiente\/\">Recovery Plan<\/a> \u00e8 proprio la lotta alla crisi climatica che riguarda trasversalmente le 23 priorit\u00e0 nazionali di intervento.<\/p>\n<p>&nbsp;<\/p>\n<p>\u201c\u00c8 ora di dare delle risposte concrete ai tanti giovani che protestano per il clima abbandonando le false promesse. Le risorse che l\u2019Europa ha messo a disposizione con il <em>Next Generation EU<\/em>\u00a0\u2013 dichiara\u00a0<strong>Stefano Ciafani, presidente nazionale di Legambiente<\/strong>\u00a0\u2013 rappresentano un\u2019occasione importante per ridisegnare l\u2019Italia al 2030 e renderla davvero un Paese innovativo, moderno e sostenibile dando alle future generazioni un futuro migliore ed equo.<\/p>\n<p>Il nostro auspicio \u00e8 che il PNRR venga rafforzato in alcune sue parti prendendo come modello il piano da noi redatto frutto di un lavoro collettivo e presentato al premier Mario Draghi durante le consultazioni. Un piano che oltre a spiegare quali sono le opere prioritarie da realizzare, indica quali sono le riforme trasversali da mettere in campo per accelerare la transizione ecologica.<\/p>\n<p>Allo stesso tempo &#8211; continua <strong>Ciafani &#8211; <\/strong>sar\u00e0 importante rendere pi\u00f9 ambiziosi gli obiettivi del Piano Nazionale Integrato Energia e Clima\u00a0per fare in modo che anche l\u2019Italia contribuisca a quel meno 55% di emissioni climalteranti che l&#8217;Europa si \u00e8 imposta entro il 2030. E approvare una riforma fiscale che annulli entro pochi anni i 19 miliardi di euro di sussidi ambientalmente dannosi regalati ogni anno a carbone, gas e petrolio trasformandoli in incentivi per la riconversione di impianti e mezzi, partendo da agricoltura e autotrasporto. Senza dimenticare che \u00e8 fondamentale scongiurare fake news e greenwashing e contrastare i nemici del clima, cio\u00e8 quelle aziende e infrastrutture la cui attivit\u00e0 contribuisce in maniera drammatica alla crisi climatica e all&#8217;inquinamento locale\u201d.<\/p>\n<p>&nbsp;<\/p>\n<p>Tra le iniziative digital, nell\u2019ambito di changeclimatechange, Legambiente invita oggi i ragazzi in didattica a distanza a partecipare a\u00a0<em>#UnmuteClimateChange \u2013 il primo sciopero fatto completamente in Dad.<\/em>\u00a0Partecipare \u00e8 semplice: basta cambiare il proprio nome in \u201cUnmuteClimateChange\u201d, restare in muto per tutta la lezione, fare una foto allo schermo e condividerla poi su Instagram e Facebook taggando Legambiente e la propria associazione, con gli hashtag #NoMoreEmptyPromises #UnmuteClimateChange.\u00a0Un gesto simbolico per denunciare l&#8217;immobilismo delle istituzioni ma anche per promuovere dei momenti di confronto e di partecipazione da parte di studenti e insegnanti sul tema dell&#8217;emergenza climatica.<\/p>\n<p>&nbsp;<\/p>\n<p>&nbsp;<\/p>\n<p>&nbsp;<\/p>\n<p>&nbsp;<\/p>\n<p>&nbsp;<\/p>\n","protected":false},"excerpt":{"rendered":"<p>La pandemia non ferma le proteste dei giovani in nome del clima. Oggi in tutto il mondo, attraverso una grande mobilitazione\u00a0mondiale, i ragazzi tornano a far sentire la propria voce al motto: \u201ctransizione ecologica: now or never\u201d. Un appello che raccoglie anche\u00a0Legambiente\u00a0che, in occasione dello sciopero globale per il clima e della giornata mondiale di [&hellip;]<\/p>\n","protected":false},"author":1,"featured_media":2432,"comment_status":"closed","ping_status":"open","sticky":false,"template":"","format":"standard","meta":{"footnotes":""},"categories":[127],"tags":[],"yoast_head":"<!-- This site is optimized with the Yoast SEO plugin v22.2 - https:\/\/yoast.com\/wordpress\/plugins\/seo\/ -->\n<title>Giornata mondiale\u00a0di\u00a0azione per il clima e global strike -<\/title>\n<meta name=\"robots\" content=\"index, follow, max-snippet:-1, max-image-preview:large, max-video-preview:-1\" \/>\n<link rel=\"canonical\" href=\"https:\/\/www.italiaeconomiaonline.it\/web\/giornata-mondiale-di-azione-per-il-clima-e-global-strike\/\" \/>\n<meta property=\"og:locale\" content=\"it_IT\" \/>\n<meta property=\"og:type\" content=\"article\" \/>\n<meta property=\"og:title\" content=\"Giornata mondiale\u00a0di\u00a0azione per il clima e global strike -\" \/>\n<meta property=\"og:description\" content=\"La pandemia non ferma le proteste dei giovani in nome del clima. Oggi in tutto il mondo, attraverso una grande mobilitazione\u00a0mondiale, i ragazzi tornano a far sentire la propria voce al motto: \u201ctransizione ecologica: now or never\u201d. Un appello che raccoglie anche\u00a0Legambiente\u00a0che, in occasione dello sciopero globale per il clima e della giornata mondiale di [&hellip;]\" \/>\n<meta property=\"og:url\" content=\"https:\/\/www.italiaeconomiaonline.it\/web\/giornata-mondiale-di-azione-per-il-clima-e-global-strike\/\" \/>\n<meta property=\"og:site_name\" content=\"ItaliaEconomiaOnline\" \/>\n<meta property=\"article:published_time\" content=\"2021-03-19T09:09:25+00:00\" \/>\n<meta property=\"article:modified_time\" content=\"2021-03-19T09:09:45+00:00\" \/>\n<meta property=\"og:image\" content=\"https:\/\/www.italiaeconomiaonline.it\/web\/wp-content\/uploads\/2020\/01\/Schermata-2020-01-31-alle-15.13.33.png\" \/>\n\t<meta property=\"og:image:width\" content=\"818\" \/>\n\t<meta property=\"og:image:height\" content=\"475\" \/>\n\t<meta property=\"og:image:type\" content=\"image\/png\" \/>\n<meta name=\"author\" content=\"ladyitaliaeconomia\" \/>\n<meta name=\"twitter:card\" content=\"summary_large_image\" \/>\n<meta name=\"twitter:label1\" content=\"Scritto da\" \/>\n\t<meta name=\"twitter:data1\" content=\"ladyitaliaeconomia\" \/>\n\t<meta name=\"twitter:label2\" content=\"Tempo di lettura stimato\" \/>\n\t<meta name=\"twitter:data2\" content=\"4 minuti\" \/>\n<script type=\"application\/ld+json\" class=\"yoast-schema-graph\">{\"@context\":\"https:\/\/schema.org\",\"@graph\":[{\"@type\":\"WebPage\",\"@id\":\"https:\/\/www.italiaeconomiaonline.it\/web\/giornata-mondiale-di-azione-per-il-clima-e-global-strike\/\",\"url\":\"https:\/\/www.italiaeconomiaonline.it\/web\/giornata-mondiale-di-azione-per-il-clima-e-global-strike\/\",\"name\":\"Giornata mondiale\u00a0di\u00a0azione per il clima e global strike -\",\"isPartOf\":{\"@id\":\"https:\/\/www.italiaeconomiaonline.it\/web\/#website\"},\"primaryImageOfPage\":{\"@id\":\"https:\/\/www.italiaeconomiaonline.it\/web\/giornata-mondiale-di-azione-per-il-clima-e-global-strike\/#primaryimage\"},\"image\":{\"@id\":\"https:\/\/www.italiaeconomiaonline.it\/web\/giornata-mondiale-di-azione-per-il-clima-e-global-strike\/#primaryimage\"},\"thumbnailUrl\":\"https:\/\/www.italiaeconomiaonline.it\/web\/wp-content\/uploads\/2020\/01\/Schermata-2020-01-31-alle-15.13.33.png\",\"datePublished\":\"2021-03-19T09:09:25+00:00\",\"dateModified\":\"2021-03-19T09:09:45+00:00\",\"author\":{\"@id\":\"https:\/\/www.italiaeconomiaonline.it\/web\/#\/schema\/person\/909a49cce752523b020fbc37d5ab1c31\"},\"breadcrumb\":{\"@id\":\"https:\/\/www.italiaeconomiaonline.it\/web\/giornata-mondiale-di-azione-per-il-clima-e-global-strike\/#breadcrumb\"},\"inLanguage\":\"it-IT\",\"potentialAction\":[{\"@type\":\"ReadAction\",\"target\":[\"https:\/\/www.italiaeconomiaonline.it\/web\/giornata-mondiale-di-azione-per-il-clima-e-global-strike\/\"]}]},{\"@type\":\"ImageObject\",\"inLanguage\":\"it-IT\",\"@id\":\"https:\/\/www.italiaeconomiaonline.it\/web\/giornata-mondiale-di-azione-per-il-clima-e-global-strike\/#primaryimage\",\"url\":\"https:\/\/www.italiaeconomiaonline.it\/web\/wp-content\/uploads\/2020\/01\/Schermata-2020-01-31-alle-15.13.33.png\",\"contentUrl\":\"https:\/\/www.italiaeconomiaonline.it\/web\/wp-content\/uploads\/2020\/01\/Schermata-2020-01-31-alle-15.13.33.png\",\"width\":818,\"height\":475},{\"@type\":\"BreadcrumbList\",\"@id\":\"https:\/\/www.italiaeconomiaonline.it\/web\/giornata-mondiale-di-azione-per-il-clima-e-global-strike\/#breadcrumb\",\"itemListElement\":[{\"@type\":\"ListItem\",\"position\":1,\"name\":\"Home\",\"item\":\"https:\/\/www.italiaeconomiaonline.it\/web\/\"},{\"@type\":\"ListItem\",\"position\":2,\"name\":\"Giornata mondiale\u00a0di\u00a0azione per il clima e global strike\"}]},{\"@type\":\"WebSite\",\"@id\":\"https:\/\/www.italiaeconomiaonline.it\/web\/#website\",\"url\":\"https:\/\/www.italiaeconomiaonline.it\/web\/\",\"name\":\"ItaliaEconomiaOnline\",\"description\":\"Quotidiano Economico Online\",\"potentialAction\":[{\"@type\":\"SearchAction\",\"target\":{\"@type\":\"EntryPoint\",\"urlTemplate\":\"https:\/\/www.italiaeconomiaonline.it\/web\/?s={search_term_string}\"},\"query-input\":\"required name=search_term_string\"}],\"inLanguage\":\"it-IT\"},{\"@type\":\"Person\",\"@id\":\"https:\/\/www.italiaeconomiaonline.it\/web\/#\/schema\/person\/909a49cce752523b020fbc37d5ab1c31\",\"name\":\"ladyitaliaeconomia\",\"image\":{\"@type\":\"ImageObject\",\"inLanguage\":\"it-IT\",\"@id\":\"https:\/\/www.italiaeconomiaonline.it\/web\/#\/schema\/person\/image\/\",\"url\":\"https:\/\/secure.gravatar.com\/avatar\/cedca10ce7416a579b9fa6bce9c0a8f2?s=96&d=mm&r=g\",\"contentUrl\":\"https:\/\/secure.gravatar.com\/avatar\/cedca10ce7416a579b9fa6bce9c0a8f2?s=96&d=mm&r=g\",\"caption\":\"ladyitaliaeconomia\"},\"url\":\"https:\/\/www.italiaeconomiaonline.it\/web\/author\/ladyitaliaeconomia\/\"}]}<\/script>\n<!-- \/ Yoast SEO plugin. -->","yoast_head_json":{"title":"Giornata mondiale\u00a0di\u00a0azione per il clima e global strike -","robots":{"index":"index","follow":"follow","max-snippet":"max-snippet:-1","max-image-preview":"max-image-preview:large","max-video-preview":"max-video-preview:-1"},"canonical":"https:\/\/www.italiaeconomiaonline.it\/web\/giornata-mondiale-di-azione-per-il-clima-e-global-strike\/","og_locale":"it_IT","og_type":"article","og_title":"Giornata mondiale\u00a0di\u00a0azione per il clima e global strike -","og_description":"La pandemia non ferma le proteste dei giovani in nome del clima. Oggi in tutto il mondo, attraverso una grande mobilitazione\u00a0mondiale, i ragazzi tornano a far sentire la propria voce al motto: \u201ctransizione ecologica: now or never\u201d. Un appello che raccoglie anche\u00a0Legambiente\u00a0che, in occasione dello sciopero globale per il clima e della giornata mondiale di [&hellip;]","og_url":"https:\/\/www.italiaeconomiaonline.it\/web\/giornata-mondiale-di-azione-per-il-clima-e-global-strike\/","og_site_name":"ItaliaEconomiaOnline","article_published_time":"2021-03-19T09:09:25+00:00","article_modified_time":"2021-03-19T09:09:45+00:00","og_image":[{"width":818,"height":475,"url":"https:\/\/www.italiaeconomiaonline.it\/web\/wp-content\/uploads\/2020\/01\/Schermata-2020-01-31-alle-15.13.33.png","type":"image\/png"}],"author":"ladyitaliaeconomia","twitter_card":"summary_large_image","twitter_misc":{"Scritto da":"ladyitaliaeconomia","Tempo di lettura stimato":"4 minuti"},"schema":{"@context":"https:\/\/schema.org","@graph":[{"@type":"WebPage","@id":"https:\/\/www.italiaeconomiaonline.it\/web\/giornata-mondiale-di-azione-per-il-clima-e-global-strike\/","url":"https:\/\/www.italiaeconomiaonline.it\/web\/giornata-mondiale-di-azione-per-il-clima-e-global-strike\/","name":"Giornata mondiale\u00a0di\u00a0azione per il clima e global strike -","isPartOf":{"@id":"https:\/\/www.italiaeconomiaonline.it\/web\/#website"},"primaryImageOfPage":{"@id":"https:\/\/www.italiaeconomiaonline.it\/web\/giornata-mondiale-di-azione-per-il-clima-e-global-strike\/#primaryimage"},"image":{"@id":"https:\/\/www.italiaeconomiaonline.it\/web\/giornata-mondiale-di-azione-per-il-clima-e-global-strike\/#primaryimage"},"thumbnailUrl":"https:\/\/www.italiaeconomiaonline.it\/web\/wp-content\/uploads\/2020\/01\/Schermata-2020-01-31-alle-15.13.33.png","datePublished":"2021-03-19T09:09:25+00:00","dateModified":"2021-03-19T09:09:45+00:00","author":{"@id":"https:\/\/www.italiaeconomiaonline.it\/web\/#\/schema\/person\/909a49cce752523b020fbc37d5ab1c31"},"breadcrumb":{"@id":"https:\/\/www.italiaeconomiaonline.it\/web\/giornata-mondiale-di-azione-per-il-clima-e-global-strike\/#breadcrumb"},"inLanguage":"it-IT","potentialAction":[{"@type":"ReadAction","target":["https:\/\/www.italiaeconomiaonline.it\/web\/giornata-mondiale-di-azione-per-il-clima-e-global-strike\/"]}]},{"@type":"ImageObject","inLanguage":"it-IT","@id":"https:\/\/www.italiaeconomiaonline.it\/web\/giornata-mondiale-di-azione-per-il-clima-e-global-strike\/#primaryimage","url":"https:\/\/www.italiaeconomiaonline.it\/web\/wp-content\/uploads\/2020\/01\/Schermata-2020-01-31-alle-15.13.33.png","contentUrl":"https:\/\/www.italiaeconomiaonline.it\/web\/wp-content\/uploads\/2020\/01\/Schermata-2020-01-31-alle-15.13.33.png","width":818,"height":475},{"@type":"BreadcrumbList","@id":"https:\/\/www.italiaeconomiaonline.it\/web\/giornata-mondiale-di-azione-per-il-clima-e-global-strike\/#breadcrumb","itemListElement":[{"@type":"ListItem","position":1,"name":"Home","item":"https:\/\/www.italiaeconomiaonline.it\/web\/"},{"@type":"ListItem","position":2,"name":"Giornata mondiale\u00a0di\u00a0azione per il clima e global strike"}]},{"@type":"WebSite","@id":"https:\/\/www.italiaeconomiaonline.it\/web\/#website","url":"https:\/\/www.italiaeconomiaonline.it\/web\/","name":"ItaliaEconomiaOnline","description":"Quotidiano Economico Online","potentialAction":[{"@type":"SearchAction","target":{"@type":"EntryPoint","urlTemplate":"https:\/\/www.italiaeconomiaonline.it\/web\/?s={search_term_string}"},"query-input":"required name=search_term_string"}],"inLanguage":"it-IT"},{"@type":"Person","@id":"https:\/\/www.italiaeconomiaonline.it\/web\/#\/schema\/person\/909a49cce752523b020fbc37d5ab1c31","name":"ladyitaliaeconomia","image":{"@type":"ImageObject","inLanguage":"it-IT","@id":"https:\/\/www.italiaeconomiaonline.it\/web\/#\/schema\/person\/image\/","url":"https:\/\/secure.gravatar.com\/avatar\/cedca10ce7416a579b9fa6bce9c0a8f2?s=96&d=mm&r=g","contentUrl":"https:\/\/secure.gravatar.com\/avatar\/cedca10ce7416a579b9fa6bce9c0a8f2?s=96&d=mm&r=g","caption":"ladyitaliaeconomia"},"url":"https:\/\/www.italiaeconomiaonline.it\/web\/author\/ladyitaliaeconomia\/"}]}},"_links":{"self":[{"href":"https:\/\/www.italiaeconomiaonline.it\/web\/wp-json\/wp\/v2\/posts\/5616"}],"collection":[{"href":"https:\/\/www.italiaeconomiaonline.it\/web\/wp-json\/wp\/v2\/posts"}],"about":[{"href":"https:\/\/www.italiaeconomiaonline.it\/web\/wp-json\/wp\/v2\/types\/post"}],"author":[{"embeddable":true,"href":"https:\/\/www.italiaeconomiaonline.it\/web\/wp-json\/wp\/v2\/users\/1"}],"replies":[{"embeddable":true,"href":"https:\/\/www.italiaeconomiaonline.it\/web\/wp-json\/wp\/v2\/comments?post=5616"}],"version-history":[{"count":1,"href":"https:\/\/www.italiaeconomiaonline.it\/web\/wp-json\/wp\/v2\/posts\/5616\/revisions"}],"predecessor-version":[{"id":5617,"href":"https:\/\/www.italiaeconomiaonline.it\/web\/wp-json\/wp\/v2\/posts\/5616\/revisions\/5617"}],"wp:featuredmedia":[{"embeddable":true,"href":"https:\/\/www.italiaeconomiaonline.it\/web\/wp-json\/wp\/v2\/media\/2432"}],"wp:attachment":[{"href":"https:\/\/www.italiaeconomiaonline.it\/web\/wp-json\/wp\/v2\/media?parent=5616"}],"wp:term":[{"taxonomy":"category","embeddable":true,"href":"https:\/\/www.italiaeconomiaonline.it\/web\/wp-json\/wp\/v2\/categories?post=5616"},{"taxonomy":"post_tag","embeddable":true,"href":"https:\/\/www.italiaeconomiaonline.it\/web\/wp-json\/wp\/v2\/tags?post=5616"}],"curies":[{"name":"wp","href":"https:\/\/api.w.org\/{rel}","templated":true}]}}